{"id":1168,"date":"2023-08-16T17:41:45","date_gmt":"2023-08-16T21:41:45","guid":{"rendered":"https:\/\/www.manaus.am.gov.br\/manauscult\/prefeitura-abre-credenciamento-para-cobertura-do-festival-soumanaus-passo-a-paco-2023\/"},"modified":"2023-08-16T17:41:47","modified_gmt":"2023-08-16T21:41:47","slug":"prefeitura-abre-credenciamento-para-cobertura-do-festival-soumanaus-passo-a-paco-2023","status":"publish","type":"post","link":"https:\/\/www.manaus.am.gov.br\/manauscult\/prefeitura-abre-credenciamento-para-cobertura-do-festival-soumanaus-passo-a-paco-2023\/","title":{"rendered":"<strong>Prefeitura abre credenciamento para cobertura do festival \u2018#SouManaus Passo a Pa\u00e7o 2023\u2019<\/strong>"},"content":{"rendered":"\n<p>A Prefeitura de Manaus, por meio da Funda\u00e7\u00e3o Municipal de Cultura, Turismo e Eventos (Manauscult), em parceria com a Secretaria Municipal de Comunica\u00e7\u00e3o (Semcom), abre o credenciamento, no per\u00edodo de 16 a 22\/8, para a cobertura do festival \u201c#SouManaus Passo a Pa\u00e7o 2023\u201d, que acontecer\u00e1 nos dias 5, 6 e 7 de setembro, no centro hist\u00f3rico de Manaus.<\/p>\n\n\n\n<p>Os profissionais de imprensa que queiram cobrir o evento dever\u00e3o preencher o formul\u00e1rio dispon\u00edvel no link <a href=\"https:\/\/forms.gle\/z6DpoT4fjMGBaU4w6\">https:\/\/forms.gle\/z6DpoT4fjMGBaU4w6<\/a> com o nome completo, CPF, fun\u00e7\u00e3o, foto 7&#215;5 cm e anexar carta de solicita\u00e7\u00e3o de credenciamento em papel timbrado do ve\u00edculo de comunica\u00e7\u00e3o, assinado pela dire\u00e7\u00e3o da empresa.<\/p>\n\n\n\n<p>Os pedidos de credenciamento ser\u00e3o limitados a tr\u00eas profissionais de imprensa por TV, dois profissionais de imprensa por site, dois profissionais de imprensa por jornal impresso e um profissional de imprensa por r\u00e1dio.<\/p>\n\n\n\n<p>A entrega das credenciais de cada ve\u00edculo ser\u00e1 realizada em ato \u00fanico ao profissional indicado como respons\u00e1vel por receber os documentos, no dia 1\u00ba de setembro, na sede da Manauscult, localizada na avenida 7 de Setembro, n\u00ba 377, Centro, no hor\u00e1rio das 9h \u00e0s 12h.<\/p>\n\n\n\n<p><strong>Informa\u00e7\u00f5es \u00e0 imprensa<\/strong><\/p>\n\n\n\n<p>Para garantir melhores condi\u00e7\u00f5es de trabalho aos jornalistas que atuar\u00e3o na cobertura do evento, informamos que para ponto de apoio \u00e0 imprensa, ser\u00e1 disponibilizada uma sala refrigerada, com cadeira universit\u00e1ria e \u00e1gua mineral. N\u00e3o ser\u00e3o disponibilizados computadores ou notebooks.<\/p>\n\n\n\n<p>Caso precisem de ponto de energia para carregamento do celular ou c\u00e2meras, favor entrar em contato com a assessoria de comunica\u00e7\u00e3o da Manauscult.<\/p>\n\n\n\n<p>Os jornalistas s\u00f3 poder\u00e3o realizar o credenciamento mediante a apresenta\u00e7\u00e3o do n\u00famero de Registro Profissional (MTb ou DRT), no momento do preenchimento do formul\u00e1rio.<\/p>\n\n\n\n<p>Para libera\u00e7\u00e3o dos equipamentos na entrada do evento, ser\u00e1 necess\u00e1rio a apresenta\u00e7\u00e3o de crach\u00e1 funcional e crach\u00e1 de credenciado no evento. O acesso de carros de imprensa caracterizados (adesivados) ou n\u00e3o, n\u00e3o ser\u00e1 permitido no per\u00edmetro do evento.<\/p>\n\n\n\n<p>Quanto ao uso de drones, o ve\u00edculo de comunica\u00e7\u00e3o dever\u00e1 informar o modelo, nome do operador, que dever\u00e1 ter idade superior a 18 anos, com cadastro e autoriza\u00e7\u00e3o da Ag\u00eancia Nacional de Avia\u00e7\u00e3o Civil (Anac).<\/p>\n\n\n\n<p>Os equipamentos n\u00e3o poder\u00e3o ser utilizados em uma dist\u00e2ncia menor que 30 metros horizontais e\/ou verticais de pessoas que n\u00e3o deram autoriza\u00e7\u00e3o, com exce\u00e7\u00e3o de opera\u00e7\u00f5es de seguran\u00e7a p\u00fablica ou defesa civil.<\/p>\n\n\n\n<p>Aten\u00e7\u00e3o para a programa\u00e7\u00e3o do festival para escolher qual palco ir\u00e1 registrar. Algumas atra\u00e7\u00f5es nacionais t\u00eam hor\u00e1rios coincidentes. Saiba mais em soumanauspassoapaco.com.br.<\/p>\n\n\n\n<p><strong>COBERTURA:<\/strong><\/p>\n\n\n\n<p>1) As atra\u00e7\u00f5es nacionais receber\u00e3o a imprensa local para grava\u00e7\u00e3o de sonoras, atendendo as condi\u00e7\u00f5es da produ\u00e7\u00e3o do artista, e mediante inscri\u00e7\u00e3o pr\u00e9via com a rela\u00e7\u00f5es p\u00fablicas da Manauscult. Haver\u00e1 uma pessoa da assessoria de comunica\u00e7\u00e3o da Manauscult no local liberando as equipes.<\/p>\n\n\n\n<p>2) Fot\u00f3grafos e cinegrafistas poder\u00e3o subir ao palco de apoio para capta\u00e7\u00e3o de imagem somente no in\u00edcio de cada apresenta\u00e7\u00e3o, delimitado \u00e0s tr\u00eas primeiras m\u00fasicas de cada artista.&nbsp; N\u00e3o ser\u00e1 permitido cruzar o palco na frente da banda. A subida tamb\u00e9m est\u00e1 condicionada \u00e0 libera\u00e7\u00e3o do Corpo de Bombeiros e da equipe da Manauscult para controle do n\u00famero de pessoas. Solicitamos colabora\u00e7\u00e3o de todos para revezamento.<\/p>\n\n\n\n<p>3) Quanto aos profissionais que forem registrar os espet\u00e1culos teatrais, os mesmos dever\u00e3o chegar, preferencialmente, 30 minutos antes da sess\u00e3o que for acompanhar e posicionar-se na entrada do Teatro Gebes Medeiros;<\/p>\n\n\n\n<p>4) Seguindo as normas das apresenta\u00e7\u00f5es teatrais, s\u00f3 ser\u00e1 permitido registrar os primeiros 20 minutos da apresenta\u00e7\u00e3o;<\/p>\n\n\n\n<p>5) Entrevista com o elenco ser\u00e1 realizada ap\u00f3s o espet\u00e1culo, em tempo limitado pela assessoria do espet\u00e1culo.<\/p>\n\n\n\n<p>&#8212; &#8212; &#8212;<\/p>\n\n\n\n<p><strong>Texto &#8211;<\/strong> Emanuelle Baires \/ Manauscult<br><strong>Foto<\/strong> \u2013 Cl\u00f3vis Miranda \/ Semcom<\/p>\n","protected":false},"excerpt":{"rendered":"","protected":false},"author":39,"featured_media":1169,"comment_status":"closed","ping_status":"closed","sticky":false,"template":"","format":"standard","meta":{"footnotes":""},"categories":[339],"tags":[168,419,420,421,9,422,11],"acf":[],"yoast_head":"<!-- This site is optimized with the Yoast SEO plugin v23.0 - https:\/\/yoast.com\/wordpress\/plugins\/seo\/ -->\n<title>Prefeitura abre credenciamento para cobertura do festival \u2018#SouManaus Passo a Pa\u00e7o 2023\u2019<\/title>\n<meta name=\"robots\" content=\"noindex, follow\" \/>\n<meta property=\"og:locale\" content=\"pt_BR\" \/>\n<meta property=\"og:type\" content=\"article\" \/>\n<meta property=\"og:title\" content=\"Prefeitura abre credenciamento para cobertura do festival \u2018#SouManaus Passo a Pa\u00e7o 2023\u2019\" \/>\n<meta property=\"og:url\" content=\"https:\/\/www.manaus.am.gov.br\/manauscult\/prefeitura-abre-credenciamento-para-cobertura-do-festival-soumanaus-passo-a-paco-2023\/\" \/>\n<meta property=\"og:site_name\" content=\"MANAUSCULT\" \/>\n<meta property=\"article:published_time\" content=\"2023-08-16T21:41:45+00:00\" \/>\n<meta property=\"article:modified_time\" content=\"2023-08-16T21:41:47+00:00\" \/>\n<meta property=\"og:image\" content=\"https:\/\/www.manaus.am.gov.br\/manauscult\/wp-content\/uploads\/sites\/11\/2023\/08\/53044554638_ee3b44f324_k.jpg\" \/>\n\t<meta property=\"og:image:width\" content=\"2048\" \/>\n\t<meta property=\"og:image:height\" content=\"1365\" \/>\n\t<meta property=\"og:image:type\" content=\"image\/jpeg\" \/>\n<meta name=\"author\" content=\"Bruna Greco\" \/>\n<meta name=\"twitter:card\" content=\"summary_large_image\" \/>\n<meta name=\"twitter:label1\" content=\"Written by\" \/>\n\t<meta name=\"twitter:data1\" content=\"Bruna Greco\" \/>\n\t<meta name=\"twitter:label2\" content=\"Est. reading time\" \/>\n\t<meta name=\"twitter:data2\" content=\"4 minutos\" \/>\n<script type=\"application\/ld+json\" class=\"yoast-schema-graph\">{\"@context\":\"https:\/\/schema.org\",\"@graph\":[{\"@type\":\"WebPage\",\"@id\":\"https:\/\/www.manaus.am.gov.br\/manauscult\/prefeitura-abre-credenciamento-para-cobertura-do-festival-soumanaus-passo-a-paco-2023\/\",\"url\":\"https:\/\/www.manaus.am.gov.br\/manauscult\/prefeitura-abre-credenciamento-para-cobertura-do-festival-soumanaus-passo-a-paco-2023\/\",\"name\":\"Prefeitura abre credenciamento para cobertura do festival \u2018#SouManaus Passo a Pa\u00e7o 2023\u2019\",\"isPartOf\":{\"@id\":\"https:\/\/www.manaus.am.gov.br\/manauscult\/#website\"},\"primaryImageOfPage\":{\"@id\":\"https:\/\/www.manaus.am.gov.br\/manauscult\/prefeitura-abre-credenciamento-para-cobertura-do-festival-soumanaus-passo-a-paco-2023\/#primaryimage\"},\"image\":{\"@id\":\"https:\/\/www.manaus.am.gov.br\/manauscult\/prefeitura-abre-credenciamento-para-cobertura-do-festival-soumanaus-passo-a-paco-2023\/#primaryimage\"},\"thumbnailUrl\":\"https:\/\/www.manaus.am.gov.br\/manauscult\/wp-content\/uploads\/sites\/11\/2023\/08\/53044554638_ee3b44f324_k.jpg\",\"datePublished\":\"2023-08-16T21:41:45+00:00\",\"dateModified\":\"2023-08-16T21:41:47+00:00\",\"author\":{\"@id\":\"https:\/\/www.manaus.am.gov.br\/manauscult\/#\/schema\/person\/05d223aea2bf115f9883a6ff3683d81b\"},\"breadcrumb\":{\"@id\":\"https:\/\/www.manaus.am.gov.br\/manauscult\/prefeitura-abre-credenciamento-para-cobertura-do-festival-soumanaus-passo-a-paco-2023\/#breadcrumb\"},\"inLanguage\":\"pt-BR\",\"potentialAction\":[{\"@type\":\"ReadAction\",\"target\":[\"https:\/\/www.manaus.am.gov.br\/manauscult\/prefeitura-abre-credenciamento-para-cobertura-do-festival-soumanaus-passo-a-paco-2023\/\"]}]},{\"@type\":\"ImageObject\",\"inLanguage\":\"pt-BR\",\"@id\":\"https:\/\/www.manaus.am.gov.br\/manauscult\/prefeitura-abre-credenciamento-para-cobertura-do-festival-soumanaus-passo-a-paco-2023\/#primaryimage\",\"url\":\"https:\/\/www.manaus.am.gov.br\/manauscult\/wp-content\/uploads\/sites\/11\/2023\/08\/53044554638_ee3b44f324_k.jpg\",\"contentUrl\":\"https:\/\/www.manaus.am.gov.br\/manauscult\/wp-content\/uploads\/sites\/11\/2023\/08\/53044554638_ee3b44f324_k.jpg\",\"width\":2048,\"height\":1365},{\"@type\":\"BreadcrumbList\",\"@id\":\"https:\/\/www.manaus.am.gov.br\/manauscult\/prefeitura-abre-credenciamento-para-cobertura-do-festival-soumanaus-passo-a-paco-2023\/#breadcrumb\",\"itemListElement\":[{\"@type\":\"ListItem\",\"position\":1,\"name\":\"Home\",\"item\":\"https:\/\/www.manaus.am.gov.br\/manauscult\/\"},{\"@type\":\"ListItem\",\"position\":2,\"name\":\"Prefeitura abre credenciamento para cobertura do festival \u2018#SouManaus Passo a Pa\u00e7o 2023\u2019\"}]},{\"@type\":\"WebSite\",\"@id\":\"https:\/\/www.manaus.am.gov.br\/manauscult\/#website\",\"url\":\"https:\/\/www.manaus.am.gov.br\/manauscult\/\",\"name\":\"MANAUSCULT\",\"description\":\"Prefeitura de Manaus\",\"potentialAction\":[{\"@type\":\"SearchAction\",\"target\":{\"@type\":\"EntryPoint\",\"urlTemplate\":\"https:\/\/www.manaus.am.gov.br\/manauscult\/?s={search_term_string}\"},\"query-input\":\"required name=search_term_string\"}],\"inLanguage\":\"pt-BR\"},{\"@type\":\"Person\",\"@id\":\"https:\/\/www.manaus.am.gov.br\/manauscult\/#\/schema\/person\/05d223aea2bf115f9883a6ff3683d81b\",\"name\":\"Bruna Greco\",\"image\":{\"@type\":\"ImageObject\",\"inLanguage\":\"pt-BR\",\"@id\":\"https:\/\/www.manaus.am.gov.br\/manauscult\/#\/schema\/person\/image\/\",\"url\":\"https:\/\/secure.gravatar.com\/avatar\/9c877d1a6adc2a055330e5c09a8653ce?s=96&d=mm&r=g\",\"contentUrl\":\"https:\/\/secure.gravatar.com\/avatar\/9c877d1a6adc2a055330e5c09a8653ce?s=96&d=mm&r=g\",\"caption\":\"Bruna Greco\"}}]}<\/script>\n<!-- \/ Yoast SEO plugin. -->","yoast_head_json":{"title":"Prefeitura abre credenciamento para cobertura do festival \u2018#SouManaus Passo a Pa\u00e7o 2023\u2019","robots":{"index":"noindex","follow":"follow"},"og_locale":"pt_BR","og_type":"article","og_title":"Prefeitura abre credenciamento para cobertura do festival \u2018#SouManaus Passo a Pa\u00e7o 2023\u2019","og_url":"https:\/\/www.manaus.am.gov.br\/manauscult\/prefeitura-abre-credenciamento-para-cobertura-do-festival-soumanaus-passo-a-paco-2023\/","og_site_name":"MANAUSCULT","article_published_time":"2023-08-16T21:41:45+00:00","article_modified_time":"2023-08-16T21:41:47+00:00","og_image":[{"width":2048,"height":1365,"url":"https:\/\/www.manaus.am.gov.br\/manauscult\/wp-content\/uploads\/sites\/11\/2023\/08\/53044554638_ee3b44f324_k.jpg","type":"image\/jpeg"}],"author":"Bruna Greco","twitter_card":"summary_large_image","twitter_misc":{"Written by":"Bruna Greco","Est. reading time":"4 minutos"},"schema":{"@context":"https:\/\/schema.org","@graph":[{"@type":"WebPage","@id":"https:\/\/www.manaus.am.gov.br\/manauscult\/prefeitura-abre-credenciamento-para-cobertura-do-festival-soumanaus-passo-a-paco-2023\/","url":"https:\/\/www.manaus.am.gov.br\/manauscult\/prefeitura-abre-credenciamento-para-cobertura-do-festival-soumanaus-passo-a-paco-2023\/","name":"Prefeitura abre credenciamento para cobertura do festival \u2018#SouManaus Passo a Pa\u00e7o 2023\u2019","isPartOf":{"@id":"https:\/\/www.manaus.am.gov.br\/manauscult\/#website"},"primaryImageOfPage":{"@id":"https:\/\/www.manaus.am.gov.br\/manauscult\/prefeitura-abre-credenciamento-para-cobertura-do-festival-soumanaus-passo-a-paco-2023\/#primaryimage"},"image":{"@id":"https:\/\/www.manaus.am.gov.br\/manauscult\/prefeitura-abre-credenciamento-para-cobertura-do-festival-soumanaus-passo-a-paco-2023\/#primaryimage"},"thumbnailUrl":"https:\/\/www.manaus.am.gov.br\/manauscult\/wp-content\/uploads\/sites\/11\/2023\/08\/53044554638_ee3b44f324_k.jpg","datePublished":"2023-08-16T21:41:45+00:00","dateModified":"2023-08-16T21:41:47+00:00","author":{"@id":"https:\/\/www.manaus.am.gov.br\/manauscult\/#\/schema\/person\/05d223aea2bf115f9883a6ff3683d81b"},"breadcrumb":{"@id":"https:\/\/www.manaus.am.gov.br\/manauscult\/prefeitura-abre-credenciamento-para-cobertura-do-festival-soumanaus-passo-a-paco-2023\/#breadcrumb"},"inLanguage":"pt-BR","potentialAction":[{"@type":"ReadAction","target":["https:\/\/www.manaus.am.gov.br\/manauscult\/prefeitura-abre-credenciamento-para-cobertura-do-festival-soumanaus-passo-a-paco-2023\/"]}]},{"@type":"ImageObject","inLanguage":"pt-BR","@id":"https:\/\/www.manaus.am.gov.br\/manauscult\/prefeitura-abre-credenciamento-para-cobertura-do-festival-soumanaus-passo-a-paco-2023\/#primaryimage","url":"https:\/\/www.manaus.am.gov.br\/manauscult\/wp-content\/uploads\/sites\/11\/2023\/08\/53044554638_ee3b44f324_k.jpg","contentUrl":"https:\/\/www.manaus.am.gov.br\/manauscult\/wp-content\/uploads\/sites\/11\/2023\/08\/53044554638_ee3b44f324_k.jpg","width":2048,"height":1365},{"@type":"BreadcrumbList","@id":"https:\/\/www.manaus.am.gov.br\/manauscult\/prefeitura-abre-credenciamento-para-cobertura-do-festival-soumanaus-passo-a-paco-2023\/#breadcrumb","itemListElement":[{"@type":"ListItem","position":1,"name":"Home","item":"https:\/\/www.manaus.am.gov.br\/manauscult\/"},{"@type":"ListItem","position":2,"name":"Prefeitura abre credenciamento para cobertura do festival \u2018#SouManaus Passo a Pa\u00e7o 2023\u2019"}]},{"@type":"WebSite","@id":"https:\/\/www.manaus.am.gov.br\/manauscult\/#website","url":"https:\/\/www.manaus.am.gov.br\/manauscult\/","name":"MANAUSCULT","description":"Prefeitura de Manaus","potentialAction":[{"@type":"SearchAction","target":{"@type":"EntryPoint","urlTemplate":"https:\/\/www.manaus.am.gov.br\/manauscult\/?s={search_term_string}"},"query-input":"required name=search_term_string"}],"inLanguage":"pt-BR"},{"@type":"Person","@id":"https:\/\/www.manaus.am.gov.br\/manauscult\/#\/schema\/person\/05d223aea2bf115f9883a6ff3683d81b","name":"Bruna Greco","image":{"@type":"ImageObject","inLanguage":"pt-BR","@id":"https:\/\/www.manaus.am.gov.br\/manauscult\/#\/schema\/person\/image\/","url":"https:\/\/secure.gravatar.com\/avatar\/9c877d1a6adc2a055330e5c09a8653ce?s=96&d=mm&r=g","contentUrl":"https:\/\/secure.gravatar.com\/avatar\/9c877d1a6adc2a055330e5c09a8653ce?s=96&d=mm&r=g","caption":"Bruna Greco"}}]}},"_links":{"self":[{"href":"https:\/\/www.manaus.am.gov.br\/manauscult\/wp-json\/wp\/v2\/posts\/1168"}],"collection":[{"href":"https:\/\/www.manaus.am.gov.br\/manauscult\/wp-json\/wp\/v2\/posts"}],"about":[{"href":"https:\/\/www.manaus.am.gov.br\/manauscult\/wp-json\/wp\/v2\/types\/post"}],"author":[{"embeddable":true,"href":"https:\/\/www.manaus.am.gov.br\/manauscult\/wp-json\/wp\/v2\/users\/39"}],"replies":[{"embeddable":true,"href":"https:\/\/www.manaus.am.gov.br\/manauscult\/wp-json\/wp\/v2\/comments?post=1168"}],"version-history":[{"count":0,"href":"https:\/\/www.manaus.am.gov.br\/manauscult\/wp-json\/wp\/v2\/posts\/1168\/revisions"}],"wp:featuredmedia":[{"embeddable":true,"href":"https:\/\/www.manaus.am.gov.br\/manauscult\/wp-json\/wp\/v2\/media\/1169"}],"wp:attachment":[{"href":"https:\/\/www.manaus.am.gov.br\/manauscult\/wp-json\/wp\/v2\/media?parent=1168"}],"wp:term":[{"taxonomy":"category","embeddable":true,"href":"https:\/\/www.manaus.am.gov.br\/manauscult\/wp-json\/wp\/v2\/categories?post=1168"},{"taxonomy":"post_tag","embeddable":true,"href":"https:\/\/www.manaus.am.gov.br\/manauscult\/wp-json\/wp\/v2\/tags?post=1168"}],"curies":[{"name":"wp","href":"https:\/\/api.w.org\/{rel}","templated":true}]}}