{"id":1158,"date":"2023-08-12T12:36:53","date_gmt":"2023-08-12T16:36:53","guid":{"rendered":"https:\/\/www.manaus.am.gov.br\/manauscult\/com-apoio-da-prefeitura-de-manaus-jungle-matisuri-segue-ate-este-domingo-13-8\/"},"modified":"2023-08-12T12:36:54","modified_gmt":"2023-08-12T16:36:54","slug":"com-apoio-da-prefeitura-de-manaus-jungle-matisuri-segue-ate-este-domingo-13-8","status":"publish","type":"post","link":"https:\/\/www.manaus.am.gov.br\/manauscult\/com-apoio-da-prefeitura-de-manaus-jungle-matisuri-segue-ate-este-domingo-13-8\/","title":{"rendered":"<strong>Com apoio da Prefeitura de Manaus, Jungle Matisuri segue at\u00e9 este domingo, 13\/8<\/strong>"},"content":{"rendered":"\n<p>A Prefeitura de Manaus, por meio da Funda\u00e7\u00e3o Municipal de Cultura, Turismo e Eventos (Manauscult), est\u00e1 apoiando a realiza\u00e7\u00e3o do maior Festival de Cultura Japonesa do Norte do Brasil, o Jungle Matisuri, que iniciou nesta sexta-feira, 11\/8, e segue at\u00e9 o domingo, 13, no Centro de Conven\u00e7\u00f5es do Amazonas Vasco Vasques, localizado na avenida Constantino Nery, zona Centro-Oeste.<\/p>\n\n\n\n<p>O Jungle Matsuri integra as comemora\u00e7\u00f5es do 94\u00ba anivers\u00e1rio da imigra\u00e7\u00e3o japonesa para a Amaz\u00f4nia, e este ano, aguarda um p\u00fablico circulante de mais de 30 mil pessoas em tr\u00eas dias de evento. O festival \u00e9 organizado pela Associa\u00e7\u00e3o Nipo-Brasileira da Amaz\u00f4nia Ocidental (Nippaku) e tem o apoio do Consulado-Geral do Jap\u00e3o e da Funda\u00e7\u00e3o Jap\u00e3o.<\/p>\n\n\n\n<p>A imigra\u00e7\u00e3o japonesa no Amazonas tem uma hist\u00f3ria de mais de 90 anos, onde a comunidade nikkei, que s\u00e3o os descendentes de japoneses, est\u00e1 se tornando cada vez mais presente e significativa na cidade de Manaus, com a atua\u00e7\u00e3o destes descendentes em v\u00e1rios segmentos, que v\u00e3o da cultura \u00e0 ind\u00fastria, como explica o diretor-presidente da Manauscult, Osvaldo Cardoso.<\/p>\n\n\n\n<p>\u201cN\u00e3o tem como n\u00f3s falarmos do desenvolvimento industrial de Manaus e do Amazonas, sem essa parceria com a comunidade japonesa. Isso aqui \u00e9 um festival onde o Jap\u00e3o vem para dentro de Manaus, durante tr\u00eas dias. E com toda a certeza, essa parceria ser\u00e1 sempre long\u00ednqua com a gest\u00e3o do prefeito David Almeida, sempre parceiros por quem faz cultura e quem trabalha no desenvolvimento da nossa cidade\u201d, ressaltou Osvaldo Cardoso.<\/p>\n\n\n\n<p>Da agricultura a grandes ind\u00fastrias, os japoneses t\u00eam ajudado bastante a economia do Amazonas. Atualmente, cerca de 40 companhias atuam no Polo Industrial de Manaus (PIM). Os dados do Sistema de Acompanhamento, Gest\u00e3o e An\u00e1lise Tecnol\u00f3gica, da Superintend\u00eancia da Zona Franca de Manaus (Suframa), apontam que as empresas japonesas tamb\u00e9m s\u00e3o as mais ativas no Estado, e seguem apoiando o desenvolvimento econ\u00f4mico e tecnol\u00f3gico da regi\u00e3o h\u00e1 mais de 40 anos.<\/p>\n\n\n\n<p>Para o c\u00f4nsul-geral do Jap\u00e3o em Manaus, Masahiro Ogino, o festival \u00e9 uma oportunidade para fortalecer os la\u00e7os entre o Jap\u00e3o e o Amazonas. Al\u00e9m de incentivar o interc\u00e2mbio tur\u00edstico e o aprofundamento nas rela\u00e7\u00f5es, principalmente nas \u00e1reas do com\u00e9rcio bilateral, combate \u00e0s mudan\u00e7as do clima, educa\u00e7\u00e3o e integra\u00e7\u00e3o entre as comunidades. A partir do dia 30 de setembro deste ano, turistas brasileiros e japoneses poder\u00e3o transitar entre ambos os pa\u00edses sem a necessidade de obten\u00e7\u00e3o de visto.<\/p>\n\n\n\n<p>\u201cO Estado do Amazonas possui a maior comunidade da regi\u00e3o da Amaz\u00f4nia Ocidental com, aproximadamente, 30 mil pessoas. E aqui temos uma hist\u00f3ria de 94 anos. Nossa comunidade tomou a iniciativa de celebrar este festival, o Jungle Matsuri, para mostrar a import\u00e2ncia da cultura japonesa. Atrav\u00e9s desse evento, vamos mostrar nossa cultura que \u00e9 moderna, mas tamb\u00e9m tradicional. \u00c9 uma \u00f3tima oportunidade para as pessoas que passarem por aqui, conhecerem um pouco mais do Jap\u00e3o\u201d, disse.<\/p>\n\n\n\n<p>Os hor\u00e1rios de visita\u00e7\u00e3o no s\u00e1bado, 12, e domingo, 13, ser\u00e3o estendidos das 10h \u00e0s 22h. A programa\u00e7\u00e3o inclui apresenta\u00e7\u00f5es de taik\u00f4, dan\u00e7as t\u00edpicas, desfile e concurso cosplay. Al\u00e9m disso, haver\u00e1 exposi\u00e7\u00f5es culturais, workshops de Mang\u00e1, origami, kirigami e Pixel Art, bem como atividades para crian\u00e7as. Uma grande pra\u00e7a de alimenta\u00e7\u00e3o oferecer\u00e1 culin\u00e1ria japonesa e produtos diversos com pre\u00e7os acess\u00edveis. A programa\u00e7\u00e3o completa e informa\u00e7\u00f5es adicionais podem ser encontradas no site oficial do festival:&nbsp;<a href=\"https:\/\/junglematsuri.com.br\/\" target=\"_blank\" rel=\"noreferrer noopener\">https:\/\/junglematsuri.com.br\/<\/a>.<\/p>\n\n\n\n<p>&#8212; &#8212; &#8212;<\/p>\n\n\n\n<p><strong>Texto &#8211;<\/strong>&nbsp;Emanuelle Baires \/ Manauscult<\/p>\n\n\n\n<p><strong>Fotos &#8211;<\/strong>&nbsp;Jo\u00e3o Viana \/ Semcom<\/p>\n\n\n\n<p><strong>Dispon\u00edveis em &#8211;<\/strong>&nbsp;<a href=\"https:\/\/flic.kr\/s\/aHBqjAQKoM\" target=\"_blank\" rel=\"noreferrer noopener\">https:\/\/flic.kr\/s\/aHBqjAQKoM<\/a><\/p>\n","protected":false},"excerpt":{"rendered":"","protected":false},"author":24,"featured_media":1159,"comment_status":"closed","ping_status":"closed","sticky":false,"template":"","format":"standard","meta":{"footnotes":""},"categories":[82],"tags":[410,411,412,67,413,414,415,416,417,418,10,11],"acf":[],"yoast_head":"<!-- This site is optimized with the Yoast SEO plugin v23.0 - https:\/\/yoast.com\/wordpress\/plugins\/seo\/ -->\n<title>Com apoio da Prefeitura de Manaus, Jungle Matisuri segue at\u00e9 este domingo, 13\/8 - MANAUSCULT<\/title>\n<meta name=\"description\" content=\"A Prefeitura de Manaus, por meio da Funda\u00e7\u00e3o Municipal de Cultura, Turismo e Eventos (Manauscult), est\u00e1 apoiando a realiza\u00e7\u00e3o do maior Festival de Cultura Japonesa do Norte do Brasil, o Jungle Matisuri, que iniciou nesta sexta-feira, 11\/8, e segue at\u00e9 o domingo, 13, no Centro de Conven\u00e7\u00f5es do Amazonas Vasco Vasques, localizado na avenida Constantino Nery, zona Centro-Oeste.\" \/>\n<meta name=\"robots\" content=\"noindex, follow\" \/>\n<meta property=\"og:locale\" content=\"pt_BR\" \/>\n<meta property=\"og:type\" content=\"article\" \/>\n<meta property=\"og:title\" content=\"Com apoio da Prefeitura de Manaus, Jungle Matisuri segue at\u00e9 este domingo, 13\/8 - MANAUSCULT\" \/>\n<meta property=\"og:description\" content=\"A Prefeitura de Manaus, por meio da Funda\u00e7\u00e3o Municipal de Cultura, Turismo e Eventos (Manauscult), est\u00e1 apoiando a realiza\u00e7\u00e3o do maior Festival de Cultura Japonesa do Norte do Brasil, o Jungle Matisuri, que iniciou nesta sexta-feira, 11\/8, e segue at\u00e9 o domingo, 13, no Centro de Conven\u00e7\u00f5es do Amazonas Vasco Vasques, localizado na avenida Constantino Nery, zona Centro-Oeste.\" \/>\n<meta property=\"og:url\" content=\"https:\/\/www.manaus.am.gov.br\/manauscult\/com-apoio-da-prefeitura-de-manaus-jungle-matisuri-segue-ate-este-domingo-13-8\/\" \/>\n<meta property=\"og:site_name\" content=\"MANAUSCULT\" \/>\n<meta property=\"article:published_time\" content=\"2023-08-12T16:36:53+00:00\" \/>\n<meta property=\"article:modified_time\" content=\"2023-08-12T16:36:54+00:00\" \/>\n<meta property=\"og:image\" content=\"https:\/\/www.manaus.am.gov.br\/manauscult\/wp-content\/uploads\/sites\/11\/2023\/08\/Com-apoio-da-Prefeitura-de-Manaus-Jungle-Matisuri-segue-ate-este-domingo-138-1-1024x576.jpg\" \/>\n\t<meta property=\"og:image:width\" content=\"1024\" \/>\n\t<meta property=\"og:image:height\" content=\"576\" \/>\n\t<meta property=\"og:image:type\" content=\"image\/jpeg\" \/>\n<meta name=\"author\" content=\"Cl\u00e1udia Barbosa\" \/>\n<meta name=\"twitter:card\" content=\"summary_large_image\" \/>\n<meta name=\"twitter:label1\" content=\"Written by\" \/>\n\t<meta name=\"twitter:data1\" content=\"Cl\u00e1udia Barbosa\" \/>\n\t<meta name=\"twitter:label2\" content=\"Est. reading time\" \/>\n\t<meta name=\"twitter:data2\" content=\"4 minutos\" \/>\n<script type=\"application\/ld+json\" class=\"yoast-schema-graph\">{\"@context\":\"https:\/\/schema.org\",\"@graph\":[{\"@type\":\"WebPage\",\"@id\":\"https:\/\/www.manaus.am.gov.br\/manauscult\/com-apoio-da-prefeitura-de-manaus-jungle-matisuri-segue-ate-este-domingo-13-8\/\",\"url\":\"https:\/\/www.manaus.am.gov.br\/manauscult\/com-apoio-da-prefeitura-de-manaus-jungle-matisuri-segue-ate-este-domingo-13-8\/\",\"name\":\"Com apoio da Prefeitura de Manaus, Jungle Matisuri segue at\u00e9 este domingo, 13\/8 - MANAUSCULT\",\"isPartOf\":{\"@id\":\"https:\/\/www.manaus.am.gov.br\/manauscult\/#website\"},\"primaryImageOfPage\":{\"@id\":\"https:\/\/www.manaus.am.gov.br\/manauscult\/com-apoio-da-prefeitura-de-manaus-jungle-matisuri-segue-ate-este-domingo-13-8\/#primaryimage\"},\"image\":{\"@id\":\"https:\/\/www.manaus.am.gov.br\/manauscult\/com-apoio-da-prefeitura-de-manaus-jungle-matisuri-segue-ate-este-domingo-13-8\/#primaryimage\"},\"thumbnailUrl\":\"https:\/\/www.manaus.am.gov.br\/manauscult\/wp-content\/uploads\/sites\/11\/2023\/08\/Com-apoio-da-Prefeitura-de-Manaus-Jungle-Matisuri-segue-ate-este-domingo-138-1.jpg\",\"datePublished\":\"2023-08-12T16:36:53+00:00\",\"dateModified\":\"2023-08-12T16:36:54+00:00\",\"author\":{\"@id\":\"https:\/\/www.manaus.am.gov.br\/manauscult\/#\/schema\/person\/d0a166b5031154c33c77794ddc9a827e\"},\"description\":\"A Prefeitura de Manaus, por meio da Funda\u00e7\u00e3o Municipal de Cultura, Turismo e Eventos (Manauscult), est\u00e1 apoiando a realiza\u00e7\u00e3o do maior Festival de Cultura Japonesa do Norte do Brasil, o Jungle Matisuri, que iniciou nesta sexta-feira, 11\/8, e segue at\u00e9 o domingo, 13, no Centro de Conven\u00e7\u00f5es do Amazonas Vasco Vasques, localizado na avenida Constantino Nery, zona Centro-Oeste.\",\"breadcrumb\":{\"@id\":\"https:\/\/www.manaus.am.gov.br\/manauscult\/com-apoio-da-prefeitura-de-manaus-jungle-matisuri-segue-ate-este-domingo-13-8\/#breadcrumb\"},\"inLanguage\":\"pt-BR\",\"potentialAction\":[{\"@type\":\"ReadAction\",\"target\":[\"https:\/\/www.manaus.am.gov.br\/manauscult\/com-apoio-da-prefeitura-de-manaus-jungle-matisuri-segue-ate-este-domingo-13-8\/\"]}]},{\"@type\":\"ImageObject\",\"inLanguage\":\"pt-BR\",\"@id\":\"https:\/\/www.manaus.am.gov.br\/manauscult\/com-apoio-da-prefeitura-de-manaus-jungle-matisuri-segue-ate-este-domingo-13-8\/#primaryimage\",\"url\":\"https:\/\/www.manaus.am.gov.br\/manauscult\/wp-content\/uploads\/sites\/11\/2023\/08\/Com-apoio-da-Prefeitura-de-Manaus-Jungle-Matisuri-segue-ate-este-domingo-138-1.jpg\",\"contentUrl\":\"https:\/\/www.manaus.am.gov.br\/manauscult\/wp-content\/uploads\/sites\/11\/2023\/08\/Com-apoio-da-Prefeitura-de-Manaus-Jungle-Matisuri-segue-ate-este-domingo-138-1.jpg\",\"width\":4464,\"height\":2510},{\"@type\":\"BreadcrumbList\",\"@id\":\"https:\/\/www.manaus.am.gov.br\/manauscult\/com-apoio-da-prefeitura-de-manaus-jungle-matisuri-segue-ate-este-domingo-13-8\/#breadcrumb\",\"itemListElement\":[{\"@type\":\"ListItem\",\"position\":1,\"name\":\"Home\",\"item\":\"https:\/\/www.manaus.am.gov.br\/manauscult\/\"},{\"@type\":\"ListItem\",\"position\":2,\"name\":\"Com apoio da Prefeitura de Manaus, Jungle Matisuri segue at\u00e9 este domingo, 13\/8\"}]},{\"@type\":\"WebSite\",\"@id\":\"https:\/\/www.manaus.am.gov.br\/manauscult\/#website\",\"url\":\"https:\/\/www.manaus.am.gov.br\/manauscult\/\",\"name\":\"MANAUSCULT\",\"description\":\"Prefeitura de Manaus\",\"potentialAction\":[{\"@type\":\"SearchAction\",\"target\":{\"@type\":\"EntryPoint\",\"urlTemplate\":\"https:\/\/www.manaus.am.gov.br\/manauscult\/?s={search_term_string}\"},\"query-input\":\"required name=search_term_string\"}],\"inLanguage\":\"pt-BR\"},{\"@type\":\"Person\",\"@id\":\"https:\/\/www.manaus.am.gov.br\/manauscult\/#\/schema\/person\/d0a166b5031154c33c77794ddc9a827e\",\"name\":\"Cl\u00e1udia Barbosa\",\"image\":{\"@type\":\"ImageObject\",\"inLanguage\":\"pt-BR\",\"@id\":\"https:\/\/www.manaus.am.gov.br\/manauscult\/#\/schema\/person\/image\/\",\"url\":\"https:\/\/secure.gravatar.com\/avatar\/42958a1cf007f1a00534009218c72590?s=96&d=mm&r=g\",\"contentUrl\":\"https:\/\/secure.gravatar.com\/avatar\/42958a1cf007f1a00534009218c72590?s=96&d=mm&r=g\",\"caption\":\"Cl\u00e1udia Barbosa\"}}]}<\/script>\n<!-- \/ Yoast SEO plugin. -->","yoast_head_json":{"title":"Com apoio da Prefeitura de Manaus, Jungle Matisuri segue at\u00e9 este domingo, 13\/8 - MANAUSCULT","description":"A Prefeitura de Manaus, por meio da Funda\u00e7\u00e3o Municipal de Cultura, Turismo e Eventos (Manauscult), est\u00e1 apoiando a realiza\u00e7\u00e3o do maior Festival de Cultura Japonesa do Norte do Brasil, o Jungle Matisuri, que iniciou nesta sexta-feira, 11\/8, e segue at\u00e9 o domingo, 13, no Centro de Conven\u00e7\u00f5es do Amazonas Vasco Vasques, localizado na avenida Constantino Nery, zona Centro-Oeste.","robots":{"index":"noindex","follow":"follow"},"og_locale":"pt_BR","og_type":"article","og_title":"Com apoio da Prefeitura de Manaus, Jungle Matisuri segue at\u00e9 este domingo, 13\/8 - MANAUSCULT","og_description":"A Prefeitura de Manaus, por meio da Funda\u00e7\u00e3o Municipal de Cultura, Turismo e Eventos (Manauscult), est\u00e1 apoiando a realiza\u00e7\u00e3o do maior Festival de Cultura Japonesa do Norte do Brasil, o Jungle Matisuri, que iniciou nesta sexta-feira, 11\/8, e segue at\u00e9 o domingo, 13, no Centro de Conven\u00e7\u00f5es do Amazonas Vasco Vasques, localizado na avenida Constantino Nery, zona Centro-Oeste.","og_url":"https:\/\/www.manaus.am.gov.br\/manauscult\/com-apoio-da-prefeitura-de-manaus-jungle-matisuri-segue-ate-este-domingo-13-8\/","og_site_name":"MANAUSCULT","article_published_time":"2023-08-12T16:36:53+00:00","article_modified_time":"2023-08-12T16:36:54+00:00","og_image":[{"width":1024,"height":576,"url":"https:\/\/www.manaus.am.gov.br\/manauscult\/wp-content\/uploads\/sites\/11\/2023\/08\/Com-apoio-da-Prefeitura-de-Manaus-Jungle-Matisuri-segue-ate-este-domingo-138-1-1024x576.jpg","type":"image\/jpeg"}],"author":"Cl\u00e1udia Barbosa","twitter_card":"summary_large_image","twitter_misc":{"Written by":"Cl\u00e1udia Barbosa","Est. reading time":"4 minutos"},"schema":{"@context":"https:\/\/schema.org","@graph":[{"@type":"WebPage","@id":"https:\/\/www.manaus.am.gov.br\/manauscult\/com-apoio-da-prefeitura-de-manaus-jungle-matisuri-segue-ate-este-domingo-13-8\/","url":"https:\/\/www.manaus.am.gov.br\/manauscult\/com-apoio-da-prefeitura-de-manaus-jungle-matisuri-segue-ate-este-domingo-13-8\/","name":"Com apoio da Prefeitura de Manaus, Jungle Matisuri segue at\u00e9 este domingo, 13\/8 - MANAUSCULT","isPartOf":{"@id":"https:\/\/www.manaus.am.gov.br\/manauscult\/#website"},"primaryImageOfPage":{"@id":"https:\/\/www.manaus.am.gov.br\/manauscult\/com-apoio-da-prefeitura-de-manaus-jungle-matisuri-segue-ate-este-domingo-13-8\/#primaryimage"},"image":{"@id":"https:\/\/www.manaus.am.gov.br\/manauscult\/com-apoio-da-prefeitura-de-manaus-jungle-matisuri-segue-ate-este-domingo-13-8\/#primaryimage"},"thumbnailUrl":"https:\/\/www.manaus.am.gov.br\/manauscult\/wp-content\/uploads\/sites\/11\/2023\/08\/Com-apoio-da-Prefeitura-de-Manaus-Jungle-Matisuri-segue-ate-este-domingo-138-1.jpg","datePublished":"2023-08-12T16:36:53+00:00","dateModified":"2023-08-12T16:36:54+00:00","author":{"@id":"https:\/\/www.manaus.am.gov.br\/manauscult\/#\/schema\/person\/d0a166b5031154c33c77794ddc9a827e"},"description":"A Prefeitura de Manaus, por meio da Funda\u00e7\u00e3o Municipal de Cultura, Turismo e Eventos (Manauscult), est\u00e1 apoiando a realiza\u00e7\u00e3o do maior Festival de Cultura Japonesa do Norte do Brasil, o Jungle Matisuri, que iniciou nesta sexta-feira, 11\/8, e segue at\u00e9 o domingo, 13, no Centro de Conven\u00e7\u00f5es do Amazonas Vasco Vasques, localizado na avenida Constantino Nery, zona Centro-Oeste.","breadcrumb":{"@id":"https:\/\/www.manaus.am.gov.br\/manauscult\/com-apoio-da-prefeitura-de-manaus-jungle-matisuri-segue-ate-este-domingo-13-8\/#breadcrumb"},"inLanguage":"pt-BR","potentialAction":[{"@type":"ReadAction","target":["https:\/\/www.manaus.am.gov.br\/manauscult\/com-apoio-da-prefeitura-de-manaus-jungle-matisuri-segue-ate-este-domingo-13-8\/"]}]},{"@type":"ImageObject","inLanguage":"pt-BR","@id":"https:\/\/www.manaus.am.gov.br\/manauscult\/com-apoio-da-prefeitura-de-manaus-jungle-matisuri-segue-ate-este-domingo-13-8\/#primaryimage","url":"https:\/\/www.manaus.am.gov.br\/manauscult\/wp-content\/uploads\/sites\/11\/2023\/08\/Com-apoio-da-Prefeitura-de-Manaus-Jungle-Matisuri-segue-ate-este-domingo-138-1.jpg","contentUrl":"https:\/\/www.manaus.am.gov.br\/manauscult\/wp-content\/uploads\/sites\/11\/2023\/08\/Com-apoio-da-Prefeitura-de-Manaus-Jungle-Matisuri-segue-ate-este-domingo-138-1.jpg","width":4464,"height":2510},{"@type":"BreadcrumbList","@id":"https:\/\/www.manaus.am.gov.br\/manauscult\/com-apoio-da-prefeitura-de-manaus-jungle-matisuri-segue-ate-este-domingo-13-8\/#breadcrumb","itemListElement":[{"@type":"ListItem","position":1,"name":"Home","item":"https:\/\/www.manaus.am.gov.br\/manauscult\/"},{"@type":"ListItem","position":2,"name":"Com apoio da Prefeitura de Manaus, Jungle Matisuri segue at\u00e9 este domingo, 13\/8"}]},{"@type":"WebSite","@id":"https:\/\/www.manaus.am.gov.br\/manauscult\/#website","url":"https:\/\/www.manaus.am.gov.br\/manauscult\/","name":"MANAUSCULT","description":"Prefeitura de Manaus","potentialAction":[{"@type":"SearchAction","target":{"@type":"EntryPoint","urlTemplate":"https:\/\/www.manaus.am.gov.br\/manauscult\/?s={search_term_string}"},"query-input":"required name=search_term_string"}],"inLanguage":"pt-BR"},{"@type":"Person","@id":"https:\/\/www.manaus.am.gov.br\/manauscult\/#\/schema\/person\/d0a166b5031154c33c77794ddc9a827e","name":"Cl\u00e1udia Barbosa","image":{"@type":"ImageObject","inLanguage":"pt-BR","@id":"https:\/\/www.manaus.am.gov.br\/manauscult\/#\/schema\/person\/image\/","url":"https:\/\/secure.gravatar.com\/avatar\/42958a1cf007f1a00534009218c72590?s=96&d=mm&r=g","contentUrl":"https:\/\/secure.gravatar.com\/avatar\/42958a1cf007f1a00534009218c72590?s=96&d=mm&r=g","caption":"Cl\u00e1udia Barbosa"}}]}},"_links":{"self":[{"href":"https:\/\/www.manaus.am.gov.br\/manauscult\/wp-json\/wp\/v2\/posts\/1158"}],"collection":[{"href":"https:\/\/www.manaus.am.gov.br\/manauscult\/wp-json\/wp\/v2\/posts"}],"about":[{"href":"https:\/\/www.manaus.am.gov.br\/manauscult\/wp-json\/wp\/v2\/types\/post"}],"author":[{"embeddable":true,"href":"https:\/\/www.manaus.am.gov.br\/manauscult\/wp-json\/wp\/v2\/users\/24"}],"replies":[{"embeddable":true,"href":"https:\/\/www.manaus.am.gov.br\/manauscult\/wp-json\/wp\/v2\/comments?post=1158"}],"version-history":[{"count":0,"href":"https:\/\/www.manaus.am.gov.br\/manauscult\/wp-json\/wp\/v2\/posts\/1158\/revisions"}],"wp:featuredmedia":[{"embeddable":true,"href":"https:\/\/www.manaus.am.gov.br\/manauscult\/wp-json\/wp\/v2\/media\/1159"}],"wp:attachment":[{"href":"https:\/\/www.manaus.am.gov.br\/manauscult\/wp-json\/wp\/v2\/media?parent=1158"}],"wp:term":[{"taxonomy":"category","embeddable":true,"href":"https:\/\/www.manaus.am.gov.br\/manauscult\/wp-json\/wp\/v2\/categories?post=1158"},{"taxonomy":"post_tag","embeddable":true,"href":"https:\/\/www.manaus.am.gov.br\/manauscult\/wp-json\/wp\/v2\/tags?post=1158"}],"curies":[{"name":"wp","href":"https:\/\/api.w.org\/{rel}","templated":true}]}}