{"id":1156,"date":"2023-08-11T09:20:45","date_gmt":"2023-08-11T13:20:45","guid":{"rendered":"https:\/\/www.manaus.am.gov.br\/manauscult\/prefeitura-publica-o-livro-manaus-e-seus-cemiterios-historias-de-vidas-e-legados\/"},"modified":"2023-08-11T09:20:46","modified_gmt":"2023-08-11T13:20:46","slug":"prefeitura-publica-o-livro-manaus-e-seus-cemiterios-historias-de-vidas-e-legados","status":"publish","type":"post","link":"https:\/\/www.manaus.am.gov.br\/manauscult\/prefeitura-publica-o-livro-manaus-e-seus-cemiterios-historias-de-vidas-e-legados\/","title":{"rendered":"<strong>Prefeitura publica o livro \u2018Manaus e seus cemit\u00e9rios, hist\u00f3rias de vidas e legados\u2019<\/strong>"},"content":{"rendered":"\n<p>Uma noite de aut\u00f3grafos marcou o lan\u00e7amento da mais recente obra da historiadora Etelvina Garcia, &#8220;Manaus e seus cemit\u00e9rios &#8211; Hist\u00f3rias de Vidas e Legados\u201d, na quinta-feira, 10\/8, \u00e0s 19h, no Pal\u00e1cio Rio Negro, na avenida 7 de setembro, Centro. A publica\u00e7\u00e3o tem o apoio da Prefeitura de Manaus, por meio da Funda\u00e7\u00e3o Municipal de Cultura, Turismo e Eventos (Manauscult) e seu Conselho Municipal de Cultura (Concultura).<\/p>\n\n\n\n<p>O diretor-presidente da Manauscult, Osvaldo Cardoso, afirmou que a obra \u00e9 um marco para a hist\u00f3ria de Manaus e sua popula\u00e7\u00e3o. &#8220;Mostra o respeito e compromisso da gest\u00e3o do prefeito David Almeida com nossa hist\u00f3ria e ancestralidade; com as fam\u00edlias que aqui constru\u00edram suas hist\u00f3rias e a desta cidade plural&#8221;, afirmou Cardoso.<\/p>\n\n\n\n<p>A autora Etelvina Garcia est\u00e1 na sua 26\u00aa obra e, durante a apresenta\u00e7\u00e3o ao p\u00fablico formado por&nbsp;escritores, pesquisadores e estudantes, contou da concep\u00e7\u00e3o da pesquisa ao desafio de relatar a hist\u00f3ria da cidade de Manaus a partir de seus cemit\u00e9rios e os legados das pessoas que descansam nos campos-santos. &#8220;Os donos desta terra s\u00e3o os nossos antepassados ind\u00edgenas, em especial o povo Tarum\u00e3, que sofreu a invas\u00e3o dos europeus aqui a partir de 1657&#8221;, destacou a autora. &#8220;Tamb\u00e9m relatamos os epis\u00f3dios dos per\u00edodos das epidemias e pandemias, com grandes demonstra\u00e7\u00f5es de humanidade de algumas personalidades que est\u00e3o no livro&#8221;, revelou.<\/p>\n\n\n\n<p>Para o presidente do Concultura, Ten\u00f3rio Telles, preservar a mem\u00f3ria de uma cidade \u00e9 salvar do esquecimento as contribui\u00e7\u00f5es dos homens e mulheres que ajudaram, com seus fazeres e a\u00e7\u00f5es, a construir o espa\u00e7o p\u00fablico e a hist\u00f3ria de um lugar. &#8220;\u00c9 isso que o livro da professora Etelvina Garcia representa. Resgata do sil\u00eancio&nbsp;do passado as lembran\u00e7as e as hist\u00f3rias de vida dos habitantes de Manaus, a partir dos cemit\u00e9rios que acolhem os que cumpriram suas jornadas de vida. \u2018Os cemit\u00e9rios de Manaus\u2019 \u00e9 uma obra fundamental para uma melhor compreens\u00e3o de nossas experi\u00eancias culturais&#8221;, enfatizou.<\/p>\n\n\n\n<p>Presente ao lan\u00e7amento, o renomado pesquisador e infectologista Marcus Barros leu, avidamente, o livro de sua professora, autora da obra. &#8220;Antes de tudo, a emo\u00e7\u00e3o que me toca, porque a Etelvina Garcia foi minha professora de ci\u00eancias h\u00e1 exatos 65 anos. Ent\u00e3o, durante todo esse per\u00edodo, tenho acompanhado a sua produ\u00e7\u00e3o, que \u00e9 intensa. Mas me surpreendeu muito essa nova obra, abordando os cemit\u00e9rios, a hist\u00f3ria da cidade, nos ensinando o que \u00e9 Manaus e quem habitou essa cidade&#8221;.<\/p>\n\n\n\n<p><strong>Livro&nbsp;<\/strong><\/p>\n\n\n\n<p>O livro &#8220;Manaus e seus cemit\u00e9rios &#8211; Hist\u00f3rias de Vidas e Legados\u201d \u00e9 o resultado da pesquisa da historiadora e escritora Etelvina Garcia, que resgata parte significativa da mem\u00f3ria da cidade, a partir dos campos-santos.&nbsp;<\/p>\n\n\n\n<p>Segundo o diretor cultural do Concultura, Carlos Guedelha, trata-se de um livro bem documentado, ilustrado com fotografias e rico em detalhes, cujo texto \u00e9 um convite \u00e0 leitura, pela fluidez da linguagem aliada ao dom\u00ednio da palavra escrita, em um denodado esfor\u00e7o de pesquisa por parte da autora.&nbsp;&nbsp;&#8220;O livro conta hist\u00f3rias de vidas e legados, tendo a mem\u00f3ria como fio condutor, e os cemit\u00e9rios de Manaus como espa\u00e7os sublimes, reservados \u00e0 preserva\u00e7\u00e3o da mem\u00f3ria e da hist\u00f3ria, testemunhando o nascimento da cidade&#8221;, descreveu.<\/p>\n\n\n\n<p>De acordo com Guedelha, a partir do apoio \u00e0 publica\u00e7\u00e3o da obra, a Prefeitura de Manaus assume o compromisso de estimular a produ\u00e7\u00e3o escrita, como forma de estimular a preserva\u00e7\u00e3o da hist\u00f3ria e da mem\u00f3ria de Manaus, contribuindo para a valoriza\u00e7\u00e3o da identidade&#8221;, afirma Guedelha.<\/p>\n\n\n\n<p>Da primeira tiragem, as obras ser\u00e3o distribu\u00eddas pela Secretaria Municipal de Educa\u00e7\u00e3o (Semed) nas escolas, e na biblioteca municipal Jo\u00e3o Bosco Pantoja Evangelista, na pra\u00e7a do Congresso, Centro.<\/p>\n\n\n\n<p>&#8212; &#8212; &#8212;<\/p>\n\n\n\n<p><strong>Texto<\/strong>&nbsp;&#8211; Crist\u00f3v\u00e3o Nonato\/Manauscult<\/p>\n\n\n\n<p><strong>Fotos<\/strong>&nbsp;\u2013 Cl\u00f3vis Miranda\/Semcom<\/p>\n\n\n\n<p><strong>Dispon\u00edveis em<\/strong>&nbsp;&#8211;&nbsp;<a href=\"https:\/\/flic.kr\/s\/aHBqjAQBje\" target=\"_blank\" rel=\"noreferrer noopener\">https:\/\/flic.kr\/s\/aHBqjAQBje<\/a><\/p>\n","protected":false},"excerpt":{"rendered":"","protected":false},"author":23,"featured_media":1157,"comment_status":"closed","ping_status":"closed","sticky":false,"template":"","format":"standard","meta":{"footnotes":""},"categories":[3],"tags":[406,45,407,408,409,9,11],"acf":[],"yoast_head":"<!-- This site is optimized with the Yoast SEO plugin v23.0 - https:\/\/yoast.com\/wordpress\/plugins\/seo\/ -->\n<title>Prefeitura publica o livro \u2018Manaus e seus cemit\u00e9rios, hist\u00f3rias de vidas e legados\u2019<\/title>\n<meta name=\"description\" content=\"Uma noite de aut\u00f3grafos marcou o lan\u00e7amento da mais recente obra da historiadora Etelvina Garcia, &quot;Manaus e seus cemit\u00e9rios - Hist\u00f3rias de Vidas e Legados\u201d, na quinta-feira, 10\/8, \u00e0s 19h, no Pal\u00e1cio Rio Negro, na avenida 7 de setembro, Centro. A publica\u00e7\u00e3o tem o apoio da Prefeitura de Manaus.\" \/>\n<meta name=\"robots\" content=\"noindex, follow\" \/>\n<meta property=\"og:locale\" content=\"pt_BR\" \/>\n<meta property=\"og:type\" content=\"article\" \/>\n<meta property=\"og:title\" content=\"Prefeitura publica o livro \u2018Manaus e seus cemit\u00e9rios, hist\u00f3rias de vidas e legados\u2019\" \/>\n<meta property=\"og:description\" content=\"Uma noite de aut\u00f3grafos marcou o lan\u00e7amento da mais recente obra da historiadora Etelvina Garcia, &quot;Manaus e seus cemit\u00e9rios - Hist\u00f3rias de Vidas e Legados\u201d, na quinta-feira, 10\/8, \u00e0s 19h, no Pal\u00e1cio Rio Negro, na avenida 7 de setembro, Centro. A publica\u00e7\u00e3o tem o apoio da Prefeitura de Manaus.\" \/>\n<meta property=\"og:url\" content=\"https:\/\/www.manaus.am.gov.br\/manauscult\/prefeitura-publica-o-livro-manaus-e-seus-cemiterios-historias-de-vidas-e-legados\/\" \/>\n<meta property=\"og:site_name\" content=\"MANAUSCULT\" \/>\n<meta property=\"article:published_time\" content=\"2023-08-11T13:20:45+00:00\" \/>\n<meta property=\"article:modified_time\" content=\"2023-08-11T13:20:46+00:00\" \/>\n<meta property=\"og:image\" content=\"https:\/\/www.manaus.am.gov.br\/manauscult\/wp-content\/uploads\/sites\/11\/2023\/08\/53108306420_79063178c5_c.jpg\" \/>\n\t<meta property=\"og:image:width\" content=\"799\" \/>\n\t<meta property=\"og:image:height\" content=\"533\" \/>\n\t<meta property=\"og:image:type\" content=\"image\/jpeg\" \/>\n<meta name=\"author\" content=\"Adriana Costa\" \/>\n<meta name=\"twitter:card\" content=\"summary_large_image\" \/>\n<meta name=\"twitter:label1\" content=\"Written by\" \/>\n\t<meta name=\"twitter:data1\" content=\"Adriana Costa\" \/>\n\t<meta name=\"twitter:label2\" content=\"Est. reading time\" \/>\n\t<meta name=\"twitter:data2\" content=\"4 minutos\" \/>\n<script type=\"application\/ld+json\" class=\"yoast-schema-graph\">{\"@context\":\"https:\/\/schema.org\",\"@graph\":[{\"@type\":\"WebPage\",\"@id\":\"https:\/\/www.manaus.am.gov.br\/manauscult\/prefeitura-publica-o-livro-manaus-e-seus-cemiterios-historias-de-vidas-e-legados\/\",\"url\":\"https:\/\/www.manaus.am.gov.br\/manauscult\/prefeitura-publica-o-livro-manaus-e-seus-cemiterios-historias-de-vidas-e-legados\/\",\"name\":\"Prefeitura publica o livro \u2018Manaus e seus cemit\u00e9rios, hist\u00f3rias de vidas e legados\u2019\",\"isPartOf\":{\"@id\":\"https:\/\/www.manaus.am.gov.br\/manauscult\/#website\"},\"primaryImageOfPage\":{\"@id\":\"https:\/\/www.manaus.am.gov.br\/manauscult\/prefeitura-publica-o-livro-manaus-e-seus-cemiterios-historias-de-vidas-e-legados\/#primaryimage\"},\"image\":{\"@id\":\"https:\/\/www.manaus.am.gov.br\/manauscult\/prefeitura-publica-o-livro-manaus-e-seus-cemiterios-historias-de-vidas-e-legados\/#primaryimage\"},\"thumbnailUrl\":\"https:\/\/www.manaus.am.gov.br\/manauscult\/wp-content\/uploads\/sites\/11\/2023\/08\/53108306420_79063178c5_c.jpg\",\"datePublished\":\"2023-08-11T13:20:45+00:00\",\"dateModified\":\"2023-08-11T13:20:46+00:00\",\"author\":{\"@id\":\"https:\/\/www.manaus.am.gov.br\/manauscult\/#\/schema\/person\/4e49f4e267757a06ca072ec61b2b9968\"},\"description\":\"Uma noite de aut\u00f3grafos marcou o lan\u00e7amento da mais recente obra da historiadora Etelvina Garcia, \\\"Manaus e seus cemit\u00e9rios - Hist\u00f3rias de Vidas e Legados\u201d, na quinta-feira, 10\/8, \u00e0s 19h, no Pal\u00e1cio Rio Negro, na avenida 7 de setembro, Centro. A publica\u00e7\u00e3o tem o apoio da Prefeitura de Manaus.\",\"breadcrumb\":{\"@id\":\"https:\/\/www.manaus.am.gov.br\/manauscult\/prefeitura-publica-o-livro-manaus-e-seus-cemiterios-historias-de-vidas-e-legados\/#breadcrumb\"},\"inLanguage\":\"pt-BR\",\"potentialAction\":[{\"@type\":\"ReadAction\",\"target\":[\"https:\/\/www.manaus.am.gov.br\/manauscult\/prefeitura-publica-o-livro-manaus-e-seus-cemiterios-historias-de-vidas-e-legados\/\"]}]},{\"@type\":\"ImageObject\",\"inLanguage\":\"pt-BR\",\"@id\":\"https:\/\/www.manaus.am.gov.br\/manauscult\/prefeitura-publica-o-livro-manaus-e-seus-cemiterios-historias-de-vidas-e-legados\/#primaryimage\",\"url\":\"https:\/\/www.manaus.am.gov.br\/manauscult\/wp-content\/uploads\/sites\/11\/2023\/08\/53108306420_79063178c5_c.jpg\",\"contentUrl\":\"https:\/\/www.manaus.am.gov.br\/manauscult\/wp-content\/uploads\/sites\/11\/2023\/08\/53108306420_79063178c5_c.jpg\",\"width\":799,\"height\":533},{\"@type\":\"BreadcrumbList\",\"@id\":\"https:\/\/www.manaus.am.gov.br\/manauscult\/prefeitura-publica-o-livro-manaus-e-seus-cemiterios-historias-de-vidas-e-legados\/#breadcrumb\",\"itemListElement\":[{\"@type\":\"ListItem\",\"position\":1,\"name\":\"Home\",\"item\":\"https:\/\/www.manaus.am.gov.br\/manauscult\/\"},{\"@type\":\"ListItem\",\"position\":2,\"name\":\"Prefeitura publica o livro \u2018Manaus e seus cemit\u00e9rios, hist\u00f3rias de vidas e legados\u2019\"}]},{\"@type\":\"WebSite\",\"@id\":\"https:\/\/www.manaus.am.gov.br\/manauscult\/#website\",\"url\":\"https:\/\/www.manaus.am.gov.br\/manauscult\/\",\"name\":\"MANAUSCULT\",\"description\":\"Prefeitura de Manaus\",\"potentialAction\":[{\"@type\":\"SearchAction\",\"target\":{\"@type\":\"EntryPoint\",\"urlTemplate\":\"https:\/\/www.manaus.am.gov.br\/manauscult\/?s={search_term_string}\"},\"query-input\":\"required name=search_term_string\"}],\"inLanguage\":\"pt-BR\"},{\"@type\":\"Person\",\"@id\":\"https:\/\/www.manaus.am.gov.br\/manauscult\/#\/schema\/person\/4e49f4e267757a06ca072ec61b2b9968\",\"name\":\"Adriana Costa\",\"image\":{\"@type\":\"ImageObject\",\"inLanguage\":\"pt-BR\",\"@id\":\"https:\/\/www.manaus.am.gov.br\/manauscult\/#\/schema\/person\/image\/\",\"url\":\"https:\/\/secure.gravatar.com\/avatar\/576258617ef7194f718179e766d57bd4?s=96&d=mm&r=g\",\"contentUrl\":\"https:\/\/secure.gravatar.com\/avatar\/576258617ef7194f718179e766d57bd4?s=96&d=mm&r=g\",\"caption\":\"Adriana Costa\"}}]}<\/script>\n<!-- \/ Yoast SEO plugin. -->","yoast_head_json":{"title":"Prefeitura publica o livro \u2018Manaus e seus cemit\u00e9rios, hist\u00f3rias de vidas e legados\u2019","description":"Uma noite de aut\u00f3grafos marcou o lan\u00e7amento da mais recente obra da historiadora Etelvina Garcia, \"Manaus e seus cemit\u00e9rios - Hist\u00f3rias de Vidas e Legados\u201d, na quinta-feira, 10\/8, \u00e0s 19h, no Pal\u00e1cio Rio Negro, na avenida 7 de setembro, Centro. A publica\u00e7\u00e3o tem o apoio da Prefeitura de Manaus.","robots":{"index":"noindex","follow":"follow"},"og_locale":"pt_BR","og_type":"article","og_title":"Prefeitura publica o livro \u2018Manaus e seus cemit\u00e9rios, hist\u00f3rias de vidas e legados\u2019","og_description":"Uma noite de aut\u00f3grafos marcou o lan\u00e7amento da mais recente obra da historiadora Etelvina Garcia, \"Manaus e seus cemit\u00e9rios - Hist\u00f3rias de Vidas e Legados\u201d, na quinta-feira, 10\/8, \u00e0s 19h, no Pal\u00e1cio Rio Negro, na avenida 7 de setembro, Centro. A publica\u00e7\u00e3o tem o apoio da Prefeitura de Manaus.","og_url":"https:\/\/www.manaus.am.gov.br\/manauscult\/prefeitura-publica-o-livro-manaus-e-seus-cemiterios-historias-de-vidas-e-legados\/","og_site_name":"MANAUSCULT","article_published_time":"2023-08-11T13:20:45+00:00","article_modified_time":"2023-08-11T13:20:46+00:00","og_image":[{"width":799,"height":533,"url":"https:\/\/www.manaus.am.gov.br\/manauscult\/wp-content\/uploads\/sites\/11\/2023\/08\/53108306420_79063178c5_c.jpg","type":"image\/jpeg"}],"author":"Adriana Costa","twitter_card":"summary_large_image","twitter_misc":{"Written by":"Adriana Costa","Est. reading time":"4 minutos"},"schema":{"@context":"https:\/\/schema.org","@graph":[{"@type":"WebPage","@id":"https:\/\/www.manaus.am.gov.br\/manauscult\/prefeitura-publica-o-livro-manaus-e-seus-cemiterios-historias-de-vidas-e-legados\/","url":"https:\/\/www.manaus.am.gov.br\/manauscult\/prefeitura-publica-o-livro-manaus-e-seus-cemiterios-historias-de-vidas-e-legados\/","name":"Prefeitura publica o livro \u2018Manaus e seus cemit\u00e9rios, hist\u00f3rias de vidas e legados\u2019","isPartOf":{"@id":"https:\/\/www.manaus.am.gov.br\/manauscult\/#website"},"primaryImageOfPage":{"@id":"https:\/\/www.manaus.am.gov.br\/manauscult\/prefeitura-publica-o-livro-manaus-e-seus-cemiterios-historias-de-vidas-e-legados\/#primaryimage"},"image":{"@id":"https:\/\/www.manaus.am.gov.br\/manauscult\/prefeitura-publica-o-livro-manaus-e-seus-cemiterios-historias-de-vidas-e-legados\/#primaryimage"},"thumbnailUrl":"https:\/\/www.manaus.am.gov.br\/manauscult\/wp-content\/uploads\/sites\/11\/2023\/08\/53108306420_79063178c5_c.jpg","datePublished":"2023-08-11T13:20:45+00:00","dateModified":"2023-08-11T13:20:46+00:00","author":{"@id":"https:\/\/www.manaus.am.gov.br\/manauscult\/#\/schema\/person\/4e49f4e267757a06ca072ec61b2b9968"},"description":"Uma noite de aut\u00f3grafos marcou o lan\u00e7amento da mais recente obra da historiadora Etelvina Garcia, \"Manaus e seus cemit\u00e9rios - Hist\u00f3rias de Vidas e Legados\u201d, na quinta-feira, 10\/8, \u00e0s 19h, no Pal\u00e1cio Rio Negro, na avenida 7 de setembro, Centro. A publica\u00e7\u00e3o tem o apoio da Prefeitura de Manaus.","breadcrumb":{"@id":"https:\/\/www.manaus.am.gov.br\/manauscult\/prefeitura-publica-o-livro-manaus-e-seus-cemiterios-historias-de-vidas-e-legados\/#breadcrumb"},"inLanguage":"pt-BR","potentialAction":[{"@type":"ReadAction","target":["https:\/\/www.manaus.am.gov.br\/manauscult\/prefeitura-publica-o-livro-manaus-e-seus-cemiterios-historias-de-vidas-e-legados\/"]}]},{"@type":"ImageObject","inLanguage":"pt-BR","@id":"https:\/\/www.manaus.am.gov.br\/manauscult\/prefeitura-publica-o-livro-manaus-e-seus-cemiterios-historias-de-vidas-e-legados\/#primaryimage","url":"https:\/\/www.manaus.am.gov.br\/manauscult\/wp-content\/uploads\/sites\/11\/2023\/08\/53108306420_79063178c5_c.jpg","contentUrl":"https:\/\/www.manaus.am.gov.br\/manauscult\/wp-content\/uploads\/sites\/11\/2023\/08\/53108306420_79063178c5_c.jpg","width":799,"height":533},{"@type":"BreadcrumbList","@id":"https:\/\/www.manaus.am.gov.br\/manauscult\/prefeitura-publica-o-livro-manaus-e-seus-cemiterios-historias-de-vidas-e-legados\/#breadcrumb","itemListElement":[{"@type":"ListItem","position":1,"name":"Home","item":"https:\/\/www.manaus.am.gov.br\/manauscult\/"},{"@type":"ListItem","position":2,"name":"Prefeitura publica o livro \u2018Manaus e seus cemit\u00e9rios, hist\u00f3rias de vidas e legados\u2019"}]},{"@type":"WebSite","@id":"https:\/\/www.manaus.am.gov.br\/manauscult\/#website","url":"https:\/\/www.manaus.am.gov.br\/manauscult\/","name":"MANAUSCULT","description":"Prefeitura de Manaus","potentialAction":[{"@type":"SearchAction","target":{"@type":"EntryPoint","urlTemplate":"https:\/\/www.manaus.am.gov.br\/manauscult\/?s={search_term_string}"},"query-input":"required name=search_term_string"}],"inLanguage":"pt-BR"},{"@type":"Person","@id":"https:\/\/www.manaus.am.gov.br\/manauscult\/#\/schema\/person\/4e49f4e267757a06ca072ec61b2b9968","name":"Adriana Costa","image":{"@type":"ImageObject","inLanguage":"pt-BR","@id":"https:\/\/www.manaus.am.gov.br\/manauscult\/#\/schema\/person\/image\/","url":"https:\/\/secure.gravatar.com\/avatar\/576258617ef7194f718179e766d57bd4?s=96&d=mm&r=g","contentUrl":"https:\/\/secure.gravatar.com\/avatar\/576258617ef7194f718179e766d57bd4?s=96&d=mm&r=g","caption":"Adriana Costa"}}]}},"_links":{"self":[{"href":"https:\/\/www.manaus.am.gov.br\/manauscult\/wp-json\/wp\/v2\/posts\/1156"}],"collection":[{"href":"https:\/\/www.manaus.am.gov.br\/manauscult\/wp-json\/wp\/v2\/posts"}],"about":[{"href":"https:\/\/www.manaus.am.gov.br\/manauscult\/wp-json\/wp\/v2\/types\/post"}],"author":[{"embeddable":true,"href":"https:\/\/www.manaus.am.gov.br\/manauscult\/wp-json\/wp\/v2\/users\/23"}],"replies":[{"embeddable":true,"href":"https:\/\/www.manaus.am.gov.br\/manauscult\/wp-json\/wp\/v2\/comments?post=1156"}],"version-history":[{"count":0,"href":"https:\/\/www.manaus.am.gov.br\/manauscult\/wp-json\/wp\/v2\/posts\/1156\/revisions"}],"wp:featuredmedia":[{"embeddable":true,"href":"https:\/\/www.manaus.am.gov.br\/manauscult\/wp-json\/wp\/v2\/media\/1157"}],"wp:attachment":[{"href":"https:\/\/www.manaus.am.gov.br\/manauscult\/wp-json\/wp\/v2\/media?parent=1156"}],"wp:term":[{"taxonomy":"category","embeddable":true,"href":"https:\/\/www.manaus.am.gov.br\/manauscult\/wp-json\/wp\/v2\/categories?post=1156"},{"taxonomy":"post_tag","embeddable":true,"href":"https:\/\/www.manaus.am.gov.br\/manauscult\/wp-json\/wp\/v2\/tags?post=1156"}],"curies":[{"name":"wp","href":"https:\/\/api.w.org\/{rel}","templated":true}]}}