{"id":1148,"date":"2023-08-09T15:56:15","date_gmt":"2023-08-09T19:56:15","guid":{"rendered":"https:\/\/www.manaus.am.gov.br\/manauscult\/prefeitura-de-manaus-divulga-resultado-preliminar-dos-editais-de-gastronomia-do-soumanaus-passo-a-paco-2023\/"},"modified":"2023-08-09T16:06:13","modified_gmt":"2023-08-09T20:06:13","slug":"prefeitura-de-manaus-divulga-resultado-preliminar-dos-editais-de-gastronomia-do-soumanaus-passo-a-paco-2023","status":"publish","type":"post","link":"https:\/\/www.manaus.am.gov.br\/manauscult\/prefeitura-de-manaus-divulga-resultado-preliminar-dos-editais-de-gastronomia-do-soumanaus-passo-a-paco-2023\/","title":{"rendered":"Prefeitura de Manaus divulga resultado preliminar dos editais de gastronomia do &#8216;#SouManaus Passo a Pa\u00e7o 2023&#8217;"},"content":{"rendered":"\n<p>A Prefeitura de Manaus, por meio da Funda\u00e7\u00e3o Municipal de Cultura, Turismo e Eventos (Manauscult), informa a publica\u00e7\u00e3o do resultado preliminar dos editais de gastronomia do \u201c#SouManaus Passo a Pa\u00e7o 2023\u201d. O resultado foi divulgado nesta ter\u00e7a-feira, 8\/8, no Di\u00e1rio Oficial do Munic\u00edpio (DOM).&nbsp;<\/p>\n\n\n\n<p>Ao total, 37 proponentes foram habilitados pelo edital, para comercializar comidas e bebidas durante os tr\u00eas dias de festival, por meio dos editais&nbsp;\u201cFestival Gastron\u00f4mico de Manaus \u2013 No Passo do Sabor\u201d e \u201cPra\u00e7a de Alimenta\u00e7\u00e3o da Gastronomia Criativa\u201d.<\/p>\n\n\n\n<p>Com a publica\u00e7\u00e3o do resultado no DOM, os proponentes ter\u00e3o 5 dias \u00fateis, a contar da publica\u00e7\u00e3o do resultado, para protocolar o pedido de recurso. As atas de avalia\u00e7\u00e3o das propostas apresentadas j\u00e1 est\u00e3o dispon\u00edveis para retirada, por seus representantes legais.&nbsp;<\/p>\n\n\n\n<p>Para o diretor-presidente da Manauscult, Osvaldo Cardoso, os editais de gastronomia contemplam a cultura amaz\u00f4nica e fazem parte do show de artes integradas.&nbsp;<\/p>\n\n\n\n<p>\u201cPor meio dos editais de gastronomia, a gest\u00e3o do prefeito David Almeida possibilita a venda de comidas no #SouManaus, apoiando o empreendedorismo e, assim, aquecemos a economia local, al\u00e9m de divulgarmos nossas comidas t\u00edpicas ao p\u00fablico e principalmente aos visitantes, valorizando, dessa forma, nossa cultura. Isso tudo faz parte do maior festival de artes integradas do Norte\u201d, afirmou Cardoso.<\/p>\n\n\n\n<p><strong>\u2018Festival Gastron\u00f4mico de Manaus \u2013 No Passo do Sabor\u2019<\/strong><\/p>\n\n\n\n<p>O edital de n\u00b0 008\/2023, \u201cFestival Gastron\u00f4mico de Manaus \u2013 No Passo do Sabor\u201d, contempla os profissionais da gastronomia e visa fortalecer a identidade gastron\u00f4mica local. Para este edital, a opera\u00e7\u00e3o de vendas de alimentos ser\u00e1 nos seguintes segmentos: Barraca do Chef, Food Truck, Novos Chefes e Futuros Talentos.<\/p>\n\n\n\n<p>A categoria Futuros Talentos ser\u00e1 destinada \u00e0s universidades e institui\u00e7\u00f5es que oferecem o curso de gradua\u00e7\u00e3o em Gastronomia, visando o est\u00edmulo \u00e0 forma\u00e7\u00e3o acad\u00eamica, o incentivo \u00e0 pesquisa e a profissionaliza\u00e7\u00e3o do mercado de trabalho. Cada institui\u00e7\u00e3o ser\u00e1 convidada pela Manauscult para operar uma barraca objetivando a venda de alimentos elaborados pelos alunos.<\/p>\n\n\n\n<p><strong>Pra\u00e7a de Alimenta\u00e7\u00e3o da Gastronomia Criativa<\/strong><\/p>\n\n\n\n<p>O edital de n\u00b0 009\/2023, \u201cPra\u00e7a de Alimenta\u00e7\u00e3o da Gastronomia Criativa\u201d, estar\u00e1 \u00e0 disposi\u00e7\u00e3o para opera\u00e7\u00e3o de vendas \u00e0s seguintes categorias: Food Bike e Carrinhos Ambulantes.<\/p>\n\n\n\n<p>Todos os pratos de comida, salgados e doces comercializados durante a realiza\u00e7\u00e3o do festival dever\u00e3o ser no valor m\u00ednimo de R$ 5,00 e no m\u00e1ximo de R$ 35,00. Tamb\u00e9m se faz obrigat\u00f3rio a elabora\u00e7\u00e3o de um card\u00e1pio especial, de pelo menos um prato, para o p\u00fablico infantojuvenil.<\/p>\n\n\n\n<p>Para maiores informa\u00e7\u00f5es, os proponentes podem se dirigir \u00e0 sede da Manauscult, no Les Artistes Caf\u00e9 Teatro, na&nbsp;avenida 7 de Setembro, n\u00ba 377, Centro, das 8h \u00e0s 17h; ou pelos telefones (92) 98842-1347 e (92) 98842-1403.&nbsp;<\/p>\n\n\n\n<p>&#8212; &#8212; &#8212;<\/p>\n\n\n\n<p><strong>Texto &#8211;<\/strong>&nbsp;Guilherme Torres \/ Manauscult&nbsp;<\/p>\n\n\n\n<p><strong>Foto &#8211;&nbsp;<\/strong>Divulga\u00e7\u00e3o \/ Semcom&nbsp;<\/p>\n","protected":false},"excerpt":{"rendered":"","protected":false},"author":24,"featured_media":1149,"comment_status":"closed","ping_status":"closed","sticky":false,"template":"","format":"standard","meta":{"footnotes":""},"categories":[397],"tags":[398,399,168,400,67,401,402,113,403,404,234,405,10,11,270],"acf":[],"yoast_head":"<!-- This site is optimized with the Yoast SEO plugin v23.0 - https:\/\/yoast.com\/wordpress\/plugins\/seo\/ -->\n<title>Prefeitura de Manaus divulga resultado preliminar dos editais de gastronomia do &#039;#SouManaus Passo a Pa\u00e7o 2023&#039; - MANAUSCULT<\/title>\n<meta name=\"description\" content=\"A Prefeitura de Manaus, por meio da Funda\u00e7\u00e3o Municipal de Cultura, Turismo e Eventos (Manauscult), informa a publica\u00e7\u00e3o do resultado preliminar dos editais de gastronomia do \u201c#SouManaus Passo a Pa\u00e7o 2023\u201d.\" \/>\n<meta name=\"robots\" content=\"noindex, follow\" \/>\n<meta property=\"og:locale\" content=\"pt_BR\" \/>\n<meta property=\"og:type\" content=\"article\" \/>\n<meta property=\"og:title\" content=\"Prefeitura de Manaus divulga resultado preliminar dos editais de gastronomia do &#039;#SouManaus Passo a Pa\u00e7o 2023&#039; - MANAUSCULT\" \/>\n<meta property=\"og:description\" content=\"A Prefeitura de Manaus, por meio da Funda\u00e7\u00e3o Municipal de Cultura, Turismo e Eventos (Manauscult), informa a publica\u00e7\u00e3o do resultado preliminar dos editais de gastronomia do \u201c#SouManaus Passo a Pa\u00e7o 2023\u201d.\" \/>\n<meta property=\"og:url\" content=\"https:\/\/www.manaus.am.gov.br\/manauscult\/prefeitura-de-manaus-divulga-resultado-preliminar-dos-editais-de-gastronomia-do-soumanaus-passo-a-paco-2023\/\" \/>\n<meta property=\"og:site_name\" content=\"MANAUSCULT\" \/>\n<meta property=\"article:published_time\" content=\"2023-08-09T19:56:15+00:00\" \/>\n<meta property=\"article:modified_time\" content=\"2023-08-09T20:06:13+00:00\" \/>\n<meta property=\"og:image\" content=\"https:\/\/www.manaus.am.gov.br\/manauscult\/wp-content\/uploads\/sites\/11\/2023\/08\/Prefeitura-de-Manaus-divulga-resultado-preliminar-dos-editais-de-Gastronomia-do-SouManus-Passo-A-Paco-2023.jpg\" \/>\n\t<meta property=\"og:image:width\" content=\"1600\" \/>\n\t<meta property=\"og:image:height\" content=\"1066\" \/>\n\t<meta property=\"og:image:type\" content=\"image\/jpeg\" \/>\n<meta name=\"author\" content=\"Cl\u00e1udia Barbosa\" \/>\n<meta name=\"twitter:card\" content=\"summary_large_image\" \/>\n<meta name=\"twitter:label1\" content=\"Written by\" \/>\n\t<meta name=\"twitter:data1\" content=\"Cl\u00e1udia Barbosa\" \/>\n\t<meta name=\"twitter:label2\" content=\"Est. reading time\" \/>\n\t<meta name=\"twitter:data2\" content=\"3 minutos\" \/>\n<script type=\"application\/ld+json\" class=\"yoast-schema-graph\">{\"@context\":\"https:\/\/schema.org\",\"@graph\":[{\"@type\":\"WebPage\",\"@id\":\"https:\/\/www.manaus.am.gov.br\/manauscult\/prefeitura-de-manaus-divulga-resultado-preliminar-dos-editais-de-gastronomia-do-soumanaus-passo-a-paco-2023\/\",\"url\":\"https:\/\/www.manaus.am.gov.br\/manauscult\/prefeitura-de-manaus-divulga-resultado-preliminar-dos-editais-de-gastronomia-do-soumanaus-passo-a-paco-2023\/\",\"name\":\"Prefeitura de Manaus divulga resultado preliminar dos editais de gastronomia do '#SouManaus Passo a Pa\u00e7o 2023' - MANAUSCULT\",\"isPartOf\":{\"@id\":\"https:\/\/www.manaus.am.gov.br\/manauscult\/#website\"},\"primaryImageOfPage\":{\"@id\":\"https:\/\/www.manaus.am.gov.br\/manauscult\/prefeitura-de-manaus-divulga-resultado-preliminar-dos-editais-de-gastronomia-do-soumanaus-passo-a-paco-2023\/#primaryimage\"},\"image\":{\"@id\":\"https:\/\/www.manaus.am.gov.br\/manauscult\/prefeitura-de-manaus-divulga-resultado-preliminar-dos-editais-de-gastronomia-do-soumanaus-passo-a-paco-2023\/#primaryimage\"},\"thumbnailUrl\":\"https:\/\/www.manaus.am.gov.br\/manauscult\/wp-content\/uploads\/sites\/11\/2023\/08\/Prefeitura-de-Manaus-divulga-resultado-preliminar-dos-editais-de-Gastronomia-do-SouManus-Passo-A-Paco-2023.jpg\",\"datePublished\":\"2023-08-09T19:56:15+00:00\",\"dateModified\":\"2023-08-09T20:06:13+00:00\",\"author\":{\"@id\":\"https:\/\/www.manaus.am.gov.br\/manauscult\/#\/schema\/person\/d0a166b5031154c33c77794ddc9a827e\"},\"description\":\"A Prefeitura de Manaus, por meio da Funda\u00e7\u00e3o Municipal de Cultura, Turismo e Eventos (Manauscult), informa a publica\u00e7\u00e3o do resultado preliminar dos editais de gastronomia do \u201c#SouManaus Passo a Pa\u00e7o 2023\u201d.\",\"breadcrumb\":{\"@id\":\"https:\/\/www.manaus.am.gov.br\/manauscult\/prefeitura-de-manaus-divulga-resultado-preliminar-dos-editais-de-gastronomia-do-soumanaus-passo-a-paco-2023\/#breadcrumb\"},\"inLanguage\":\"pt-BR\",\"potentialAction\":[{\"@type\":\"ReadAction\",\"target\":[\"https:\/\/www.manaus.am.gov.br\/manauscult\/prefeitura-de-manaus-divulga-resultado-preliminar-dos-editais-de-gastronomia-do-soumanaus-passo-a-paco-2023\/\"]}]},{\"@type\":\"ImageObject\",\"inLanguage\":\"pt-BR\",\"@id\":\"https:\/\/www.manaus.am.gov.br\/manauscult\/prefeitura-de-manaus-divulga-resultado-preliminar-dos-editais-de-gastronomia-do-soumanaus-passo-a-paco-2023\/#primaryimage\",\"url\":\"https:\/\/www.manaus.am.gov.br\/manauscult\/wp-content\/uploads\/sites\/11\/2023\/08\/Prefeitura-de-Manaus-divulga-resultado-preliminar-dos-editais-de-Gastronomia-do-SouManus-Passo-A-Paco-2023.jpg\",\"contentUrl\":\"https:\/\/www.manaus.am.gov.br\/manauscult\/wp-content\/uploads\/sites\/11\/2023\/08\/Prefeitura-de-Manaus-divulga-resultado-preliminar-dos-editais-de-Gastronomia-do-SouManus-Passo-A-Paco-2023.jpg\",\"width\":1600,\"height\":1066},{\"@type\":\"BreadcrumbList\",\"@id\":\"https:\/\/www.manaus.am.gov.br\/manauscult\/prefeitura-de-manaus-divulga-resultado-preliminar-dos-editais-de-gastronomia-do-soumanaus-passo-a-paco-2023\/#breadcrumb\",\"itemListElement\":[{\"@type\":\"ListItem\",\"position\":1,\"name\":\"Home\",\"item\":\"https:\/\/www.manaus.am.gov.br\/manauscult\/\"},{\"@type\":\"ListItem\",\"position\":2,\"name\":\"Prefeitura de Manaus divulga resultado preliminar dos editais de gastronomia do &#8216;#SouManaus Passo a Pa\u00e7o 2023&#8217;\"}]},{\"@type\":\"WebSite\",\"@id\":\"https:\/\/www.manaus.am.gov.br\/manauscult\/#website\",\"url\":\"https:\/\/www.manaus.am.gov.br\/manauscult\/\",\"name\":\"MANAUSCULT\",\"description\":\"Prefeitura de Manaus\",\"potentialAction\":[{\"@type\":\"SearchAction\",\"target\":{\"@type\":\"EntryPoint\",\"urlTemplate\":\"https:\/\/www.manaus.am.gov.br\/manauscult\/?s={search_term_string}\"},\"query-input\":\"required name=search_term_string\"}],\"inLanguage\":\"pt-BR\"},{\"@type\":\"Person\",\"@id\":\"https:\/\/www.manaus.am.gov.br\/manauscult\/#\/schema\/person\/d0a166b5031154c33c77794ddc9a827e\",\"name\":\"Cl\u00e1udia Barbosa\",\"image\":{\"@type\":\"ImageObject\",\"inLanguage\":\"pt-BR\",\"@id\":\"https:\/\/www.manaus.am.gov.br\/manauscult\/#\/schema\/person\/image\/\",\"url\":\"https:\/\/secure.gravatar.com\/avatar\/42958a1cf007f1a00534009218c72590?s=96&d=mm&r=g\",\"contentUrl\":\"https:\/\/secure.gravatar.com\/avatar\/42958a1cf007f1a00534009218c72590?s=96&d=mm&r=g\",\"caption\":\"Cl\u00e1udia Barbosa\"}}]}<\/script>\n<!-- \/ Yoast SEO plugin. -->","yoast_head_json":{"title":"Prefeitura de Manaus divulga resultado preliminar dos editais de gastronomia do '#SouManaus Passo a Pa\u00e7o 2023' - MANAUSCULT","description":"A Prefeitura de Manaus, por meio da Funda\u00e7\u00e3o Municipal de Cultura, Turismo e Eventos (Manauscult), informa a publica\u00e7\u00e3o do resultado preliminar dos editais de gastronomia do \u201c#SouManaus Passo a Pa\u00e7o 2023\u201d.","robots":{"index":"noindex","follow":"follow"},"og_locale":"pt_BR","og_type":"article","og_title":"Prefeitura de Manaus divulga resultado preliminar dos editais de gastronomia do '#SouManaus Passo a Pa\u00e7o 2023' - MANAUSCULT","og_description":"A Prefeitura de Manaus, por meio da Funda\u00e7\u00e3o Municipal de Cultura, Turismo e Eventos (Manauscult), informa a publica\u00e7\u00e3o do resultado preliminar dos editais de gastronomia do \u201c#SouManaus Passo a Pa\u00e7o 2023\u201d.","og_url":"https:\/\/www.manaus.am.gov.br\/manauscult\/prefeitura-de-manaus-divulga-resultado-preliminar-dos-editais-de-gastronomia-do-soumanaus-passo-a-paco-2023\/","og_site_name":"MANAUSCULT","article_published_time":"2023-08-09T19:56:15+00:00","article_modified_time":"2023-08-09T20:06:13+00:00","og_image":[{"width":1600,"height":1066,"url":"https:\/\/www.manaus.am.gov.br\/manauscult\/wp-content\/uploads\/sites\/11\/2023\/08\/Prefeitura-de-Manaus-divulga-resultado-preliminar-dos-editais-de-Gastronomia-do-SouManus-Passo-A-Paco-2023.jpg","type":"image\/jpeg"}],"author":"Cl\u00e1udia Barbosa","twitter_card":"summary_large_image","twitter_misc":{"Written by":"Cl\u00e1udia Barbosa","Est. reading time":"3 minutos"},"schema":{"@context":"https:\/\/schema.org","@graph":[{"@type":"WebPage","@id":"https:\/\/www.manaus.am.gov.br\/manauscult\/prefeitura-de-manaus-divulga-resultado-preliminar-dos-editais-de-gastronomia-do-soumanaus-passo-a-paco-2023\/","url":"https:\/\/www.manaus.am.gov.br\/manauscult\/prefeitura-de-manaus-divulga-resultado-preliminar-dos-editais-de-gastronomia-do-soumanaus-passo-a-paco-2023\/","name":"Prefeitura de Manaus divulga resultado preliminar dos editais de gastronomia do '#SouManaus Passo a Pa\u00e7o 2023' - MANAUSCULT","isPartOf":{"@id":"https:\/\/www.manaus.am.gov.br\/manauscult\/#website"},"primaryImageOfPage":{"@id":"https:\/\/www.manaus.am.gov.br\/manauscult\/prefeitura-de-manaus-divulga-resultado-preliminar-dos-editais-de-gastronomia-do-soumanaus-passo-a-paco-2023\/#primaryimage"},"image":{"@id":"https:\/\/www.manaus.am.gov.br\/manauscult\/prefeitura-de-manaus-divulga-resultado-preliminar-dos-editais-de-gastronomia-do-soumanaus-passo-a-paco-2023\/#primaryimage"},"thumbnailUrl":"https:\/\/www.manaus.am.gov.br\/manauscult\/wp-content\/uploads\/sites\/11\/2023\/08\/Prefeitura-de-Manaus-divulga-resultado-preliminar-dos-editais-de-Gastronomia-do-SouManus-Passo-A-Paco-2023.jpg","datePublished":"2023-08-09T19:56:15+00:00","dateModified":"2023-08-09T20:06:13+00:00","author":{"@id":"https:\/\/www.manaus.am.gov.br\/manauscult\/#\/schema\/person\/d0a166b5031154c33c77794ddc9a827e"},"description":"A Prefeitura de Manaus, por meio da Funda\u00e7\u00e3o Municipal de Cultura, Turismo e Eventos (Manauscult), informa a publica\u00e7\u00e3o do resultado preliminar dos editais de gastronomia do \u201c#SouManaus Passo a Pa\u00e7o 2023\u201d.","breadcrumb":{"@id":"https:\/\/www.manaus.am.gov.br\/manauscult\/prefeitura-de-manaus-divulga-resultado-preliminar-dos-editais-de-gastronomia-do-soumanaus-passo-a-paco-2023\/#breadcrumb"},"inLanguage":"pt-BR","potentialAction":[{"@type":"ReadAction","target":["https:\/\/www.manaus.am.gov.br\/manauscult\/prefeitura-de-manaus-divulga-resultado-preliminar-dos-editais-de-gastronomia-do-soumanaus-passo-a-paco-2023\/"]}]},{"@type":"ImageObject","inLanguage":"pt-BR","@id":"https:\/\/www.manaus.am.gov.br\/manauscult\/prefeitura-de-manaus-divulga-resultado-preliminar-dos-editais-de-gastronomia-do-soumanaus-passo-a-paco-2023\/#primaryimage","url":"https:\/\/www.manaus.am.gov.br\/manauscult\/wp-content\/uploads\/sites\/11\/2023\/08\/Prefeitura-de-Manaus-divulga-resultado-preliminar-dos-editais-de-Gastronomia-do-SouManus-Passo-A-Paco-2023.jpg","contentUrl":"https:\/\/www.manaus.am.gov.br\/manauscult\/wp-content\/uploads\/sites\/11\/2023\/08\/Prefeitura-de-Manaus-divulga-resultado-preliminar-dos-editais-de-Gastronomia-do-SouManus-Passo-A-Paco-2023.jpg","width":1600,"height":1066},{"@type":"BreadcrumbList","@id":"https:\/\/www.manaus.am.gov.br\/manauscult\/prefeitura-de-manaus-divulga-resultado-preliminar-dos-editais-de-gastronomia-do-soumanaus-passo-a-paco-2023\/#breadcrumb","itemListElement":[{"@type":"ListItem","position":1,"name":"Home","item":"https:\/\/www.manaus.am.gov.br\/manauscult\/"},{"@type":"ListItem","position":2,"name":"Prefeitura de Manaus divulga resultado preliminar dos editais de gastronomia do &#8216;#SouManaus Passo a Pa\u00e7o 2023&#8217;"}]},{"@type":"WebSite","@id":"https:\/\/www.manaus.am.gov.br\/manauscult\/#website","url":"https:\/\/www.manaus.am.gov.br\/manauscult\/","name":"MANAUSCULT","description":"Prefeitura de Manaus","potentialAction":[{"@type":"SearchAction","target":{"@type":"EntryPoint","urlTemplate":"https:\/\/www.manaus.am.gov.br\/manauscult\/?s={search_term_string}"},"query-input":"required name=search_term_string"}],"inLanguage":"pt-BR"},{"@type":"Person","@id":"https:\/\/www.manaus.am.gov.br\/manauscult\/#\/schema\/person\/d0a166b5031154c33c77794ddc9a827e","name":"Cl\u00e1udia Barbosa","image":{"@type":"ImageObject","inLanguage":"pt-BR","@id":"https:\/\/www.manaus.am.gov.br\/manauscult\/#\/schema\/person\/image\/","url":"https:\/\/secure.gravatar.com\/avatar\/42958a1cf007f1a00534009218c72590?s=96&d=mm&r=g","contentUrl":"https:\/\/secure.gravatar.com\/avatar\/42958a1cf007f1a00534009218c72590?s=96&d=mm&r=g","caption":"Cl\u00e1udia Barbosa"}}]}},"_links":{"self":[{"href":"https:\/\/www.manaus.am.gov.br\/manauscult\/wp-json\/wp\/v2\/posts\/1148"}],"collection":[{"href":"https:\/\/www.manaus.am.gov.br\/manauscult\/wp-json\/wp\/v2\/posts"}],"about":[{"href":"https:\/\/www.manaus.am.gov.br\/manauscult\/wp-json\/wp\/v2\/types\/post"}],"author":[{"embeddable":true,"href":"https:\/\/www.manaus.am.gov.br\/manauscult\/wp-json\/wp\/v2\/users\/24"}],"replies":[{"embeddable":true,"href":"https:\/\/www.manaus.am.gov.br\/manauscult\/wp-json\/wp\/v2\/comments?post=1148"}],"version-history":[{"count":1,"href":"https:\/\/www.manaus.am.gov.br\/manauscult\/wp-json\/wp\/v2\/posts\/1148\/revisions"}],"predecessor-version":[{"id":1150,"href":"https:\/\/www.manaus.am.gov.br\/manauscult\/wp-json\/wp\/v2\/posts\/1148\/revisions\/1150"}],"wp:featuredmedia":[{"embeddable":true,"href":"https:\/\/www.manaus.am.gov.br\/manauscult\/wp-json\/wp\/v2\/media\/1149"}],"wp:attachment":[{"href":"https:\/\/www.manaus.am.gov.br\/manauscult\/wp-json\/wp\/v2\/media?parent=1148"}],"wp:term":[{"taxonomy":"category","embeddable":true,"href":"https:\/\/www.manaus.am.gov.br\/manauscult\/wp-json\/wp\/v2\/categories?post=1148"},{"taxonomy":"post_tag","embeddable":true,"href":"https:\/\/www.manaus.am.gov.br\/manauscult\/wp-json\/wp\/v2\/tags?post=1148"}],"curies":[{"name":"wp","href":"https:\/\/api.w.org\/{rel}","templated":true}]}}