{"id":1138,"date":"2023-08-08T21:35:18","date_gmt":"2023-08-09T01:35:18","guid":{"rendered":"https:\/\/www.manaus.am.gov.br\/manauscult\/prefeitura-realiza-primeira-visita-tecnica-dos-orgaos-envolvidos-no-soumanaus-passo-a-paco-2023\/"},"modified":"2023-08-08T21:35:18","modified_gmt":"2023-08-09T01:35:18","slug":"prefeitura-realiza-primeira-visita-tecnica-dos-orgaos-envolvidos-no-soumanaus-passo-a-paco-2023","status":"publish","type":"post","link":"https:\/\/www.manaus.am.gov.br\/manauscult\/prefeitura-realiza-primeira-visita-tecnica-dos-orgaos-envolvidos-no-soumanaus-passo-a-paco-2023\/","title":{"rendered":"<strong>Prefeitura realiza primeira visita t\u00e9cnica dos \u00f3rg\u00e3os envolvidos no #SouManaus Passo a Pa\u00e7o 2023<\/strong>"},"content":{"rendered":"\n<p>A Prefeitura de Manaus, por interm\u00e9dio do Centro de Coopera\u00e7\u00e3o da Cidade (CCC), realizou, nesta ter\u00e7a-feira, 8\/8, em parceria com a Funda\u00e7\u00e3o Municipal de Cultura, Turismo e Eventos (Manauscult), a primeira visita t\u00e9cnica ao Centro Hist\u00f3rico de Manaus, onde acontecer\u00e1 o #SouManaus Passo a Pa\u00e7o 2023.<\/p>\n\n\n\n<p>Compareceram \u00e0 visita mais de 20 representantes dos \u00f3rg\u00e3os municipais e estaduais envolvidos no evento, oportunidade em que foram debatidas e avaliadas quest\u00f5es de log\u00edstica, seguran\u00e7a, sa\u00fade, dentre outras demandas necess\u00e1rias.<\/p>\n\n\n\n<p>O encontro foi conduzido pelo superintendente do CCC, Sandro Diz, respons\u00e1vel pela integra\u00e7\u00e3o das pastas. &#8220;Essa \u00e9 a primeira visita de muitas, e reuniremos quantas vezes forem necess\u00e1rias para que a popula\u00e7\u00e3o manauara possa aproveitar o festival da melhor forma poss\u00edvel. Nossa miss\u00e3o \u00e9 garantir a seguran\u00e7a e a divers\u00e3o do nosso p\u00fablico&#8221;, afirmou.<\/p>\n\n\n\n<figure class=\"wp-block-image size-full\"><img loading=\"lazy\" decoding=\"async\" width=\"799\" height=\"533\" src=\"https:\/\/www.manaus.am.gov.br\/manauscult\/wp-content\/uploads\/sites\/11\/2023\/08\/53103741885_c761ce22e6_c.jpg\" alt=\"\" class=\"wp-image-1139\" srcset=\"https:\/\/www.manaus.am.gov.br\/manauscult\/wp-content\/uploads\/sites\/11\/2023\/08\/53103741885_c761ce22e6_c.jpg 799w, https:\/\/www.manaus.am.gov.br\/manauscult\/wp-content\/uploads\/sites\/11\/2023\/08\/53103741885_c761ce22e6_c-300x200.jpg 300w, https:\/\/www.manaus.am.gov.br\/manauscult\/wp-content\/uploads\/sites\/11\/2023\/08\/53103741885_c761ce22e6_c-768x512.jpg 768w\" sizes=\"(max-width: 799px) 100vw, 799px\" \/><\/figure>\n\n\n\n<p>O festival acontecer\u00e1 nos dias 5, 6 e 7 de setembro e contar\u00e1 com mais de 600 trabalhadores da cultura local, 13 artistas nacionais, al\u00e9m do DJ internacional David Guetta.<\/p>\n\n\n\n<p>Ser\u00e3o quase 30 horas de programa\u00e7\u00e3o art\u00edstico-cultural distribu\u00eddas em mais de 13 \u00e1reas de ocupa\u00e7\u00e3o, que inclui sete palcos, sendo dois dentro do Porto de Manaus. O diretor-presidente da Manauscult, Osvaldo Cardoso, explica que o principal objetivo do festival \u00e9 projetar, nacionalmente, os artistas locais, al\u00e9m de potencializar o turismo na cidade de Manaus.<\/p>\n\n\n\n<p>\u201cCom os novos voos internacionais e a temporada de cruzeiros, combinadas com as estrat\u00e9gias de promo\u00e7\u00e3o do destino Manaus nas principais feiras de promo\u00e7\u00e3o tur\u00edstica do pa\u00eds, al\u00e9m dos investimentos no setor que somam R$ 238 milh\u00f5es, definitivamente Manaus entrou no <em>ranking<\/em> do turismo internacional, reconhecido, inclusive, em um dos maiores jornais do mundo, o The New York Times, que relacionou Manaus na lista de melhores destinos tur\u00edsticos do mundo em 2023, com destaque para a culin\u00e1ria\u201d, disse.<\/p>\n\n\n\n<p>&#8212; &#8212; &#8212;<\/p>\n\n\n\n<p><strong>Texto<\/strong> \u2013 Divulga\u00e7\u00e3o \/ CCC e ManausCult<\/p>\n\n\n\n<p><strong>Fotos<\/strong> \u2013 Phil Limma \/ Semcom<\/p>\n\n\n\n<p>Dispon\u00edveis em &#8211; <a href=\"https:\/\/flic.kr\/s\/aHBqjAQsCW\">https:\/\/flic.kr\/s\/aHBqjAQsCW<\/a><\/p>\n","protected":false},"excerpt":{"rendered":"","protected":false},"author":31,"featured_media":1140,"comment_status":"closed","ping_status":"closed","sticky":false,"template":"","format":"standard","meta":{"footnotes":""},"categories":[393],"tags":[168,394,395,396],"acf":[],"yoast_head":"<!-- This site is optimized with the Yoast SEO plugin v23.0 - https:\/\/yoast.com\/wordpress\/plugins\/seo\/ -->\n<title>Prefeitura realiza primeira visita t\u00e9cnica dos \u00f3rg\u00e3os envolvidos no #SouManaus Passo a Pa\u00e7o 2023 - MANAUSCULT<\/title>\n<meta name=\"robots\" content=\"noindex, follow\" \/>\n<meta property=\"og:locale\" content=\"pt_BR\" \/>\n<meta property=\"og:type\" content=\"article\" \/>\n<meta property=\"og:title\" content=\"Prefeitura realiza primeira visita t\u00e9cnica dos \u00f3rg\u00e3os envolvidos no #SouManaus Passo a Pa\u00e7o 2023 - MANAUSCULT\" \/>\n<meta property=\"og:url\" content=\"https:\/\/www.manaus.am.gov.br\/manauscult\/prefeitura-realiza-primeira-visita-tecnica-dos-orgaos-envolvidos-no-soumanaus-passo-a-paco-2023\/\" \/>\n<meta property=\"og:site_name\" content=\"MANAUSCULT\" \/>\n<meta property=\"article:published_time\" content=\"2023-08-09T01:35:18+00:00\" \/>\n<meta property=\"og:image\" content=\"https:\/\/www.manaus.am.gov.br\/manauscult\/wp-content\/uploads\/sites\/11\/2023\/08\/53103532174_9bdb593bfa_c.jpg\" \/>\n\t<meta property=\"og:image:width\" content=\"799\" \/>\n\t<meta property=\"og:image:height\" content=\"533\" \/>\n\t<meta property=\"og:image:type\" content=\"image\/jpeg\" \/>\n<meta name=\"author\" content=\"Renata Felix\" \/>\n<meta name=\"twitter:card\" content=\"summary_large_image\" \/>\n<meta name=\"twitter:label1\" content=\"Written by\" \/>\n\t<meta name=\"twitter:data1\" content=\"Renata Felix\" \/>\n\t<meta name=\"twitter:label2\" content=\"Est. reading time\" \/>\n\t<meta name=\"twitter:data2\" content=\"2 minutos\" \/>\n<script type=\"application\/ld+json\" class=\"yoast-schema-graph\">{\"@context\":\"https:\/\/schema.org\",\"@graph\":[{\"@type\":\"WebPage\",\"@id\":\"https:\/\/www.manaus.am.gov.br\/manauscult\/prefeitura-realiza-primeira-visita-tecnica-dos-orgaos-envolvidos-no-soumanaus-passo-a-paco-2023\/\",\"url\":\"https:\/\/www.manaus.am.gov.br\/manauscult\/prefeitura-realiza-primeira-visita-tecnica-dos-orgaos-envolvidos-no-soumanaus-passo-a-paco-2023\/\",\"name\":\"Prefeitura realiza primeira visita t\u00e9cnica dos \u00f3rg\u00e3os envolvidos no #SouManaus Passo a Pa\u00e7o 2023 - MANAUSCULT\",\"isPartOf\":{\"@id\":\"https:\/\/www.manaus.am.gov.br\/manauscult\/#website\"},\"primaryImageOfPage\":{\"@id\":\"https:\/\/www.manaus.am.gov.br\/manauscult\/prefeitura-realiza-primeira-visita-tecnica-dos-orgaos-envolvidos-no-soumanaus-passo-a-paco-2023\/#primaryimage\"},\"image\":{\"@id\":\"https:\/\/www.manaus.am.gov.br\/manauscult\/prefeitura-realiza-primeira-visita-tecnica-dos-orgaos-envolvidos-no-soumanaus-passo-a-paco-2023\/#primaryimage\"},\"thumbnailUrl\":\"https:\/\/www.manaus.am.gov.br\/manauscult\/wp-content\/uploads\/sites\/11\/2023\/08\/53103532174_9bdb593bfa_c.jpg\",\"datePublished\":\"2023-08-09T01:35:18+00:00\",\"dateModified\":\"2023-08-09T01:35:18+00:00\",\"author\":{\"@id\":\"https:\/\/www.manaus.am.gov.br\/manauscult\/#\/schema\/person\/4eea2a8f78dc853097abb026f728aa06\"},\"breadcrumb\":{\"@id\":\"https:\/\/www.manaus.am.gov.br\/manauscult\/prefeitura-realiza-primeira-visita-tecnica-dos-orgaos-envolvidos-no-soumanaus-passo-a-paco-2023\/#breadcrumb\"},\"inLanguage\":\"pt-BR\",\"potentialAction\":[{\"@type\":\"ReadAction\",\"target\":[\"https:\/\/www.manaus.am.gov.br\/manauscult\/prefeitura-realiza-primeira-visita-tecnica-dos-orgaos-envolvidos-no-soumanaus-passo-a-paco-2023\/\"]}]},{\"@type\":\"ImageObject\",\"inLanguage\":\"pt-BR\",\"@id\":\"https:\/\/www.manaus.am.gov.br\/manauscult\/prefeitura-realiza-primeira-visita-tecnica-dos-orgaos-envolvidos-no-soumanaus-passo-a-paco-2023\/#primaryimage\",\"url\":\"https:\/\/www.manaus.am.gov.br\/manauscult\/wp-content\/uploads\/sites\/11\/2023\/08\/53103532174_9bdb593bfa_c.jpg\",\"contentUrl\":\"https:\/\/www.manaus.am.gov.br\/manauscult\/wp-content\/uploads\/sites\/11\/2023\/08\/53103532174_9bdb593bfa_c.jpg\",\"width\":799,\"height\":533},{\"@type\":\"BreadcrumbList\",\"@id\":\"https:\/\/www.manaus.am.gov.br\/manauscult\/prefeitura-realiza-primeira-visita-tecnica-dos-orgaos-envolvidos-no-soumanaus-passo-a-paco-2023\/#breadcrumb\",\"itemListElement\":[{\"@type\":\"ListItem\",\"position\":1,\"name\":\"Home\",\"item\":\"https:\/\/www.manaus.am.gov.br\/manauscult\/\"},{\"@type\":\"ListItem\",\"position\":2,\"name\":\"Prefeitura realiza primeira visita t\u00e9cnica dos \u00f3rg\u00e3os envolvidos no #SouManaus Passo a Pa\u00e7o 2023\"}]},{\"@type\":\"WebSite\",\"@id\":\"https:\/\/www.manaus.am.gov.br\/manauscult\/#website\",\"url\":\"https:\/\/www.manaus.am.gov.br\/manauscult\/\",\"name\":\"MANAUSCULT\",\"description\":\"Prefeitura de Manaus\",\"potentialAction\":[{\"@type\":\"SearchAction\",\"target\":{\"@type\":\"EntryPoint\",\"urlTemplate\":\"https:\/\/www.manaus.am.gov.br\/manauscult\/?s={search_term_string}\"},\"query-input\":\"required name=search_term_string\"}],\"inLanguage\":\"pt-BR\"},{\"@type\":\"Person\",\"@id\":\"https:\/\/www.manaus.am.gov.br\/manauscult\/#\/schema\/person\/4eea2a8f78dc853097abb026f728aa06\",\"name\":\"Renata Felix\",\"image\":{\"@type\":\"ImageObject\",\"inLanguage\":\"pt-BR\",\"@id\":\"https:\/\/www.manaus.am.gov.br\/manauscult\/#\/schema\/person\/image\/\",\"url\":\"https:\/\/secure.gravatar.com\/avatar\/3c196cf9d3b837b24c8edb2c50fd8f29?s=96&d=mm&r=g\",\"contentUrl\":\"https:\/\/secure.gravatar.com\/avatar\/3c196cf9d3b837b24c8edb2c50fd8f29?s=96&d=mm&r=g\",\"caption\":\"Renata Felix\"}}]}<\/script>\n<!-- \/ Yoast SEO plugin. -->","yoast_head_json":{"title":"Prefeitura realiza primeira visita t\u00e9cnica dos \u00f3rg\u00e3os envolvidos no #SouManaus Passo a Pa\u00e7o 2023 - MANAUSCULT","robots":{"index":"noindex","follow":"follow"},"og_locale":"pt_BR","og_type":"article","og_title":"Prefeitura realiza primeira visita t\u00e9cnica dos \u00f3rg\u00e3os envolvidos no #SouManaus Passo a Pa\u00e7o 2023 - MANAUSCULT","og_url":"https:\/\/www.manaus.am.gov.br\/manauscult\/prefeitura-realiza-primeira-visita-tecnica-dos-orgaos-envolvidos-no-soumanaus-passo-a-paco-2023\/","og_site_name":"MANAUSCULT","article_published_time":"2023-08-09T01:35:18+00:00","og_image":[{"width":799,"height":533,"url":"https:\/\/www.manaus.am.gov.br\/manauscult\/wp-content\/uploads\/sites\/11\/2023\/08\/53103532174_9bdb593bfa_c.jpg","type":"image\/jpeg"}],"author":"Renata Felix","twitter_card":"summary_large_image","twitter_misc":{"Written by":"Renata Felix","Est. reading time":"2 minutos"},"schema":{"@context":"https:\/\/schema.org","@graph":[{"@type":"WebPage","@id":"https:\/\/www.manaus.am.gov.br\/manauscult\/prefeitura-realiza-primeira-visita-tecnica-dos-orgaos-envolvidos-no-soumanaus-passo-a-paco-2023\/","url":"https:\/\/www.manaus.am.gov.br\/manauscult\/prefeitura-realiza-primeira-visita-tecnica-dos-orgaos-envolvidos-no-soumanaus-passo-a-paco-2023\/","name":"Prefeitura realiza primeira visita t\u00e9cnica dos \u00f3rg\u00e3os envolvidos no #SouManaus Passo a Pa\u00e7o 2023 - MANAUSCULT","isPartOf":{"@id":"https:\/\/www.manaus.am.gov.br\/manauscult\/#website"},"primaryImageOfPage":{"@id":"https:\/\/www.manaus.am.gov.br\/manauscult\/prefeitura-realiza-primeira-visita-tecnica-dos-orgaos-envolvidos-no-soumanaus-passo-a-paco-2023\/#primaryimage"},"image":{"@id":"https:\/\/www.manaus.am.gov.br\/manauscult\/prefeitura-realiza-primeira-visita-tecnica-dos-orgaos-envolvidos-no-soumanaus-passo-a-paco-2023\/#primaryimage"},"thumbnailUrl":"https:\/\/www.manaus.am.gov.br\/manauscult\/wp-content\/uploads\/sites\/11\/2023\/08\/53103532174_9bdb593bfa_c.jpg","datePublished":"2023-08-09T01:35:18+00:00","dateModified":"2023-08-09T01:35:18+00:00","author":{"@id":"https:\/\/www.manaus.am.gov.br\/manauscult\/#\/schema\/person\/4eea2a8f78dc853097abb026f728aa06"},"breadcrumb":{"@id":"https:\/\/www.manaus.am.gov.br\/manauscult\/prefeitura-realiza-primeira-visita-tecnica-dos-orgaos-envolvidos-no-soumanaus-passo-a-paco-2023\/#breadcrumb"},"inLanguage":"pt-BR","potentialAction":[{"@type":"ReadAction","target":["https:\/\/www.manaus.am.gov.br\/manauscult\/prefeitura-realiza-primeira-visita-tecnica-dos-orgaos-envolvidos-no-soumanaus-passo-a-paco-2023\/"]}]},{"@type":"ImageObject","inLanguage":"pt-BR","@id":"https:\/\/www.manaus.am.gov.br\/manauscult\/prefeitura-realiza-primeira-visita-tecnica-dos-orgaos-envolvidos-no-soumanaus-passo-a-paco-2023\/#primaryimage","url":"https:\/\/www.manaus.am.gov.br\/manauscult\/wp-content\/uploads\/sites\/11\/2023\/08\/53103532174_9bdb593bfa_c.jpg","contentUrl":"https:\/\/www.manaus.am.gov.br\/manauscult\/wp-content\/uploads\/sites\/11\/2023\/08\/53103532174_9bdb593bfa_c.jpg","width":799,"height":533},{"@type":"BreadcrumbList","@id":"https:\/\/www.manaus.am.gov.br\/manauscult\/prefeitura-realiza-primeira-visita-tecnica-dos-orgaos-envolvidos-no-soumanaus-passo-a-paco-2023\/#breadcrumb","itemListElement":[{"@type":"ListItem","position":1,"name":"Home","item":"https:\/\/www.manaus.am.gov.br\/manauscult\/"},{"@type":"ListItem","position":2,"name":"Prefeitura realiza primeira visita t\u00e9cnica dos \u00f3rg\u00e3os envolvidos no #SouManaus Passo a Pa\u00e7o 2023"}]},{"@type":"WebSite","@id":"https:\/\/www.manaus.am.gov.br\/manauscult\/#website","url":"https:\/\/www.manaus.am.gov.br\/manauscult\/","name":"MANAUSCULT","description":"Prefeitura de Manaus","potentialAction":[{"@type":"SearchAction","target":{"@type":"EntryPoint","urlTemplate":"https:\/\/www.manaus.am.gov.br\/manauscult\/?s={search_term_string}"},"query-input":"required name=search_term_string"}],"inLanguage":"pt-BR"},{"@type":"Person","@id":"https:\/\/www.manaus.am.gov.br\/manauscult\/#\/schema\/person\/4eea2a8f78dc853097abb026f728aa06","name":"Renata Felix","image":{"@type":"ImageObject","inLanguage":"pt-BR","@id":"https:\/\/www.manaus.am.gov.br\/manauscult\/#\/schema\/person\/image\/","url":"https:\/\/secure.gravatar.com\/avatar\/3c196cf9d3b837b24c8edb2c50fd8f29?s=96&d=mm&r=g","contentUrl":"https:\/\/secure.gravatar.com\/avatar\/3c196cf9d3b837b24c8edb2c50fd8f29?s=96&d=mm&r=g","caption":"Renata Felix"}}]}},"_links":{"self":[{"href":"https:\/\/www.manaus.am.gov.br\/manauscult\/wp-json\/wp\/v2\/posts\/1138"}],"collection":[{"href":"https:\/\/www.manaus.am.gov.br\/manauscult\/wp-json\/wp\/v2\/posts"}],"about":[{"href":"https:\/\/www.manaus.am.gov.br\/manauscult\/wp-json\/wp\/v2\/types\/post"}],"author":[{"embeddable":true,"href":"https:\/\/www.manaus.am.gov.br\/manauscult\/wp-json\/wp\/v2\/users\/31"}],"replies":[{"embeddable":true,"href":"https:\/\/www.manaus.am.gov.br\/manauscult\/wp-json\/wp\/v2\/comments?post=1138"}],"version-history":[{"count":1,"href":"https:\/\/www.manaus.am.gov.br\/manauscult\/wp-json\/wp\/v2\/posts\/1138\/revisions"}],"predecessor-version":[{"id":1141,"href":"https:\/\/www.manaus.am.gov.br\/manauscult\/wp-json\/wp\/v2\/posts\/1138\/revisions\/1141"}],"wp:featuredmedia":[{"embeddable":true,"href":"https:\/\/www.manaus.am.gov.br\/manauscult\/wp-json\/wp\/v2\/media\/1140"}],"wp:attachment":[{"href":"https:\/\/www.manaus.am.gov.br\/manauscult\/wp-json\/wp\/v2\/media?parent=1138"}],"wp:term":[{"taxonomy":"category","embeddable":true,"href":"https:\/\/www.manaus.am.gov.br\/manauscult\/wp-json\/wp\/v2\/categories?post=1138"},{"taxonomy":"post_tag","embeddable":true,"href":"https:\/\/www.manaus.am.gov.br\/manauscult\/wp-json\/wp\/v2\/tags?post=1138"}],"curies":[{"name":"wp","href":"https:\/\/api.w.org\/{rel}","templated":true}]}}