{"id":1136,"date":"2023-08-07T12:21:12","date_gmt":"2023-08-07T16:21:12","guid":{"rendered":"https:\/\/www.manaus.am.gov.br\/manauscult\/prefeitura-de-manaus-apoia-3a-edicao-do-te-encontro-na-barroso\/"},"modified":"2023-08-07T12:21:13","modified_gmt":"2023-08-07T16:21:13","slug":"prefeitura-de-manaus-apoia-3a-edicao-do-te-encontro-na-barroso","status":"publish","type":"post","link":"https:\/\/www.manaus.am.gov.br\/manauscult\/prefeitura-de-manaus-apoia-3a-edicao-do-te-encontro-na-barroso\/","title":{"rendered":"<strong>Prefeitura de Manaus apoia 3\u00aa edi\u00e7\u00e3o do \u2018Te encontro na Barroso\u2019<\/strong>"},"content":{"rendered":"\n<p>A terceira edi\u00e7\u00e3o do projeto cultural \u201cTe Encontro na Barroso\u201d, realizada pelo Casar\u00e3o de Ideias, neste domingo, 6\/8, foi mais um evento do fim de semana apoiado pela Prefeitura de Manaus, por meio da Funda\u00e7\u00e3o Municipal de Cultura, Turismo e Eventos (Manauscult).<\/p>\n\n\n\n<p>O diretor-presidente da Manauscult, Osvaldo Cardoso, fez quest\u00e3o de acompanhar e conferir de perto o evento. \u201cEu vim prestigiar o culturalismo e a diversidade aqui no centro de Manaus e parabenizar o Jo\u00e3o (Fernandez),&nbsp;que \u00e9 um fazedor de cultura&nbsp;n\u00e3o somente aqui no Amazonas, mas em todo o Brasil\u201d, destacou.<\/p>\n\n\n\n<p>Para o idealizador do projeto, Jo\u00e3o&nbsp; Fernandez, a parceria com os poderes \u00e9 fundamental para a difus\u00e3o da cultura na sociedade. \u201cTe Encontro na&nbsp; Barroso teve o apoio da Manauscult, e \u00e9 isso que n\u00f3s queremos, que se desdobre em outras a\u00e7\u00f5es para aproximar mais o poder p\u00fablico da sociedade civil, quem ganha \u00e9 nossa cidade\u201d, pontuou.<\/p>\n\n\n\n<p>Al\u00e9m de arte e divers\u00e3o com shows, interven\u00e7\u00e3o cultural e maracatu, o projeto tamb\u00e9m deu espa\u00e7o aos empreendedores com feira de artesanato e diversos e culin\u00e1ria.<\/p>\n\n\n\n<p>&#8212; &#8212; &#8212;<\/p>\n\n\n\n<p><strong>Texto<\/strong>&nbsp;\u2013 Divulga\u00e7\u00e3o\/Manauscult<\/p>\n","protected":false},"excerpt":{"rendered":"","protected":false},"author":23,"featured_media":1137,"comment_status":"closed","ping_status":"closed","sticky":false,"template":"","format":"standard","meta":{"footnotes":""},"categories":[12],"tags":[391,9,11,392],"acf":[],"yoast_head":"<!-- This site is optimized with the Yoast SEO plugin v23.0 - https:\/\/yoast.com\/wordpress\/plugins\/seo\/ -->\n<title>Prefeitura de Manaus apoia 3\u00aa edi\u00e7\u00e3o do \u2018Te encontro na Barroso\u2019<\/title>\n<meta name=\"description\" content=\"A terceira edi\u00e7\u00e3o do projeto cultural \u201cTe Encontro na Barroso\u201d, realizada pelo Casar\u00e3o de Ideias, neste domingo, 6\/8, foi mais um evento do fim de semana apoiado pela Prefeitura de Manaus, por meio da Funda\u00e7\u00e3o Municipal de Cultura, Turismo e Eventos (Manauscult).\" \/>\n<meta name=\"robots\" content=\"noindex, follow\" \/>\n<meta property=\"og:locale\" content=\"pt_BR\" \/>\n<meta property=\"og:type\" content=\"article\" \/>\n<meta property=\"og:title\" content=\"Prefeitura de Manaus apoia 3\u00aa edi\u00e7\u00e3o do \u2018Te encontro na Barroso\u2019\" \/>\n<meta property=\"og:description\" content=\"A terceira edi\u00e7\u00e3o do projeto cultural \u201cTe Encontro na Barroso\u201d, realizada pelo Casar\u00e3o de Ideias, neste domingo, 6\/8, foi mais um evento do fim de semana apoiado pela Prefeitura de Manaus, por meio da Funda\u00e7\u00e3o Municipal de Cultura, Turismo e Eventos (Manauscult).\" \/>\n<meta property=\"og:url\" content=\"https:\/\/www.manaus.am.gov.br\/manauscult\/prefeitura-de-manaus-apoia-3a-edicao-do-te-encontro-na-barroso\/\" \/>\n<meta property=\"og:site_name\" content=\"MANAUSCULT\" \/>\n<meta property=\"article:published_time\" content=\"2023-08-07T16:21:12+00:00\" \/>\n<meta property=\"article:modified_time\" content=\"2023-08-07T16:21:13+00:00\" \/>\n<meta property=\"og:image\" content=\"https:\/\/www.manaus.am.gov.br\/manauscult\/wp-content\/uploads\/sites\/11\/2023\/08\/WhatsApp-Image-2023-08-07-at-11.19.01.jpeg\" \/>\n\t<meta property=\"og:image:width\" content=\"1280\" \/>\n\t<meta property=\"og:image:height\" content=\"960\" \/>\n\t<meta property=\"og:image:type\" content=\"image\/jpeg\" \/>\n<meta name=\"author\" content=\"Adriana Costa\" \/>\n<meta name=\"twitter:card\" content=\"summary_large_image\" \/>\n<meta name=\"twitter:label1\" content=\"Written by\" \/>\n\t<meta name=\"twitter:data1\" content=\"Adriana Costa\" \/>\n\t<meta name=\"twitter:label2\" content=\"Est. reading time\" \/>\n\t<meta name=\"twitter:data2\" content=\"1 minuto\" \/>\n<script type=\"application\/ld+json\" class=\"yoast-schema-graph\">{\"@context\":\"https:\/\/schema.org\",\"@graph\":[{\"@type\":\"WebPage\",\"@id\":\"https:\/\/www.manaus.am.gov.br\/manauscult\/prefeitura-de-manaus-apoia-3a-edicao-do-te-encontro-na-barroso\/\",\"url\":\"https:\/\/www.manaus.am.gov.br\/manauscult\/prefeitura-de-manaus-apoia-3a-edicao-do-te-encontro-na-barroso\/\",\"name\":\"Prefeitura de Manaus apoia 3\u00aa edi\u00e7\u00e3o do \u2018Te encontro na Barroso\u2019\",\"isPartOf\":{\"@id\":\"https:\/\/www.manaus.am.gov.br\/manauscult\/#website\"},\"primaryImageOfPage\":{\"@id\":\"https:\/\/www.manaus.am.gov.br\/manauscult\/prefeitura-de-manaus-apoia-3a-edicao-do-te-encontro-na-barroso\/#primaryimage\"},\"image\":{\"@id\":\"https:\/\/www.manaus.am.gov.br\/manauscult\/prefeitura-de-manaus-apoia-3a-edicao-do-te-encontro-na-barroso\/#primaryimage\"},\"thumbnailUrl\":\"https:\/\/www.manaus.am.gov.br\/manauscult\/wp-content\/uploads\/sites\/11\/2023\/08\/WhatsApp-Image-2023-08-07-at-11.19.01.jpeg\",\"datePublished\":\"2023-08-07T16:21:12+00:00\",\"dateModified\":\"2023-08-07T16:21:13+00:00\",\"author\":{\"@id\":\"https:\/\/www.manaus.am.gov.br\/manauscult\/#\/schema\/person\/4e49f4e267757a06ca072ec61b2b9968\"},\"description\":\"A terceira edi\u00e7\u00e3o do projeto cultural \u201cTe Encontro na Barroso\u201d, realizada pelo Casar\u00e3o de Ideias, neste domingo, 6\/8, foi mais um evento do fim de semana apoiado pela Prefeitura de Manaus, por meio da Funda\u00e7\u00e3o Municipal de Cultura, Turismo e Eventos (Manauscult).\",\"breadcrumb\":{\"@id\":\"https:\/\/www.manaus.am.gov.br\/manauscult\/prefeitura-de-manaus-apoia-3a-edicao-do-te-encontro-na-barroso\/#breadcrumb\"},\"inLanguage\":\"pt-BR\",\"potentialAction\":[{\"@type\":\"ReadAction\",\"target\":[\"https:\/\/www.manaus.am.gov.br\/manauscult\/prefeitura-de-manaus-apoia-3a-edicao-do-te-encontro-na-barroso\/\"]}]},{\"@type\":\"ImageObject\",\"inLanguage\":\"pt-BR\",\"@id\":\"https:\/\/www.manaus.am.gov.br\/manauscult\/prefeitura-de-manaus-apoia-3a-edicao-do-te-encontro-na-barroso\/#primaryimage\",\"url\":\"https:\/\/www.manaus.am.gov.br\/manauscult\/wp-content\/uploads\/sites\/11\/2023\/08\/WhatsApp-Image-2023-08-07-at-11.19.01.jpeg\",\"contentUrl\":\"https:\/\/www.manaus.am.gov.br\/manauscult\/wp-content\/uploads\/sites\/11\/2023\/08\/WhatsApp-Image-2023-08-07-at-11.19.01.jpeg\",\"width\":1280,\"height\":960},{\"@type\":\"BreadcrumbList\",\"@id\":\"https:\/\/www.manaus.am.gov.br\/manauscult\/prefeitura-de-manaus-apoia-3a-edicao-do-te-encontro-na-barroso\/#breadcrumb\",\"itemListElement\":[{\"@type\":\"ListItem\",\"position\":1,\"name\":\"Home\",\"item\":\"https:\/\/www.manaus.am.gov.br\/manauscult\/\"},{\"@type\":\"ListItem\",\"position\":2,\"name\":\"Prefeitura de Manaus apoia 3\u00aa edi\u00e7\u00e3o do \u2018Te encontro na Barroso\u2019\"}]},{\"@type\":\"WebSite\",\"@id\":\"https:\/\/www.manaus.am.gov.br\/manauscult\/#website\",\"url\":\"https:\/\/www.manaus.am.gov.br\/manauscult\/\",\"name\":\"MANAUSCULT\",\"description\":\"Prefeitura de Manaus\",\"potentialAction\":[{\"@type\":\"SearchAction\",\"target\":{\"@type\":\"EntryPoint\",\"urlTemplate\":\"https:\/\/www.manaus.am.gov.br\/manauscult\/?s={search_term_string}\"},\"query-input\":\"required name=search_term_string\"}],\"inLanguage\":\"pt-BR\"},{\"@type\":\"Person\",\"@id\":\"https:\/\/www.manaus.am.gov.br\/manauscult\/#\/schema\/person\/4e49f4e267757a06ca072ec61b2b9968\",\"name\":\"Adriana Costa\",\"image\":{\"@type\":\"ImageObject\",\"inLanguage\":\"pt-BR\",\"@id\":\"https:\/\/www.manaus.am.gov.br\/manauscult\/#\/schema\/person\/image\/\",\"url\":\"https:\/\/secure.gravatar.com\/avatar\/576258617ef7194f718179e766d57bd4?s=96&d=mm&r=g\",\"contentUrl\":\"https:\/\/secure.gravatar.com\/avatar\/576258617ef7194f718179e766d57bd4?s=96&d=mm&r=g\",\"caption\":\"Adriana Costa\"}}]}<\/script>\n<!-- \/ Yoast SEO plugin. -->","yoast_head_json":{"title":"Prefeitura de Manaus apoia 3\u00aa edi\u00e7\u00e3o do \u2018Te encontro na Barroso\u2019","description":"A terceira edi\u00e7\u00e3o do projeto cultural \u201cTe Encontro na Barroso\u201d, realizada pelo Casar\u00e3o de Ideias, neste domingo, 6\/8, foi mais um evento do fim de semana apoiado pela Prefeitura de Manaus, por meio da Funda\u00e7\u00e3o Municipal de Cultura, Turismo e Eventos (Manauscult).","robots":{"index":"noindex","follow":"follow"},"og_locale":"pt_BR","og_type":"article","og_title":"Prefeitura de Manaus apoia 3\u00aa edi\u00e7\u00e3o do \u2018Te encontro na Barroso\u2019","og_description":"A terceira edi\u00e7\u00e3o do projeto cultural \u201cTe Encontro na Barroso\u201d, realizada pelo Casar\u00e3o de Ideias, neste domingo, 6\/8, foi mais um evento do fim de semana apoiado pela Prefeitura de Manaus, por meio da Funda\u00e7\u00e3o Municipal de Cultura, Turismo e Eventos (Manauscult).","og_url":"https:\/\/www.manaus.am.gov.br\/manauscult\/prefeitura-de-manaus-apoia-3a-edicao-do-te-encontro-na-barroso\/","og_site_name":"MANAUSCULT","article_published_time":"2023-08-07T16:21:12+00:00","article_modified_time":"2023-08-07T16:21:13+00:00","og_image":[{"width":1280,"height":960,"url":"https:\/\/www.manaus.am.gov.br\/manauscult\/wp-content\/uploads\/sites\/11\/2023\/08\/WhatsApp-Image-2023-08-07-at-11.19.01.jpeg","type":"image\/jpeg"}],"author":"Adriana Costa","twitter_card":"summary_large_image","twitter_misc":{"Written by":"Adriana Costa","Est. reading time":"1 minuto"},"schema":{"@context":"https:\/\/schema.org","@graph":[{"@type":"WebPage","@id":"https:\/\/www.manaus.am.gov.br\/manauscult\/prefeitura-de-manaus-apoia-3a-edicao-do-te-encontro-na-barroso\/","url":"https:\/\/www.manaus.am.gov.br\/manauscult\/prefeitura-de-manaus-apoia-3a-edicao-do-te-encontro-na-barroso\/","name":"Prefeitura de Manaus apoia 3\u00aa edi\u00e7\u00e3o do \u2018Te encontro na Barroso\u2019","isPartOf":{"@id":"https:\/\/www.manaus.am.gov.br\/manauscult\/#website"},"primaryImageOfPage":{"@id":"https:\/\/www.manaus.am.gov.br\/manauscult\/prefeitura-de-manaus-apoia-3a-edicao-do-te-encontro-na-barroso\/#primaryimage"},"image":{"@id":"https:\/\/www.manaus.am.gov.br\/manauscult\/prefeitura-de-manaus-apoia-3a-edicao-do-te-encontro-na-barroso\/#primaryimage"},"thumbnailUrl":"https:\/\/www.manaus.am.gov.br\/manauscult\/wp-content\/uploads\/sites\/11\/2023\/08\/WhatsApp-Image-2023-08-07-at-11.19.01.jpeg","datePublished":"2023-08-07T16:21:12+00:00","dateModified":"2023-08-07T16:21:13+00:00","author":{"@id":"https:\/\/www.manaus.am.gov.br\/manauscult\/#\/schema\/person\/4e49f4e267757a06ca072ec61b2b9968"},"description":"A terceira edi\u00e7\u00e3o do projeto cultural \u201cTe Encontro na Barroso\u201d, realizada pelo Casar\u00e3o de Ideias, neste domingo, 6\/8, foi mais um evento do fim de semana apoiado pela Prefeitura de Manaus, por meio da Funda\u00e7\u00e3o Municipal de Cultura, Turismo e Eventos (Manauscult).","breadcrumb":{"@id":"https:\/\/www.manaus.am.gov.br\/manauscult\/prefeitura-de-manaus-apoia-3a-edicao-do-te-encontro-na-barroso\/#breadcrumb"},"inLanguage":"pt-BR","potentialAction":[{"@type":"ReadAction","target":["https:\/\/www.manaus.am.gov.br\/manauscult\/prefeitura-de-manaus-apoia-3a-edicao-do-te-encontro-na-barroso\/"]}]},{"@type":"ImageObject","inLanguage":"pt-BR","@id":"https:\/\/www.manaus.am.gov.br\/manauscult\/prefeitura-de-manaus-apoia-3a-edicao-do-te-encontro-na-barroso\/#primaryimage","url":"https:\/\/www.manaus.am.gov.br\/manauscult\/wp-content\/uploads\/sites\/11\/2023\/08\/WhatsApp-Image-2023-08-07-at-11.19.01.jpeg","contentUrl":"https:\/\/www.manaus.am.gov.br\/manauscult\/wp-content\/uploads\/sites\/11\/2023\/08\/WhatsApp-Image-2023-08-07-at-11.19.01.jpeg","width":1280,"height":960},{"@type":"BreadcrumbList","@id":"https:\/\/www.manaus.am.gov.br\/manauscult\/prefeitura-de-manaus-apoia-3a-edicao-do-te-encontro-na-barroso\/#breadcrumb","itemListElement":[{"@type":"ListItem","position":1,"name":"Home","item":"https:\/\/www.manaus.am.gov.br\/manauscult\/"},{"@type":"ListItem","position":2,"name":"Prefeitura de Manaus apoia 3\u00aa edi\u00e7\u00e3o do \u2018Te encontro na Barroso\u2019"}]},{"@type":"WebSite","@id":"https:\/\/www.manaus.am.gov.br\/manauscult\/#website","url":"https:\/\/www.manaus.am.gov.br\/manauscult\/","name":"MANAUSCULT","description":"Prefeitura de Manaus","potentialAction":[{"@type":"SearchAction","target":{"@type":"EntryPoint","urlTemplate":"https:\/\/www.manaus.am.gov.br\/manauscult\/?s={search_term_string}"},"query-input":"required name=search_term_string"}],"inLanguage":"pt-BR"},{"@type":"Person","@id":"https:\/\/www.manaus.am.gov.br\/manauscult\/#\/schema\/person\/4e49f4e267757a06ca072ec61b2b9968","name":"Adriana Costa","image":{"@type":"ImageObject","inLanguage":"pt-BR","@id":"https:\/\/www.manaus.am.gov.br\/manauscult\/#\/schema\/person\/image\/","url":"https:\/\/secure.gravatar.com\/avatar\/576258617ef7194f718179e766d57bd4?s=96&d=mm&r=g","contentUrl":"https:\/\/secure.gravatar.com\/avatar\/576258617ef7194f718179e766d57bd4?s=96&d=mm&r=g","caption":"Adriana Costa"}}]}},"_links":{"self":[{"href":"https:\/\/www.manaus.am.gov.br\/manauscult\/wp-json\/wp\/v2\/posts\/1136"}],"collection":[{"href":"https:\/\/www.manaus.am.gov.br\/manauscult\/wp-json\/wp\/v2\/posts"}],"about":[{"href":"https:\/\/www.manaus.am.gov.br\/manauscult\/wp-json\/wp\/v2\/types\/post"}],"author":[{"embeddable":true,"href":"https:\/\/www.manaus.am.gov.br\/manauscult\/wp-json\/wp\/v2\/users\/23"}],"replies":[{"embeddable":true,"href":"https:\/\/www.manaus.am.gov.br\/manauscult\/wp-json\/wp\/v2\/comments?post=1136"}],"version-history":[{"count":0,"href":"https:\/\/www.manaus.am.gov.br\/manauscult\/wp-json\/wp\/v2\/posts\/1136\/revisions"}],"wp:featuredmedia":[{"embeddable":true,"href":"https:\/\/www.manaus.am.gov.br\/manauscult\/wp-json\/wp\/v2\/media\/1137"}],"wp:attachment":[{"href":"https:\/\/www.manaus.am.gov.br\/manauscult\/wp-json\/wp\/v2\/media?parent=1136"}],"wp:term":[{"taxonomy":"category","embeddable":true,"href":"https:\/\/www.manaus.am.gov.br\/manauscult\/wp-json\/wp\/v2\/categories?post=1136"},{"taxonomy":"post_tag","embeddable":true,"href":"https:\/\/www.manaus.am.gov.br\/manauscult\/wp-json\/wp\/v2\/tags?post=1136"}],"curies":[{"name":"wp","href":"https:\/\/api.w.org\/{rel}","templated":true}]}}