{"id":1127,"date":"2023-08-03T21:23:08","date_gmt":"2023-08-04T01:23:08","guid":{"rendered":"https:\/\/www.manaus.am.gov.br\/manauscult\/prefeito-anuncia-david-guetta-como-mega-atracao-internacional-para-o-soumanaus-2023\/"},"modified":"2023-08-03T21:23:08","modified_gmt":"2023-08-04T01:23:08","slug":"prefeito-anuncia-david-guetta-como-mega-atracao-internacional-para-o-soumanaus-2023","status":"publish","type":"post","link":"https:\/\/www.manaus.am.gov.br\/manauscult\/prefeito-anuncia-david-guetta-como-mega-atracao-internacional-para-o-soumanaus-2023\/","title":{"rendered":"<strong>Prefeito anuncia David Guetta como mega-atra\u00e7\u00e3o internacional para o \u2018#SouManaus 2023\u2019<\/strong>"},"content":{"rendered":"\n<p>O prefeito de Manaus, David Almeida, anunciou, na noite desta quinta-feira, 3\/8, que a atra\u00e7\u00e3o internacional do \u201c#SouManaus Passo a Pa\u00e7o 2023\u201d ser\u00e1 o DJ franc\u00eas David Guetta. O an\u00fancio aconteceu na Casa de Praia Zezinho Corr\u00eaa, no complexo tur\u00edstico Ponta Negra, zona Oeste.<\/p>\n\n\n\n<p>O artista, conhecido mundialmente por&nbsp;<em>hits<\/em>&nbsp;como \u201cHey mama\u201d, \u201cSay my name\u201d e \u201cTitanium\u201d, ser\u00e1 o grande nome do maior evento de artes integradas do Norte do pa\u00eds, coordenado pela Funda\u00e7\u00e3o Municipal de Cultura, Turismo e Eventos (Manauscult), que acontecer\u00e1 na \u00e1rea portu\u00e1ria da cidade, no centro hist\u00f3rico da capital, nos dias 5, 6 e 7 de setembro.<\/p>\n\n\n\n<p>&#8220;H\u00e1 15 dias, fizemos o lan\u00e7amento deste grande evento de artes integradas do Norte do Brasil. No ano passado, tivemos nas quatro noites, em uma \u00e1rea menor que a que teremos neste ano, cerca de 380 mil pessoas. Este ano, a estimativa \u00e9 que possamos alcan\u00e7ar de 200 a 220 mil pessoas por noite. N\u00f3s n\u00e3o pensamos Manaus pequena, n\u00f3s pensamos em Manaus grande. Fizemos contato com v\u00e1rios patrocinadores e hoje podemos anunciar que a nossa atra\u00e7\u00e3o internacional ser\u00e1 David Guetta. Um artista gigante para um festival que a cada ano est\u00e1 crescendo mais e mais&#8221;, enfatizou Almeida.<\/p>\n\n\n\n<figure class=\"wp-block-image size-full\"><img loading=\"lazy\" decoding=\"async\" width=\"799\" height=\"533\" src=\"https:\/\/www.manaus.am.gov.br\/manauscult\/wp-content\/uploads\/sites\/11\/2023\/08\/53092501510_98209aa0cb_c.jpg\" alt=\"\" class=\"wp-image-1128\" srcset=\"https:\/\/www.manaus.am.gov.br\/manauscult\/wp-content\/uploads\/sites\/11\/2023\/08\/53092501510_98209aa0cb_c.jpg 799w, https:\/\/www.manaus.am.gov.br\/manauscult\/wp-content\/uploads\/sites\/11\/2023\/08\/53092501510_98209aa0cb_c-300x200.jpg 300w, https:\/\/www.manaus.am.gov.br\/manauscult\/wp-content\/uploads\/sites\/11\/2023\/08\/53092501510_98209aa0cb_c-768x512.jpg 768w\" sizes=\"(max-width: 799px) 100vw, 799px\" \/><\/figure>\n\n\n\n<p>O \u201c#SouManaus Passo a Pa\u00e7o 2023\u201d promete posicionar Manaus entre os maiores destinos tur\u00edsticos da Am\u00e9rica Latina, al\u00e9m de potencializar a carreira de artistas locais na cena nacional. Com mais de cem horas de programa\u00e7\u00e3o distribu\u00eddas em treze \u00e1reas de ocupa\u00e7\u00e3o, tendo dez horas de dura\u00e7\u00e3o, durante tr\u00eas dias de evento, o festival ter\u00e1 como \u00e2ncora o palco Bradesco.<\/p>\n\n\n\n<p>O local, com vista para as margens do rio Negro e mais de 40 mil metros quadratos, ser\u00e1 palco de atra\u00e7\u00f5es como Biqu\u00edni Cavad\u00e3o, Kevin o Cris, Zeca Pagodinho, Z\u00e9 Felipe e Virg\u00ednia Fonseca, Humberto Gessinger, L\u00e9o Magalh\u00e3es, Murilo Huff, Marina Sena e Lob\u00e3o e contar\u00e1, pela primeira vez, com espa\u00e7o radical equipado com pista de skate, tirolesa, roda-gigante e outros atrativos.<\/p>\n\n\n\n<p>Questionado sobre os custos para a realiza\u00e7\u00e3o do festival, o prefeito de Manaus fez quest\u00e3o de anunciar que 100% dos cach\u00eas dos artistas nacionais e internacional ser\u00e3o pagos por patrocinadores.<\/p>\n\n\n\n<p>&#8220;N\u00f3s j\u00e1 temos entre 15 e 20 patrocinadores. Ap\u00f3s este an\u00fancio, tenho certeza de que vamos fechar com mais patrocinadores, porque essa procura j\u00e1 aconteceu. Este \u00e9 o maior evento da hist\u00f3ria desta cidade e, a cada ano, n\u00f3s queremos crescer. N\u00f3s t\u00ednhamos um or\u00e7amento aprovado de R$ 15 milh\u00f5es. Bem provavelmente, vamos consumir apenas metade deste valor para a organiza\u00e7\u00e3o. A prefeitura vai arcar com os palcos, som e outros detalhes. Lembrando, 97% de todo o evento ser\u00e1 gratuito para a popula\u00e7\u00e3o&#8221;, afirmou David.<\/p>\n\n\n\n<p>Ao todo, ser\u00e3o sete palcos em que mais de 600 fazedores de cultura realizar\u00e3o apresenta\u00e7\u00f5es simult\u00e2neas nos dias 5, 6 e 7\/9, a partir das 17h. Na ter\u00e7a-feira, dia 7\/9, o evento ser\u00e1 exclusivo para o p\u00fablico infantojuvenil e crist\u00e3o, com atra\u00e7\u00f5es como o Padre F\u00e1bio de Melo, Isadora Pompeo, Israel Salazar e Somos Am\u00e9m. A programa\u00e7\u00e3o completa pode ser acessada pelo site&nbsp;<a href=\"https:\/\/soumanauspassoapaco.com.br\/\" target=\"_blank\" rel=\"noreferrer noopener\">https:\/\/soumanauspassoapaco.com.br\/<\/a>.<\/p>\n\n\n\n<p>Para o diretor-presidente da Manauscult, Osvaldo Cardoso, a gest\u00e3o municipal faz hist\u00f3ria ao confirmar a presen\u00e7a de um artista t\u00e3o famoso como David Guetta.<\/p>\n\n\n\n<p>&#8220;Manaus, definitivamente, entra na rota dos grandes eventos com a presen\u00e7a de David Guetta no #SouManaus 2023. Eu n\u00e3o tenho d\u00favida em dizer que esta edi\u00e7\u00e3o j\u00e1 entrou para a hist\u00f3ria. J\u00e1 anunciamos o&nbsp;<em>line-up<\/em>&nbsp;nacional e a recep\u00e7\u00e3o da popula\u00e7\u00e3o foi melhor do que o esperado. Ser\u00e3o tr\u00eas dias de muita alegria, promovendo o turismo e a cultura na nossa cidade. Quem ganha com isso tudo \u00e9 a nossa popula\u00e7\u00e3o&#8221;, disse Cardoso.<\/p>\n\n\n\n<p>&#8212; &#8212; &#8212;<\/p>\n\n\n\n<p><strong>Texto <\/strong>\u2013 Thiago Fernando \/ Semcom e Emanuelle Baires \/ Manauscult<\/p>\n\n\n\n<p><strong>Fotos<\/strong> \u2013 Ruan Souza e Cl\u00f3vis Miranda \/ Semcom<\/p>\n\n\n\n<p>Dispon\u00edveis em \u2013 <a href=\"https:\/\/flic.kr\/s\/aHBqjAPSSd\">https:\/\/flic.kr\/s\/aHBqjAPSSd<\/a><\/p>\n","protected":false},"excerpt":{"rendered":"","protected":false},"author":31,"featured_media":1129,"comment_status":"closed","ping_status":"closed","sticky":false,"template":"","format":"standard","meta":{"footnotes":""},"categories":[12],"tags":[168,386,387],"acf":[],"yoast_head":"<!-- This site is optimized with the Yoast SEO plugin v23.0 - https:\/\/yoast.com\/wordpress\/plugins\/seo\/ -->\n<title>Prefeito anuncia David Guetta como mega-atra\u00e7\u00e3o internacional para o \u2018#SouManaus 2023\u2019 - MANAUSCULT<\/title>\n<meta name=\"robots\" content=\"noindex, follow\" \/>\n<meta property=\"og:locale\" content=\"pt_BR\" \/>\n<meta property=\"og:type\" content=\"article\" \/>\n<meta property=\"og:title\" content=\"Prefeito anuncia David Guetta como mega-atra\u00e7\u00e3o internacional para o \u2018#SouManaus 2023\u2019 - MANAUSCULT\" \/>\n<meta property=\"og:url\" content=\"https:\/\/www.manaus.am.gov.br\/manauscult\/prefeito-anuncia-david-guetta-como-mega-atracao-internacional-para-o-soumanaus-2023\/\" \/>\n<meta property=\"og:site_name\" content=\"MANAUSCULT\" \/>\n<meta property=\"article:published_time\" content=\"2023-08-04T01:23:08+00:00\" \/>\n<meta property=\"og:image\" content=\"https:\/\/www.manaus.am.gov.br\/manauscult\/wp-content\/uploads\/sites\/11\/2023\/08\/53092098366_3c371fc92c_c.jpg\" \/>\n\t<meta property=\"og:image:width\" content=\"799\" \/>\n\t<meta property=\"og:image:height\" content=\"533\" \/>\n\t<meta property=\"og:image:type\" content=\"image\/jpeg\" \/>\n<meta name=\"author\" content=\"Renata Felix\" \/>\n<meta name=\"twitter:card\" content=\"summary_large_image\" \/>\n<meta name=\"twitter:label1\" content=\"Written by\" \/>\n\t<meta name=\"twitter:data1\" content=\"Renata Felix\" \/>\n\t<meta name=\"twitter:label2\" content=\"Est. reading time\" \/>\n\t<meta name=\"twitter:data2\" content=\"4 minutos\" \/>\n<script type=\"application\/ld+json\" class=\"yoast-schema-graph\">{\"@context\":\"https:\/\/schema.org\",\"@graph\":[{\"@type\":\"WebPage\",\"@id\":\"https:\/\/www.manaus.am.gov.br\/manauscult\/prefeito-anuncia-david-guetta-como-mega-atracao-internacional-para-o-soumanaus-2023\/\",\"url\":\"https:\/\/www.manaus.am.gov.br\/manauscult\/prefeito-anuncia-david-guetta-como-mega-atracao-internacional-para-o-soumanaus-2023\/\",\"name\":\"Prefeito anuncia David Guetta como mega-atra\u00e7\u00e3o internacional para o \u2018#SouManaus 2023\u2019 - MANAUSCULT\",\"isPartOf\":{\"@id\":\"https:\/\/www.manaus.am.gov.br\/manauscult\/#website\"},\"primaryImageOfPage\":{\"@id\":\"https:\/\/www.manaus.am.gov.br\/manauscult\/prefeito-anuncia-david-guetta-como-mega-atracao-internacional-para-o-soumanaus-2023\/#primaryimage\"},\"image\":{\"@id\":\"https:\/\/www.manaus.am.gov.br\/manauscult\/prefeito-anuncia-david-guetta-como-mega-atracao-internacional-para-o-soumanaus-2023\/#primaryimage\"},\"thumbnailUrl\":\"https:\/\/www.manaus.am.gov.br\/manauscult\/wp-content\/uploads\/sites\/11\/2023\/08\/53092098366_3c371fc92c_c.jpg\",\"datePublished\":\"2023-08-04T01:23:08+00:00\",\"dateModified\":\"2023-08-04T01:23:08+00:00\",\"author\":{\"@id\":\"https:\/\/www.manaus.am.gov.br\/manauscult\/#\/schema\/person\/4eea2a8f78dc853097abb026f728aa06\"},\"breadcrumb\":{\"@id\":\"https:\/\/www.manaus.am.gov.br\/manauscult\/prefeito-anuncia-david-guetta-como-mega-atracao-internacional-para-o-soumanaus-2023\/#breadcrumb\"},\"inLanguage\":\"pt-BR\",\"potentialAction\":[{\"@type\":\"ReadAction\",\"target\":[\"https:\/\/www.manaus.am.gov.br\/manauscult\/prefeito-anuncia-david-guetta-como-mega-atracao-internacional-para-o-soumanaus-2023\/\"]}]},{\"@type\":\"ImageObject\",\"inLanguage\":\"pt-BR\",\"@id\":\"https:\/\/www.manaus.am.gov.br\/manauscult\/prefeito-anuncia-david-guetta-como-mega-atracao-internacional-para-o-soumanaus-2023\/#primaryimage\",\"url\":\"https:\/\/www.manaus.am.gov.br\/manauscult\/wp-content\/uploads\/sites\/11\/2023\/08\/53092098366_3c371fc92c_c.jpg\",\"contentUrl\":\"https:\/\/www.manaus.am.gov.br\/manauscult\/wp-content\/uploads\/sites\/11\/2023\/08\/53092098366_3c371fc92c_c.jpg\",\"width\":799,\"height\":533},{\"@type\":\"BreadcrumbList\",\"@id\":\"https:\/\/www.manaus.am.gov.br\/manauscult\/prefeito-anuncia-david-guetta-como-mega-atracao-internacional-para-o-soumanaus-2023\/#breadcrumb\",\"itemListElement\":[{\"@type\":\"ListItem\",\"position\":1,\"name\":\"Home\",\"item\":\"https:\/\/www.manaus.am.gov.br\/manauscult\/\"},{\"@type\":\"ListItem\",\"position\":2,\"name\":\"Prefeito anuncia David Guetta como mega-atra\u00e7\u00e3o internacional para o \u2018#SouManaus 2023\u2019\"}]},{\"@type\":\"WebSite\",\"@id\":\"https:\/\/www.manaus.am.gov.br\/manauscult\/#website\",\"url\":\"https:\/\/www.manaus.am.gov.br\/manauscult\/\",\"name\":\"MANAUSCULT\",\"description\":\"Prefeitura de Manaus\",\"potentialAction\":[{\"@type\":\"SearchAction\",\"target\":{\"@type\":\"EntryPoint\",\"urlTemplate\":\"https:\/\/www.manaus.am.gov.br\/manauscult\/?s={search_term_string}\"},\"query-input\":\"required name=search_term_string\"}],\"inLanguage\":\"pt-BR\"},{\"@type\":\"Person\",\"@id\":\"https:\/\/www.manaus.am.gov.br\/manauscult\/#\/schema\/person\/4eea2a8f78dc853097abb026f728aa06\",\"name\":\"Renata Felix\",\"image\":{\"@type\":\"ImageObject\",\"inLanguage\":\"pt-BR\",\"@id\":\"https:\/\/www.manaus.am.gov.br\/manauscult\/#\/schema\/person\/image\/\",\"url\":\"https:\/\/secure.gravatar.com\/avatar\/3c196cf9d3b837b24c8edb2c50fd8f29?s=96&d=mm&r=g\",\"contentUrl\":\"https:\/\/secure.gravatar.com\/avatar\/3c196cf9d3b837b24c8edb2c50fd8f29?s=96&d=mm&r=g\",\"caption\":\"Renata Felix\"}}]}<\/script>\n<!-- \/ Yoast SEO plugin. -->","yoast_head_json":{"title":"Prefeito anuncia David Guetta como mega-atra\u00e7\u00e3o internacional para o \u2018#SouManaus 2023\u2019 - MANAUSCULT","robots":{"index":"noindex","follow":"follow"},"og_locale":"pt_BR","og_type":"article","og_title":"Prefeito anuncia David Guetta como mega-atra\u00e7\u00e3o internacional para o \u2018#SouManaus 2023\u2019 - MANAUSCULT","og_url":"https:\/\/www.manaus.am.gov.br\/manauscult\/prefeito-anuncia-david-guetta-como-mega-atracao-internacional-para-o-soumanaus-2023\/","og_site_name":"MANAUSCULT","article_published_time":"2023-08-04T01:23:08+00:00","og_image":[{"width":799,"height":533,"url":"https:\/\/www.manaus.am.gov.br\/manauscult\/wp-content\/uploads\/sites\/11\/2023\/08\/53092098366_3c371fc92c_c.jpg","type":"image\/jpeg"}],"author":"Renata Felix","twitter_card":"summary_large_image","twitter_misc":{"Written by":"Renata Felix","Est. reading time":"4 minutos"},"schema":{"@context":"https:\/\/schema.org","@graph":[{"@type":"WebPage","@id":"https:\/\/www.manaus.am.gov.br\/manauscult\/prefeito-anuncia-david-guetta-como-mega-atracao-internacional-para-o-soumanaus-2023\/","url":"https:\/\/www.manaus.am.gov.br\/manauscult\/prefeito-anuncia-david-guetta-como-mega-atracao-internacional-para-o-soumanaus-2023\/","name":"Prefeito anuncia David Guetta como mega-atra\u00e7\u00e3o internacional para o \u2018#SouManaus 2023\u2019 - MANAUSCULT","isPartOf":{"@id":"https:\/\/www.manaus.am.gov.br\/manauscult\/#website"},"primaryImageOfPage":{"@id":"https:\/\/www.manaus.am.gov.br\/manauscult\/prefeito-anuncia-david-guetta-como-mega-atracao-internacional-para-o-soumanaus-2023\/#primaryimage"},"image":{"@id":"https:\/\/www.manaus.am.gov.br\/manauscult\/prefeito-anuncia-david-guetta-como-mega-atracao-internacional-para-o-soumanaus-2023\/#primaryimage"},"thumbnailUrl":"https:\/\/www.manaus.am.gov.br\/manauscult\/wp-content\/uploads\/sites\/11\/2023\/08\/53092098366_3c371fc92c_c.jpg","datePublished":"2023-08-04T01:23:08+00:00","dateModified":"2023-08-04T01:23:08+00:00","author":{"@id":"https:\/\/www.manaus.am.gov.br\/manauscult\/#\/schema\/person\/4eea2a8f78dc853097abb026f728aa06"},"breadcrumb":{"@id":"https:\/\/www.manaus.am.gov.br\/manauscult\/prefeito-anuncia-david-guetta-como-mega-atracao-internacional-para-o-soumanaus-2023\/#breadcrumb"},"inLanguage":"pt-BR","potentialAction":[{"@type":"ReadAction","target":["https:\/\/www.manaus.am.gov.br\/manauscult\/prefeito-anuncia-david-guetta-como-mega-atracao-internacional-para-o-soumanaus-2023\/"]}]},{"@type":"ImageObject","inLanguage":"pt-BR","@id":"https:\/\/www.manaus.am.gov.br\/manauscult\/prefeito-anuncia-david-guetta-como-mega-atracao-internacional-para-o-soumanaus-2023\/#primaryimage","url":"https:\/\/www.manaus.am.gov.br\/manauscult\/wp-content\/uploads\/sites\/11\/2023\/08\/53092098366_3c371fc92c_c.jpg","contentUrl":"https:\/\/www.manaus.am.gov.br\/manauscult\/wp-content\/uploads\/sites\/11\/2023\/08\/53092098366_3c371fc92c_c.jpg","width":799,"height":533},{"@type":"BreadcrumbList","@id":"https:\/\/www.manaus.am.gov.br\/manauscult\/prefeito-anuncia-david-guetta-como-mega-atracao-internacional-para-o-soumanaus-2023\/#breadcrumb","itemListElement":[{"@type":"ListItem","position":1,"name":"Home","item":"https:\/\/www.manaus.am.gov.br\/manauscult\/"},{"@type":"ListItem","position":2,"name":"Prefeito anuncia David Guetta como mega-atra\u00e7\u00e3o internacional para o \u2018#SouManaus 2023\u2019"}]},{"@type":"WebSite","@id":"https:\/\/www.manaus.am.gov.br\/manauscult\/#website","url":"https:\/\/www.manaus.am.gov.br\/manauscult\/","name":"MANAUSCULT","description":"Prefeitura de Manaus","potentialAction":[{"@type":"SearchAction","target":{"@type":"EntryPoint","urlTemplate":"https:\/\/www.manaus.am.gov.br\/manauscult\/?s={search_term_string}"},"query-input":"required name=search_term_string"}],"inLanguage":"pt-BR"},{"@type":"Person","@id":"https:\/\/www.manaus.am.gov.br\/manauscult\/#\/schema\/person\/4eea2a8f78dc853097abb026f728aa06","name":"Renata Felix","image":{"@type":"ImageObject","inLanguage":"pt-BR","@id":"https:\/\/www.manaus.am.gov.br\/manauscult\/#\/schema\/person\/image\/","url":"https:\/\/secure.gravatar.com\/avatar\/3c196cf9d3b837b24c8edb2c50fd8f29?s=96&d=mm&r=g","contentUrl":"https:\/\/secure.gravatar.com\/avatar\/3c196cf9d3b837b24c8edb2c50fd8f29?s=96&d=mm&r=g","caption":"Renata Felix"}}]}},"_links":{"self":[{"href":"https:\/\/www.manaus.am.gov.br\/manauscult\/wp-json\/wp\/v2\/posts\/1127"}],"collection":[{"href":"https:\/\/www.manaus.am.gov.br\/manauscult\/wp-json\/wp\/v2\/posts"}],"about":[{"href":"https:\/\/www.manaus.am.gov.br\/manauscult\/wp-json\/wp\/v2\/types\/post"}],"author":[{"embeddable":true,"href":"https:\/\/www.manaus.am.gov.br\/manauscult\/wp-json\/wp\/v2\/users\/31"}],"replies":[{"embeddable":true,"href":"https:\/\/www.manaus.am.gov.br\/manauscult\/wp-json\/wp\/v2\/comments?post=1127"}],"version-history":[{"count":1,"href":"https:\/\/www.manaus.am.gov.br\/manauscult\/wp-json\/wp\/v2\/posts\/1127\/revisions"}],"predecessor-version":[{"id":1130,"href":"https:\/\/www.manaus.am.gov.br\/manauscult\/wp-json\/wp\/v2\/posts\/1127\/revisions\/1130"}],"wp:featuredmedia":[{"embeddable":true,"href":"https:\/\/www.manaus.am.gov.br\/manauscult\/wp-json\/wp\/v2\/media\/1129"}],"wp:attachment":[{"href":"https:\/\/www.manaus.am.gov.br\/manauscult\/wp-json\/wp\/v2\/media?parent=1127"}],"wp:term":[{"taxonomy":"category","embeddable":true,"href":"https:\/\/www.manaus.am.gov.br\/manauscult\/wp-json\/wp\/v2\/categories?post=1127"},{"taxonomy":"post_tag","embeddable":true,"href":"https:\/\/www.manaus.am.gov.br\/manauscult\/wp-json\/wp\/v2\/tags?post=1127"}],"curies":[{"name":"wp","href":"https:\/\/api.w.org\/{rel}","templated":true}]}}