{"id":1105,"date":"2023-08-01T22:07:10","date_gmt":"2023-08-02T02:07:10","guid":{"rendered":"https:\/\/www.manaus.am.gov.br\/manauscult\/prefeito-david-almeida-participa-da-live-soumanaus-2023-e-anuncia-70-artista-local\/"},"modified":"2023-08-01T22:07:11","modified_gmt":"2023-08-02T02:07:11","slug":"prefeito-david-almeida-participa-da-live-soumanaus-2023-e-anuncia-70-artista-local","status":"publish","type":"post","link":"https:\/\/www.manaus.am.gov.br\/manauscult\/prefeito-david-almeida-participa-da-live-soumanaus-2023-e-anuncia-70-artista-local\/","title":{"rendered":"Prefeito David Almeida participa da <strong>live #SouManaus 2023 e anuncia 70\u00b0 artista local<\/strong>"},"content":{"rendered":"\n<p>Com participa\u00e7\u00e3o especial do prefeito David Almeida, durante a live realizada pela Prefeitura de Manaus, por meio da Funda\u00e7\u00e3o de Cultura, Turismo e Eventos (Manauscult), o diretor-presidente do \u00f3rg\u00e3o, Osvaldo Cardoso, nesta ter\u00e7a-feira, 1\u00ba\/8, anunciou\u00a0 o 70\u00b0 artista local a participar do festival #SouManaus Passo a Pa\u00e7o 2023.<\/p>\n\n\n\n<p>Na oportunidade, o prefeito parabenizou o artista Hulk P\u00e3o pelo trabalho e por ter sido escolhido pela curadoria. \u201cEu acompanho teu trabalho, sou teu f\u00e3, quero te parabenizar e dizer que seja bem-vindo ao #SouManaus. Este \u00e9 um evento fant\u00e1stico, \u00e9 o maior evento de artes integradas do Norte do Brasil\u201d, disse Almeida.<\/p>\n\n\n\n<p>Osvaldo tamb\u00e9m parabenizou o artista lembrando do trabalho realizado pela curadoria, mas tamb\u00e9m pelos pedidos nas redes sociais. \u201c\u00c9 um presente que a Prefeitura de Manaus est\u00e1 dando aos artistas locais. Nossa equipe de curadoria faz um trabalho de an\u00e1lise de portf\u00f3lio, mas \u00e9 importante ressaltar que tamb\u00e9m observamos o apelo social realizado, principalmente nas redes sociais. Ent\u00e3o, acompanhem\u201d, lembrou.<\/p>\n\n\n\n<p><strong>An\u00fancio<\/strong><\/p>\n\n\n\n<p>O presidente Osvaldo aproveitou a live desta ter\u00e7a para convidar toda popula\u00e7\u00e3o a acompanhar o an\u00fancio que o prefeito David Almeida far\u00e1 nesta semana.<\/p>\n\n\n\n<p>\u201cCom o an\u00fancio do prefeito, voc\u00eas v\u00e3o ter no\u00e7\u00e3o do que est\u00e1 sendo preparado pela Prefeitura de Manaus. O planejamento estrat\u00e9gico do prefeito David Almeida para a nossa cidade. Voc\u00eas v\u00e3o se assustar com tudo o que est\u00e1 sendo planejado. O prefeito David tem cuidado pessoalmente de cada detalhe do #SouManaus\u201d, pontuou.<\/p>\n\n\n\n<p>&#8212; &#8212; &#8212;<\/p>\n\n\n\n<p><strong>Texto e fotos<\/strong> \u2013 Divulga\u00e7\u00e3o \/ Manauscult<\/p>\n","protected":false},"excerpt":{"rendered":"","protected":false},"author":31,"featured_media":1106,"comment_status":"closed","ping_status":"closed","sticky":false,"template":"","format":"standard","meta":{"footnotes":""},"categories":[12],"tags":[168,373,374,16],"acf":[],"yoast_head":"<!-- This site is optimized with the Yoast SEO plugin v23.0 - https:\/\/yoast.com\/wordpress\/plugins\/seo\/ -->\n<title>Prefeito David Almeida participa da live #SouManaus 2023 e anuncia 70\u00b0 artista local - MANAUSCULT<\/title>\n<meta name=\"robots\" content=\"noindex, follow\" \/>\n<meta property=\"og:locale\" content=\"pt_BR\" \/>\n<meta property=\"og:type\" content=\"article\" \/>\n<meta property=\"og:title\" content=\"Prefeito David Almeida participa da live #SouManaus 2023 e anuncia 70\u00b0 artista local - MANAUSCULT\" \/>\n<meta property=\"og:url\" content=\"https:\/\/www.manaus.am.gov.br\/manauscult\/prefeito-david-almeida-participa-da-live-soumanaus-2023-e-anuncia-70-artista-local\/\" \/>\n<meta property=\"og:site_name\" content=\"MANAUSCULT\" \/>\n<meta property=\"article:published_time\" content=\"2023-08-02T02:07:10+00:00\" \/>\n<meta property=\"article:modified_time\" content=\"2023-08-02T02:07:11+00:00\" \/>\n<meta property=\"og:image\" content=\"https:\/\/www.manaus.am.gov.br\/manauscult\/wp-content\/uploads\/sites\/11\/2023\/08\/live.jpeg\" \/>\n\t<meta property=\"og:image:width\" content=\"714\" \/>\n\t<meta property=\"og:image:height\" content=\"879\" \/>\n\t<meta property=\"og:image:type\" content=\"image\/jpeg\" \/>\n<meta name=\"author\" content=\"Renata Felix\" \/>\n<meta name=\"twitter:card\" content=\"summary_large_image\" \/>\n<meta name=\"twitter:label1\" content=\"Written by\" \/>\n\t<meta name=\"twitter:data1\" content=\"Renata Felix\" \/>\n\t<meta name=\"twitter:label2\" content=\"Est. reading time\" \/>\n\t<meta name=\"twitter:data2\" content=\"2 minutos\" \/>\n<script type=\"application\/ld+json\" class=\"yoast-schema-graph\">{\"@context\":\"https:\/\/schema.org\",\"@graph\":[{\"@type\":\"WebPage\",\"@id\":\"https:\/\/www.manaus.am.gov.br\/manauscult\/prefeito-david-almeida-participa-da-live-soumanaus-2023-e-anuncia-70-artista-local\/\",\"url\":\"https:\/\/www.manaus.am.gov.br\/manauscult\/prefeito-david-almeida-participa-da-live-soumanaus-2023-e-anuncia-70-artista-local\/\",\"name\":\"Prefeito David Almeida participa da live #SouManaus 2023 e anuncia 70\u00b0 artista local - MANAUSCULT\",\"isPartOf\":{\"@id\":\"https:\/\/www.manaus.am.gov.br\/manauscult\/#website\"},\"primaryImageOfPage\":{\"@id\":\"https:\/\/www.manaus.am.gov.br\/manauscult\/prefeito-david-almeida-participa-da-live-soumanaus-2023-e-anuncia-70-artista-local\/#primaryimage\"},\"image\":{\"@id\":\"https:\/\/www.manaus.am.gov.br\/manauscult\/prefeito-david-almeida-participa-da-live-soumanaus-2023-e-anuncia-70-artista-local\/#primaryimage\"},\"thumbnailUrl\":\"https:\/\/www.manaus.am.gov.br\/manauscult\/wp-content\/uploads\/sites\/11\/2023\/08\/live.jpeg\",\"datePublished\":\"2023-08-02T02:07:10+00:00\",\"dateModified\":\"2023-08-02T02:07:11+00:00\",\"author\":{\"@id\":\"https:\/\/www.manaus.am.gov.br\/manauscult\/#\/schema\/person\/4eea2a8f78dc853097abb026f728aa06\"},\"breadcrumb\":{\"@id\":\"https:\/\/www.manaus.am.gov.br\/manauscult\/prefeito-david-almeida-participa-da-live-soumanaus-2023-e-anuncia-70-artista-local\/#breadcrumb\"},\"inLanguage\":\"pt-BR\",\"potentialAction\":[{\"@type\":\"ReadAction\",\"target\":[\"https:\/\/www.manaus.am.gov.br\/manauscult\/prefeito-david-almeida-participa-da-live-soumanaus-2023-e-anuncia-70-artista-local\/\"]}]},{\"@type\":\"ImageObject\",\"inLanguage\":\"pt-BR\",\"@id\":\"https:\/\/www.manaus.am.gov.br\/manauscult\/prefeito-david-almeida-participa-da-live-soumanaus-2023-e-anuncia-70-artista-local\/#primaryimage\",\"url\":\"https:\/\/www.manaus.am.gov.br\/manauscult\/wp-content\/uploads\/sites\/11\/2023\/08\/live.jpeg\",\"contentUrl\":\"https:\/\/www.manaus.am.gov.br\/manauscult\/wp-content\/uploads\/sites\/11\/2023\/08\/live.jpeg\",\"width\":714,\"height\":879},{\"@type\":\"BreadcrumbList\",\"@id\":\"https:\/\/www.manaus.am.gov.br\/manauscult\/prefeito-david-almeida-participa-da-live-soumanaus-2023-e-anuncia-70-artista-local\/#breadcrumb\",\"itemListElement\":[{\"@type\":\"ListItem\",\"position\":1,\"name\":\"Home\",\"item\":\"https:\/\/www.manaus.am.gov.br\/manauscult\/\"},{\"@type\":\"ListItem\",\"position\":2,\"name\":\"Prefeito David Almeida participa da live #SouManaus 2023 e anuncia 70\u00b0 artista local\"}]},{\"@type\":\"WebSite\",\"@id\":\"https:\/\/www.manaus.am.gov.br\/manauscult\/#website\",\"url\":\"https:\/\/www.manaus.am.gov.br\/manauscult\/\",\"name\":\"MANAUSCULT\",\"description\":\"Prefeitura de Manaus\",\"potentialAction\":[{\"@type\":\"SearchAction\",\"target\":{\"@type\":\"EntryPoint\",\"urlTemplate\":\"https:\/\/www.manaus.am.gov.br\/manauscult\/?s={search_term_string}\"},\"query-input\":\"required name=search_term_string\"}],\"inLanguage\":\"pt-BR\"},{\"@type\":\"Person\",\"@id\":\"https:\/\/www.manaus.am.gov.br\/manauscult\/#\/schema\/person\/4eea2a8f78dc853097abb026f728aa06\",\"name\":\"Renata Felix\",\"image\":{\"@type\":\"ImageObject\",\"inLanguage\":\"pt-BR\",\"@id\":\"https:\/\/www.manaus.am.gov.br\/manauscult\/#\/schema\/person\/image\/\",\"url\":\"https:\/\/secure.gravatar.com\/avatar\/3c196cf9d3b837b24c8edb2c50fd8f29?s=96&d=mm&r=g\",\"contentUrl\":\"https:\/\/secure.gravatar.com\/avatar\/3c196cf9d3b837b24c8edb2c50fd8f29?s=96&d=mm&r=g\",\"caption\":\"Renata Felix\"}}]}<\/script>\n<!-- \/ Yoast SEO plugin. -->","yoast_head_json":{"title":"Prefeito David Almeida participa da live #SouManaus 2023 e anuncia 70\u00b0 artista local - MANAUSCULT","robots":{"index":"noindex","follow":"follow"},"og_locale":"pt_BR","og_type":"article","og_title":"Prefeito David Almeida participa da live #SouManaus 2023 e anuncia 70\u00b0 artista local - MANAUSCULT","og_url":"https:\/\/www.manaus.am.gov.br\/manauscult\/prefeito-david-almeida-participa-da-live-soumanaus-2023-e-anuncia-70-artista-local\/","og_site_name":"MANAUSCULT","article_published_time":"2023-08-02T02:07:10+00:00","article_modified_time":"2023-08-02T02:07:11+00:00","og_image":[{"width":714,"height":879,"url":"https:\/\/www.manaus.am.gov.br\/manauscult\/wp-content\/uploads\/sites\/11\/2023\/08\/live.jpeg","type":"image\/jpeg"}],"author":"Renata Felix","twitter_card":"summary_large_image","twitter_misc":{"Written by":"Renata Felix","Est. reading time":"2 minutos"},"schema":{"@context":"https:\/\/schema.org","@graph":[{"@type":"WebPage","@id":"https:\/\/www.manaus.am.gov.br\/manauscult\/prefeito-david-almeida-participa-da-live-soumanaus-2023-e-anuncia-70-artista-local\/","url":"https:\/\/www.manaus.am.gov.br\/manauscult\/prefeito-david-almeida-participa-da-live-soumanaus-2023-e-anuncia-70-artista-local\/","name":"Prefeito David Almeida participa da live #SouManaus 2023 e anuncia 70\u00b0 artista local - MANAUSCULT","isPartOf":{"@id":"https:\/\/www.manaus.am.gov.br\/manauscult\/#website"},"primaryImageOfPage":{"@id":"https:\/\/www.manaus.am.gov.br\/manauscult\/prefeito-david-almeida-participa-da-live-soumanaus-2023-e-anuncia-70-artista-local\/#primaryimage"},"image":{"@id":"https:\/\/www.manaus.am.gov.br\/manauscult\/prefeito-david-almeida-participa-da-live-soumanaus-2023-e-anuncia-70-artista-local\/#primaryimage"},"thumbnailUrl":"https:\/\/www.manaus.am.gov.br\/manauscult\/wp-content\/uploads\/sites\/11\/2023\/08\/live.jpeg","datePublished":"2023-08-02T02:07:10+00:00","dateModified":"2023-08-02T02:07:11+00:00","author":{"@id":"https:\/\/www.manaus.am.gov.br\/manauscult\/#\/schema\/person\/4eea2a8f78dc853097abb026f728aa06"},"breadcrumb":{"@id":"https:\/\/www.manaus.am.gov.br\/manauscult\/prefeito-david-almeida-participa-da-live-soumanaus-2023-e-anuncia-70-artista-local\/#breadcrumb"},"inLanguage":"pt-BR","potentialAction":[{"@type":"ReadAction","target":["https:\/\/www.manaus.am.gov.br\/manauscult\/prefeito-david-almeida-participa-da-live-soumanaus-2023-e-anuncia-70-artista-local\/"]}]},{"@type":"ImageObject","inLanguage":"pt-BR","@id":"https:\/\/www.manaus.am.gov.br\/manauscult\/prefeito-david-almeida-participa-da-live-soumanaus-2023-e-anuncia-70-artista-local\/#primaryimage","url":"https:\/\/www.manaus.am.gov.br\/manauscult\/wp-content\/uploads\/sites\/11\/2023\/08\/live.jpeg","contentUrl":"https:\/\/www.manaus.am.gov.br\/manauscult\/wp-content\/uploads\/sites\/11\/2023\/08\/live.jpeg","width":714,"height":879},{"@type":"BreadcrumbList","@id":"https:\/\/www.manaus.am.gov.br\/manauscult\/prefeito-david-almeida-participa-da-live-soumanaus-2023-e-anuncia-70-artista-local\/#breadcrumb","itemListElement":[{"@type":"ListItem","position":1,"name":"Home","item":"https:\/\/www.manaus.am.gov.br\/manauscult\/"},{"@type":"ListItem","position":2,"name":"Prefeito David Almeida participa da live #SouManaus 2023 e anuncia 70\u00b0 artista local"}]},{"@type":"WebSite","@id":"https:\/\/www.manaus.am.gov.br\/manauscult\/#website","url":"https:\/\/www.manaus.am.gov.br\/manauscult\/","name":"MANAUSCULT","description":"Prefeitura de Manaus","potentialAction":[{"@type":"SearchAction","target":{"@type":"EntryPoint","urlTemplate":"https:\/\/www.manaus.am.gov.br\/manauscult\/?s={search_term_string}"},"query-input":"required name=search_term_string"}],"inLanguage":"pt-BR"},{"@type":"Person","@id":"https:\/\/www.manaus.am.gov.br\/manauscult\/#\/schema\/person\/4eea2a8f78dc853097abb026f728aa06","name":"Renata Felix","image":{"@type":"ImageObject","inLanguage":"pt-BR","@id":"https:\/\/www.manaus.am.gov.br\/manauscult\/#\/schema\/person\/image\/","url":"https:\/\/secure.gravatar.com\/avatar\/3c196cf9d3b837b24c8edb2c50fd8f29?s=96&d=mm&r=g","contentUrl":"https:\/\/secure.gravatar.com\/avatar\/3c196cf9d3b837b24c8edb2c50fd8f29?s=96&d=mm&r=g","caption":"Renata Felix"}}]}},"_links":{"self":[{"href":"https:\/\/www.manaus.am.gov.br\/manauscult\/wp-json\/wp\/v2\/posts\/1105"}],"collection":[{"href":"https:\/\/www.manaus.am.gov.br\/manauscult\/wp-json\/wp\/v2\/posts"}],"about":[{"href":"https:\/\/www.manaus.am.gov.br\/manauscult\/wp-json\/wp\/v2\/types\/post"}],"author":[{"embeddable":true,"href":"https:\/\/www.manaus.am.gov.br\/manauscult\/wp-json\/wp\/v2\/users\/31"}],"replies":[{"embeddable":true,"href":"https:\/\/www.manaus.am.gov.br\/manauscult\/wp-json\/wp\/v2\/comments?post=1105"}],"version-history":[{"count":0,"href":"https:\/\/www.manaus.am.gov.br\/manauscult\/wp-json\/wp\/v2\/posts\/1105\/revisions"}],"wp:featuredmedia":[{"embeddable":true,"href":"https:\/\/www.manaus.am.gov.br\/manauscult\/wp-json\/wp\/v2\/media\/1106"}],"wp:attachment":[{"href":"https:\/\/www.manaus.am.gov.br\/manauscult\/wp-json\/wp\/v2\/media?parent=1105"}],"wp:term":[{"taxonomy":"category","embeddable":true,"href":"https:\/\/www.manaus.am.gov.br\/manauscult\/wp-json\/wp\/v2\/categories?post=1105"},{"taxonomy":"post_tag","embeddable":true,"href":"https:\/\/www.manaus.am.gov.br\/manauscult\/wp-json\/wp\/v2\/tags?post=1105"}],"curies":[{"name":"wp","href":"https:\/\/api.w.org\/{rel}","templated":true}]}}