{"id":1101,"date":"2023-08-01T13:35:05","date_gmt":"2023-08-01T17:35:05","guid":{"rendered":"https:\/\/www.manaus.am.gov.br\/manauscult\/embaixada-da-franca-busca-frentes-de-cooperacao-nas-areas-artistica-e-cultural-com-a-prefeitura-de-manaus\/"},"modified":"2023-08-01T13:35:06","modified_gmt":"2023-08-01T17:35:06","slug":"embaixada-da-franca-busca-frentes-de-cooperacao-nas-areas-artistica-e-cultural-com-a-prefeitura-de-manaus","status":"publish","type":"post","link":"https:\/\/www.manaus.am.gov.br\/manauscult\/embaixada-da-franca-busca-frentes-de-cooperacao-nas-areas-artistica-e-cultural-com-a-prefeitura-de-manaus\/","title":{"rendered":"<strong>Embaixada da Fran\u00e7a busca frentes de coopera\u00e7\u00e3o nas \u00e1reas art\u00edstica e cultural com a Prefeitura de Manaus<\/strong>"},"content":{"rendered":"\n<p>Estreitar os la\u00e7os culturais e art\u00edsticos e buscar poss\u00edveis frentes de coopera\u00e7\u00e3o nessas \u00e1reas. Com esses objetivos, a adida cultural da Embaixada da Fran\u00e7a, Soraya Barne, procurou na noite de segunda-feira, 31\/7, a Prefeitura de Manaus, por meio do diretor-presidente da Funda\u00e7\u00e3o de Cultura, Turismo e Eventos (Manauscult), Osvaldo Cardoso, para debater a rela\u00e7\u00e3o de coopera\u00e7\u00e3o bilateral entre Brasil e Fran\u00e7a. A reuni\u00e3o aconteceu na sede da Manauscult, na avenida 7 de Setembro, n\u00ba 377, Centro, zona Sul.<\/p>\n\n\n\n<p>O diretor-presidente, Osvaldo Cardoso, ressaltou o investimento e todo esfor\u00e7o do prefeito David Almeida para transformar Manaus em um polo tur\u00edstico e uma nova vertente econ\u00f4mica para a cidade.<\/p>\n\n\n\n<p>\u201cEm Manaus, temos um apelo muito grande sobre a floresta, a sustentabilidade e diversidade cultural e o prefeito David Almeida est\u00e1 tendo a ousadia e investindo pesado no fomento do setor tur\u00edstico, a fim de transformar o turismo em Manaus como mola propulsora da economia da nossa cidade\u201d, frisou o diretor-presidente.<\/p>\n\n\n\n<p>Um dos pontos abordados pela Embaixada da Fran\u00e7a foi conhecer os grandes eventos realizados pela institui\u00e7\u00e3o. Nessa primeira conversa, tamb\u00e9m foi falado sobre a possibilidade de coopera\u00e7\u00f5es cruzadas, como troca de expertises, forma\u00e7\u00f5es e exposi\u00e7\u00f5es.<\/p>\n\n\n\n<p>\u201cO campo \u00e9 muito amplo, pode ser troca em todos os sentidos, uma das \u00e1reas que estamos estruturando bastante \u00e9 resid\u00eancia art\u00edstica\u201c, destacou Soraya.<\/p>\n\n\n\n<p><strong>Sou Manaus 2023<\/strong><\/p>\n\n\n\n<p>O maior Festival de Artes Integradas do Norte e o segundo maior do pa\u00eds, o Sou Manaus 2023, tamb\u00e9m foi apresentado \u00e0 adida cultural da Embaixada da Fran\u00e7a, a qual foi convidada a participar do evento nos dias 5, 6 e 7 de setembro.<\/p>\n\n\n\n<p>Aproximadamente 600 trabalhadores da cultura s\u00e3o envolvidos nos tr\u00eas dias de evento, que conta com apresenta\u00e7\u00f5es musicais, artes visuais, audiovisual, circo, dan\u00e7a, hip-hop, literatura, tradi\u00e7\u00f5es culturais e teatro, somados aos profissionais da gastronomia e artes\u00e3os.<\/p>\n\n\n\n<p>O evento reunir\u00e1 ainda 12 artistas nacionais, entre os confirmados est\u00e3o: Z\u00e9 Felipe e a influenciadora Virg\u00ednia Fonseca, Zeca Pagodinho, Humberto Gessinger, L\u00e9o Magalh\u00e3es, Marina Sena, e Kevin o Chris, o sertanejo Murilo Huff e a banda de rock Biqu\u00edni Cavad\u00e3o, junto com as atra\u00e7\u00f5es religiosas: Padre F\u00e1bio de Melo, Isadora Pompeo, Israel Salazar e Somos Am\u00e9m.<\/p>\n\n\n\n<p><strong>Turismo em Manaus<\/strong><\/p>\n\n\n\n<p>Com intuito de expandir o turismo na capital amazonense, o prefeito de Manaus, David Almeida, apresentou os novos pontos tur\u00edsticos que est\u00e3o sendo constru\u00eddos pela gest\u00e3o municipal: Casa de Praia Zezinho Corr\u00eaa (J\u00e1 entregue), o mirante L\u00facia Almeida, na Ilha de S\u00e3o Vicente, no Centro,&nbsp; e&nbsp; Encontro das \u00c1guas Rosa Almeida, no Distrito Industrial, assim como, o parque municipal Governador Amazonino Mendes, entre as zonas Norte e Leste da cidade.<\/p>\n\n\n\n<p>Durante a assinatura da ordem de servi\u00e7o, para a constru\u00e7\u00e3o da segunda etapa do maior parque tem\u00e1tico da cidade, com 25 mil metros quadrados, o prefeito David Almeida refor\u00e7ou que a obra busca transformar a realidade dos moradores, mudando o eixo tur\u00edstico da capital.<\/p>\n\n\n\n<p>\u201cTemos um olhar por toda Manaus, a prefeitura est\u00e1 trabalhando por toda a cidade, mas n\u00f3s temos o olhar diferenciado aqui para as zonas Norte e Leste, que merecem esses investimentos. Aqui, temos a primeira etapa em andamento, e assinamos a ordem de servi\u00e7o para a segunda etapa, que \u00e9 a parte tem\u00e1tica do parque, a parte do entretenimento e lazer para as pessoas que v\u00e3o utilizar esse espa\u00e7o para relaxar e se divertir\u201d, afirmou Almeida.<\/p>\n\n\n\n<p>&#8212; &#8212; &#8212;<\/p>\n\n\n\n<p><strong>Texto \u2013&nbsp;<\/strong>Moara Cabral \/ Manauscult<\/p>\n\n\n\n<p><strong>Fotos \u2013&nbsp;<\/strong>Divulga\u00e7\u00e3o \/ Manauscult<\/p>\n","protected":false},"excerpt":{"rendered":"","protected":false},"author":24,"featured_media":1102,"comment_status":"closed","ping_status":"closed","sticky":false,"template":"","format":"standard","meta":{"footnotes":""},"categories":[369],"tags":[370,67,371,9,10,11,372],"acf":[],"yoast_head":"<!-- This site is optimized with the Yoast SEO plugin v23.0 - https:\/\/yoast.com\/wordpress\/plugins\/seo\/ -->\n<title>Embaixada da Fran\u00e7a busca frentes de coopera\u00e7\u00e3o nas \u00e1reas art\u00edstica e cultural com a Prefeitura de Manaus - MANAUSCULT<\/title>\n<meta name=\"description\" content=\"Estreitar os la\u00e7os culturais e art\u00edsticos e buscar poss\u00edveis frentes de coopera\u00e7\u00e3o nessas \u00e1reas. Com esses objetivos, a adida cultural da Embaixada da Fran\u00e7a, Soraya Barne, procurou na noite de segunda-feira, 31\/7, a Prefeitura de Manaus, por meio do diretor-presidente da Funda\u00e7\u00e3o de Cultura, Turismo e Eventos (Manauscult), Osvaldo Cardoso, para debater a rela\u00e7\u00e3o de coopera\u00e7\u00e3o bilateral entre Brasil e Fran\u00e7a.\" \/>\n<meta name=\"robots\" content=\"noindex, follow\" \/>\n<meta property=\"og:locale\" content=\"pt_BR\" \/>\n<meta property=\"og:type\" content=\"article\" \/>\n<meta property=\"og:title\" content=\"Embaixada da Fran\u00e7a busca frentes de coopera\u00e7\u00e3o nas \u00e1reas art\u00edstica e cultural com a Prefeitura de Manaus - MANAUSCULT\" \/>\n<meta property=\"og:description\" content=\"Estreitar os la\u00e7os culturais e art\u00edsticos e buscar poss\u00edveis frentes de coopera\u00e7\u00e3o nessas \u00e1reas. Com esses objetivos, a adida cultural da Embaixada da Fran\u00e7a, Soraya Barne, procurou na noite de segunda-feira, 31\/7, a Prefeitura de Manaus, por meio do diretor-presidente da Funda\u00e7\u00e3o de Cultura, Turismo e Eventos (Manauscult), Osvaldo Cardoso, para debater a rela\u00e7\u00e3o de coopera\u00e7\u00e3o bilateral entre Brasil e Fran\u00e7a.\" \/>\n<meta property=\"og:url\" content=\"https:\/\/www.manaus.am.gov.br\/manauscult\/embaixada-da-franca-busca-frentes-de-cooperacao-nas-areas-artistica-e-cultural-com-a-prefeitura-de-manaus\/\" \/>\n<meta property=\"og:site_name\" content=\"MANAUSCULT\" \/>\n<meta property=\"article:published_time\" content=\"2023-08-01T17:35:05+00:00\" \/>\n<meta property=\"article:modified_time\" content=\"2023-08-01T17:35:06+00:00\" \/>\n<meta property=\"og:image\" content=\"https:\/\/www.manaus.am.gov.br\/manauscult\/wp-content\/uploads\/sites\/11\/2023\/08\/Embaixada-da-Franca-busca-frentes-de-cooperacao-nas-areas-artistica-e-cultural-com-a-Prefeitura-de-Manaus-2.jpeg\" \/>\n\t<meta property=\"og:image:width\" content=\"1600\" \/>\n\t<meta property=\"og:image:height\" content=\"1066\" \/>\n\t<meta property=\"og:image:type\" content=\"image\/jpeg\" \/>\n<meta name=\"author\" content=\"Cl\u00e1udia Barbosa\" \/>\n<meta name=\"twitter:card\" content=\"summary_large_image\" \/>\n<meta name=\"twitter:label1\" content=\"Written by\" \/>\n\t<meta name=\"twitter:data1\" content=\"Cl\u00e1udia Barbosa\" \/>\n\t<meta name=\"twitter:label2\" content=\"Est. reading time\" \/>\n\t<meta name=\"twitter:data2\" content=\"4 minutos\" \/>\n<script type=\"application\/ld+json\" class=\"yoast-schema-graph\">{\"@context\":\"https:\/\/schema.org\",\"@graph\":[{\"@type\":\"WebPage\",\"@id\":\"https:\/\/www.manaus.am.gov.br\/manauscult\/embaixada-da-franca-busca-frentes-de-cooperacao-nas-areas-artistica-e-cultural-com-a-prefeitura-de-manaus\/\",\"url\":\"https:\/\/www.manaus.am.gov.br\/manauscult\/embaixada-da-franca-busca-frentes-de-cooperacao-nas-areas-artistica-e-cultural-com-a-prefeitura-de-manaus\/\",\"name\":\"Embaixada da Fran\u00e7a busca frentes de coopera\u00e7\u00e3o nas \u00e1reas art\u00edstica e cultural com a Prefeitura de Manaus - MANAUSCULT\",\"isPartOf\":{\"@id\":\"https:\/\/www.manaus.am.gov.br\/manauscult\/#website\"},\"primaryImageOfPage\":{\"@id\":\"https:\/\/www.manaus.am.gov.br\/manauscult\/embaixada-da-franca-busca-frentes-de-cooperacao-nas-areas-artistica-e-cultural-com-a-prefeitura-de-manaus\/#primaryimage\"},\"image\":{\"@id\":\"https:\/\/www.manaus.am.gov.br\/manauscult\/embaixada-da-franca-busca-frentes-de-cooperacao-nas-areas-artistica-e-cultural-com-a-prefeitura-de-manaus\/#primaryimage\"},\"thumbnailUrl\":\"https:\/\/www.manaus.am.gov.br\/manauscult\/wp-content\/uploads\/sites\/11\/2023\/08\/Embaixada-da-Franca-busca-frentes-de-cooperacao-nas-areas-artistica-e-cultural-com-a-Prefeitura-de-Manaus-2.jpeg\",\"datePublished\":\"2023-08-01T17:35:05+00:00\",\"dateModified\":\"2023-08-01T17:35:06+00:00\",\"author\":{\"@id\":\"https:\/\/www.manaus.am.gov.br\/manauscult\/#\/schema\/person\/d0a166b5031154c33c77794ddc9a827e\"},\"description\":\"Estreitar os la\u00e7os culturais e art\u00edsticos e buscar poss\u00edveis frentes de coopera\u00e7\u00e3o nessas \u00e1reas. Com esses objetivos, a adida cultural da Embaixada da Fran\u00e7a, Soraya Barne, procurou na noite de segunda-feira, 31\/7, a Prefeitura de Manaus, por meio do diretor-presidente da Funda\u00e7\u00e3o de Cultura, Turismo e Eventos (Manauscult), Osvaldo Cardoso, para debater a rela\u00e7\u00e3o de coopera\u00e7\u00e3o bilateral entre Brasil e Fran\u00e7a.\",\"breadcrumb\":{\"@id\":\"https:\/\/www.manaus.am.gov.br\/manauscult\/embaixada-da-franca-busca-frentes-de-cooperacao-nas-areas-artistica-e-cultural-com-a-prefeitura-de-manaus\/#breadcrumb\"},\"inLanguage\":\"pt-BR\",\"potentialAction\":[{\"@type\":\"ReadAction\",\"target\":[\"https:\/\/www.manaus.am.gov.br\/manauscult\/embaixada-da-franca-busca-frentes-de-cooperacao-nas-areas-artistica-e-cultural-com-a-prefeitura-de-manaus\/\"]}]},{\"@type\":\"ImageObject\",\"inLanguage\":\"pt-BR\",\"@id\":\"https:\/\/www.manaus.am.gov.br\/manauscult\/embaixada-da-franca-busca-frentes-de-cooperacao-nas-areas-artistica-e-cultural-com-a-prefeitura-de-manaus\/#primaryimage\",\"url\":\"https:\/\/www.manaus.am.gov.br\/manauscult\/wp-content\/uploads\/sites\/11\/2023\/08\/Embaixada-da-Franca-busca-frentes-de-cooperacao-nas-areas-artistica-e-cultural-com-a-Prefeitura-de-Manaus-2.jpeg\",\"contentUrl\":\"https:\/\/www.manaus.am.gov.br\/manauscult\/wp-content\/uploads\/sites\/11\/2023\/08\/Embaixada-da-Franca-busca-frentes-de-cooperacao-nas-areas-artistica-e-cultural-com-a-Prefeitura-de-Manaus-2.jpeg\",\"width\":1600,\"height\":1066},{\"@type\":\"BreadcrumbList\",\"@id\":\"https:\/\/www.manaus.am.gov.br\/manauscult\/embaixada-da-franca-busca-frentes-de-cooperacao-nas-areas-artistica-e-cultural-com-a-prefeitura-de-manaus\/#breadcrumb\",\"itemListElement\":[{\"@type\":\"ListItem\",\"position\":1,\"name\":\"Home\",\"item\":\"https:\/\/www.manaus.am.gov.br\/manauscult\/\"},{\"@type\":\"ListItem\",\"position\":2,\"name\":\"Embaixada da Fran\u00e7a busca frentes de coopera\u00e7\u00e3o nas \u00e1reas art\u00edstica e cultural com a Prefeitura de Manaus\"}]},{\"@type\":\"WebSite\",\"@id\":\"https:\/\/www.manaus.am.gov.br\/manauscult\/#website\",\"url\":\"https:\/\/www.manaus.am.gov.br\/manauscult\/\",\"name\":\"MANAUSCULT\",\"description\":\"Prefeitura de Manaus\",\"potentialAction\":[{\"@type\":\"SearchAction\",\"target\":{\"@type\":\"EntryPoint\",\"urlTemplate\":\"https:\/\/www.manaus.am.gov.br\/manauscult\/?s={search_term_string}\"},\"query-input\":\"required name=search_term_string\"}],\"inLanguage\":\"pt-BR\"},{\"@type\":\"Person\",\"@id\":\"https:\/\/www.manaus.am.gov.br\/manauscult\/#\/schema\/person\/d0a166b5031154c33c77794ddc9a827e\",\"name\":\"Cl\u00e1udia Barbosa\",\"image\":{\"@type\":\"ImageObject\",\"inLanguage\":\"pt-BR\",\"@id\":\"https:\/\/www.manaus.am.gov.br\/manauscult\/#\/schema\/person\/image\/\",\"url\":\"https:\/\/secure.gravatar.com\/avatar\/42958a1cf007f1a00534009218c72590?s=96&d=mm&r=g\",\"contentUrl\":\"https:\/\/secure.gravatar.com\/avatar\/42958a1cf007f1a00534009218c72590?s=96&d=mm&r=g\",\"caption\":\"Cl\u00e1udia Barbosa\"}}]}<\/script>\n<!-- \/ Yoast SEO plugin. -->","yoast_head_json":{"title":"Embaixada da Fran\u00e7a busca frentes de coopera\u00e7\u00e3o nas \u00e1reas art\u00edstica e cultural com a Prefeitura de Manaus - MANAUSCULT","description":"Estreitar os la\u00e7os culturais e art\u00edsticos e buscar poss\u00edveis frentes de coopera\u00e7\u00e3o nessas \u00e1reas. Com esses objetivos, a adida cultural da Embaixada da Fran\u00e7a, Soraya Barne, procurou na noite de segunda-feira, 31\/7, a Prefeitura de Manaus, por meio do diretor-presidente da Funda\u00e7\u00e3o de Cultura, Turismo e Eventos (Manauscult), Osvaldo Cardoso, para debater a rela\u00e7\u00e3o de coopera\u00e7\u00e3o bilateral entre Brasil e Fran\u00e7a.","robots":{"index":"noindex","follow":"follow"},"og_locale":"pt_BR","og_type":"article","og_title":"Embaixada da Fran\u00e7a busca frentes de coopera\u00e7\u00e3o nas \u00e1reas art\u00edstica e cultural com a Prefeitura de Manaus - MANAUSCULT","og_description":"Estreitar os la\u00e7os culturais e art\u00edsticos e buscar poss\u00edveis frentes de coopera\u00e7\u00e3o nessas \u00e1reas. Com esses objetivos, a adida cultural da Embaixada da Fran\u00e7a, Soraya Barne, procurou na noite de segunda-feira, 31\/7, a Prefeitura de Manaus, por meio do diretor-presidente da Funda\u00e7\u00e3o de Cultura, Turismo e Eventos (Manauscult), Osvaldo Cardoso, para debater a rela\u00e7\u00e3o de coopera\u00e7\u00e3o bilateral entre Brasil e Fran\u00e7a.","og_url":"https:\/\/www.manaus.am.gov.br\/manauscult\/embaixada-da-franca-busca-frentes-de-cooperacao-nas-areas-artistica-e-cultural-com-a-prefeitura-de-manaus\/","og_site_name":"MANAUSCULT","article_published_time":"2023-08-01T17:35:05+00:00","article_modified_time":"2023-08-01T17:35:06+00:00","og_image":[{"width":1600,"height":1066,"url":"https:\/\/www.manaus.am.gov.br\/manauscult\/wp-content\/uploads\/sites\/11\/2023\/08\/Embaixada-da-Franca-busca-frentes-de-cooperacao-nas-areas-artistica-e-cultural-com-a-Prefeitura-de-Manaus-2.jpeg","type":"image\/jpeg"}],"author":"Cl\u00e1udia Barbosa","twitter_card":"summary_large_image","twitter_misc":{"Written by":"Cl\u00e1udia Barbosa","Est. reading time":"4 minutos"},"schema":{"@context":"https:\/\/schema.org","@graph":[{"@type":"WebPage","@id":"https:\/\/www.manaus.am.gov.br\/manauscult\/embaixada-da-franca-busca-frentes-de-cooperacao-nas-areas-artistica-e-cultural-com-a-prefeitura-de-manaus\/","url":"https:\/\/www.manaus.am.gov.br\/manauscult\/embaixada-da-franca-busca-frentes-de-cooperacao-nas-areas-artistica-e-cultural-com-a-prefeitura-de-manaus\/","name":"Embaixada da Fran\u00e7a busca frentes de coopera\u00e7\u00e3o nas \u00e1reas art\u00edstica e cultural com a Prefeitura de Manaus - MANAUSCULT","isPartOf":{"@id":"https:\/\/www.manaus.am.gov.br\/manauscult\/#website"},"primaryImageOfPage":{"@id":"https:\/\/www.manaus.am.gov.br\/manauscult\/embaixada-da-franca-busca-frentes-de-cooperacao-nas-areas-artistica-e-cultural-com-a-prefeitura-de-manaus\/#primaryimage"},"image":{"@id":"https:\/\/www.manaus.am.gov.br\/manauscult\/embaixada-da-franca-busca-frentes-de-cooperacao-nas-areas-artistica-e-cultural-com-a-prefeitura-de-manaus\/#primaryimage"},"thumbnailUrl":"https:\/\/www.manaus.am.gov.br\/manauscult\/wp-content\/uploads\/sites\/11\/2023\/08\/Embaixada-da-Franca-busca-frentes-de-cooperacao-nas-areas-artistica-e-cultural-com-a-Prefeitura-de-Manaus-2.jpeg","datePublished":"2023-08-01T17:35:05+00:00","dateModified":"2023-08-01T17:35:06+00:00","author":{"@id":"https:\/\/www.manaus.am.gov.br\/manauscult\/#\/schema\/person\/d0a166b5031154c33c77794ddc9a827e"},"description":"Estreitar os la\u00e7os culturais e art\u00edsticos e buscar poss\u00edveis frentes de coopera\u00e7\u00e3o nessas \u00e1reas. Com esses objetivos, a adida cultural da Embaixada da Fran\u00e7a, Soraya Barne, procurou na noite de segunda-feira, 31\/7, a Prefeitura de Manaus, por meio do diretor-presidente da Funda\u00e7\u00e3o de Cultura, Turismo e Eventos (Manauscult), Osvaldo Cardoso, para debater a rela\u00e7\u00e3o de coopera\u00e7\u00e3o bilateral entre Brasil e Fran\u00e7a.","breadcrumb":{"@id":"https:\/\/www.manaus.am.gov.br\/manauscult\/embaixada-da-franca-busca-frentes-de-cooperacao-nas-areas-artistica-e-cultural-com-a-prefeitura-de-manaus\/#breadcrumb"},"inLanguage":"pt-BR","potentialAction":[{"@type":"ReadAction","target":["https:\/\/www.manaus.am.gov.br\/manauscult\/embaixada-da-franca-busca-frentes-de-cooperacao-nas-areas-artistica-e-cultural-com-a-prefeitura-de-manaus\/"]}]},{"@type":"ImageObject","inLanguage":"pt-BR","@id":"https:\/\/www.manaus.am.gov.br\/manauscult\/embaixada-da-franca-busca-frentes-de-cooperacao-nas-areas-artistica-e-cultural-com-a-prefeitura-de-manaus\/#primaryimage","url":"https:\/\/www.manaus.am.gov.br\/manauscult\/wp-content\/uploads\/sites\/11\/2023\/08\/Embaixada-da-Franca-busca-frentes-de-cooperacao-nas-areas-artistica-e-cultural-com-a-Prefeitura-de-Manaus-2.jpeg","contentUrl":"https:\/\/www.manaus.am.gov.br\/manauscult\/wp-content\/uploads\/sites\/11\/2023\/08\/Embaixada-da-Franca-busca-frentes-de-cooperacao-nas-areas-artistica-e-cultural-com-a-Prefeitura-de-Manaus-2.jpeg","width":1600,"height":1066},{"@type":"BreadcrumbList","@id":"https:\/\/www.manaus.am.gov.br\/manauscult\/embaixada-da-franca-busca-frentes-de-cooperacao-nas-areas-artistica-e-cultural-com-a-prefeitura-de-manaus\/#breadcrumb","itemListElement":[{"@type":"ListItem","position":1,"name":"Home","item":"https:\/\/www.manaus.am.gov.br\/manauscult\/"},{"@type":"ListItem","position":2,"name":"Embaixada da Fran\u00e7a busca frentes de coopera\u00e7\u00e3o nas \u00e1reas art\u00edstica e cultural com a Prefeitura de Manaus"}]},{"@type":"WebSite","@id":"https:\/\/www.manaus.am.gov.br\/manauscult\/#website","url":"https:\/\/www.manaus.am.gov.br\/manauscult\/","name":"MANAUSCULT","description":"Prefeitura de Manaus","potentialAction":[{"@type":"SearchAction","target":{"@type":"EntryPoint","urlTemplate":"https:\/\/www.manaus.am.gov.br\/manauscult\/?s={search_term_string}"},"query-input":"required name=search_term_string"}],"inLanguage":"pt-BR"},{"@type":"Person","@id":"https:\/\/www.manaus.am.gov.br\/manauscult\/#\/schema\/person\/d0a166b5031154c33c77794ddc9a827e","name":"Cl\u00e1udia Barbosa","image":{"@type":"ImageObject","inLanguage":"pt-BR","@id":"https:\/\/www.manaus.am.gov.br\/manauscult\/#\/schema\/person\/image\/","url":"https:\/\/secure.gravatar.com\/avatar\/42958a1cf007f1a00534009218c72590?s=96&d=mm&r=g","contentUrl":"https:\/\/secure.gravatar.com\/avatar\/42958a1cf007f1a00534009218c72590?s=96&d=mm&r=g","caption":"Cl\u00e1udia Barbosa"}}]}},"_links":{"self":[{"href":"https:\/\/www.manaus.am.gov.br\/manauscult\/wp-json\/wp\/v2\/posts\/1101"}],"collection":[{"href":"https:\/\/www.manaus.am.gov.br\/manauscult\/wp-json\/wp\/v2\/posts"}],"about":[{"href":"https:\/\/www.manaus.am.gov.br\/manauscult\/wp-json\/wp\/v2\/types\/post"}],"author":[{"embeddable":true,"href":"https:\/\/www.manaus.am.gov.br\/manauscult\/wp-json\/wp\/v2\/users\/24"}],"replies":[{"embeddable":true,"href":"https:\/\/www.manaus.am.gov.br\/manauscult\/wp-json\/wp\/v2\/comments?post=1101"}],"version-history":[{"count":0,"href":"https:\/\/www.manaus.am.gov.br\/manauscult\/wp-json\/wp\/v2\/posts\/1101\/revisions"}],"wp:featuredmedia":[{"embeddable":true,"href":"https:\/\/www.manaus.am.gov.br\/manauscult\/wp-json\/wp\/v2\/media\/1102"}],"wp:attachment":[{"href":"https:\/\/www.manaus.am.gov.br\/manauscult\/wp-json\/wp\/v2\/media?parent=1101"}],"wp:term":[{"taxonomy":"category","embeddable":true,"href":"https:\/\/www.manaus.am.gov.br\/manauscult\/wp-json\/wp\/v2\/categories?post=1101"},{"taxonomy":"post_tag","embeddable":true,"href":"https:\/\/www.manaus.am.gov.br\/manauscult\/wp-json\/wp\/v2\/tags?post=1101"}],"curies":[{"name":"wp","href":"https:\/\/api.w.org\/{rel}","templated":true}]}}