{"id":1093,"date":"2023-07-28T16:34:53","date_gmt":"2023-07-28T20:34:53","guid":{"rendered":"https:\/\/www.manaus.am.gov.br\/manauscult\/prefeitura-realiza-esquenta-do-soumanaus-e-apoia-mais-35-eventos-neste-fim-de-semana\/"},"modified":"2023-07-28T16:34:55","modified_gmt":"2023-07-28T20:34:55","slug":"prefeitura-realiza-esquenta-do-soumanaus-e-apoia-mais-35-eventos-neste-fim-de-semana","status":"publish","type":"post","link":"https:\/\/www.manaus.am.gov.br\/manauscult\/prefeitura-realiza-esquenta-do-soumanaus-e-apoia-mais-35-eventos-neste-fim-de-semana\/","title":{"rendered":"<strong>Prefeitura realiza \u2018esquenta\u2019 do #SouManaus e apoia mais 35 eventos neste fim de semana<\/strong>"},"content":{"rendered":"\n<p>A Prefeitura de Manaus, por meio da Funda\u00e7\u00e3o Municipal de Cultura, Turismo e Eventos (Manauscult), apoia 36 eventos neste fim de semana na capital amazonense, entre os dias 28 e 30\/7. Dentre os eventos do fim de semana, est\u00e3o o 2\u00ba Esquenta #SouManaus 2023 e os festejos contemplados no edital \u201cFestival Folcl\u00f3rico dos Bairros\u201d.<\/p>\n\n\n\n<p>O diretor-presidente da Manauscult, Osvaldo Cardoso, refor\u00e7a a import\u00e2ncia do apoio da Manauscult aos eventos da cidade.&nbsp;\u201cA realiza\u00e7\u00e3o, tanto do \u2018esquenta\u2019 quanto dos festivais folcl\u00f3ricos de bairros, por exemplo, s\u00e3o um reflexo da preocupa\u00e7\u00e3o da gest\u00e3o do prefeito David Almeida em resgatar as festividades folcl\u00f3ricas tradicionais e levar cultura e lazer para as demais zonas de Manaus. \u00c9 imprescind\u00edvel o apoio da Manauscult aos eventos realizados na cidade, para que a popula\u00e7\u00e3o tenha maior acesso \u00e0 cultura\u201d, ressaltou.<\/p>\n\n\n\n<p>Um dos destaques entre os eventos, que acontecem neste fim de semana, est\u00e1 a 2\u00aa edi\u00e7\u00e3o do \u201cesquenta\u201d, que acontece no dia 30\/7, domingo, a partir das 17h, no bairro Jorge Teixeira, zona Leste, e conta com a presen\u00e7a de artistas locais, como o palha\u00e7o Lero Lero, os cantores Guto Lima, Mayknho, do Feras do Forr\u00f3 e Banda Oz Beb\u00eas. A cantora Joelma, que se apresentaria no evento, teve seu show cancelado por quest\u00f5es de sa\u00fade.<\/p>\n\n\n\n<p>A realiza\u00e7\u00e3o dos \u201cesquentas\u201d vem com o objetivo de descentralizar e democratizar o acesso \u00e0 cultura. A 1\u00aa edi\u00e7\u00e3o aconteceu no conjunto residencial Viver Melhor 1\u00aa etapa, zona Norte.&nbsp;<\/p>\n\n\n\n<p><strong>Programa\u00e7\u00e3o<\/strong><\/p>\n\n\n\n<p>30\/7 \u2013 2\u00ba Esquenta #SouManaus 2023 \u2013 das 17h \u00e0 0h, na pra\u00e7a de alimenta\u00e7\u00e3o do bairro Jorge Teixeira<\/p>\n\n\n\n<p>28, 29 e 30\/7 \u2013 29\u00b0&nbsp;Festival Folcl\u00f3rico do Bairro da Reden\u00e7\u00e3o&nbsp;\u2013 das&nbsp;18h \u00e0 0h, no&nbsp;campo de futebol do CDC da Reden\u00e7\u00e3o, rua Carauari, no bairro Reden\u00e7\u00e3o<\/p>\n\n\n\n<p>28, 29 e 30\/7 \u2013 Festival Folcl\u00f3rico da Cachoeirinha \u2013 das&nbsp;19h \u00e0 0h, na rua Ajuricaba, entre a avenida Borba e Prosamim<\/p>\n\n\n\n<p>29 e 30\/7 \u2013 35\u00ba Arraial da Paz \u2013 das&nbsp;17h \u00e0 1h, na rua Jos\u00e9 de Macedo, esquina com a rua Francisco Melo, bairro Japiinl\u00e2ndia<\/p>\n\n\n\n<p>28, 29 e 30\/7 \u2013 Dan\u00e7a Nordestina Cangaceiros de Lampi\u00e3o \u2013 das&nbsp;18h \u00e0 0h, na avenida Arica, pra\u00e7a Orlando Pimentel, bairro Mauazinho<\/p>\n\n\n\n<p>28, 29 e 30\/7 \u2013 5\u00ba Arraial da rua 2B \u2013 das&nbsp;18h \u00e0 0h, na rua 2B, quadra B, n\u00ba 35, bairro Novo Aleixo<\/p>\n\n\n\n<p>28, 29 e 30\/7 \u2013 Festival Folcl\u00f3rico do Sapeca \u2013 das&nbsp;17h \u00e0 0h, na rua Can\u00e1rio, n\u00ba 77, com Santa Helena, bairro Cidade de Deus<\/p>\n\n\n\n<p>28, 29 e 30\/7 \u2013 Festival Folcl\u00f3rico da rua Chaves Ribeiro \u2013 das&nbsp;18h \u00e0s 03h, entre Kako Kaminha e Pico das \u00c1guas, bairro S\u00e3o Geraldo<\/p>\n\n\n\n<p>29\/7 \u2013 Arraial da rua S\u00e3o Sebasti\u00e3o \u2013 \u00e0s 17h, na rua Maria de M\u00e9dici &#8211; Japiim (pr\u00f3ximo a Manauara Vidros Temperados)<\/p>\n\n\n\n<p>26, 27, 28 e 29\/7 \u2013 Minist\u00e9rio P\u00fablico Resolutivo \u2013 na&nbsp;avenida Coronel Teixeira, n\u00ba 7.995, bairro Nova Esperan\u00e7a<\/p>\n\n\n\n<p>27, 28, 29 e 30\/7\u2013 Barco Show Amazonas \u2013 no P\u00eder do Uiara.<\/p>\n\n\n\n<p>28\/7 \u2013 4\u00ba Arraial do Gigante \u2013 das 9h \u00e0 0h, na rua Rosarinho, trecho com as ruas Olinto Lima e Engenheiro&nbsp;Vilar Fi\u00faza&nbsp;da C\u00e2mara, bairro S\u00e3o Jos\u00e9<\/p>\n\n\n\n<p>28 e 29\/7 \u2013 Quintal Arraial de Rua Amigos da Vasco da Gama \u2013 das 18h \u00e0 0h, na rua Vasco da Gama, bairro Cidade de Deus<\/p>\n\n\n\n<p>28 e 29\/7 \u2013 Arraial da Associa\u00e7\u00e3o de Moradores Nova Jerus\u00e1lem \u2013 das 18h \u00e0 0h, na&nbsp;rua Filemon, n\u00ba 144, bairro Petrop\u00f3lis<\/p>\n\n\n\n<p>28, 29 e 30\/7 \u2013 9\u00ba Arraial do Instituto Naglia Amorim \u2013 das 18h \u00e0s 00h, na rua Rufino de Elizalde, bairro Novo Israel<\/p>\n\n\n\n<p>28 e 29\/7 \u2013 Vila Country \u2013 das 18h \u00e0s 0h, na rua Jasmim de Caiena, bairro Novo Aleixo<\/p>\n\n\n\n<p>28, 29 e 30\/7 \u2013 2\u00ba Arraial da Beija-flor do Norte \u2013 das 17h \u00e0 0h, na quadra do GRES Beija-flor, Alameda Alphaville, bairro Novo Aleixo<\/p>\n\n\n\n<p>28, 29 e 30\/7 \u2013 9\u00ba Festival Folcl\u00f3rico da Fam\u00edlia Jo\u00e3o Liberal \u2013 das 17h \u00e0&nbsp;0h, rua Jo\u00e3o Liberal, s\/n\u00ba, bairro Riacho Doce 1<\/p>\n\n\n\n<p>28 e 29\/7 \u2013 Festa Junina do Manauara I \u2013 das 17h \u00e0 0h, na rua Francisco Moreira (Residencial Manauara), bairro Santa Etelvina<\/p>\n\n\n\n<p>28, 29 e 30\/7 \u2013 Arraial da Ferreira Sobrinho, na rua Ferreira Sobrinho &#8211; Petr\u00f3polis (ao lado da academia Live)<\/p>\n\n\n\n<p>28, 29 e 30\/7 \u2013 7\u00ba Arraial Amigo do S\u00e3o Jos\u00e9 2, na rua Penetra\u00e7\u00e3o, s\/n\u00ba, bairro S\u00e3o Jos\u00e9 2<\/p>\n\n\n\n<p>28 e 29\/7 \u2013 18\u00ba Festival Folcl\u00f3rico da Cachoeirinha \u2013 das 15h \u00e0s 0h, na avenida Mau\u00e9s e Itacoatiara, bairro Cachoeirinha<\/p>\n\n\n\n<p>29\/7 \u2013 Arraial do Mundo Novo \u2013 das 18h \u00e0&nbsp;0h, rua Andr\u00e9 Jo\u00e3o Antonil, comunidade Mundo Novo<\/p>\n\n\n\n<p>29\/7 \u2013 1\u00ba Festival Folcl\u00f3rico da rua 13 de Maio \u2013 das 18h \u00e0 0h, na rua 13 de Maio, bairro Col\u00f4nia Oliveira Machado<\/p>\n\n\n\n<p>29\/7 \u2013 Arraial do ISFAM e Pada \u2013 das 17h \u00e0 0h, na rua Ip\u00ea, s\/n\u00ba, Campo do Asteca,&nbsp;conjunto Jo\u00e3o Bosco, bairro Coroado 3<\/p>\n\n\n\n<p>29\/7 \u2013 1\u00ba Arraial do Instituto Nascimento \u2013 das 16h \u00e0 0h, na&nbsp;rua das Pratas, n\u00ba 71, Gilberto Mestrinho, bairro&nbsp;Nova Vit\u00f3ria<\/p>\n\n\n\n<p>29\/7 \u2013 2\u00ba Congresso Geral da CIIC \u2013 \u00e0s 20h, na&nbsp;<a href=\"https:\/\/www.google.com\/maps\/search\/rua+Tupinamb%C3%A1,+n%C2%BA+119?entry=gmail&amp;source=g\" target=\"_blank\" rel=\"noreferrer noopener\">rua Tupinamb\u00e1, n\u00ba 119<\/a>-B, bairro Nova Cidade<\/p>\n\n\n\n<p>29\/7 \u2013 Arraial Junina Matutos \u2013 \u00e0s 18h, na rua Ayrton Senna, Campo Bela Vista &#8211; Bela Vista\/Puraquequara<\/p>\n\n\n\n<p>29\/7 \u2013 Arraial do Nova Rep\u00fablica \u2013 \u00e0s 20h, na rua Professor Francisco Bacelar, antiga rua A-3, bairro Japiim<\/p>\n\n\n\n<p>29\/7 \u2013 Festividade Miam Church \u2013 \u00e0s 17h, na avenida Santa Isabel, bairro Cachoeirinha<\/p>\n\n\n\n<p>29\/7 \u2013 2\u00aa Edi\u00e7\u00e3o do Arraial do Conjunto Cidad\u00e3o 2 \u2013 \u00e0s 17h, na rua 14, com Coletora \u201cA\u201d, conjunto Cidad\u00e3o 12, bairro Monte das Oliveiras<\/p>\n\n\n\n<p>29\/7 \u2013 Festival Gospel \u2013 \u00e0s 18h, na&nbsp;rua Rio Guapor\u00e9, n\u00ba 102, Gilberto Mestrinho, bairro&nbsp;Nova Vit\u00f3ria<\/p>\n\n\n\n<p>29\/7 \u2013 Festival Andrez\u00e3o \u2013 das 18h \u00e0 0h, na rua Or\u00e1culo, no Campo Arena Areal Andrez\u00e3o, bairro Monte das Oliveiras<\/p>\n\n\n\n<p>29\/7 \u2013 Arraial da Comunidade Nossa Senhora de F\u00e1tima \u2013 das 18h \u00e0 0h, na avenida Tarum\u00e3, bairro Pra\u00e7a 14 de Janeiro<\/p>\n\n\n\n<p>30\/7 \u2013 MiniMisses Amazonas \u2013 das 9h \u00e0s 18h, no CSU do Parque 10 de Novembro<\/p>\n\n\n\n<p>30\/7 \u2013 Encontro de Mulheres Negras Latino Americana \u2013 \u00e0s 18h, na&nbsp;avenida Japur\u00e1, n\u00ba 1362, bairro Pra\u00e7a 14 de Janeiro<\/p>\n\n\n\n<p>&#8212; &#8212; &#8212;<\/p>\n\n\n\n<p><strong>Texto \u2013&nbsp;<\/strong>Clara Gon\u00e7alves \/ Manauscult<\/p>\n\n\n\n<p><strong>Foto \u2013<\/strong>&nbsp;Cl\u00f3vis Miranda \/ Semcom<\/p>\n","protected":false},"excerpt":{"rendered":"","protected":false},"author":24,"featured_media":1094,"comment_status":"closed","ping_status":"closed","sticky":false,"template":"","format":"standard","meta":{"footnotes":""},"categories":[12],"tags":[368,67,149,262,9,10,11],"acf":[],"yoast_head":"<!-- This site is optimized with the Yoast SEO plugin v23.0 - https:\/\/yoast.com\/wordpress\/plugins\/seo\/ -->\n<title>Prefeitura realiza \u2018esquenta\u2019 do #SouManaus e apoia mais 35 eventos neste fim de semana - MANAUSCULT<\/title>\n<meta name=\"description\" content=\"A Prefeitura de Manaus, por meio da Funda\u00e7\u00e3o Municipal de Cultura, Turismo e Eventos (Manauscult), apoia 36 eventos neste fim de semana na capital amazonense, entre os dias 28 e 30\/7.\" \/>\n<meta name=\"robots\" content=\"noindex, follow\" \/>\n<meta property=\"og:locale\" content=\"pt_BR\" \/>\n<meta property=\"og:type\" content=\"article\" \/>\n<meta property=\"og:title\" content=\"Prefeitura realiza \u2018esquenta\u2019 do #SouManaus e apoia mais 35 eventos neste fim de semana - MANAUSCULT\" \/>\n<meta property=\"og:description\" content=\"A Prefeitura de Manaus, por meio da Funda\u00e7\u00e3o Municipal de Cultura, Turismo e Eventos (Manauscult), apoia 36 eventos neste fim de semana na capital amazonense, entre os dias 28 e 30\/7.\" \/>\n<meta property=\"og:url\" content=\"https:\/\/www.manaus.am.gov.br\/manauscult\/prefeitura-realiza-esquenta-do-soumanaus-e-apoia-mais-35-eventos-neste-fim-de-semana\/\" \/>\n<meta property=\"og:site_name\" content=\"MANAUSCULT\" \/>\n<meta property=\"article:published_time\" content=\"2023-07-28T20:34:53+00:00\" \/>\n<meta property=\"article:modified_time\" content=\"2023-07-28T20:34:55+00:00\" \/>\n<meta property=\"og:image\" content=\"https:\/\/www.manaus.am.gov.br\/manauscult\/wp-content\/uploads\/sites\/11\/2023\/07\/Prefeitura-realiza-esquenta-do-SouManaus-e-apoia-mais-35-eventos-neste-fim-de-semana.jpeg\" \/>\n\t<meta property=\"og:image:width\" content=\"1600\" \/>\n\t<meta property=\"og:image:height\" content=\"1066\" \/>\n\t<meta property=\"og:image:type\" content=\"image\/jpeg\" \/>\n<meta name=\"author\" content=\"Cl\u00e1udia Barbosa\" \/>\n<meta name=\"twitter:card\" content=\"summary_large_image\" \/>\n<meta name=\"twitter:label1\" content=\"Written by\" \/>\n\t<meta name=\"twitter:data1\" content=\"Cl\u00e1udia Barbosa\" \/>\n\t<meta name=\"twitter:label2\" content=\"Est. reading time\" \/>\n\t<meta name=\"twitter:data2\" content=\"6 minutos\" \/>\n<script type=\"application\/ld+json\" class=\"yoast-schema-graph\">{\"@context\":\"https:\/\/schema.org\",\"@graph\":[{\"@type\":\"WebPage\",\"@id\":\"https:\/\/www.manaus.am.gov.br\/manauscult\/prefeitura-realiza-esquenta-do-soumanaus-e-apoia-mais-35-eventos-neste-fim-de-semana\/\",\"url\":\"https:\/\/www.manaus.am.gov.br\/manauscult\/prefeitura-realiza-esquenta-do-soumanaus-e-apoia-mais-35-eventos-neste-fim-de-semana\/\",\"name\":\"Prefeitura realiza \u2018esquenta\u2019 do #SouManaus e apoia mais 35 eventos neste fim de semana - MANAUSCULT\",\"isPartOf\":{\"@id\":\"https:\/\/www.manaus.am.gov.br\/manauscult\/#website\"},\"primaryImageOfPage\":{\"@id\":\"https:\/\/www.manaus.am.gov.br\/manauscult\/prefeitura-realiza-esquenta-do-soumanaus-e-apoia-mais-35-eventos-neste-fim-de-semana\/#primaryimage\"},\"image\":{\"@id\":\"https:\/\/www.manaus.am.gov.br\/manauscult\/prefeitura-realiza-esquenta-do-soumanaus-e-apoia-mais-35-eventos-neste-fim-de-semana\/#primaryimage\"},\"thumbnailUrl\":\"https:\/\/www.manaus.am.gov.br\/manauscult\/wp-content\/uploads\/sites\/11\/2023\/07\/Prefeitura-realiza-esquenta-do-SouManaus-e-apoia-mais-35-eventos-neste-fim-de-semana.jpeg\",\"datePublished\":\"2023-07-28T20:34:53+00:00\",\"dateModified\":\"2023-07-28T20:34:55+00:00\",\"author\":{\"@id\":\"https:\/\/www.manaus.am.gov.br\/manauscult\/#\/schema\/person\/d0a166b5031154c33c77794ddc9a827e\"},\"description\":\"A Prefeitura de Manaus, por meio da Funda\u00e7\u00e3o Municipal de Cultura, Turismo e Eventos (Manauscult), apoia 36 eventos neste fim de semana na capital amazonense, entre os dias 28 e 30\/7.\",\"breadcrumb\":{\"@id\":\"https:\/\/www.manaus.am.gov.br\/manauscult\/prefeitura-realiza-esquenta-do-soumanaus-e-apoia-mais-35-eventos-neste-fim-de-semana\/#breadcrumb\"},\"inLanguage\":\"pt-BR\",\"potentialAction\":[{\"@type\":\"ReadAction\",\"target\":[\"https:\/\/www.manaus.am.gov.br\/manauscult\/prefeitura-realiza-esquenta-do-soumanaus-e-apoia-mais-35-eventos-neste-fim-de-semana\/\"]}]},{\"@type\":\"ImageObject\",\"inLanguage\":\"pt-BR\",\"@id\":\"https:\/\/www.manaus.am.gov.br\/manauscult\/prefeitura-realiza-esquenta-do-soumanaus-e-apoia-mais-35-eventos-neste-fim-de-semana\/#primaryimage\",\"url\":\"https:\/\/www.manaus.am.gov.br\/manauscult\/wp-content\/uploads\/sites\/11\/2023\/07\/Prefeitura-realiza-esquenta-do-SouManaus-e-apoia-mais-35-eventos-neste-fim-de-semana.jpeg\",\"contentUrl\":\"https:\/\/www.manaus.am.gov.br\/manauscult\/wp-content\/uploads\/sites\/11\/2023\/07\/Prefeitura-realiza-esquenta-do-SouManaus-e-apoia-mais-35-eventos-neste-fim-de-semana.jpeg\",\"width\":1600,\"height\":1066},{\"@type\":\"BreadcrumbList\",\"@id\":\"https:\/\/www.manaus.am.gov.br\/manauscult\/prefeitura-realiza-esquenta-do-soumanaus-e-apoia-mais-35-eventos-neste-fim-de-semana\/#breadcrumb\",\"itemListElement\":[{\"@type\":\"ListItem\",\"position\":1,\"name\":\"Home\",\"item\":\"https:\/\/www.manaus.am.gov.br\/manauscult\/\"},{\"@type\":\"ListItem\",\"position\":2,\"name\":\"Prefeitura realiza \u2018esquenta\u2019 do #SouManaus e apoia mais 35 eventos neste fim de semana\"}]},{\"@type\":\"WebSite\",\"@id\":\"https:\/\/www.manaus.am.gov.br\/manauscult\/#website\",\"url\":\"https:\/\/www.manaus.am.gov.br\/manauscult\/\",\"name\":\"MANAUSCULT\",\"description\":\"Prefeitura de Manaus\",\"potentialAction\":[{\"@type\":\"SearchAction\",\"target\":{\"@type\":\"EntryPoint\",\"urlTemplate\":\"https:\/\/www.manaus.am.gov.br\/manauscult\/?s={search_term_string}\"},\"query-input\":\"required name=search_term_string\"}],\"inLanguage\":\"pt-BR\"},{\"@type\":\"Person\",\"@id\":\"https:\/\/www.manaus.am.gov.br\/manauscult\/#\/schema\/person\/d0a166b5031154c33c77794ddc9a827e\",\"name\":\"Cl\u00e1udia Barbosa\",\"image\":{\"@type\":\"ImageObject\",\"inLanguage\":\"pt-BR\",\"@id\":\"https:\/\/www.manaus.am.gov.br\/manauscult\/#\/schema\/person\/image\/\",\"url\":\"https:\/\/secure.gravatar.com\/avatar\/42958a1cf007f1a00534009218c72590?s=96&d=mm&r=g\",\"contentUrl\":\"https:\/\/secure.gravatar.com\/avatar\/42958a1cf007f1a00534009218c72590?s=96&d=mm&r=g\",\"caption\":\"Cl\u00e1udia Barbosa\"}}]}<\/script>\n<!-- \/ Yoast SEO plugin. -->","yoast_head_json":{"title":"Prefeitura realiza \u2018esquenta\u2019 do #SouManaus e apoia mais 35 eventos neste fim de semana - MANAUSCULT","description":"A Prefeitura de Manaus, por meio da Funda\u00e7\u00e3o Municipal de Cultura, Turismo e Eventos (Manauscult), apoia 36 eventos neste fim de semana na capital amazonense, entre os dias 28 e 30\/7.","robots":{"index":"noindex","follow":"follow"},"og_locale":"pt_BR","og_type":"article","og_title":"Prefeitura realiza \u2018esquenta\u2019 do #SouManaus e apoia mais 35 eventos neste fim de semana - MANAUSCULT","og_description":"A Prefeitura de Manaus, por meio da Funda\u00e7\u00e3o Municipal de Cultura, Turismo e Eventos (Manauscult), apoia 36 eventos neste fim de semana na capital amazonense, entre os dias 28 e 30\/7.","og_url":"https:\/\/www.manaus.am.gov.br\/manauscult\/prefeitura-realiza-esquenta-do-soumanaus-e-apoia-mais-35-eventos-neste-fim-de-semana\/","og_site_name":"MANAUSCULT","article_published_time":"2023-07-28T20:34:53+00:00","article_modified_time":"2023-07-28T20:34:55+00:00","og_image":[{"width":1600,"height":1066,"url":"https:\/\/www.manaus.am.gov.br\/manauscult\/wp-content\/uploads\/sites\/11\/2023\/07\/Prefeitura-realiza-esquenta-do-SouManaus-e-apoia-mais-35-eventos-neste-fim-de-semana.jpeg","type":"image\/jpeg"}],"author":"Cl\u00e1udia Barbosa","twitter_card":"summary_large_image","twitter_misc":{"Written by":"Cl\u00e1udia Barbosa","Est. reading time":"6 minutos"},"schema":{"@context":"https:\/\/schema.org","@graph":[{"@type":"WebPage","@id":"https:\/\/www.manaus.am.gov.br\/manauscult\/prefeitura-realiza-esquenta-do-soumanaus-e-apoia-mais-35-eventos-neste-fim-de-semana\/","url":"https:\/\/www.manaus.am.gov.br\/manauscult\/prefeitura-realiza-esquenta-do-soumanaus-e-apoia-mais-35-eventos-neste-fim-de-semana\/","name":"Prefeitura realiza \u2018esquenta\u2019 do #SouManaus e apoia mais 35 eventos neste fim de semana - MANAUSCULT","isPartOf":{"@id":"https:\/\/www.manaus.am.gov.br\/manauscult\/#website"},"primaryImageOfPage":{"@id":"https:\/\/www.manaus.am.gov.br\/manauscult\/prefeitura-realiza-esquenta-do-soumanaus-e-apoia-mais-35-eventos-neste-fim-de-semana\/#primaryimage"},"image":{"@id":"https:\/\/www.manaus.am.gov.br\/manauscult\/prefeitura-realiza-esquenta-do-soumanaus-e-apoia-mais-35-eventos-neste-fim-de-semana\/#primaryimage"},"thumbnailUrl":"https:\/\/www.manaus.am.gov.br\/manauscult\/wp-content\/uploads\/sites\/11\/2023\/07\/Prefeitura-realiza-esquenta-do-SouManaus-e-apoia-mais-35-eventos-neste-fim-de-semana.jpeg","datePublished":"2023-07-28T20:34:53+00:00","dateModified":"2023-07-28T20:34:55+00:00","author":{"@id":"https:\/\/www.manaus.am.gov.br\/manauscult\/#\/schema\/person\/d0a166b5031154c33c77794ddc9a827e"},"description":"A Prefeitura de Manaus, por meio da Funda\u00e7\u00e3o Municipal de Cultura, Turismo e Eventos (Manauscult), apoia 36 eventos neste fim de semana na capital amazonense, entre os dias 28 e 30\/7.","breadcrumb":{"@id":"https:\/\/www.manaus.am.gov.br\/manauscult\/prefeitura-realiza-esquenta-do-soumanaus-e-apoia-mais-35-eventos-neste-fim-de-semana\/#breadcrumb"},"inLanguage":"pt-BR","potentialAction":[{"@type":"ReadAction","target":["https:\/\/www.manaus.am.gov.br\/manauscult\/prefeitura-realiza-esquenta-do-soumanaus-e-apoia-mais-35-eventos-neste-fim-de-semana\/"]}]},{"@type":"ImageObject","inLanguage":"pt-BR","@id":"https:\/\/www.manaus.am.gov.br\/manauscult\/prefeitura-realiza-esquenta-do-soumanaus-e-apoia-mais-35-eventos-neste-fim-de-semana\/#primaryimage","url":"https:\/\/www.manaus.am.gov.br\/manauscult\/wp-content\/uploads\/sites\/11\/2023\/07\/Prefeitura-realiza-esquenta-do-SouManaus-e-apoia-mais-35-eventos-neste-fim-de-semana.jpeg","contentUrl":"https:\/\/www.manaus.am.gov.br\/manauscult\/wp-content\/uploads\/sites\/11\/2023\/07\/Prefeitura-realiza-esquenta-do-SouManaus-e-apoia-mais-35-eventos-neste-fim-de-semana.jpeg","width":1600,"height":1066},{"@type":"BreadcrumbList","@id":"https:\/\/www.manaus.am.gov.br\/manauscult\/prefeitura-realiza-esquenta-do-soumanaus-e-apoia-mais-35-eventos-neste-fim-de-semana\/#breadcrumb","itemListElement":[{"@type":"ListItem","position":1,"name":"Home","item":"https:\/\/www.manaus.am.gov.br\/manauscult\/"},{"@type":"ListItem","position":2,"name":"Prefeitura realiza \u2018esquenta\u2019 do #SouManaus e apoia mais 35 eventos neste fim de semana"}]},{"@type":"WebSite","@id":"https:\/\/www.manaus.am.gov.br\/manauscult\/#website","url":"https:\/\/www.manaus.am.gov.br\/manauscult\/","name":"MANAUSCULT","description":"Prefeitura de Manaus","potentialAction":[{"@type":"SearchAction","target":{"@type":"EntryPoint","urlTemplate":"https:\/\/www.manaus.am.gov.br\/manauscult\/?s={search_term_string}"},"query-input":"required name=search_term_string"}],"inLanguage":"pt-BR"},{"@type":"Person","@id":"https:\/\/www.manaus.am.gov.br\/manauscult\/#\/schema\/person\/d0a166b5031154c33c77794ddc9a827e","name":"Cl\u00e1udia Barbosa","image":{"@type":"ImageObject","inLanguage":"pt-BR","@id":"https:\/\/www.manaus.am.gov.br\/manauscult\/#\/schema\/person\/image\/","url":"https:\/\/secure.gravatar.com\/avatar\/42958a1cf007f1a00534009218c72590?s=96&d=mm&r=g","contentUrl":"https:\/\/secure.gravatar.com\/avatar\/42958a1cf007f1a00534009218c72590?s=96&d=mm&r=g","caption":"Cl\u00e1udia Barbosa"}}]}},"_links":{"self":[{"href":"https:\/\/www.manaus.am.gov.br\/manauscult\/wp-json\/wp\/v2\/posts\/1093"}],"collection":[{"href":"https:\/\/www.manaus.am.gov.br\/manauscult\/wp-json\/wp\/v2\/posts"}],"about":[{"href":"https:\/\/www.manaus.am.gov.br\/manauscult\/wp-json\/wp\/v2\/types\/post"}],"author":[{"embeddable":true,"href":"https:\/\/www.manaus.am.gov.br\/manauscult\/wp-json\/wp\/v2\/users\/24"}],"replies":[{"embeddable":true,"href":"https:\/\/www.manaus.am.gov.br\/manauscult\/wp-json\/wp\/v2\/comments?post=1093"}],"version-history":[{"count":0,"href":"https:\/\/www.manaus.am.gov.br\/manauscult\/wp-json\/wp\/v2\/posts\/1093\/revisions"}],"wp:featuredmedia":[{"embeddable":true,"href":"https:\/\/www.manaus.am.gov.br\/manauscult\/wp-json\/wp\/v2\/media\/1094"}],"wp:attachment":[{"href":"https:\/\/www.manaus.am.gov.br\/manauscult\/wp-json\/wp\/v2\/media?parent=1093"}],"wp:term":[{"taxonomy":"category","embeddable":true,"href":"https:\/\/www.manaus.am.gov.br\/manauscult\/wp-json\/wp\/v2\/categories?post=1093"},{"taxonomy":"post_tag","embeddable":true,"href":"https:\/\/www.manaus.am.gov.br\/manauscult\/wp-json\/wp\/v2\/tags?post=1093"}],"curies":[{"name":"wp","href":"https:\/\/api.w.org\/{rel}","templated":true}]}}