{"id":1091,"date":"2023-07-28T16:31:36","date_gmt":"2023-07-28T20:31:36","guid":{"rendered":"https:\/\/www.manaus.am.gov.br\/manauscult\/prefeitura-e-eamaar-alinham-receptivo-a-pessoas-com-deficiencia-no-soumanaus-passo-a-paco-2023\/"},"modified":"2023-07-28T16:31:37","modified_gmt":"2023-07-28T20:31:37","slug":"prefeitura-e-eamaar-alinham-receptivo-a-pessoas-com-deficiencia-no-soumanaus-passo-a-paco-2023","status":"publish","type":"post","link":"https:\/\/www.manaus.am.gov.br\/manauscult\/prefeitura-e-eamaar-alinham-receptivo-a-pessoas-com-deficiencia-no-soumanaus-passo-a-paco-2023\/","title":{"rendered":"Prefeitura e Eamaar alinham receptivo a pessoas com defici\u00eancia no \u2018#SouManaus Passo a Pa\u00e7o 2023\u2019"},"content":{"rendered":"\n<p>Pensando na comodidade das Pessoas com Defici\u00eancia (PcDs) que queiram prestigiar o \u201c#SouManaus Passo a Pa\u00e7o 2023\u201d, a Prefeitura de Manaus, por meio da Funda\u00e7\u00e3o de Cultura, Turismo e Eventos (Manauscult), alinhou, nesta sexta-feira, 28\/7, com o Espa\u00e7o de Atendimento Multidisciplinar ao Autista Amigo Ruy (Eamaar), a recep\u00e7\u00e3o deste p\u00fablico, durante os tr\u00eas dias de festival, de 5 a 7 de setembro, no centro hist\u00f3rico da cidade.<\/p>\n\n\n\n<p><br>O diretor-presidente da Manauscult, Osvaldo Cardoso, falou sobre a preocupa\u00e7\u00e3o em oferecer um atendimento especial \u00e0s Pessoas com Defici\u00eancia durante o festival.<\/p>\n\n\n\n<p><br>\u201cO #SouManaus est\u00e1 chegando e a gente veio aqui no Eamaar, que tem uma equipe maravilhosa, multidisciplinar e uma vasta experi\u00eancia neste tipo de atendimento. Por isso, eles v\u00e3o cuidar do receptivo das crian\u00e7as e das pessoas com defici\u00eancia que desejam prestigiar o evento. Queremos oferecer comodidade, conforto e respeito a esse p\u00fablico. E nada melhor do que trabalhar com quem \u00e9 especialista nesta \u00e1rea\u201d, frisou.<\/p>\n\n\n\n<p><br>Para o presidente do Eamaar, psic\u00f3logo Alexandre Gald, essa vis\u00e3o da inclus\u00e3o e acessibilidade, mostra como a gest\u00e3o do prefeito e a Manauscult se preocupam, de fato, com todos os p\u00fablicos.<\/p>\n\n\n\n<p><br>\u201cUm evento desse porte, que vai atrair uma multid\u00e3o, precisa, com certeza, pensar na acessibilidade. Ent\u00e3o, \u00e9 importante esse cuidado que a prefeitura est\u00e1 tendo de fazer uma \u00e1rea e se colocar no lugar do outro. Isso demonstra a gest\u00e3o humanizada do prefeito David Almeida e do presidente Osvaldo Cardoso\u201d, pontuou.<\/p>\n\n\n\n<p><br><strong>Eamaar<\/strong><br><br>Em atividade h\u00e1 12 anos, o Eamaar \u00e9 o \u00fanico espa\u00e7o p\u00fablico do Brasil, especializado em atendimento a pessoa com&nbsp;transtorno do espectro&nbsp;autista.<\/p>\n\n\n\n<p>&#8212; &#8212; &#8212;<\/p>\n\n\n\n<p><strong>Texto<\/strong>&nbsp;&#8211; Moara Cabral \/ Manauscult&nbsp;&nbsp;<\/p>\n\n\n\n<p><strong>Foto<\/strong>&nbsp;&#8211; Oliveira J\u00fanior&nbsp;\/ Manauscult&nbsp;<\/p>\n","protected":false},"excerpt":{"rendered":"","protected":false},"author":31,"featured_media":1092,"comment_status":"closed","ping_status":"closed","sticky":false,"template":"","format":"standard","meta":{"footnotes":""},"categories":[364],"tags":[168,365,366,367],"acf":[],"yoast_head":"<!-- This site is optimized with the Yoast SEO plugin v23.0 - https:\/\/yoast.com\/wordpress\/plugins\/seo\/ -->\n<title>Prefeitura e Eamaar alinham receptivo a pessoas com defici\u00eancia no \u2018#SouManaus Passo a Pa\u00e7o 2023\u2019 - MANAUSCULT<\/title>\n<meta name=\"robots\" content=\"noindex, follow\" \/>\n<meta property=\"og:locale\" content=\"pt_BR\" \/>\n<meta property=\"og:type\" content=\"article\" \/>\n<meta property=\"og:title\" content=\"Prefeitura e Eamaar alinham receptivo a pessoas com defici\u00eancia no \u2018#SouManaus Passo a Pa\u00e7o 2023\u2019 - MANAUSCULT\" \/>\n<meta property=\"og:url\" content=\"https:\/\/www.manaus.am.gov.br\/manauscult\/prefeitura-e-eamaar-alinham-receptivo-a-pessoas-com-deficiencia-no-soumanaus-passo-a-paco-2023\/\" \/>\n<meta property=\"og:site_name\" content=\"MANAUSCULT\" \/>\n<meta property=\"article:published_time\" content=\"2023-07-28T20:31:36+00:00\" \/>\n<meta property=\"article:modified_time\" content=\"2023-07-28T20:31:37+00:00\" \/>\n<meta property=\"og:image\" content=\"https:\/\/www.manaus.am.gov.br\/manauscult\/wp-content\/uploads\/sites\/11\/2023\/07\/MG_0894-1024x683.jpg\" \/>\n\t<meta property=\"og:image:width\" content=\"1024\" \/>\n\t<meta property=\"og:image:height\" content=\"683\" \/>\n\t<meta property=\"og:image:type\" content=\"image\/jpeg\" \/>\n<meta name=\"author\" content=\"Renata Felix\" \/>\n<meta name=\"twitter:card\" content=\"summary_large_image\" \/>\n<meta name=\"twitter:label1\" content=\"Written by\" \/>\n\t<meta name=\"twitter:data1\" content=\"Renata Felix\" \/>\n\t<meta name=\"twitter:label2\" content=\"Est. reading time\" \/>\n\t<meta name=\"twitter:data2\" content=\"2 minutos\" \/>\n<script type=\"application\/ld+json\" class=\"yoast-schema-graph\">{\"@context\":\"https:\/\/schema.org\",\"@graph\":[{\"@type\":\"WebPage\",\"@id\":\"https:\/\/www.manaus.am.gov.br\/manauscult\/prefeitura-e-eamaar-alinham-receptivo-a-pessoas-com-deficiencia-no-soumanaus-passo-a-paco-2023\/\",\"url\":\"https:\/\/www.manaus.am.gov.br\/manauscult\/prefeitura-e-eamaar-alinham-receptivo-a-pessoas-com-deficiencia-no-soumanaus-passo-a-paco-2023\/\",\"name\":\"Prefeitura e Eamaar alinham receptivo a pessoas com defici\u00eancia no \u2018#SouManaus Passo a Pa\u00e7o 2023\u2019 - MANAUSCULT\",\"isPartOf\":{\"@id\":\"https:\/\/www.manaus.am.gov.br\/manauscult\/#website\"},\"primaryImageOfPage\":{\"@id\":\"https:\/\/www.manaus.am.gov.br\/manauscult\/prefeitura-e-eamaar-alinham-receptivo-a-pessoas-com-deficiencia-no-soumanaus-passo-a-paco-2023\/#primaryimage\"},\"image\":{\"@id\":\"https:\/\/www.manaus.am.gov.br\/manauscult\/prefeitura-e-eamaar-alinham-receptivo-a-pessoas-com-deficiencia-no-soumanaus-passo-a-paco-2023\/#primaryimage\"},\"thumbnailUrl\":\"https:\/\/www.manaus.am.gov.br\/manauscult\/wp-content\/uploads\/sites\/11\/2023\/07\/MG_0894.jpg\",\"datePublished\":\"2023-07-28T20:31:36+00:00\",\"dateModified\":\"2023-07-28T20:31:37+00:00\",\"author\":{\"@id\":\"https:\/\/www.manaus.am.gov.br\/manauscult\/#\/schema\/person\/4eea2a8f78dc853097abb026f728aa06\"},\"breadcrumb\":{\"@id\":\"https:\/\/www.manaus.am.gov.br\/manauscult\/prefeitura-e-eamaar-alinham-receptivo-a-pessoas-com-deficiencia-no-soumanaus-passo-a-paco-2023\/#breadcrumb\"},\"inLanguage\":\"pt-BR\",\"potentialAction\":[{\"@type\":\"ReadAction\",\"target\":[\"https:\/\/www.manaus.am.gov.br\/manauscult\/prefeitura-e-eamaar-alinham-receptivo-a-pessoas-com-deficiencia-no-soumanaus-passo-a-paco-2023\/\"]}]},{\"@type\":\"ImageObject\",\"inLanguage\":\"pt-BR\",\"@id\":\"https:\/\/www.manaus.am.gov.br\/manauscult\/prefeitura-e-eamaar-alinham-receptivo-a-pessoas-com-deficiencia-no-soumanaus-passo-a-paco-2023\/#primaryimage\",\"url\":\"https:\/\/www.manaus.am.gov.br\/manauscult\/wp-content\/uploads\/sites\/11\/2023\/07\/MG_0894.jpg\",\"contentUrl\":\"https:\/\/www.manaus.am.gov.br\/manauscult\/wp-content\/uploads\/sites\/11\/2023\/07\/MG_0894.jpg\",\"width\":6000,\"height\":4000},{\"@type\":\"BreadcrumbList\",\"@id\":\"https:\/\/www.manaus.am.gov.br\/manauscult\/prefeitura-e-eamaar-alinham-receptivo-a-pessoas-com-deficiencia-no-soumanaus-passo-a-paco-2023\/#breadcrumb\",\"itemListElement\":[{\"@type\":\"ListItem\",\"position\":1,\"name\":\"Home\",\"item\":\"https:\/\/www.manaus.am.gov.br\/manauscult\/\"},{\"@type\":\"ListItem\",\"position\":2,\"name\":\"Prefeitura e Eamaar alinham receptivo a pessoas com defici\u00eancia no \u2018#SouManaus Passo a Pa\u00e7o 2023\u2019\"}]},{\"@type\":\"WebSite\",\"@id\":\"https:\/\/www.manaus.am.gov.br\/manauscult\/#website\",\"url\":\"https:\/\/www.manaus.am.gov.br\/manauscult\/\",\"name\":\"MANAUSCULT\",\"description\":\"Prefeitura de Manaus\",\"potentialAction\":[{\"@type\":\"SearchAction\",\"target\":{\"@type\":\"EntryPoint\",\"urlTemplate\":\"https:\/\/www.manaus.am.gov.br\/manauscult\/?s={search_term_string}\"},\"query-input\":\"required name=search_term_string\"}],\"inLanguage\":\"pt-BR\"},{\"@type\":\"Person\",\"@id\":\"https:\/\/www.manaus.am.gov.br\/manauscult\/#\/schema\/person\/4eea2a8f78dc853097abb026f728aa06\",\"name\":\"Renata Felix\",\"image\":{\"@type\":\"ImageObject\",\"inLanguage\":\"pt-BR\",\"@id\":\"https:\/\/www.manaus.am.gov.br\/manauscult\/#\/schema\/person\/image\/\",\"url\":\"https:\/\/secure.gravatar.com\/avatar\/3c196cf9d3b837b24c8edb2c50fd8f29?s=96&d=mm&r=g\",\"contentUrl\":\"https:\/\/secure.gravatar.com\/avatar\/3c196cf9d3b837b24c8edb2c50fd8f29?s=96&d=mm&r=g\",\"caption\":\"Renata Felix\"}}]}<\/script>\n<!-- \/ Yoast SEO plugin. -->","yoast_head_json":{"title":"Prefeitura e Eamaar alinham receptivo a pessoas com defici\u00eancia no \u2018#SouManaus Passo a Pa\u00e7o 2023\u2019 - MANAUSCULT","robots":{"index":"noindex","follow":"follow"},"og_locale":"pt_BR","og_type":"article","og_title":"Prefeitura e Eamaar alinham receptivo a pessoas com defici\u00eancia no \u2018#SouManaus Passo a Pa\u00e7o 2023\u2019 - MANAUSCULT","og_url":"https:\/\/www.manaus.am.gov.br\/manauscult\/prefeitura-e-eamaar-alinham-receptivo-a-pessoas-com-deficiencia-no-soumanaus-passo-a-paco-2023\/","og_site_name":"MANAUSCULT","article_published_time":"2023-07-28T20:31:36+00:00","article_modified_time":"2023-07-28T20:31:37+00:00","og_image":[{"width":1024,"height":683,"url":"https:\/\/www.manaus.am.gov.br\/manauscult\/wp-content\/uploads\/sites\/11\/2023\/07\/MG_0894-1024x683.jpg","type":"image\/jpeg"}],"author":"Renata Felix","twitter_card":"summary_large_image","twitter_misc":{"Written by":"Renata Felix","Est. reading time":"2 minutos"},"schema":{"@context":"https:\/\/schema.org","@graph":[{"@type":"WebPage","@id":"https:\/\/www.manaus.am.gov.br\/manauscult\/prefeitura-e-eamaar-alinham-receptivo-a-pessoas-com-deficiencia-no-soumanaus-passo-a-paco-2023\/","url":"https:\/\/www.manaus.am.gov.br\/manauscult\/prefeitura-e-eamaar-alinham-receptivo-a-pessoas-com-deficiencia-no-soumanaus-passo-a-paco-2023\/","name":"Prefeitura e Eamaar alinham receptivo a pessoas com defici\u00eancia no \u2018#SouManaus Passo a Pa\u00e7o 2023\u2019 - MANAUSCULT","isPartOf":{"@id":"https:\/\/www.manaus.am.gov.br\/manauscult\/#website"},"primaryImageOfPage":{"@id":"https:\/\/www.manaus.am.gov.br\/manauscult\/prefeitura-e-eamaar-alinham-receptivo-a-pessoas-com-deficiencia-no-soumanaus-passo-a-paco-2023\/#primaryimage"},"image":{"@id":"https:\/\/www.manaus.am.gov.br\/manauscult\/prefeitura-e-eamaar-alinham-receptivo-a-pessoas-com-deficiencia-no-soumanaus-passo-a-paco-2023\/#primaryimage"},"thumbnailUrl":"https:\/\/www.manaus.am.gov.br\/manauscult\/wp-content\/uploads\/sites\/11\/2023\/07\/MG_0894.jpg","datePublished":"2023-07-28T20:31:36+00:00","dateModified":"2023-07-28T20:31:37+00:00","author":{"@id":"https:\/\/www.manaus.am.gov.br\/manauscult\/#\/schema\/person\/4eea2a8f78dc853097abb026f728aa06"},"breadcrumb":{"@id":"https:\/\/www.manaus.am.gov.br\/manauscult\/prefeitura-e-eamaar-alinham-receptivo-a-pessoas-com-deficiencia-no-soumanaus-passo-a-paco-2023\/#breadcrumb"},"inLanguage":"pt-BR","potentialAction":[{"@type":"ReadAction","target":["https:\/\/www.manaus.am.gov.br\/manauscult\/prefeitura-e-eamaar-alinham-receptivo-a-pessoas-com-deficiencia-no-soumanaus-passo-a-paco-2023\/"]}]},{"@type":"ImageObject","inLanguage":"pt-BR","@id":"https:\/\/www.manaus.am.gov.br\/manauscult\/prefeitura-e-eamaar-alinham-receptivo-a-pessoas-com-deficiencia-no-soumanaus-passo-a-paco-2023\/#primaryimage","url":"https:\/\/www.manaus.am.gov.br\/manauscult\/wp-content\/uploads\/sites\/11\/2023\/07\/MG_0894.jpg","contentUrl":"https:\/\/www.manaus.am.gov.br\/manauscult\/wp-content\/uploads\/sites\/11\/2023\/07\/MG_0894.jpg","width":6000,"height":4000},{"@type":"BreadcrumbList","@id":"https:\/\/www.manaus.am.gov.br\/manauscult\/prefeitura-e-eamaar-alinham-receptivo-a-pessoas-com-deficiencia-no-soumanaus-passo-a-paco-2023\/#breadcrumb","itemListElement":[{"@type":"ListItem","position":1,"name":"Home","item":"https:\/\/www.manaus.am.gov.br\/manauscult\/"},{"@type":"ListItem","position":2,"name":"Prefeitura e Eamaar alinham receptivo a pessoas com defici\u00eancia no \u2018#SouManaus Passo a Pa\u00e7o 2023\u2019"}]},{"@type":"WebSite","@id":"https:\/\/www.manaus.am.gov.br\/manauscult\/#website","url":"https:\/\/www.manaus.am.gov.br\/manauscult\/","name":"MANAUSCULT","description":"Prefeitura de Manaus","potentialAction":[{"@type":"SearchAction","target":{"@type":"EntryPoint","urlTemplate":"https:\/\/www.manaus.am.gov.br\/manauscult\/?s={search_term_string}"},"query-input":"required name=search_term_string"}],"inLanguage":"pt-BR"},{"@type":"Person","@id":"https:\/\/www.manaus.am.gov.br\/manauscult\/#\/schema\/person\/4eea2a8f78dc853097abb026f728aa06","name":"Renata Felix","image":{"@type":"ImageObject","inLanguage":"pt-BR","@id":"https:\/\/www.manaus.am.gov.br\/manauscult\/#\/schema\/person\/image\/","url":"https:\/\/secure.gravatar.com\/avatar\/3c196cf9d3b837b24c8edb2c50fd8f29?s=96&d=mm&r=g","contentUrl":"https:\/\/secure.gravatar.com\/avatar\/3c196cf9d3b837b24c8edb2c50fd8f29?s=96&d=mm&r=g","caption":"Renata Felix"}}]}},"_links":{"self":[{"href":"https:\/\/www.manaus.am.gov.br\/manauscult\/wp-json\/wp\/v2\/posts\/1091"}],"collection":[{"href":"https:\/\/www.manaus.am.gov.br\/manauscult\/wp-json\/wp\/v2\/posts"}],"about":[{"href":"https:\/\/www.manaus.am.gov.br\/manauscult\/wp-json\/wp\/v2\/types\/post"}],"author":[{"embeddable":true,"href":"https:\/\/www.manaus.am.gov.br\/manauscult\/wp-json\/wp\/v2\/users\/31"}],"replies":[{"embeddable":true,"href":"https:\/\/www.manaus.am.gov.br\/manauscult\/wp-json\/wp\/v2\/comments?post=1091"}],"version-history":[{"count":0,"href":"https:\/\/www.manaus.am.gov.br\/manauscult\/wp-json\/wp\/v2\/posts\/1091\/revisions"}],"wp:featuredmedia":[{"embeddable":true,"href":"https:\/\/www.manaus.am.gov.br\/manauscult\/wp-json\/wp\/v2\/media\/1092"}],"wp:attachment":[{"href":"https:\/\/www.manaus.am.gov.br\/manauscult\/wp-json\/wp\/v2\/media?parent=1091"}],"wp:term":[{"taxonomy":"category","embeddable":true,"href":"https:\/\/www.manaus.am.gov.br\/manauscult\/wp-json\/wp\/v2\/categories?post=1091"},{"taxonomy":"post_tag","embeddable":true,"href":"https:\/\/www.manaus.am.gov.br\/manauscult\/wp-json\/wp\/v2\/tags?post=1091"}],"curies":[{"name":"wp","href":"https:\/\/api.w.org\/{rel}","templated":true}]}}