{"id":1080,"date":"2023-07-26T17:48:00","date_gmt":"2023-07-26T21:48:00","guid":{"rendered":"https:\/\/www.manaus.am.gov.br\/manauscult\/pop-pagode-forro-e-gospel-compoem-a-lista-com-mais-13-artistas-locais-confirmados-para-o-soumanaus-2023\/"},"modified":"2023-07-26T17:48:02","modified_gmt":"2023-07-26T21:48:02","slug":"pop-pagode-forro-e-gospel-compoem-a-lista-com-mais-13-artistas-locais-confirmados-para-o-soumanaus-2023","status":"publish","type":"post","link":"https:\/\/www.manaus.am.gov.br\/manauscult\/pop-pagode-forro-e-gospel-compoem-a-lista-com-mais-13-artistas-locais-confirmados-para-o-soumanaus-2023\/","title":{"rendered":"<strong>Pop, pagode, forr\u00f3 e gospel comp\u00f5em a lista com mais 13 artistas locais confirmados para o \u2018#SouManaus 2023\u2019<\/strong>"},"content":{"rendered":"\n<p>A Prefeitura de Manaus, por meio da Funda\u00e7\u00e3o Municipal de Cultura, Turismo e Eventos (Manauscult), selecionou mais 13 atra\u00e7\u00f5es locais dos segmentos pop, pagode, gospel e forr\u00f3 para o \u201c#SouManaus Passo a Pa\u00e7o 2023\u201d. A banda Doral, Ruan Oct\u00e1vio, Dani S\u00e1, Nat\u00e1lia Torres, Tonny Salles, Jander Rios, O Sants, Ariana Paes, Cia Art Factory, Keoma, Z\u00e9 M\u00e1rio &amp; Todo Mundo, 3 Gatos Pingados e Tomi Xote s\u00e3o os artistas locais confirmados para o festival.<\/p>\n\n\n\n<p>Para o diretor-presidente da Manauscult, Osvaldo Cardoso, \u00e9 fundamental o apoio da prefeitura para os artistas locais.<\/p>\n\n\n\n<p>\u201cO #SouManaus 2023 \u00e9 um importante palco para nossos artistas, e seguindo as determina\u00e7\u00f5es do prefeito David Almeida, nessa curadoria dos artistas locais, estamos buscando priorizar os novos artistas, dando oportunidade para esses novos talentos\u201d, afirma Cardoso.<\/p>\n\n\n\n<p>O diretor de Cultura da Manauscult, Wallace Almeida, comenta sobre o fomento cultural por tr\u00e1s da realiza\u00e7\u00e3o do evento. \u201cA contrata\u00e7\u00e3o de um artista abrange toda uma cadeia de produ\u00e7\u00e3o; por tr\u00e1s de um cantor, um ator, existe toda uma cadeia como holding, banda, sonoriza\u00e7\u00e3o, entre outros; gerando emprego para diversas \u00e1reas do segmento cultural, por exemplo\u201d, disse.<\/p>\n\n\n\n<p>Entre os 13 artistas confirmados, est\u00e1 a banda Doral, uma das mais pedidas pelo p\u00fablico nas redes sociais, participando pela primeira vez no \u201c#SouManaus 2023\u201d. Navegando entre os ritmos do Indie Rock, Soul, Lo-fi e MPB, a banda agradeceu a oportunidade de participar do festival.<\/p>\n\n\n\n<p>\u201c\u00c9 um momento muito especial para n\u00f3s, ap\u00f3s dois shows fora do estado, ter esse reconhecimento da prefeitura, da nossa cidade e desse festival s\u00f3 valoriza ainda mais o nosso trabalho. Vai ser uma honra enorme participar do #SouManaus 2023, sonhamos com esse show desde a edi\u00e7\u00e3o do ano passado e este ano vamos levar todo nosso potencial para o palco do festival\u201d, prometeu.<\/p>\n\n\n\n<p>Nat\u00e1lia Torres, Tony Salles e Jander Rios s\u00e3o os respons\u00e1veis no segmento gospel. O Sants est\u00e1 no segmento pop e MPB. J\u00e1 os DJs do festival s\u00e3o Ruan Oct\u00e1vio, Ariana Paes e Keoma. A Cia Art Factory entra com a dan\u00e7a, no Samba e Pagode teremos Z\u00e9 M\u00e1rio &amp; Todo Mundo, 3 Gatos Pingados e Dani S\u00e1, e Tomi Xote com forr\u00f3, agitando o \u201c#SouManaus 2023\u201d.<\/p>\n\n\n\n<p>&#8212; &#8212; &#8212;<\/p>\n\n\n\n<p><strong>Texto <\/strong>&#8211; Guilherme Torres \/ Manauscult<\/p>\n\n\n\n<p><strong>Foto \u2013<\/strong> Divulga\u00e7\u00e3o \/ Manauscult<\/p>\n","protected":false},"excerpt":{"rendered":"","protected":false},"author":39,"featured_media":1081,"comment_status":"closed","ping_status":"closed","sticky":false,"template":"","format":"standard","meta":{"footnotes":""},"categories":[82],"tags":[264,350,351,352,353,354,355,356,357,9,358,359,11,360,361,362,363],"acf":[],"yoast_head":"<!-- This site is optimized with the Yoast SEO plugin v23.0 - https:\/\/yoast.com\/wordpress\/plugins\/seo\/ -->\n<title>Pop, pagode, forr\u00f3 e gospel comp\u00f5em a lista com mais 13 artistas locais confirmados para o \u2018#SouManaus 2023\u2019<\/title>\n<meta name=\"description\" content=\"A Prefeitura de Manaus, por meio da Funda\u00e7\u00e3o Municipal de Cultura, Turismo e Eventos (Manauscult), selecionou mais 13 atra\u00e7\u00f5es locais dos segmentos pop, pagode, gospel e forr\u00f3 para o \u201c#SouManaus Passo a Pa\u00e7o 2023\u201d.\" \/>\n<meta name=\"robots\" content=\"noindex, follow\" \/>\n<meta property=\"og:locale\" content=\"pt_BR\" \/>\n<meta property=\"og:type\" content=\"article\" \/>\n<meta property=\"og:title\" content=\"Pop, pagode, forr\u00f3 e gospel comp\u00f5em a lista com mais 13 artistas locais confirmados para o \u2018#SouManaus 2023\u2019\" \/>\n<meta property=\"og:description\" content=\"A Prefeitura de Manaus, por meio da Funda\u00e7\u00e3o Municipal de Cultura, Turismo e Eventos (Manauscult), selecionou mais 13 atra\u00e7\u00f5es locais dos segmentos pop, pagode, gospel e forr\u00f3 para o \u201c#SouManaus Passo a Pa\u00e7o 2023\u201d.\" \/>\n<meta property=\"og:url\" content=\"https:\/\/www.manaus.am.gov.br\/manauscult\/pop-pagode-forro-e-gospel-compoem-a-lista-com-mais-13-artistas-locais-confirmados-para-o-soumanaus-2023\/\" \/>\n<meta property=\"og:site_name\" content=\"MANAUSCULT\" \/>\n<meta property=\"article:published_time\" content=\"2023-07-26T21:48:00+00:00\" \/>\n<meta property=\"article:modified_time\" content=\"2023-07-26T21:48:02+00:00\" \/>\n<meta property=\"og:image\" content=\"https:\/\/www.manaus.am.gov.br\/manauscult\/wp-content\/uploads\/sites\/11\/2023\/07\/SouManaus-1024x683.jpg\" \/>\n\t<meta property=\"og:image:width\" content=\"1024\" \/>\n\t<meta property=\"og:image:height\" content=\"683\" \/>\n\t<meta property=\"og:image:type\" content=\"image\/jpeg\" \/>\n<meta name=\"author\" content=\"Bruna Greco\" \/>\n<meta name=\"twitter:card\" content=\"summary_large_image\" \/>\n<meta name=\"twitter:label1\" content=\"Written by\" \/>\n\t<meta name=\"twitter:data1\" content=\"Bruna Greco\" \/>\n\t<meta name=\"twitter:label2\" content=\"Est. reading time\" \/>\n\t<meta name=\"twitter:data2\" content=\"3 minutos\" \/>\n<script type=\"application\/ld+json\" class=\"yoast-schema-graph\">{\"@context\":\"https:\/\/schema.org\",\"@graph\":[{\"@type\":\"WebPage\",\"@id\":\"https:\/\/www.manaus.am.gov.br\/manauscult\/pop-pagode-forro-e-gospel-compoem-a-lista-com-mais-13-artistas-locais-confirmados-para-o-soumanaus-2023\/\",\"url\":\"https:\/\/www.manaus.am.gov.br\/manauscult\/pop-pagode-forro-e-gospel-compoem-a-lista-com-mais-13-artistas-locais-confirmados-para-o-soumanaus-2023\/\",\"name\":\"Pop, pagode, forr\u00f3 e gospel comp\u00f5em a lista com mais 13 artistas locais confirmados para o \u2018#SouManaus 2023\u2019\",\"isPartOf\":{\"@id\":\"https:\/\/www.manaus.am.gov.br\/manauscult\/#website\"},\"primaryImageOfPage\":{\"@id\":\"https:\/\/www.manaus.am.gov.br\/manauscult\/pop-pagode-forro-e-gospel-compoem-a-lista-com-mais-13-artistas-locais-confirmados-para-o-soumanaus-2023\/#primaryimage\"},\"image\":{\"@id\":\"https:\/\/www.manaus.am.gov.br\/manauscult\/pop-pagode-forro-e-gospel-compoem-a-lista-com-mais-13-artistas-locais-confirmados-para-o-soumanaus-2023\/#primaryimage\"},\"thumbnailUrl\":\"https:\/\/www.manaus.am.gov.br\/manauscult\/wp-content\/uploads\/sites\/11\/2023\/07\/SouManaus.jpg\",\"datePublished\":\"2023-07-26T21:48:00+00:00\",\"dateModified\":\"2023-07-26T21:48:02+00:00\",\"author\":{\"@id\":\"https:\/\/www.manaus.am.gov.br\/manauscult\/#\/schema\/person\/05d223aea2bf115f9883a6ff3683d81b\"},\"description\":\"A Prefeitura de Manaus, por meio da Funda\u00e7\u00e3o Municipal de Cultura, Turismo e Eventos (Manauscult), selecionou mais 13 atra\u00e7\u00f5es locais dos segmentos pop, pagode, gospel e forr\u00f3 para o \u201c#SouManaus Passo a Pa\u00e7o 2023\u201d.\",\"breadcrumb\":{\"@id\":\"https:\/\/www.manaus.am.gov.br\/manauscult\/pop-pagode-forro-e-gospel-compoem-a-lista-com-mais-13-artistas-locais-confirmados-para-o-soumanaus-2023\/#breadcrumb\"},\"inLanguage\":\"pt-BR\",\"potentialAction\":[{\"@type\":\"ReadAction\",\"target\":[\"https:\/\/www.manaus.am.gov.br\/manauscult\/pop-pagode-forro-e-gospel-compoem-a-lista-com-mais-13-artistas-locais-confirmados-para-o-soumanaus-2023\/\"]}]},{\"@type\":\"ImageObject\",\"inLanguage\":\"pt-BR\",\"@id\":\"https:\/\/www.manaus.am.gov.br\/manauscult\/pop-pagode-forro-e-gospel-compoem-a-lista-com-mais-13-artistas-locais-confirmados-para-o-soumanaus-2023\/#primaryimage\",\"url\":\"https:\/\/www.manaus.am.gov.br\/manauscult\/wp-content\/uploads\/sites\/11\/2023\/07\/SouManaus.jpg\",\"contentUrl\":\"https:\/\/www.manaus.am.gov.br\/manauscult\/wp-content\/uploads\/sites\/11\/2023\/07\/SouManaus.jpg\",\"width\":5000,\"height\":3333},{\"@type\":\"BreadcrumbList\",\"@id\":\"https:\/\/www.manaus.am.gov.br\/manauscult\/pop-pagode-forro-e-gospel-compoem-a-lista-com-mais-13-artistas-locais-confirmados-para-o-soumanaus-2023\/#breadcrumb\",\"itemListElement\":[{\"@type\":\"ListItem\",\"position\":1,\"name\":\"Home\",\"item\":\"https:\/\/www.manaus.am.gov.br\/manauscult\/\"},{\"@type\":\"ListItem\",\"position\":2,\"name\":\"Pop, pagode, forr\u00f3 e gospel comp\u00f5em a lista com mais 13 artistas locais confirmados para o \u2018#SouManaus 2023\u2019\"}]},{\"@type\":\"WebSite\",\"@id\":\"https:\/\/www.manaus.am.gov.br\/manauscult\/#website\",\"url\":\"https:\/\/www.manaus.am.gov.br\/manauscult\/\",\"name\":\"MANAUSCULT\",\"description\":\"Prefeitura de Manaus\",\"potentialAction\":[{\"@type\":\"SearchAction\",\"target\":{\"@type\":\"EntryPoint\",\"urlTemplate\":\"https:\/\/www.manaus.am.gov.br\/manauscult\/?s={search_term_string}\"},\"query-input\":\"required name=search_term_string\"}],\"inLanguage\":\"pt-BR\"},{\"@type\":\"Person\",\"@id\":\"https:\/\/www.manaus.am.gov.br\/manauscult\/#\/schema\/person\/05d223aea2bf115f9883a6ff3683d81b\",\"name\":\"Bruna Greco\",\"image\":{\"@type\":\"ImageObject\",\"inLanguage\":\"pt-BR\",\"@id\":\"https:\/\/www.manaus.am.gov.br\/manauscult\/#\/schema\/person\/image\/\",\"url\":\"https:\/\/secure.gravatar.com\/avatar\/9c877d1a6adc2a055330e5c09a8653ce?s=96&d=mm&r=g\",\"contentUrl\":\"https:\/\/secure.gravatar.com\/avatar\/9c877d1a6adc2a055330e5c09a8653ce?s=96&d=mm&r=g\",\"caption\":\"Bruna Greco\"}}]}<\/script>\n<!-- \/ Yoast SEO plugin. -->","yoast_head_json":{"title":"Pop, pagode, forr\u00f3 e gospel comp\u00f5em a lista com mais 13 artistas locais confirmados para o \u2018#SouManaus 2023\u2019","description":"A Prefeitura de Manaus, por meio da Funda\u00e7\u00e3o Municipal de Cultura, Turismo e Eventos (Manauscult), selecionou mais 13 atra\u00e7\u00f5es locais dos segmentos pop, pagode, gospel e forr\u00f3 para o \u201c#SouManaus Passo a Pa\u00e7o 2023\u201d.","robots":{"index":"noindex","follow":"follow"},"og_locale":"pt_BR","og_type":"article","og_title":"Pop, pagode, forr\u00f3 e gospel comp\u00f5em a lista com mais 13 artistas locais confirmados para o \u2018#SouManaus 2023\u2019","og_description":"A Prefeitura de Manaus, por meio da Funda\u00e7\u00e3o Municipal de Cultura, Turismo e Eventos (Manauscult), selecionou mais 13 atra\u00e7\u00f5es locais dos segmentos pop, pagode, gospel e forr\u00f3 para o \u201c#SouManaus Passo a Pa\u00e7o 2023\u201d.","og_url":"https:\/\/www.manaus.am.gov.br\/manauscult\/pop-pagode-forro-e-gospel-compoem-a-lista-com-mais-13-artistas-locais-confirmados-para-o-soumanaus-2023\/","og_site_name":"MANAUSCULT","article_published_time":"2023-07-26T21:48:00+00:00","article_modified_time":"2023-07-26T21:48:02+00:00","og_image":[{"width":1024,"height":683,"url":"https:\/\/www.manaus.am.gov.br\/manauscult\/wp-content\/uploads\/sites\/11\/2023\/07\/SouManaus-1024x683.jpg","type":"image\/jpeg"}],"author":"Bruna Greco","twitter_card":"summary_large_image","twitter_misc":{"Written by":"Bruna Greco","Est. reading time":"3 minutos"},"schema":{"@context":"https:\/\/schema.org","@graph":[{"@type":"WebPage","@id":"https:\/\/www.manaus.am.gov.br\/manauscult\/pop-pagode-forro-e-gospel-compoem-a-lista-com-mais-13-artistas-locais-confirmados-para-o-soumanaus-2023\/","url":"https:\/\/www.manaus.am.gov.br\/manauscult\/pop-pagode-forro-e-gospel-compoem-a-lista-com-mais-13-artistas-locais-confirmados-para-o-soumanaus-2023\/","name":"Pop, pagode, forr\u00f3 e gospel comp\u00f5em a lista com mais 13 artistas locais confirmados para o \u2018#SouManaus 2023\u2019","isPartOf":{"@id":"https:\/\/www.manaus.am.gov.br\/manauscult\/#website"},"primaryImageOfPage":{"@id":"https:\/\/www.manaus.am.gov.br\/manauscult\/pop-pagode-forro-e-gospel-compoem-a-lista-com-mais-13-artistas-locais-confirmados-para-o-soumanaus-2023\/#primaryimage"},"image":{"@id":"https:\/\/www.manaus.am.gov.br\/manauscult\/pop-pagode-forro-e-gospel-compoem-a-lista-com-mais-13-artistas-locais-confirmados-para-o-soumanaus-2023\/#primaryimage"},"thumbnailUrl":"https:\/\/www.manaus.am.gov.br\/manauscult\/wp-content\/uploads\/sites\/11\/2023\/07\/SouManaus.jpg","datePublished":"2023-07-26T21:48:00+00:00","dateModified":"2023-07-26T21:48:02+00:00","author":{"@id":"https:\/\/www.manaus.am.gov.br\/manauscult\/#\/schema\/person\/05d223aea2bf115f9883a6ff3683d81b"},"description":"A Prefeitura de Manaus, por meio da Funda\u00e7\u00e3o Municipal de Cultura, Turismo e Eventos (Manauscult), selecionou mais 13 atra\u00e7\u00f5es locais dos segmentos pop, pagode, gospel e forr\u00f3 para o \u201c#SouManaus Passo a Pa\u00e7o 2023\u201d.","breadcrumb":{"@id":"https:\/\/www.manaus.am.gov.br\/manauscult\/pop-pagode-forro-e-gospel-compoem-a-lista-com-mais-13-artistas-locais-confirmados-para-o-soumanaus-2023\/#breadcrumb"},"inLanguage":"pt-BR","potentialAction":[{"@type":"ReadAction","target":["https:\/\/www.manaus.am.gov.br\/manauscult\/pop-pagode-forro-e-gospel-compoem-a-lista-com-mais-13-artistas-locais-confirmados-para-o-soumanaus-2023\/"]}]},{"@type":"ImageObject","inLanguage":"pt-BR","@id":"https:\/\/www.manaus.am.gov.br\/manauscult\/pop-pagode-forro-e-gospel-compoem-a-lista-com-mais-13-artistas-locais-confirmados-para-o-soumanaus-2023\/#primaryimage","url":"https:\/\/www.manaus.am.gov.br\/manauscult\/wp-content\/uploads\/sites\/11\/2023\/07\/SouManaus.jpg","contentUrl":"https:\/\/www.manaus.am.gov.br\/manauscult\/wp-content\/uploads\/sites\/11\/2023\/07\/SouManaus.jpg","width":5000,"height":3333},{"@type":"BreadcrumbList","@id":"https:\/\/www.manaus.am.gov.br\/manauscult\/pop-pagode-forro-e-gospel-compoem-a-lista-com-mais-13-artistas-locais-confirmados-para-o-soumanaus-2023\/#breadcrumb","itemListElement":[{"@type":"ListItem","position":1,"name":"Home","item":"https:\/\/www.manaus.am.gov.br\/manauscult\/"},{"@type":"ListItem","position":2,"name":"Pop, pagode, forr\u00f3 e gospel comp\u00f5em a lista com mais 13 artistas locais confirmados para o \u2018#SouManaus 2023\u2019"}]},{"@type":"WebSite","@id":"https:\/\/www.manaus.am.gov.br\/manauscult\/#website","url":"https:\/\/www.manaus.am.gov.br\/manauscult\/","name":"MANAUSCULT","description":"Prefeitura de Manaus","potentialAction":[{"@type":"SearchAction","target":{"@type":"EntryPoint","urlTemplate":"https:\/\/www.manaus.am.gov.br\/manauscult\/?s={search_term_string}"},"query-input":"required name=search_term_string"}],"inLanguage":"pt-BR"},{"@type":"Person","@id":"https:\/\/www.manaus.am.gov.br\/manauscult\/#\/schema\/person\/05d223aea2bf115f9883a6ff3683d81b","name":"Bruna Greco","image":{"@type":"ImageObject","inLanguage":"pt-BR","@id":"https:\/\/www.manaus.am.gov.br\/manauscult\/#\/schema\/person\/image\/","url":"https:\/\/secure.gravatar.com\/avatar\/9c877d1a6adc2a055330e5c09a8653ce?s=96&d=mm&r=g","contentUrl":"https:\/\/secure.gravatar.com\/avatar\/9c877d1a6adc2a055330e5c09a8653ce?s=96&d=mm&r=g","caption":"Bruna Greco"}}]}},"_links":{"self":[{"href":"https:\/\/www.manaus.am.gov.br\/manauscult\/wp-json\/wp\/v2\/posts\/1080"}],"collection":[{"href":"https:\/\/www.manaus.am.gov.br\/manauscult\/wp-json\/wp\/v2\/posts"}],"about":[{"href":"https:\/\/www.manaus.am.gov.br\/manauscult\/wp-json\/wp\/v2\/types\/post"}],"author":[{"embeddable":true,"href":"https:\/\/www.manaus.am.gov.br\/manauscult\/wp-json\/wp\/v2\/users\/39"}],"replies":[{"embeddable":true,"href":"https:\/\/www.manaus.am.gov.br\/manauscult\/wp-json\/wp\/v2\/comments?post=1080"}],"version-history":[{"count":0,"href":"https:\/\/www.manaus.am.gov.br\/manauscult\/wp-json\/wp\/v2\/posts\/1080\/revisions"}],"wp:featuredmedia":[{"embeddable":true,"href":"https:\/\/www.manaus.am.gov.br\/manauscult\/wp-json\/wp\/v2\/media\/1081"}],"wp:attachment":[{"href":"https:\/\/www.manaus.am.gov.br\/manauscult\/wp-json\/wp\/v2\/media?parent=1080"}],"wp:term":[{"taxonomy":"category","embeddable":true,"href":"https:\/\/www.manaus.am.gov.br\/manauscult\/wp-json\/wp\/v2\/categories?post=1080"},{"taxonomy":"post_tag","embeddable":true,"href":"https:\/\/www.manaus.am.gov.br\/manauscult\/wp-json\/wp\/v2\/tags?post=1080"}],"curies":[{"name":"wp","href":"https:\/\/api.w.org\/{rel}","templated":true}]}}