{"id":1078,"date":"2023-07-25T16:04:45","date_gmt":"2023-07-25T20:04:45","guid":{"rendered":"https:\/\/www.manaus.am.gov.br\/manauscult\/prefeitura-convoca-artistas-e-fazedores-de-cultura-a-realizarem-o-cadastro-previo-para-os-editais-da-lei-paulo-gustavo\/"},"modified":"2023-07-25T16:04:47","modified_gmt":"2023-07-25T20:04:47","slug":"prefeitura-convoca-artistas-e-fazedores-de-cultura-a-realizarem-o-cadastro-previo-para-os-editais-da-lei-paulo-gustavo","status":"publish","type":"post","link":"https:\/\/www.manaus.am.gov.br\/manauscult\/prefeitura-convoca-artistas-e-fazedores-de-cultura-a-realizarem-o-cadastro-previo-para-os-editais-da-lei-paulo-gustavo\/","title":{"rendered":"Prefeitura convoca artistas e fazedores de cultura a realizarem o cadastro pr\u00e9vio para os editais da Lei Paulo Gustavo"},"content":{"rendered":"\n<p>A Prefeitura de Manaus, por meio da Funda\u00e7\u00e3o Municipal de Cultura, Turismo e Eventos (Manauscult) e do Conselho Municipal de Cultura (Concultura), convoca os artistas e fazedores de cultura a realizarem o cadastro pr\u00e9vio para iniciarem as inscri\u00e7\u00f5es nos editais da Lei Paulo Gustavo (LPG). A convocat\u00f3ria foi publicada no <a href=\"http:\/\/dom.manaus.am.gov.br\/pdf\/2023\/julho\/DOM%205633%2021.07.2023%20CAD%201.pdf\">Di\u00e1rio Oficial do Munic\u00edpio (DOM)<\/a>, Edi\u00e7\u00e3o 5633, de 21 de julho de 2023.<\/p>\n\n\n\n<p>Esta \u00e9 a primeira fase do processo de inscri\u00e7\u00e3o na LPG, que pode ser feita no link do portal Concultura: <a href=\"https:\/\/concultura.manaus.am.gov.br\/\">https:\/\/concultura.manaus.am.gov.br\/<\/a>, segue com o preenchimento do question\u00e1rio e anexo dos documentos: CNPJ (pessoa jur\u00eddica), carteira de identidade (RG), CPF, portf\u00f3lio da carreira art\u00edstica, autodeclara\u00e7\u00e3o de negro ou ind\u00edgena e comprovante de resid\u00eancia.<\/p>\n\n\n\n<p>Ao acessar a plataforma Prosas, o artista deve iniciar clicando e criando o perfil Empreendedor. Depois de criar o perfil na plataforma deve preencher o Cadastro Pr\u00e9vio para participar da Lei Paulo Gustavo.<\/p>\n\n\n\n<p>O diretor-presidente da Manauscult, Osvaldo Cardoso, chama a aten\u00e7\u00e3o da classe art\u00edstica manauara para o certame mais esperado do ano, a LPG que vai disponibilizar mais de R$ 17 milh\u00f5es aos segmentos de audiovisual e multilinguagens. Ele destacou ainda a import\u00e2ncia da inscri\u00e7\u00e3o dos artistas de Manaus.<\/p>\n\n\n\n<p>\u201c\u00c9 importante que os artistas n\u00e3o deixem de fazer essa inscri\u00e7\u00e3o no Cadastro Pr\u00e9vio da Lei Paulo Gustavo. S\u00e3o R$ 17,6 milh\u00f5es injetados em todos os projetos culturais aprovados em nossos editais e a inscri\u00e7\u00e3o pr\u00e9via servir\u00e1 como base aos editais que ser\u00e3o lan\u00e7ados pela Manauscult\u201d, pontuou.<\/p>\n\n\n\n<p>O presidente do Concultura, Ten\u00f3rio Telles, justificou que para dar mais agilidade e seguran\u00e7a \u00e0s atividades, est\u00e1 iniciando o cadastro pr\u00e9vio dos fazedores de cultura de Manaus com vista \u00e0 participa\u00e7\u00e3o na Paulo Gustavo.<\/p>\n\n\n\n<p>&#8220;\u00c9 muito importante que todos participem desse cadastro, para que possamos ter dados atualizados e trabalharmos os editais com mais efetividade. Aprimorar o processo de participa\u00e7\u00e3o dos artistas nas atividades culturais em nossa cidade tem sido uma de nossas metas. Temos trabalhado para garantir a efetividade dos nossos projetos, desburocratizando os canais de comunica\u00e7\u00e3o, simplificando os editais e sobretudo reconhecendo os atores art\u00edsticos de Manaus&#8221;, disse.<\/p>\n\n\n\n<p>O cadastro dos artistas, al\u00e9m de ser uma obrigatoriedade para participa\u00e7\u00e3o dos artistas nos editais, servir\u00e1 para que o poder p\u00fablico possa ter dados e indicadores para desenvolver pol\u00edticas p\u00fablicas com mais assertividade e desenvolver a economia criativa, comentou o vice-presidente do Concultura, Neilo Batista.<\/p>\n\n\n\n<p>&#8220;No m\u00eas de agosto ser\u00e3o lan\u00e7ados os editais da LPG para os segmentos do Audiovisual e Multilinguagens, e o cadastro precisa estar em dia devidamente analisado&#8221;.<\/p>\n\n\n\n<p><strong>Tira-d\u00favidas<\/strong><\/p>\n\n\n\n<p>A plataforma de inscri\u00e7\u00e3o Prosas tem um servi\u00e7o de tira-d\u00favidas para orientar os proponentes durante o preenchimento do cadastro e inscri\u00e7\u00e3o, no bot\u00e3o (?)Ajuda, que fica no canto direito inferior da tela.<\/p>\n\n\n\n<p>\u00cdntegra da convoca\u00e7\u00e3o publicada pelo Concultura: Convocat\u00f3ria &#8211; Cadastro Pr\u00e9vio. Dando in\u00edcio ao processo de inscri\u00e7\u00e3o da Lei Paulo Gustavo (LPG) em Manaus, convocamos os artistas, produtores e agentes culturais, interessados em participar dos editais da LPG, para realizarem seus cadastros pr\u00e9vios na plataforma indicada nesta convocat\u00f3ria.<\/p>\n\n\n\n<p>Ressaltamos que esse cadastro \u00e9 obrigat\u00f3rio para a realiza\u00e7\u00e3o das inscri\u00e7\u00f5es na Lei Paulo Gustavo, em Manaus. Informamos ainda que esse cadastro pr\u00e9vio passar\u00e1 por uma avalia\u00e7\u00e3o e posterior valida\u00e7\u00e3o.<\/p>\n\n\n\n<p>O prazo final para a realiza\u00e7\u00e3o desse cadastro pr\u00e9vio ser\u00e1 informado nos editais da LPG, que ser\u00e3o publicados, no m\u00eas de agosto, pelo Conselho de Cultura de Manaus no Di\u00e1rio Oficial do Munic\u00edpio (DOM) e nas redes sociais da Prefeitura de Manaus.<\/p>\n\n\n\n<p>&#8212; &#8212; &#8212;<\/p>\n\n\n\n<p><strong>Texto e foto &#8211;<\/strong> Crist\u00f3v\u00e3o Nonato \/ Manauscult<\/p>\n","protected":false},"excerpt":{"rendered":"","protected":false},"author":39,"featured_media":1079,"comment_status":"closed","ping_status":"closed","sticky":false,"template":"","format":"standard","meta":{"footnotes":""},"categories":[133],"tags":[348,45,349,9,11],"acf":[],"yoast_head":"<!-- This site is optimized with the Yoast SEO plugin v23.0 - https:\/\/yoast.com\/wordpress\/plugins\/seo\/ -->\n<title>Prefeitura convoca artistas e fazedores de cultura a fazerem cadastro pr\u00e9vio para os editais da Lei Paulo Gustavo<\/title>\n<meta name=\"description\" content=\"A Prefeitura de Manaus, por meio da Funda\u00e7\u00e3o Municipal de Cultura, Turismo e Eventos (Manauscult) e do Conselho Municipal de Cultura (Concultura), convoca os artistas e fazedores de cultura a realizarem o cadastro pr\u00e9vio para iniciarem as inscri\u00e7\u00f5es nos editais da Lei Paulo Gustavo (LPG). A convocat\u00f3ria foi publicada no Di\u00e1rio Oficial do Munic\u00edpio (DOM), Edi\u00e7\u00e3o 5633, de 21 de julho de 2023.\" \/>\n<meta name=\"robots\" content=\"noindex, follow\" \/>\n<meta property=\"og:locale\" content=\"pt_BR\" \/>\n<meta property=\"og:type\" content=\"article\" \/>\n<meta property=\"og:title\" content=\"Prefeitura convoca artistas e fazedores de cultura a fazerem cadastro pr\u00e9vio para os editais da Lei Paulo Gustavo\" \/>\n<meta property=\"og:description\" content=\"A Prefeitura de Manaus, por meio da Funda\u00e7\u00e3o Municipal de Cultura, Turismo e Eventos (Manauscult) e do Conselho Municipal de Cultura (Concultura), convoca os artistas e fazedores de cultura a realizarem o cadastro pr\u00e9vio para iniciarem as inscri\u00e7\u00f5es nos editais da Lei Paulo Gustavo (LPG). A convocat\u00f3ria foi publicada no Di\u00e1rio Oficial do Munic\u00edpio (DOM), Edi\u00e7\u00e3o 5633, de 21 de julho de 2023.\" \/>\n<meta property=\"og:url\" content=\"https:\/\/www.manaus.am.gov.br\/manauscult\/prefeitura-convoca-artistas-e-fazedores-de-cultura-a-realizarem-o-cadastro-previo-para-os-editais-da-lei-paulo-gustavo\/\" \/>\n<meta property=\"og:site_name\" content=\"MANAUSCULT\" \/>\n<meta property=\"article:published_time\" content=\"2023-07-25T20:04:45+00:00\" \/>\n<meta property=\"article:modified_time\" content=\"2023-07-25T20:04:47+00:00\" \/>\n<meta property=\"og:image\" content=\"https:\/\/www.manaus.am.gov.br\/manauscult\/wp-content\/uploads\/sites\/11\/2023\/07\/Cadastro-previo-LPG.jpg\" \/>\n\t<meta property=\"og:image:width\" content=\"1280\" \/>\n\t<meta property=\"og:image:height\" content=\"960\" \/>\n\t<meta property=\"og:image:type\" content=\"image\/jpeg\" \/>\n<meta name=\"author\" content=\"Bruna Greco\" \/>\n<meta name=\"twitter:card\" content=\"summary_large_image\" \/>\n<meta name=\"twitter:label1\" content=\"Written by\" \/>\n\t<meta name=\"twitter:data1\" content=\"Bruna Greco\" \/>\n\t<meta name=\"twitter:label2\" content=\"Est. reading time\" \/>\n\t<meta name=\"twitter:data2\" content=\"4 minutos\" \/>\n<script type=\"application\/ld+json\" class=\"yoast-schema-graph\">{\"@context\":\"https:\/\/schema.org\",\"@graph\":[{\"@type\":\"WebPage\",\"@id\":\"https:\/\/www.manaus.am.gov.br\/manauscult\/prefeitura-convoca-artistas-e-fazedores-de-cultura-a-realizarem-o-cadastro-previo-para-os-editais-da-lei-paulo-gustavo\/\",\"url\":\"https:\/\/www.manaus.am.gov.br\/manauscult\/prefeitura-convoca-artistas-e-fazedores-de-cultura-a-realizarem-o-cadastro-previo-para-os-editais-da-lei-paulo-gustavo\/\",\"name\":\"Prefeitura convoca artistas e fazedores de cultura a fazerem cadastro pr\u00e9vio para os editais da Lei Paulo Gustavo\",\"isPartOf\":{\"@id\":\"https:\/\/www.manaus.am.gov.br\/manauscult\/#website\"},\"primaryImageOfPage\":{\"@id\":\"https:\/\/www.manaus.am.gov.br\/manauscult\/prefeitura-convoca-artistas-e-fazedores-de-cultura-a-realizarem-o-cadastro-previo-para-os-editais-da-lei-paulo-gustavo\/#primaryimage\"},\"image\":{\"@id\":\"https:\/\/www.manaus.am.gov.br\/manauscult\/prefeitura-convoca-artistas-e-fazedores-de-cultura-a-realizarem-o-cadastro-previo-para-os-editais-da-lei-paulo-gustavo\/#primaryimage\"},\"thumbnailUrl\":\"https:\/\/www.manaus.am.gov.br\/manauscult\/wp-content\/uploads\/sites\/11\/2023\/07\/Cadastro-previo-LPG.jpg\",\"datePublished\":\"2023-07-25T20:04:45+00:00\",\"dateModified\":\"2023-07-25T20:04:47+00:00\",\"author\":{\"@id\":\"https:\/\/www.manaus.am.gov.br\/manauscult\/#\/schema\/person\/05d223aea2bf115f9883a6ff3683d81b\"},\"description\":\"A Prefeitura de Manaus, por meio da Funda\u00e7\u00e3o Municipal de Cultura, Turismo e Eventos (Manauscult) e do Conselho Municipal de Cultura (Concultura), convoca os artistas e fazedores de cultura a realizarem o cadastro pr\u00e9vio para iniciarem as inscri\u00e7\u00f5es nos editais da Lei Paulo Gustavo (LPG). A convocat\u00f3ria foi publicada no Di\u00e1rio Oficial do Munic\u00edpio (DOM), Edi\u00e7\u00e3o 5633, de 21 de julho de 2023.\",\"breadcrumb\":{\"@id\":\"https:\/\/www.manaus.am.gov.br\/manauscult\/prefeitura-convoca-artistas-e-fazedores-de-cultura-a-realizarem-o-cadastro-previo-para-os-editais-da-lei-paulo-gustavo\/#breadcrumb\"},\"inLanguage\":\"pt-BR\",\"potentialAction\":[{\"@type\":\"ReadAction\",\"target\":[\"https:\/\/www.manaus.am.gov.br\/manauscult\/prefeitura-convoca-artistas-e-fazedores-de-cultura-a-realizarem-o-cadastro-previo-para-os-editais-da-lei-paulo-gustavo\/\"]}]},{\"@type\":\"ImageObject\",\"inLanguage\":\"pt-BR\",\"@id\":\"https:\/\/www.manaus.am.gov.br\/manauscult\/prefeitura-convoca-artistas-e-fazedores-de-cultura-a-realizarem-o-cadastro-previo-para-os-editais-da-lei-paulo-gustavo\/#primaryimage\",\"url\":\"https:\/\/www.manaus.am.gov.br\/manauscult\/wp-content\/uploads\/sites\/11\/2023\/07\/Cadastro-previo-LPG.jpg\",\"contentUrl\":\"https:\/\/www.manaus.am.gov.br\/manauscult\/wp-content\/uploads\/sites\/11\/2023\/07\/Cadastro-previo-LPG.jpg\",\"width\":1280,\"height\":960},{\"@type\":\"BreadcrumbList\",\"@id\":\"https:\/\/www.manaus.am.gov.br\/manauscult\/prefeitura-convoca-artistas-e-fazedores-de-cultura-a-realizarem-o-cadastro-previo-para-os-editais-da-lei-paulo-gustavo\/#breadcrumb\",\"itemListElement\":[{\"@type\":\"ListItem\",\"position\":1,\"name\":\"Home\",\"item\":\"https:\/\/www.manaus.am.gov.br\/manauscult\/\"},{\"@type\":\"ListItem\",\"position\":2,\"name\":\"Prefeitura convoca artistas e fazedores de cultura a realizarem o cadastro pr\u00e9vio para os editais da Lei Paulo Gustavo\"}]},{\"@type\":\"WebSite\",\"@id\":\"https:\/\/www.manaus.am.gov.br\/manauscult\/#website\",\"url\":\"https:\/\/www.manaus.am.gov.br\/manauscult\/\",\"name\":\"MANAUSCULT\",\"description\":\"Prefeitura de Manaus\",\"potentialAction\":[{\"@type\":\"SearchAction\",\"target\":{\"@type\":\"EntryPoint\",\"urlTemplate\":\"https:\/\/www.manaus.am.gov.br\/manauscult\/?s={search_term_string}\"},\"query-input\":\"required name=search_term_string\"}],\"inLanguage\":\"pt-BR\"},{\"@type\":\"Person\",\"@id\":\"https:\/\/www.manaus.am.gov.br\/manauscult\/#\/schema\/person\/05d223aea2bf115f9883a6ff3683d81b\",\"name\":\"Bruna Greco\",\"image\":{\"@type\":\"ImageObject\",\"inLanguage\":\"pt-BR\",\"@id\":\"https:\/\/www.manaus.am.gov.br\/manauscult\/#\/schema\/person\/image\/\",\"url\":\"https:\/\/secure.gravatar.com\/avatar\/9c877d1a6adc2a055330e5c09a8653ce?s=96&d=mm&r=g\",\"contentUrl\":\"https:\/\/secure.gravatar.com\/avatar\/9c877d1a6adc2a055330e5c09a8653ce?s=96&d=mm&r=g\",\"caption\":\"Bruna Greco\"}}]}<\/script>\n<!-- \/ Yoast SEO plugin. -->","yoast_head_json":{"title":"Prefeitura convoca artistas e fazedores de cultura a fazerem cadastro pr\u00e9vio para os editais da Lei Paulo Gustavo","description":"A Prefeitura de Manaus, por meio da Funda\u00e7\u00e3o Municipal de Cultura, Turismo e Eventos (Manauscult) e do Conselho Municipal de Cultura (Concultura), convoca os artistas e fazedores de cultura a realizarem o cadastro pr\u00e9vio para iniciarem as inscri\u00e7\u00f5es nos editais da Lei Paulo Gustavo (LPG). A convocat\u00f3ria foi publicada no Di\u00e1rio Oficial do Munic\u00edpio (DOM), Edi\u00e7\u00e3o 5633, de 21 de julho de 2023.","robots":{"index":"noindex","follow":"follow"},"og_locale":"pt_BR","og_type":"article","og_title":"Prefeitura convoca artistas e fazedores de cultura a fazerem cadastro pr\u00e9vio para os editais da Lei Paulo Gustavo","og_description":"A Prefeitura de Manaus, por meio da Funda\u00e7\u00e3o Municipal de Cultura, Turismo e Eventos (Manauscult) e do Conselho Municipal de Cultura (Concultura), convoca os artistas e fazedores de cultura a realizarem o cadastro pr\u00e9vio para iniciarem as inscri\u00e7\u00f5es nos editais da Lei Paulo Gustavo (LPG). A convocat\u00f3ria foi publicada no Di\u00e1rio Oficial do Munic\u00edpio (DOM), Edi\u00e7\u00e3o 5633, de 21 de julho de 2023.","og_url":"https:\/\/www.manaus.am.gov.br\/manauscult\/prefeitura-convoca-artistas-e-fazedores-de-cultura-a-realizarem-o-cadastro-previo-para-os-editais-da-lei-paulo-gustavo\/","og_site_name":"MANAUSCULT","article_published_time":"2023-07-25T20:04:45+00:00","article_modified_time":"2023-07-25T20:04:47+00:00","og_image":[{"width":1280,"height":960,"url":"https:\/\/www.manaus.am.gov.br\/manauscult\/wp-content\/uploads\/sites\/11\/2023\/07\/Cadastro-previo-LPG.jpg","type":"image\/jpeg"}],"author":"Bruna Greco","twitter_card":"summary_large_image","twitter_misc":{"Written by":"Bruna Greco","Est. reading time":"4 minutos"},"schema":{"@context":"https:\/\/schema.org","@graph":[{"@type":"WebPage","@id":"https:\/\/www.manaus.am.gov.br\/manauscult\/prefeitura-convoca-artistas-e-fazedores-de-cultura-a-realizarem-o-cadastro-previo-para-os-editais-da-lei-paulo-gustavo\/","url":"https:\/\/www.manaus.am.gov.br\/manauscult\/prefeitura-convoca-artistas-e-fazedores-de-cultura-a-realizarem-o-cadastro-previo-para-os-editais-da-lei-paulo-gustavo\/","name":"Prefeitura convoca artistas e fazedores de cultura a fazerem cadastro pr\u00e9vio para os editais da Lei Paulo Gustavo","isPartOf":{"@id":"https:\/\/www.manaus.am.gov.br\/manauscult\/#website"},"primaryImageOfPage":{"@id":"https:\/\/www.manaus.am.gov.br\/manauscult\/prefeitura-convoca-artistas-e-fazedores-de-cultura-a-realizarem-o-cadastro-previo-para-os-editais-da-lei-paulo-gustavo\/#primaryimage"},"image":{"@id":"https:\/\/www.manaus.am.gov.br\/manauscult\/prefeitura-convoca-artistas-e-fazedores-de-cultura-a-realizarem-o-cadastro-previo-para-os-editais-da-lei-paulo-gustavo\/#primaryimage"},"thumbnailUrl":"https:\/\/www.manaus.am.gov.br\/manauscult\/wp-content\/uploads\/sites\/11\/2023\/07\/Cadastro-previo-LPG.jpg","datePublished":"2023-07-25T20:04:45+00:00","dateModified":"2023-07-25T20:04:47+00:00","author":{"@id":"https:\/\/www.manaus.am.gov.br\/manauscult\/#\/schema\/person\/05d223aea2bf115f9883a6ff3683d81b"},"description":"A Prefeitura de Manaus, por meio da Funda\u00e7\u00e3o Municipal de Cultura, Turismo e Eventos (Manauscult) e do Conselho Municipal de Cultura (Concultura), convoca os artistas e fazedores de cultura a realizarem o cadastro pr\u00e9vio para iniciarem as inscri\u00e7\u00f5es nos editais da Lei Paulo Gustavo (LPG). A convocat\u00f3ria foi publicada no Di\u00e1rio Oficial do Munic\u00edpio (DOM), Edi\u00e7\u00e3o 5633, de 21 de julho de 2023.","breadcrumb":{"@id":"https:\/\/www.manaus.am.gov.br\/manauscult\/prefeitura-convoca-artistas-e-fazedores-de-cultura-a-realizarem-o-cadastro-previo-para-os-editais-da-lei-paulo-gustavo\/#breadcrumb"},"inLanguage":"pt-BR","potentialAction":[{"@type":"ReadAction","target":["https:\/\/www.manaus.am.gov.br\/manauscult\/prefeitura-convoca-artistas-e-fazedores-de-cultura-a-realizarem-o-cadastro-previo-para-os-editais-da-lei-paulo-gustavo\/"]}]},{"@type":"ImageObject","inLanguage":"pt-BR","@id":"https:\/\/www.manaus.am.gov.br\/manauscult\/prefeitura-convoca-artistas-e-fazedores-de-cultura-a-realizarem-o-cadastro-previo-para-os-editais-da-lei-paulo-gustavo\/#primaryimage","url":"https:\/\/www.manaus.am.gov.br\/manauscult\/wp-content\/uploads\/sites\/11\/2023\/07\/Cadastro-previo-LPG.jpg","contentUrl":"https:\/\/www.manaus.am.gov.br\/manauscult\/wp-content\/uploads\/sites\/11\/2023\/07\/Cadastro-previo-LPG.jpg","width":1280,"height":960},{"@type":"BreadcrumbList","@id":"https:\/\/www.manaus.am.gov.br\/manauscult\/prefeitura-convoca-artistas-e-fazedores-de-cultura-a-realizarem-o-cadastro-previo-para-os-editais-da-lei-paulo-gustavo\/#breadcrumb","itemListElement":[{"@type":"ListItem","position":1,"name":"Home","item":"https:\/\/www.manaus.am.gov.br\/manauscult\/"},{"@type":"ListItem","position":2,"name":"Prefeitura convoca artistas e fazedores de cultura a realizarem o cadastro pr\u00e9vio para os editais da Lei Paulo Gustavo"}]},{"@type":"WebSite","@id":"https:\/\/www.manaus.am.gov.br\/manauscult\/#website","url":"https:\/\/www.manaus.am.gov.br\/manauscult\/","name":"MANAUSCULT","description":"Prefeitura de Manaus","potentialAction":[{"@type":"SearchAction","target":{"@type":"EntryPoint","urlTemplate":"https:\/\/www.manaus.am.gov.br\/manauscult\/?s={search_term_string}"},"query-input":"required name=search_term_string"}],"inLanguage":"pt-BR"},{"@type":"Person","@id":"https:\/\/www.manaus.am.gov.br\/manauscult\/#\/schema\/person\/05d223aea2bf115f9883a6ff3683d81b","name":"Bruna Greco","image":{"@type":"ImageObject","inLanguage":"pt-BR","@id":"https:\/\/www.manaus.am.gov.br\/manauscult\/#\/schema\/person\/image\/","url":"https:\/\/secure.gravatar.com\/avatar\/9c877d1a6adc2a055330e5c09a8653ce?s=96&d=mm&r=g","contentUrl":"https:\/\/secure.gravatar.com\/avatar\/9c877d1a6adc2a055330e5c09a8653ce?s=96&d=mm&r=g","caption":"Bruna Greco"}}]}},"_links":{"self":[{"href":"https:\/\/www.manaus.am.gov.br\/manauscult\/wp-json\/wp\/v2\/posts\/1078"}],"collection":[{"href":"https:\/\/www.manaus.am.gov.br\/manauscult\/wp-json\/wp\/v2\/posts"}],"about":[{"href":"https:\/\/www.manaus.am.gov.br\/manauscult\/wp-json\/wp\/v2\/types\/post"}],"author":[{"embeddable":true,"href":"https:\/\/www.manaus.am.gov.br\/manauscult\/wp-json\/wp\/v2\/users\/39"}],"replies":[{"embeddable":true,"href":"https:\/\/www.manaus.am.gov.br\/manauscult\/wp-json\/wp\/v2\/comments?post=1078"}],"version-history":[{"count":0,"href":"https:\/\/www.manaus.am.gov.br\/manauscult\/wp-json\/wp\/v2\/posts\/1078\/revisions"}],"wp:featuredmedia":[{"embeddable":true,"href":"https:\/\/www.manaus.am.gov.br\/manauscult\/wp-json\/wp\/v2\/media\/1079"}],"wp:attachment":[{"href":"https:\/\/www.manaus.am.gov.br\/manauscult\/wp-json\/wp\/v2\/media?parent=1078"}],"wp:term":[{"taxonomy":"category","embeddable":true,"href":"https:\/\/www.manaus.am.gov.br\/manauscult\/wp-json\/wp\/v2\/categories?post=1078"},{"taxonomy":"post_tag","embeddable":true,"href":"https:\/\/www.manaus.am.gov.br\/manauscult\/wp-json\/wp\/v2\/tags?post=1078"}],"curies":[{"name":"wp","href":"https:\/\/api.w.org\/{rel}","templated":true}]}}