{"id":1076,"date":"2023-07-24T20:51:36","date_gmt":"2023-07-25T00:51:36","guid":{"rendered":"https:\/\/www.manaus.am.gov.br\/manauscult\/prefeitura-seleciona-artistas-locais-para-compor-line-up-do-soumanaus-2023\/"},"modified":"2023-07-24T20:51:38","modified_gmt":"2023-07-25T00:51:38","slug":"prefeitura-seleciona-artistas-locais-para-compor-line-up-do-soumanaus-2023","status":"publish","type":"post","link":"https:\/\/www.manaus.am.gov.br\/manauscult\/prefeitura-seleciona-artistas-locais-para-compor-line-up-do-soumanaus-2023\/","title":{"rendered":"Prefeitura seleciona artistas locais para compor\u00a0line-up do #SouManaus 2023"},"content":{"rendered":"\n<p>A Prefeitura de Manaus, por meio da Funda\u00e7\u00e3o Municipal de Cultura, Turismo e Eventos (Manauscult), est\u00e1 selecionando, via curadoria interna, os artistas locais que se apresentar\u00e3o em um dos sete palcos do maior festival de artes integradas do Norte, o \u201c#SouManaus Passo a Pa\u00e7o 2023\u201d, que acontecer\u00e1 nos dias 5, 6 e 7 de setembro, no centro hist\u00f3rico.<\/p>\n\n\n\n<p>O&nbsp;<em>line-up<\/em>&nbsp;do evento conta com ritmos musicais variados, al\u00e9m de artes visuais, audiovisual, circo, dan\u00e7a, hip-hop, literatura, tradi\u00e7\u00f5es culturais, teatro, gastronomia e moda. Durante tr\u00eas dias, o #SouManaus 2023 contar\u00e1 com sete palcos e programa\u00e7\u00e3o, das 18h \u00e0s 3h, para todas as faixas et\u00e1rias.<\/p>\n\n\n\n<p>Para democratizar e garantir transpar\u00eancia na sele\u00e7\u00e3o dos artistas, a Manauscult segue tr\u00eas requisitos: que o objeto da contrata\u00e7\u00e3o seja o servi\u00e7o de um artista profissional; que o artista seja consagrado pela cr\u00edtica especializada ou pela opini\u00e3o p\u00fablica; que o artista seja residente na cidade de Manaus com m\u00e9rito cultural e&nbsp;<em>expertise<\/em>&nbsp;do fazer art\u00edstico com comprova\u00e7\u00e3o em portf\u00f3lio.<\/p>\n\n\n\n<p>O diretor-presidente da Manauscult, Osvaldo Cardoso, destaca que a an\u00e1lise dos nomes passa por uma avalia\u00e7\u00e3o criteriosa, e que a presen\u00e7a de palco, os dados de m\u00eddia&nbsp;<em>sharing<\/em>&nbsp;e o apelo cultural est\u00e3o entre os itens verificados.<\/p>\n\n\n\n<p>\u201cEste ano o #SouManaus est\u00e1 abordando a sustentabilidade, ancestralidade e inova\u00e7\u00e3o tecnol\u00f3gica. Esses tr\u00eas eixos est\u00e3o direcionando nosso planejamento para os mais de 43 mil metros quadrados, sete palcos e mais de 600 fazedores de cultura. Isso influi, inclusive, na escolha dos artistas locais. Na semana passada anunciamos, dentre os mais de 60 nomes, uma atra\u00e7\u00e3o ind\u00edgena, uma drag queer e dois artistas afro-religiosos, atendendo o apelo dos movimentos culturais\u201d, destacou.<\/p>\n\n\n\n<p><strong>Curadoria interna<\/strong><\/p>\n\n\n\n<p>Composta por gestores com forma\u00e7\u00e3o art\u00edstico-cultural, a curadoria interna avaliou, at\u00e9 o momento, mais de 900 portf\u00f3lios de um total de 1.642 artistas cadastrados no banco de dados da Manauscult.&nbsp;<\/p>\n\n\n\n<p>Dentre os pontos avaliados, a performance nos palcos e presen\u00e7a nas m\u00eddias digitais, s\u00e3o itens considerados importantes pela comiss\u00e3o de sele\u00e7\u00e3o, al\u00e9m do portf\u00f3lio art\u00edstico e crit\u00e9rios objetivos como: residir em Manaus e a criatividade do profissional com o maior n\u00famero de linguagens art\u00edsticas.<\/p>\n\n\n\n<p><strong>Estrat\u00e9gia<\/strong><\/p>\n\n\n\n<p>Este ano a Manauscult inovou na forma de comunicar ao artista pr\u00e9-selecionado para ingressar no festival. Durante transmiss\u00e3o ao vivo, sempre a partir das 19h, a comiss\u00e3o divulga um ou mais nomes que far\u00e3o parte do&nbsp;<em>line-up<\/em>.<\/p>\n\n\n\n<p>&#8212; &#8212; &#8212;<\/p>\n\n\n\n<p><strong>Texto e fotos<\/strong>&nbsp;&#8211; Emanuelle Baires \/ Manauscult&nbsp;<\/p>\n","protected":false},"excerpt":{"rendered":"","protected":false},"author":31,"featured_media":1077,"comment_status":"closed","ping_status":"closed","sticky":false,"template":"","format":"standard","meta":{"footnotes":""},"categories":[336],"tags":[168,346,347],"acf":[],"yoast_head":"<!-- This site is optimized with the Yoast SEO plugin v23.0 - https:\/\/yoast.com\/wordpress\/plugins\/seo\/ -->\n<title>Prefeitura seleciona artistas locais para compor\u00a0line-up do #SouManaus 2023 - MANAUSCULT<\/title>\n<meta name=\"robots\" content=\"noindex, follow\" \/>\n<meta property=\"og:locale\" content=\"pt_BR\" \/>\n<meta property=\"og:type\" content=\"article\" \/>\n<meta property=\"og:title\" content=\"Prefeitura seleciona artistas locais para compor\u00a0line-up do #SouManaus 2023 - MANAUSCULT\" \/>\n<meta property=\"og:url\" content=\"https:\/\/www.manaus.am.gov.br\/manauscult\/prefeitura-seleciona-artistas-locais-para-compor-line-up-do-soumanaus-2023\/\" \/>\n<meta property=\"og:site_name\" content=\"MANAUSCULT\" \/>\n<meta property=\"article:published_time\" content=\"2023-07-25T00:51:36+00:00\" \/>\n<meta property=\"article:modified_time\" content=\"2023-07-25T00:51:38+00:00\" \/>\n<meta property=\"og:image\" content=\"https:\/\/www.manaus.am.gov.br\/manauscult\/wp-content\/uploads\/sites\/11\/2023\/07\/IMG_6645.jpeg\" \/>\n\t<meta property=\"og:image:width\" content=\"3984\" \/>\n\t<meta property=\"og:image:height\" content=\"2656\" \/>\n\t<meta property=\"og:image:type\" content=\"image\/jpeg\" \/>\n<meta name=\"author\" content=\"Renata Felix\" \/>\n<meta name=\"twitter:card\" content=\"summary_large_image\" \/>\n<meta name=\"twitter:label1\" content=\"Written by\" \/>\n\t<meta name=\"twitter:data1\" content=\"Renata Felix\" \/>\n\t<meta name=\"twitter:label2\" content=\"Est. reading time\" \/>\n\t<meta name=\"twitter:data2\" content=\"3 minutos\" \/>\n<script type=\"application\/ld+json\" class=\"yoast-schema-graph\">{\"@context\":\"https:\/\/schema.org\",\"@graph\":[{\"@type\":\"WebPage\",\"@id\":\"https:\/\/www.manaus.am.gov.br\/manauscult\/prefeitura-seleciona-artistas-locais-para-compor-line-up-do-soumanaus-2023\/\",\"url\":\"https:\/\/www.manaus.am.gov.br\/manauscult\/prefeitura-seleciona-artistas-locais-para-compor-line-up-do-soumanaus-2023\/\",\"name\":\"Prefeitura seleciona artistas locais para compor\u00a0line-up do #SouManaus 2023 - MANAUSCULT\",\"isPartOf\":{\"@id\":\"https:\/\/www.manaus.am.gov.br\/manauscult\/#website\"},\"primaryImageOfPage\":{\"@id\":\"https:\/\/www.manaus.am.gov.br\/manauscult\/prefeitura-seleciona-artistas-locais-para-compor-line-up-do-soumanaus-2023\/#primaryimage\"},\"image\":{\"@id\":\"https:\/\/www.manaus.am.gov.br\/manauscult\/prefeitura-seleciona-artistas-locais-para-compor-line-up-do-soumanaus-2023\/#primaryimage\"},\"thumbnailUrl\":\"https:\/\/www.manaus.am.gov.br\/manauscult\/wp-content\/uploads\/sites\/11\/2023\/07\/IMG_6645.jpeg\",\"datePublished\":\"2023-07-25T00:51:36+00:00\",\"dateModified\":\"2023-07-25T00:51:38+00:00\",\"author\":{\"@id\":\"https:\/\/www.manaus.am.gov.br\/manauscult\/#\/schema\/person\/4eea2a8f78dc853097abb026f728aa06\"},\"breadcrumb\":{\"@id\":\"https:\/\/www.manaus.am.gov.br\/manauscult\/prefeitura-seleciona-artistas-locais-para-compor-line-up-do-soumanaus-2023\/#breadcrumb\"},\"inLanguage\":\"pt-BR\",\"potentialAction\":[{\"@type\":\"ReadAction\",\"target\":[\"https:\/\/www.manaus.am.gov.br\/manauscult\/prefeitura-seleciona-artistas-locais-para-compor-line-up-do-soumanaus-2023\/\"]}]},{\"@type\":\"ImageObject\",\"inLanguage\":\"pt-BR\",\"@id\":\"https:\/\/www.manaus.am.gov.br\/manauscult\/prefeitura-seleciona-artistas-locais-para-compor-line-up-do-soumanaus-2023\/#primaryimage\",\"url\":\"https:\/\/www.manaus.am.gov.br\/manauscult\/wp-content\/uploads\/sites\/11\/2023\/07\/IMG_6645.jpeg\",\"contentUrl\":\"https:\/\/www.manaus.am.gov.br\/manauscult\/wp-content\/uploads\/sites\/11\/2023\/07\/IMG_6645.jpeg\",\"width\":3984,\"height\":2656},{\"@type\":\"BreadcrumbList\",\"@id\":\"https:\/\/www.manaus.am.gov.br\/manauscult\/prefeitura-seleciona-artistas-locais-para-compor-line-up-do-soumanaus-2023\/#breadcrumb\",\"itemListElement\":[{\"@type\":\"ListItem\",\"position\":1,\"name\":\"Home\",\"item\":\"https:\/\/www.manaus.am.gov.br\/manauscult\/\"},{\"@type\":\"ListItem\",\"position\":2,\"name\":\"Prefeitura seleciona artistas locais para compor\u00a0line-up do #SouManaus 2023\"}]},{\"@type\":\"WebSite\",\"@id\":\"https:\/\/www.manaus.am.gov.br\/manauscult\/#website\",\"url\":\"https:\/\/www.manaus.am.gov.br\/manauscult\/\",\"name\":\"MANAUSCULT\",\"description\":\"Prefeitura de Manaus\",\"potentialAction\":[{\"@type\":\"SearchAction\",\"target\":{\"@type\":\"EntryPoint\",\"urlTemplate\":\"https:\/\/www.manaus.am.gov.br\/manauscult\/?s={search_term_string}\"},\"query-input\":\"required name=search_term_string\"}],\"inLanguage\":\"pt-BR\"},{\"@type\":\"Person\",\"@id\":\"https:\/\/www.manaus.am.gov.br\/manauscult\/#\/schema\/person\/4eea2a8f78dc853097abb026f728aa06\",\"name\":\"Renata Felix\",\"image\":{\"@type\":\"ImageObject\",\"inLanguage\":\"pt-BR\",\"@id\":\"https:\/\/www.manaus.am.gov.br\/manauscult\/#\/schema\/person\/image\/\",\"url\":\"https:\/\/secure.gravatar.com\/avatar\/3c196cf9d3b837b24c8edb2c50fd8f29?s=96&d=mm&r=g\",\"contentUrl\":\"https:\/\/secure.gravatar.com\/avatar\/3c196cf9d3b837b24c8edb2c50fd8f29?s=96&d=mm&r=g\",\"caption\":\"Renata Felix\"}}]}<\/script>\n<!-- \/ Yoast SEO plugin. -->","yoast_head_json":{"title":"Prefeitura seleciona artistas locais para compor\u00a0line-up do #SouManaus 2023 - MANAUSCULT","robots":{"index":"noindex","follow":"follow"},"og_locale":"pt_BR","og_type":"article","og_title":"Prefeitura seleciona artistas locais para compor\u00a0line-up do #SouManaus 2023 - MANAUSCULT","og_url":"https:\/\/www.manaus.am.gov.br\/manauscult\/prefeitura-seleciona-artistas-locais-para-compor-line-up-do-soumanaus-2023\/","og_site_name":"MANAUSCULT","article_published_time":"2023-07-25T00:51:36+00:00","article_modified_time":"2023-07-25T00:51:38+00:00","og_image":[{"width":3984,"height":2656,"url":"https:\/\/www.manaus.am.gov.br\/manauscult\/wp-content\/uploads\/sites\/11\/2023\/07\/IMG_6645.jpeg","type":"image\/jpeg"}],"author":"Renata Felix","twitter_card":"summary_large_image","twitter_misc":{"Written by":"Renata Felix","Est. reading time":"3 minutos"},"schema":{"@context":"https:\/\/schema.org","@graph":[{"@type":"WebPage","@id":"https:\/\/www.manaus.am.gov.br\/manauscult\/prefeitura-seleciona-artistas-locais-para-compor-line-up-do-soumanaus-2023\/","url":"https:\/\/www.manaus.am.gov.br\/manauscult\/prefeitura-seleciona-artistas-locais-para-compor-line-up-do-soumanaus-2023\/","name":"Prefeitura seleciona artistas locais para compor\u00a0line-up do #SouManaus 2023 - MANAUSCULT","isPartOf":{"@id":"https:\/\/www.manaus.am.gov.br\/manauscult\/#website"},"primaryImageOfPage":{"@id":"https:\/\/www.manaus.am.gov.br\/manauscult\/prefeitura-seleciona-artistas-locais-para-compor-line-up-do-soumanaus-2023\/#primaryimage"},"image":{"@id":"https:\/\/www.manaus.am.gov.br\/manauscult\/prefeitura-seleciona-artistas-locais-para-compor-line-up-do-soumanaus-2023\/#primaryimage"},"thumbnailUrl":"https:\/\/www.manaus.am.gov.br\/manauscult\/wp-content\/uploads\/sites\/11\/2023\/07\/IMG_6645.jpeg","datePublished":"2023-07-25T00:51:36+00:00","dateModified":"2023-07-25T00:51:38+00:00","author":{"@id":"https:\/\/www.manaus.am.gov.br\/manauscult\/#\/schema\/person\/4eea2a8f78dc853097abb026f728aa06"},"breadcrumb":{"@id":"https:\/\/www.manaus.am.gov.br\/manauscult\/prefeitura-seleciona-artistas-locais-para-compor-line-up-do-soumanaus-2023\/#breadcrumb"},"inLanguage":"pt-BR","potentialAction":[{"@type":"ReadAction","target":["https:\/\/www.manaus.am.gov.br\/manauscult\/prefeitura-seleciona-artistas-locais-para-compor-line-up-do-soumanaus-2023\/"]}]},{"@type":"ImageObject","inLanguage":"pt-BR","@id":"https:\/\/www.manaus.am.gov.br\/manauscult\/prefeitura-seleciona-artistas-locais-para-compor-line-up-do-soumanaus-2023\/#primaryimage","url":"https:\/\/www.manaus.am.gov.br\/manauscult\/wp-content\/uploads\/sites\/11\/2023\/07\/IMG_6645.jpeg","contentUrl":"https:\/\/www.manaus.am.gov.br\/manauscult\/wp-content\/uploads\/sites\/11\/2023\/07\/IMG_6645.jpeg","width":3984,"height":2656},{"@type":"BreadcrumbList","@id":"https:\/\/www.manaus.am.gov.br\/manauscult\/prefeitura-seleciona-artistas-locais-para-compor-line-up-do-soumanaus-2023\/#breadcrumb","itemListElement":[{"@type":"ListItem","position":1,"name":"Home","item":"https:\/\/www.manaus.am.gov.br\/manauscult\/"},{"@type":"ListItem","position":2,"name":"Prefeitura seleciona artistas locais para compor\u00a0line-up do #SouManaus 2023"}]},{"@type":"WebSite","@id":"https:\/\/www.manaus.am.gov.br\/manauscult\/#website","url":"https:\/\/www.manaus.am.gov.br\/manauscult\/","name":"MANAUSCULT","description":"Prefeitura de Manaus","potentialAction":[{"@type":"SearchAction","target":{"@type":"EntryPoint","urlTemplate":"https:\/\/www.manaus.am.gov.br\/manauscult\/?s={search_term_string}"},"query-input":"required name=search_term_string"}],"inLanguage":"pt-BR"},{"@type":"Person","@id":"https:\/\/www.manaus.am.gov.br\/manauscult\/#\/schema\/person\/4eea2a8f78dc853097abb026f728aa06","name":"Renata Felix","image":{"@type":"ImageObject","inLanguage":"pt-BR","@id":"https:\/\/www.manaus.am.gov.br\/manauscult\/#\/schema\/person\/image\/","url":"https:\/\/secure.gravatar.com\/avatar\/3c196cf9d3b837b24c8edb2c50fd8f29?s=96&d=mm&r=g","contentUrl":"https:\/\/secure.gravatar.com\/avatar\/3c196cf9d3b837b24c8edb2c50fd8f29?s=96&d=mm&r=g","caption":"Renata Felix"}}]}},"_links":{"self":[{"href":"https:\/\/www.manaus.am.gov.br\/manauscult\/wp-json\/wp\/v2\/posts\/1076"}],"collection":[{"href":"https:\/\/www.manaus.am.gov.br\/manauscult\/wp-json\/wp\/v2\/posts"}],"about":[{"href":"https:\/\/www.manaus.am.gov.br\/manauscult\/wp-json\/wp\/v2\/types\/post"}],"author":[{"embeddable":true,"href":"https:\/\/www.manaus.am.gov.br\/manauscult\/wp-json\/wp\/v2\/users\/31"}],"replies":[{"embeddable":true,"href":"https:\/\/www.manaus.am.gov.br\/manauscult\/wp-json\/wp\/v2\/comments?post=1076"}],"version-history":[{"count":0,"href":"https:\/\/www.manaus.am.gov.br\/manauscult\/wp-json\/wp\/v2\/posts\/1076\/revisions"}],"wp:featuredmedia":[{"embeddable":true,"href":"https:\/\/www.manaus.am.gov.br\/manauscult\/wp-json\/wp\/v2\/media\/1077"}],"wp:attachment":[{"href":"https:\/\/www.manaus.am.gov.br\/manauscult\/wp-json\/wp\/v2\/media?parent=1076"}],"wp:term":[{"taxonomy":"category","embeddable":true,"href":"https:\/\/www.manaus.am.gov.br\/manauscult\/wp-json\/wp\/v2\/categories?post=1076"},{"taxonomy":"post_tag","embeddable":true,"href":"https:\/\/www.manaus.am.gov.br\/manauscult\/wp-json\/wp\/v2\/tags?post=1076"}],"curies":[{"name":"wp","href":"https:\/\/api.w.org\/{rel}","templated":true}]}}