{"id":1070,"date":"2023-07-21T17:25:32","date_gmt":"2023-07-21T21:25:32","guid":{"rendered":"https:\/\/www.manaus.am.gov.br\/manauscult\/credencial-para-a-cobertura-do-2o-esquenta-do-soumanaus-2023-e-lancado-pela-prefeitura-de-manaus\/"},"modified":"2023-07-21T17:29:15","modified_gmt":"2023-07-21T21:29:15","slug":"credencial-para-a-cobertura-do-2o-esquenta-do-soumanaus-2023-e-lancada-pela-prefeitura-de-manaus","status":"publish","type":"post","link":"https:\/\/www.manaus.am.gov.br\/manauscult\/credencial-para-a-cobertura-do-2o-esquenta-do-soumanaus-2023-e-lancada-pela-prefeitura-de-manaus\/","title":{"rendered":"Credencial para a cobertura do 2\u00ba Esquenta do #SouManaus 2023 \u00e9 lan\u00e7ada pela Prefeitura de Manaus"},"content":{"rendered":"\n<p>A Prefeitura de Manaus, por meio da Funda\u00e7\u00e3o de Cultura, Turismo e Eventos (Manauscult), lan\u00e7a, nesta sexta-feira, 21\/7, o credenciamento oficial o 2\u00ba Esquenta do #SouManaus Passo a Pa\u00e7o 2023, que leva para a zona Leste da cidade, no pr\u00f3ximo domingo, 30\/7, a cantora Joelma.<\/p>\n\n\n\n<p>Para que a imprensa tenha acesso \u00e0 cobertura do evento, \u00e9 necess\u00e1rio realizar o cadastro a partir desta sexta-feira at\u00e9 as 23 horas 59 minutos do dia 26\/7 (quarta-feira), por meio do link <a href=\"https:\/\/forms.gle\/gMLMKQD65KBuYZF76\">https:\/\/forms.gle\/gMLMKQD65KBuYZF76<\/a>.<\/p>\n\n\n\n<p>As credenciais poder\u00e3o ser retiradas presencialmente na sede da Manauscult, na avenida 7 de Setembro, n\u00ba 377, Centro, no dia 28\/7, no hor\u00e1rio das 8h \u00e0s 17h, diretamente com a Assessoria de Comunica\u00e7\u00e3o do \u00f3rg\u00e3o.<\/p>\n\n\n\n<p>Os pedidos podem ser feitos por:<\/p>\n\n\n\n<p>a) Equipes de televis\u00e3o (em atividade): tr\u00eas credenciais<\/p>\n\n\n\n<p>b) Ve\u00edculos impressos (jornais e revistas em atividade): duas credenciais<\/p>\n\n\n\n<p>c) Portais, sites e blogs (em atividade): duas credenciais<\/p>\n\n\n\n<p>d) R\u00e1dios e webr\u00e1dios (em atividade): uma credencial<\/p>\n\n\n\n<p>Para maiores&nbsp;informa\u00e7\u00f5es e esclarecimentos, entrar em contato com Emanuelle Baires &#8211; (92) 98185-5476 e Moara Cabral &#8211; 99242-8724.<\/p>\n\n\n\n<p>&#8212; &#8212; &#8212;<\/p>\n\n\n\n<p><strong>Texto &#8211;<\/strong> Divulga\u00e7\u00e3o \/ Manauscult<\/p>\n\n\n\n<p><strong>Foto &#8211;<\/strong> Divulga\u00e7\u00e3o \/ Semcom<\/p>\n","protected":false},"excerpt":{"rendered":"","protected":false},"author":39,"featured_media":1071,"comment_status":"closed","ping_status":"closed","sticky":false,"template":"","format":"standard","meta":{"footnotes":""},"categories":[339],"tags":[340,274,341,9,11,342],"acf":[],"yoast_head":"<!-- This site is optimized with the Yoast SEO plugin v23.0 - https:\/\/yoast.com\/wordpress\/plugins\/seo\/ -->\n<title>Credencial para a cobertura do 2\u00ba Esquenta do #SouManaus 2023 \u00e9 lan\u00e7ada pela Prefeitura de Manaus<\/title>\n<meta name=\"description\" content=\"Para que a imprensa tenha acesso \u00e0 cobertura do evento, \u00e9 necess\u00e1rio realizar o cadastro a partir desta sexta-feira at\u00e9 as 23 horas 59 minutos do dia 26\/7 (quarta-feira), por meio do link https:\/\/forms.gle\/gMLMKQD65KBuYZF76.\" \/>\n<meta name=\"robots\" content=\"noindex, follow\" \/>\n<meta property=\"og:locale\" content=\"pt_BR\" \/>\n<meta property=\"og:type\" content=\"article\" \/>\n<meta property=\"og:title\" content=\"Credencial para a cobertura do 2\u00ba Esquenta do #SouManaus 2023 \u00e9 lan\u00e7ada pela Prefeitura de Manaus\" \/>\n<meta property=\"og:description\" content=\"Para que a imprensa tenha acesso \u00e0 cobertura do evento, \u00e9 necess\u00e1rio realizar o cadastro a partir desta sexta-feira at\u00e9 as 23 horas 59 minutos do dia 26\/7 (quarta-feira), por meio do link https:\/\/forms.gle\/gMLMKQD65KBuYZF76.\" \/>\n<meta property=\"og:url\" content=\"https:\/\/www.manaus.am.gov.br\/manauscult\/credencial-para-a-cobertura-do-2o-esquenta-do-soumanaus-2023-e-lancada-pela-prefeitura-de-manaus\/\" \/>\n<meta property=\"og:site_name\" content=\"MANAUSCULT\" \/>\n<meta property=\"article:published_time\" content=\"2023-07-21T21:25:32+00:00\" \/>\n<meta property=\"article:modified_time\" content=\"2023-07-21T21:29:15+00:00\" \/>\n<meta property=\"og:image\" content=\"https:\/\/www.manaus.am.gov.br\/manauscult\/wp-content\/uploads\/sites\/11\/2023\/07\/Esquenta-do-SouManaus-2023.jpeg\" \/>\n\t<meta property=\"og:image:width\" content=\"1600\" \/>\n\t<meta property=\"og:image:height\" content=\"1066\" \/>\n\t<meta property=\"og:image:type\" content=\"image\/jpeg\" \/>\n<meta name=\"author\" content=\"Bruna Greco\" \/>\n<meta name=\"twitter:card\" content=\"summary_large_image\" \/>\n<meta name=\"twitter:label1\" content=\"Written by\" \/>\n\t<meta name=\"twitter:data1\" content=\"Bruna Greco\" \/>\n\t<meta name=\"twitter:label2\" content=\"Est. reading time\" \/>\n\t<meta name=\"twitter:data2\" content=\"1 minuto\" \/>\n<script type=\"application\/ld+json\" class=\"yoast-schema-graph\">{\"@context\":\"https:\/\/schema.org\",\"@graph\":[{\"@type\":\"WebPage\",\"@id\":\"https:\/\/www.manaus.am.gov.br\/manauscult\/credencial-para-a-cobertura-do-2o-esquenta-do-soumanaus-2023-e-lancada-pela-prefeitura-de-manaus\/\",\"url\":\"https:\/\/www.manaus.am.gov.br\/manauscult\/credencial-para-a-cobertura-do-2o-esquenta-do-soumanaus-2023-e-lancada-pela-prefeitura-de-manaus\/\",\"name\":\"Credencial para a cobertura do 2\u00ba Esquenta do #SouManaus 2023 \u00e9 lan\u00e7ada pela Prefeitura de Manaus\",\"isPartOf\":{\"@id\":\"https:\/\/www.manaus.am.gov.br\/manauscult\/#website\"},\"primaryImageOfPage\":{\"@id\":\"https:\/\/www.manaus.am.gov.br\/manauscult\/credencial-para-a-cobertura-do-2o-esquenta-do-soumanaus-2023-e-lancada-pela-prefeitura-de-manaus\/#primaryimage\"},\"image\":{\"@id\":\"https:\/\/www.manaus.am.gov.br\/manauscult\/credencial-para-a-cobertura-do-2o-esquenta-do-soumanaus-2023-e-lancada-pela-prefeitura-de-manaus\/#primaryimage\"},\"thumbnailUrl\":\"https:\/\/www.manaus.am.gov.br\/manauscult\/wp-content\/uploads\/sites\/11\/2023\/07\/Esquenta-do-SouManaus-2023.jpeg\",\"datePublished\":\"2023-07-21T21:25:32+00:00\",\"dateModified\":\"2023-07-21T21:29:15+00:00\",\"author\":{\"@id\":\"https:\/\/www.manaus.am.gov.br\/manauscult\/#\/schema\/person\/05d223aea2bf115f9883a6ff3683d81b\"},\"description\":\"Para que a imprensa tenha acesso \u00e0 cobertura do evento, \u00e9 necess\u00e1rio realizar o cadastro a partir desta sexta-feira at\u00e9 as 23 horas 59 minutos do dia 26\/7 (quarta-feira), por meio do link https:\/\/forms.gle\/gMLMKQD65KBuYZF76.\",\"breadcrumb\":{\"@id\":\"https:\/\/www.manaus.am.gov.br\/manauscult\/credencial-para-a-cobertura-do-2o-esquenta-do-soumanaus-2023-e-lancada-pela-prefeitura-de-manaus\/#breadcrumb\"},\"inLanguage\":\"pt-BR\",\"potentialAction\":[{\"@type\":\"ReadAction\",\"target\":[\"https:\/\/www.manaus.am.gov.br\/manauscult\/credencial-para-a-cobertura-do-2o-esquenta-do-soumanaus-2023-e-lancada-pela-prefeitura-de-manaus\/\"]}]},{\"@type\":\"ImageObject\",\"inLanguage\":\"pt-BR\",\"@id\":\"https:\/\/www.manaus.am.gov.br\/manauscult\/credencial-para-a-cobertura-do-2o-esquenta-do-soumanaus-2023-e-lancada-pela-prefeitura-de-manaus\/#primaryimage\",\"url\":\"https:\/\/www.manaus.am.gov.br\/manauscult\/wp-content\/uploads\/sites\/11\/2023\/07\/Esquenta-do-SouManaus-2023.jpeg\",\"contentUrl\":\"https:\/\/www.manaus.am.gov.br\/manauscult\/wp-content\/uploads\/sites\/11\/2023\/07\/Esquenta-do-SouManaus-2023.jpeg\",\"width\":1600,\"height\":1066},{\"@type\":\"BreadcrumbList\",\"@id\":\"https:\/\/www.manaus.am.gov.br\/manauscult\/credencial-para-a-cobertura-do-2o-esquenta-do-soumanaus-2023-e-lancada-pela-prefeitura-de-manaus\/#breadcrumb\",\"itemListElement\":[{\"@type\":\"ListItem\",\"position\":1,\"name\":\"Home\",\"item\":\"https:\/\/www.manaus.am.gov.br\/manauscult\/\"},{\"@type\":\"ListItem\",\"position\":2,\"name\":\"Credencial para a cobertura do 2\u00ba Esquenta do #SouManaus 2023 \u00e9 lan\u00e7ada pela Prefeitura de Manaus\"}]},{\"@type\":\"WebSite\",\"@id\":\"https:\/\/www.manaus.am.gov.br\/manauscult\/#website\",\"url\":\"https:\/\/www.manaus.am.gov.br\/manauscult\/\",\"name\":\"MANAUSCULT\",\"description\":\"Prefeitura de Manaus\",\"potentialAction\":[{\"@type\":\"SearchAction\",\"target\":{\"@type\":\"EntryPoint\",\"urlTemplate\":\"https:\/\/www.manaus.am.gov.br\/manauscult\/?s={search_term_string}\"},\"query-input\":\"required name=search_term_string\"}],\"inLanguage\":\"pt-BR\"},{\"@type\":\"Person\",\"@id\":\"https:\/\/www.manaus.am.gov.br\/manauscult\/#\/schema\/person\/05d223aea2bf115f9883a6ff3683d81b\",\"name\":\"Bruna Greco\",\"image\":{\"@type\":\"ImageObject\",\"inLanguage\":\"pt-BR\",\"@id\":\"https:\/\/www.manaus.am.gov.br\/manauscult\/#\/schema\/person\/image\/\",\"url\":\"https:\/\/secure.gravatar.com\/avatar\/9c877d1a6adc2a055330e5c09a8653ce?s=96&d=mm&r=g\",\"contentUrl\":\"https:\/\/secure.gravatar.com\/avatar\/9c877d1a6adc2a055330e5c09a8653ce?s=96&d=mm&r=g\",\"caption\":\"Bruna Greco\"}}]}<\/script>\n<!-- \/ Yoast SEO plugin. -->","yoast_head_json":{"title":"Credencial para a cobertura do 2\u00ba Esquenta do #SouManaus 2023 \u00e9 lan\u00e7ada pela Prefeitura de Manaus","description":"Para que a imprensa tenha acesso \u00e0 cobertura do evento, \u00e9 necess\u00e1rio realizar o cadastro a partir desta sexta-feira at\u00e9 as 23 horas 59 minutos do dia 26\/7 (quarta-feira), por meio do link https:\/\/forms.gle\/gMLMKQD65KBuYZF76.","robots":{"index":"noindex","follow":"follow"},"og_locale":"pt_BR","og_type":"article","og_title":"Credencial para a cobertura do 2\u00ba Esquenta do #SouManaus 2023 \u00e9 lan\u00e7ada pela Prefeitura de Manaus","og_description":"Para que a imprensa tenha acesso \u00e0 cobertura do evento, \u00e9 necess\u00e1rio realizar o cadastro a partir desta sexta-feira at\u00e9 as 23 horas 59 minutos do dia 26\/7 (quarta-feira), por meio do link https:\/\/forms.gle\/gMLMKQD65KBuYZF76.","og_url":"https:\/\/www.manaus.am.gov.br\/manauscult\/credencial-para-a-cobertura-do-2o-esquenta-do-soumanaus-2023-e-lancada-pela-prefeitura-de-manaus\/","og_site_name":"MANAUSCULT","article_published_time":"2023-07-21T21:25:32+00:00","article_modified_time":"2023-07-21T21:29:15+00:00","og_image":[{"width":1600,"height":1066,"url":"https:\/\/www.manaus.am.gov.br\/manauscult\/wp-content\/uploads\/sites\/11\/2023\/07\/Esquenta-do-SouManaus-2023.jpeg","type":"image\/jpeg"}],"author":"Bruna Greco","twitter_card":"summary_large_image","twitter_misc":{"Written by":"Bruna Greco","Est. reading time":"1 minuto"},"schema":{"@context":"https:\/\/schema.org","@graph":[{"@type":"WebPage","@id":"https:\/\/www.manaus.am.gov.br\/manauscult\/credencial-para-a-cobertura-do-2o-esquenta-do-soumanaus-2023-e-lancada-pela-prefeitura-de-manaus\/","url":"https:\/\/www.manaus.am.gov.br\/manauscult\/credencial-para-a-cobertura-do-2o-esquenta-do-soumanaus-2023-e-lancada-pela-prefeitura-de-manaus\/","name":"Credencial para a cobertura do 2\u00ba Esquenta do #SouManaus 2023 \u00e9 lan\u00e7ada pela Prefeitura de Manaus","isPartOf":{"@id":"https:\/\/www.manaus.am.gov.br\/manauscult\/#website"},"primaryImageOfPage":{"@id":"https:\/\/www.manaus.am.gov.br\/manauscult\/credencial-para-a-cobertura-do-2o-esquenta-do-soumanaus-2023-e-lancada-pela-prefeitura-de-manaus\/#primaryimage"},"image":{"@id":"https:\/\/www.manaus.am.gov.br\/manauscult\/credencial-para-a-cobertura-do-2o-esquenta-do-soumanaus-2023-e-lancada-pela-prefeitura-de-manaus\/#primaryimage"},"thumbnailUrl":"https:\/\/www.manaus.am.gov.br\/manauscult\/wp-content\/uploads\/sites\/11\/2023\/07\/Esquenta-do-SouManaus-2023.jpeg","datePublished":"2023-07-21T21:25:32+00:00","dateModified":"2023-07-21T21:29:15+00:00","author":{"@id":"https:\/\/www.manaus.am.gov.br\/manauscult\/#\/schema\/person\/05d223aea2bf115f9883a6ff3683d81b"},"description":"Para que a imprensa tenha acesso \u00e0 cobertura do evento, \u00e9 necess\u00e1rio realizar o cadastro a partir desta sexta-feira at\u00e9 as 23 horas 59 minutos do dia 26\/7 (quarta-feira), por meio do link https:\/\/forms.gle\/gMLMKQD65KBuYZF76.","breadcrumb":{"@id":"https:\/\/www.manaus.am.gov.br\/manauscult\/credencial-para-a-cobertura-do-2o-esquenta-do-soumanaus-2023-e-lancada-pela-prefeitura-de-manaus\/#breadcrumb"},"inLanguage":"pt-BR","potentialAction":[{"@type":"ReadAction","target":["https:\/\/www.manaus.am.gov.br\/manauscult\/credencial-para-a-cobertura-do-2o-esquenta-do-soumanaus-2023-e-lancada-pela-prefeitura-de-manaus\/"]}]},{"@type":"ImageObject","inLanguage":"pt-BR","@id":"https:\/\/www.manaus.am.gov.br\/manauscult\/credencial-para-a-cobertura-do-2o-esquenta-do-soumanaus-2023-e-lancada-pela-prefeitura-de-manaus\/#primaryimage","url":"https:\/\/www.manaus.am.gov.br\/manauscult\/wp-content\/uploads\/sites\/11\/2023\/07\/Esquenta-do-SouManaus-2023.jpeg","contentUrl":"https:\/\/www.manaus.am.gov.br\/manauscult\/wp-content\/uploads\/sites\/11\/2023\/07\/Esquenta-do-SouManaus-2023.jpeg","width":1600,"height":1066},{"@type":"BreadcrumbList","@id":"https:\/\/www.manaus.am.gov.br\/manauscult\/credencial-para-a-cobertura-do-2o-esquenta-do-soumanaus-2023-e-lancada-pela-prefeitura-de-manaus\/#breadcrumb","itemListElement":[{"@type":"ListItem","position":1,"name":"Home","item":"https:\/\/www.manaus.am.gov.br\/manauscult\/"},{"@type":"ListItem","position":2,"name":"Credencial para a cobertura do 2\u00ba Esquenta do #SouManaus 2023 \u00e9 lan\u00e7ada pela Prefeitura de Manaus"}]},{"@type":"WebSite","@id":"https:\/\/www.manaus.am.gov.br\/manauscult\/#website","url":"https:\/\/www.manaus.am.gov.br\/manauscult\/","name":"MANAUSCULT","description":"Prefeitura de Manaus","potentialAction":[{"@type":"SearchAction","target":{"@type":"EntryPoint","urlTemplate":"https:\/\/www.manaus.am.gov.br\/manauscult\/?s={search_term_string}"},"query-input":"required name=search_term_string"}],"inLanguage":"pt-BR"},{"@type":"Person","@id":"https:\/\/www.manaus.am.gov.br\/manauscult\/#\/schema\/person\/05d223aea2bf115f9883a6ff3683d81b","name":"Bruna Greco","image":{"@type":"ImageObject","inLanguage":"pt-BR","@id":"https:\/\/www.manaus.am.gov.br\/manauscult\/#\/schema\/person\/image\/","url":"https:\/\/secure.gravatar.com\/avatar\/9c877d1a6adc2a055330e5c09a8653ce?s=96&d=mm&r=g","contentUrl":"https:\/\/secure.gravatar.com\/avatar\/9c877d1a6adc2a055330e5c09a8653ce?s=96&d=mm&r=g","caption":"Bruna Greco"}}]}},"_links":{"self":[{"href":"https:\/\/www.manaus.am.gov.br\/manauscult\/wp-json\/wp\/v2\/posts\/1070"}],"collection":[{"href":"https:\/\/www.manaus.am.gov.br\/manauscult\/wp-json\/wp\/v2\/posts"}],"about":[{"href":"https:\/\/www.manaus.am.gov.br\/manauscult\/wp-json\/wp\/v2\/types\/post"}],"author":[{"embeddable":true,"href":"https:\/\/www.manaus.am.gov.br\/manauscult\/wp-json\/wp\/v2\/users\/39"}],"replies":[{"embeddable":true,"href":"https:\/\/www.manaus.am.gov.br\/manauscult\/wp-json\/wp\/v2\/comments?post=1070"}],"version-history":[{"count":1,"href":"https:\/\/www.manaus.am.gov.br\/manauscult\/wp-json\/wp\/v2\/posts\/1070\/revisions"}],"predecessor-version":[{"id":1072,"href":"https:\/\/www.manaus.am.gov.br\/manauscult\/wp-json\/wp\/v2\/posts\/1070\/revisions\/1072"}],"wp:featuredmedia":[{"embeddable":true,"href":"https:\/\/www.manaus.am.gov.br\/manauscult\/wp-json\/wp\/v2\/media\/1071"}],"wp:attachment":[{"href":"https:\/\/www.manaus.am.gov.br\/manauscult\/wp-json\/wp\/v2\/media?parent=1070"}],"wp:term":[{"taxonomy":"category","embeddable":true,"href":"https:\/\/www.manaus.am.gov.br\/manauscult\/wp-json\/wp\/v2\/categories?post=1070"},{"taxonomy":"post_tag","embeddable":true,"href":"https:\/\/www.manaus.am.gov.br\/manauscult\/wp-json\/wp\/v2\/tags?post=1070"}],"curies":[{"name":"wp","href":"https:\/\/api.w.org\/{rel}","templated":true}]}}