{"id":1068,"date":"2023-07-21T11:19:23","date_gmt":"2023-07-21T15:19:23","guid":{"rendered":"https:\/\/www.manaus.am.gov.br\/manauscult\/prefeitura-anuncia-lista-dos-contemplados-no-edital-manaus-faz-cultura-2023\/"},"modified":"2023-07-21T11:19:24","modified_gmt":"2023-07-21T15:19:24","slug":"prefeitura-anuncia-lista-dos-contemplados-no-edital-manaus-faz-cultura-2023","status":"publish","type":"post","link":"https:\/\/www.manaus.am.gov.br\/manauscult\/prefeitura-anuncia-lista-dos-contemplados-no-edital-manaus-faz-cultura-2023\/","title":{"rendered":"<strong>Prefeitura anuncia lista dos contemplados no edital \u2018Manaus Faz Cultura 2023\u2019<\/strong>"},"content":{"rendered":"\n<p>A Prefeitura de Manaus, por meio da Funda\u00e7\u00e3o Municipal de Cultura, Turismo e Eventos (Manauscult), via Conselho Municipal de Cultura (Concultura), publicou a lista dos cem projetos contemplados pelo edital \u201cManaus Faz Cultura 2023\u201d, no Di\u00e1rio Oficial do Munic\u00edpio (DOM), de 20\/7, para realiza\u00e7\u00e3o de oficinas culturais na capital e entorno.<\/p>\n\n\n\n<p>Este ano, foram inscritos 724 projetos concorrendo a R$ 20 mil. O resultado final j\u00e1 passou pelas fases preliminares de recursos de 6 a 12\/7, e an\u00e1lise de 13 a 19\/7, sendo publicado o resultado final no dia 20\/7 no link:&nbsp;<a href=\"http:\/\/concultura.manaus.am.gov.br\/programa-manaus-faz-cultura\" target=\"_blank\" rel=\"noreferrer noopener\">concultura.manaus.am.gov.br\/programa-manaus-faz-cultura<\/a>.<\/p>\n\n\n\n<p>Neste ano, o edital \u201cManaus Faz Cultura\u201d ampliou para cem o n\u00famero de projetos que ser\u00e3o contemplados com patroc\u00ednio de R$ 20 mil cada, totalizando R$ 2 milh\u00f5es. O formato dos projetos \u00e9 de oficinas, cursos e semin\u00e1rios, que abordem os fazeres art\u00edsticos e culturais.<\/p>\n\n\n\n<p>\u201cMais um edital finalizado e isso nos alegra muito em saber que muitos artistas voltam a ter oportunidades de desenvolver seus projetos e talentos. Com a onda de viol\u00eancia em nosso pa\u00eds, sabemos que a cultura, a arte, o esporte e a educa\u00e7\u00e3o podem mudar a vida da nossa sociedade e n\u00f3s estamos fazendo nossa parte enquanto poder p\u00fablico, conforme orienta\u00e7\u00e3o do nosso l\u00edder, o prefeito David Almeida\u201d, disse.&nbsp;<\/p>\n\n\n\n<p>O presidente do Concultura, Ten\u00f3rio Telles, informou que dando continuidade ao trabalho de fomento aos fazedores de cultura, a Prefeitura de Manaus apresenta o resultado preliminar dos projetos que compor\u00e3o o programa de oficinas \u2018Manaus Faz Cultura 2023\u2019.<\/p>\n\n\n\n<p>\u201cTrata-se de mais uma iniciativa da gest\u00e3o do prefeito David Almeida com o prop\u00f3sito de gerar oportunidades de trabalho e renda para os artistas e, ao mesmo tempo, qualificar e estimular a forma\u00e7\u00e3o dos novos talentos de nossa cidade\u201d, enfatizou.<\/p>\n\n\n\n<p><strong>Concorr\u00eancia&nbsp;<\/strong><\/p>\n\n\n\n<p>O edital na edi\u00e7\u00e3o de 2023 contempla os projetos de oficinas de conte\u00fado art\u00edstico-culturais com valor de R$ 20 mil cada. Foram inscritos, neste ano, nos nove segmentos: 107 projetos em Artes visuais, 84 de Audiovisual, 53 de Cultura \u00c9tnica, 77 de Cultura Popular, 86 de Dan\u00e7a, 47 de Literatura, 101 de M\u00fasica, 105 de Teatro e Circo, e 60 de outros segmentos.<\/p>\n\n\n\n<p>Foram contemplados por segmentos: Literatura (11), Dan\u00e7a (12), Teatro e Circo (13), Artes Visuais (12), Audiovisual (12), Cultura \u00c9tnica (11), M\u00fasica (12), Cultura Popular (11), Hip-Hop e outros (6), a serem realizadas em todas as zonas da cidade e \u00e1reas ribeirinhas do entorno da capital, totalizando cem projetos.<\/p>\n\n\n\n<p>Nos anos anteriores, foram contemplados 40 projetos em 2021, e em 2022 foram contempladas 60 oficinas no mesmo valor, que descentralizaram o incentivo \u00e0 cultura em Manaus.<\/p>\n\n\n\n<p>&#8212; &#8212; &#8212;<\/p>\n\n\n\n<p><strong>Texto \u2013<\/strong>&nbsp;Crist\u00f3v\u00e3o Nonato \/ Manauscult<\/p>\n\n\n\n<p><strong>Foto \u2013<\/strong>&nbsp;Divulga\u00e7\u00e3o \/ Manauscult<\/p>\n","protected":false},"excerpt":{"rendered":"","protected":false},"author":24,"featured_media":1069,"comment_status":"closed","ping_status":"closed","sticky":false,"template":"","format":"standard","meta":{"footnotes":""},"categories":[336],"tags":[337,45,67,338,9,10,11,269,147,223],"acf":[],"yoast_head":"<!-- This site is optimized with the Yoast SEO plugin v23.0 - https:\/\/yoast.com\/wordpress\/plugins\/seo\/ -->\n<title>Prefeitura anuncia lista dos contemplados no edital \u2018Manaus Faz Cultura 2023\u2019 - MANAUSCULT<\/title>\n<meta name=\"description\" content=\"A Prefeitura de Manaus, por meio da Funda\u00e7\u00e3o Municipal de Cultura, Turismo e Eventos (Manauscult), via Conselho Municipal de Cultura (Concultura), publicou a lista dos cem projetos contemplados pelo edital \u201cManaus Faz Cultura 2023\u201d, no Di\u00e1rio Oficial do Munic\u00edpio (DOM), de 20\/7, para realiza\u00e7\u00e3o de oficinas culturais na capital e entorno.\" \/>\n<meta name=\"robots\" content=\"noindex, follow\" \/>\n<meta property=\"og:locale\" content=\"pt_BR\" \/>\n<meta property=\"og:type\" content=\"article\" \/>\n<meta property=\"og:title\" content=\"Prefeitura anuncia lista dos contemplados no edital \u2018Manaus Faz Cultura 2023\u2019 - MANAUSCULT\" \/>\n<meta property=\"og:description\" content=\"A Prefeitura de Manaus, por meio da Funda\u00e7\u00e3o Municipal de Cultura, Turismo e Eventos (Manauscult), via Conselho Municipal de Cultura (Concultura), publicou a lista dos cem projetos contemplados pelo edital \u201cManaus Faz Cultura 2023\u201d, no Di\u00e1rio Oficial do Munic\u00edpio (DOM), de 20\/7, para realiza\u00e7\u00e3o de oficinas culturais na capital e entorno.\" \/>\n<meta property=\"og:url\" content=\"https:\/\/www.manaus.am.gov.br\/manauscult\/prefeitura-anuncia-lista-dos-contemplados-no-edital-manaus-faz-cultura-2023\/\" \/>\n<meta property=\"og:site_name\" content=\"MANAUSCULT\" \/>\n<meta property=\"article:published_time\" content=\"2023-07-21T15:19:23+00:00\" \/>\n<meta property=\"article:modified_time\" content=\"2023-07-21T15:19:24+00:00\" \/>\n<meta property=\"og:image\" content=\"https:\/\/www.manaus.am.gov.br\/manauscult\/wp-content\/uploads\/sites\/11\/2023\/07\/Prefeitura-anuncia-lista-dos-contemplados-no-edital-\u2018Manaus-Faz-Cultura-2023-1.jpeg\" \/>\n\t<meta property=\"og:image:width\" content=\"1600\" \/>\n\t<meta property=\"og:image:height\" content=\"900\" \/>\n\t<meta property=\"og:image:type\" content=\"image\/jpeg\" \/>\n<meta name=\"author\" content=\"Cl\u00e1udia Barbosa\" \/>\n<meta name=\"twitter:card\" content=\"summary_large_image\" \/>\n<meta name=\"twitter:label1\" content=\"Written by\" \/>\n\t<meta name=\"twitter:data1\" content=\"Cl\u00e1udia Barbosa\" \/>\n\t<meta name=\"twitter:label2\" content=\"Est. reading time\" \/>\n\t<meta name=\"twitter:data2\" content=\"3 minutos\" \/>\n<script type=\"application\/ld+json\" class=\"yoast-schema-graph\">{\"@context\":\"https:\/\/schema.org\",\"@graph\":[{\"@type\":\"WebPage\",\"@id\":\"https:\/\/www.manaus.am.gov.br\/manauscult\/prefeitura-anuncia-lista-dos-contemplados-no-edital-manaus-faz-cultura-2023\/\",\"url\":\"https:\/\/www.manaus.am.gov.br\/manauscult\/prefeitura-anuncia-lista-dos-contemplados-no-edital-manaus-faz-cultura-2023\/\",\"name\":\"Prefeitura anuncia lista dos contemplados no edital \u2018Manaus Faz Cultura 2023\u2019 - MANAUSCULT\",\"isPartOf\":{\"@id\":\"https:\/\/www.manaus.am.gov.br\/manauscult\/#website\"},\"primaryImageOfPage\":{\"@id\":\"https:\/\/www.manaus.am.gov.br\/manauscult\/prefeitura-anuncia-lista-dos-contemplados-no-edital-manaus-faz-cultura-2023\/#primaryimage\"},\"image\":{\"@id\":\"https:\/\/www.manaus.am.gov.br\/manauscult\/prefeitura-anuncia-lista-dos-contemplados-no-edital-manaus-faz-cultura-2023\/#primaryimage\"},\"thumbnailUrl\":\"https:\/\/www.manaus.am.gov.br\/manauscult\/wp-content\/uploads\/sites\/11\/2023\/07\/Prefeitura-anuncia-lista-dos-contemplados-no-edital-\u2018Manaus-Faz-Cultura-2023-1.jpeg\",\"datePublished\":\"2023-07-21T15:19:23+00:00\",\"dateModified\":\"2023-07-21T15:19:24+00:00\",\"author\":{\"@id\":\"https:\/\/www.manaus.am.gov.br\/manauscult\/#\/schema\/person\/d0a166b5031154c33c77794ddc9a827e\"},\"description\":\"A Prefeitura de Manaus, por meio da Funda\u00e7\u00e3o Municipal de Cultura, Turismo e Eventos (Manauscult), via Conselho Municipal de Cultura (Concultura), publicou a lista dos cem projetos contemplados pelo edital \u201cManaus Faz Cultura 2023\u201d, no Di\u00e1rio Oficial do Munic\u00edpio (DOM), de 20\/7, para realiza\u00e7\u00e3o de oficinas culturais na capital e entorno.\",\"breadcrumb\":{\"@id\":\"https:\/\/www.manaus.am.gov.br\/manauscult\/prefeitura-anuncia-lista-dos-contemplados-no-edital-manaus-faz-cultura-2023\/#breadcrumb\"},\"inLanguage\":\"pt-BR\",\"potentialAction\":[{\"@type\":\"ReadAction\",\"target\":[\"https:\/\/www.manaus.am.gov.br\/manauscult\/prefeitura-anuncia-lista-dos-contemplados-no-edital-manaus-faz-cultura-2023\/\"]}]},{\"@type\":\"ImageObject\",\"inLanguage\":\"pt-BR\",\"@id\":\"https:\/\/www.manaus.am.gov.br\/manauscult\/prefeitura-anuncia-lista-dos-contemplados-no-edital-manaus-faz-cultura-2023\/#primaryimage\",\"url\":\"https:\/\/www.manaus.am.gov.br\/manauscult\/wp-content\/uploads\/sites\/11\/2023\/07\/Prefeitura-anuncia-lista-dos-contemplados-no-edital-\u2018Manaus-Faz-Cultura-2023-1.jpeg\",\"contentUrl\":\"https:\/\/www.manaus.am.gov.br\/manauscult\/wp-content\/uploads\/sites\/11\/2023\/07\/Prefeitura-anuncia-lista-dos-contemplados-no-edital-\u2018Manaus-Faz-Cultura-2023-1.jpeg\",\"width\":1600,\"height\":900},{\"@type\":\"BreadcrumbList\",\"@id\":\"https:\/\/www.manaus.am.gov.br\/manauscult\/prefeitura-anuncia-lista-dos-contemplados-no-edital-manaus-faz-cultura-2023\/#breadcrumb\",\"itemListElement\":[{\"@type\":\"ListItem\",\"position\":1,\"name\":\"Home\",\"item\":\"https:\/\/www.manaus.am.gov.br\/manauscult\/\"},{\"@type\":\"ListItem\",\"position\":2,\"name\":\"Prefeitura anuncia lista dos contemplados no edital \u2018Manaus Faz Cultura 2023\u2019\"}]},{\"@type\":\"WebSite\",\"@id\":\"https:\/\/www.manaus.am.gov.br\/manauscult\/#website\",\"url\":\"https:\/\/www.manaus.am.gov.br\/manauscult\/\",\"name\":\"MANAUSCULT\",\"description\":\"Prefeitura de Manaus\",\"potentialAction\":[{\"@type\":\"SearchAction\",\"target\":{\"@type\":\"EntryPoint\",\"urlTemplate\":\"https:\/\/www.manaus.am.gov.br\/manauscult\/?s={search_term_string}\"},\"query-input\":\"required name=search_term_string\"}],\"inLanguage\":\"pt-BR\"},{\"@type\":\"Person\",\"@id\":\"https:\/\/www.manaus.am.gov.br\/manauscult\/#\/schema\/person\/d0a166b5031154c33c77794ddc9a827e\",\"name\":\"Cl\u00e1udia Barbosa\",\"image\":{\"@type\":\"ImageObject\",\"inLanguage\":\"pt-BR\",\"@id\":\"https:\/\/www.manaus.am.gov.br\/manauscult\/#\/schema\/person\/image\/\",\"url\":\"https:\/\/secure.gravatar.com\/avatar\/42958a1cf007f1a00534009218c72590?s=96&d=mm&r=g\",\"contentUrl\":\"https:\/\/secure.gravatar.com\/avatar\/42958a1cf007f1a00534009218c72590?s=96&d=mm&r=g\",\"caption\":\"Cl\u00e1udia Barbosa\"}}]}<\/script>\n<!-- \/ Yoast SEO plugin. -->","yoast_head_json":{"title":"Prefeitura anuncia lista dos contemplados no edital \u2018Manaus Faz Cultura 2023\u2019 - MANAUSCULT","description":"A Prefeitura de Manaus, por meio da Funda\u00e7\u00e3o Municipal de Cultura, Turismo e Eventos (Manauscult), via Conselho Municipal de Cultura (Concultura), publicou a lista dos cem projetos contemplados pelo edital \u201cManaus Faz Cultura 2023\u201d, no Di\u00e1rio Oficial do Munic\u00edpio (DOM), de 20\/7, para realiza\u00e7\u00e3o de oficinas culturais na capital e entorno.","robots":{"index":"noindex","follow":"follow"},"og_locale":"pt_BR","og_type":"article","og_title":"Prefeitura anuncia lista dos contemplados no edital \u2018Manaus Faz Cultura 2023\u2019 - MANAUSCULT","og_description":"A Prefeitura de Manaus, por meio da Funda\u00e7\u00e3o Municipal de Cultura, Turismo e Eventos (Manauscult), via Conselho Municipal de Cultura (Concultura), publicou a lista dos cem projetos contemplados pelo edital \u201cManaus Faz Cultura 2023\u201d, no Di\u00e1rio Oficial do Munic\u00edpio (DOM), de 20\/7, para realiza\u00e7\u00e3o de oficinas culturais na capital e entorno.","og_url":"https:\/\/www.manaus.am.gov.br\/manauscult\/prefeitura-anuncia-lista-dos-contemplados-no-edital-manaus-faz-cultura-2023\/","og_site_name":"MANAUSCULT","article_published_time":"2023-07-21T15:19:23+00:00","article_modified_time":"2023-07-21T15:19:24+00:00","og_image":[{"width":1600,"height":900,"url":"https:\/\/www.manaus.am.gov.br\/manauscult\/wp-content\/uploads\/sites\/11\/2023\/07\/Prefeitura-anuncia-lista-dos-contemplados-no-edital-\u2018Manaus-Faz-Cultura-2023-1.jpeg","type":"image\/jpeg"}],"author":"Cl\u00e1udia Barbosa","twitter_card":"summary_large_image","twitter_misc":{"Written by":"Cl\u00e1udia Barbosa","Est. reading time":"3 minutos"},"schema":{"@context":"https:\/\/schema.org","@graph":[{"@type":"WebPage","@id":"https:\/\/www.manaus.am.gov.br\/manauscult\/prefeitura-anuncia-lista-dos-contemplados-no-edital-manaus-faz-cultura-2023\/","url":"https:\/\/www.manaus.am.gov.br\/manauscult\/prefeitura-anuncia-lista-dos-contemplados-no-edital-manaus-faz-cultura-2023\/","name":"Prefeitura anuncia lista dos contemplados no edital \u2018Manaus Faz Cultura 2023\u2019 - MANAUSCULT","isPartOf":{"@id":"https:\/\/www.manaus.am.gov.br\/manauscult\/#website"},"primaryImageOfPage":{"@id":"https:\/\/www.manaus.am.gov.br\/manauscult\/prefeitura-anuncia-lista-dos-contemplados-no-edital-manaus-faz-cultura-2023\/#primaryimage"},"image":{"@id":"https:\/\/www.manaus.am.gov.br\/manauscult\/prefeitura-anuncia-lista-dos-contemplados-no-edital-manaus-faz-cultura-2023\/#primaryimage"},"thumbnailUrl":"https:\/\/www.manaus.am.gov.br\/manauscult\/wp-content\/uploads\/sites\/11\/2023\/07\/Prefeitura-anuncia-lista-dos-contemplados-no-edital-\u2018Manaus-Faz-Cultura-2023-1.jpeg","datePublished":"2023-07-21T15:19:23+00:00","dateModified":"2023-07-21T15:19:24+00:00","author":{"@id":"https:\/\/www.manaus.am.gov.br\/manauscult\/#\/schema\/person\/d0a166b5031154c33c77794ddc9a827e"},"description":"A Prefeitura de Manaus, por meio da Funda\u00e7\u00e3o Municipal de Cultura, Turismo e Eventos (Manauscult), via Conselho Municipal de Cultura (Concultura), publicou a lista dos cem projetos contemplados pelo edital \u201cManaus Faz Cultura 2023\u201d, no Di\u00e1rio Oficial do Munic\u00edpio (DOM), de 20\/7, para realiza\u00e7\u00e3o de oficinas culturais na capital e entorno.","breadcrumb":{"@id":"https:\/\/www.manaus.am.gov.br\/manauscult\/prefeitura-anuncia-lista-dos-contemplados-no-edital-manaus-faz-cultura-2023\/#breadcrumb"},"inLanguage":"pt-BR","potentialAction":[{"@type":"ReadAction","target":["https:\/\/www.manaus.am.gov.br\/manauscult\/prefeitura-anuncia-lista-dos-contemplados-no-edital-manaus-faz-cultura-2023\/"]}]},{"@type":"ImageObject","inLanguage":"pt-BR","@id":"https:\/\/www.manaus.am.gov.br\/manauscult\/prefeitura-anuncia-lista-dos-contemplados-no-edital-manaus-faz-cultura-2023\/#primaryimage","url":"https:\/\/www.manaus.am.gov.br\/manauscult\/wp-content\/uploads\/sites\/11\/2023\/07\/Prefeitura-anuncia-lista-dos-contemplados-no-edital-\u2018Manaus-Faz-Cultura-2023-1.jpeg","contentUrl":"https:\/\/www.manaus.am.gov.br\/manauscult\/wp-content\/uploads\/sites\/11\/2023\/07\/Prefeitura-anuncia-lista-dos-contemplados-no-edital-\u2018Manaus-Faz-Cultura-2023-1.jpeg","width":1600,"height":900},{"@type":"BreadcrumbList","@id":"https:\/\/www.manaus.am.gov.br\/manauscult\/prefeitura-anuncia-lista-dos-contemplados-no-edital-manaus-faz-cultura-2023\/#breadcrumb","itemListElement":[{"@type":"ListItem","position":1,"name":"Home","item":"https:\/\/www.manaus.am.gov.br\/manauscult\/"},{"@type":"ListItem","position":2,"name":"Prefeitura anuncia lista dos contemplados no edital \u2018Manaus Faz Cultura 2023\u2019"}]},{"@type":"WebSite","@id":"https:\/\/www.manaus.am.gov.br\/manauscult\/#website","url":"https:\/\/www.manaus.am.gov.br\/manauscult\/","name":"MANAUSCULT","description":"Prefeitura de Manaus","potentialAction":[{"@type":"SearchAction","target":{"@type":"EntryPoint","urlTemplate":"https:\/\/www.manaus.am.gov.br\/manauscult\/?s={search_term_string}"},"query-input":"required name=search_term_string"}],"inLanguage":"pt-BR"},{"@type":"Person","@id":"https:\/\/www.manaus.am.gov.br\/manauscult\/#\/schema\/person\/d0a166b5031154c33c77794ddc9a827e","name":"Cl\u00e1udia Barbosa","image":{"@type":"ImageObject","inLanguage":"pt-BR","@id":"https:\/\/www.manaus.am.gov.br\/manauscult\/#\/schema\/person\/image\/","url":"https:\/\/secure.gravatar.com\/avatar\/42958a1cf007f1a00534009218c72590?s=96&d=mm&r=g","contentUrl":"https:\/\/secure.gravatar.com\/avatar\/42958a1cf007f1a00534009218c72590?s=96&d=mm&r=g","caption":"Cl\u00e1udia Barbosa"}}]}},"_links":{"self":[{"href":"https:\/\/www.manaus.am.gov.br\/manauscult\/wp-json\/wp\/v2\/posts\/1068"}],"collection":[{"href":"https:\/\/www.manaus.am.gov.br\/manauscult\/wp-json\/wp\/v2\/posts"}],"about":[{"href":"https:\/\/www.manaus.am.gov.br\/manauscult\/wp-json\/wp\/v2\/types\/post"}],"author":[{"embeddable":true,"href":"https:\/\/www.manaus.am.gov.br\/manauscult\/wp-json\/wp\/v2\/users\/24"}],"replies":[{"embeddable":true,"href":"https:\/\/www.manaus.am.gov.br\/manauscult\/wp-json\/wp\/v2\/comments?post=1068"}],"version-history":[{"count":0,"href":"https:\/\/www.manaus.am.gov.br\/manauscult\/wp-json\/wp\/v2\/posts\/1068\/revisions"}],"wp:featuredmedia":[{"embeddable":true,"href":"https:\/\/www.manaus.am.gov.br\/manauscult\/wp-json\/wp\/v2\/media\/1069"}],"wp:attachment":[{"href":"https:\/\/www.manaus.am.gov.br\/manauscult\/wp-json\/wp\/v2\/media?parent=1068"}],"wp:term":[{"taxonomy":"category","embeddable":true,"href":"https:\/\/www.manaus.am.gov.br\/manauscult\/wp-json\/wp\/v2\/categories?post=1068"},{"taxonomy":"post_tag","embeddable":true,"href":"https:\/\/www.manaus.am.gov.br\/manauscult\/wp-json\/wp\/v2\/tags?post=1068"}],"curies":[{"name":"wp","href":"https:\/\/api.w.org\/{rel}","templated":true}]}}