{"id":1065,"date":"2023-07-21T08:45:43","date_gmt":"2023-07-21T12:45:43","guid":{"rendered":"https:\/\/www.manaus.am.gov.br\/manauscult\/prefeitura-de-manaus-apoia-1o-seminario-dos-povos-e-comunidades-tradicionais-de-matriz-africana\/"},"modified":"2023-07-21T08:54:20","modified_gmt":"2023-07-21T12:54:20","slug":"prefeitura-de-manaus-apoia-1o-seminario-dos-povos-e-comunidades-tradicionais-de-matriz-africana","status":"publish","type":"post","link":"https:\/\/www.manaus.am.gov.br\/manauscult\/prefeitura-de-manaus-apoia-1o-seminario-dos-povos-e-comunidades-tradicionais-de-matriz-africana\/","title":{"rendered":"<strong>Prefeitura de Manaus apoia \u20181\u00ba Semin\u00e1rio dos Povos e Comunidades Tradicionais de Matriz Africana\u2019<\/strong>"},"content":{"rendered":"\n<p>Com o objetivo de discutir a cria\u00e7\u00e3o de pol\u00edticas p\u00fablicas voltadas aos povos de matriz africana, o instituto Ganga Zumba, com o apoio da Prefeitura de Manaus, por meio da Funda\u00e7\u00e3o Municipal de Cultura, Turismo e Eventos (Manauscult), promove, nesta sexta-feira, 21\/7, o \u201c1\u00ba Semin\u00e1rio dos Povos e Comunidades Tradicionais de Matriz Africana\u201d, com a tem\u00e1tica: Povos, Territ\u00f3rios e Ancestralidade. O evento ser\u00e1 realizado na faculdade Martha Falc\u00e3o, na rua Natal, n\u00ba 300, Adrian\u00f3polis, a partir das 16h.<\/p>\n\n\n\n<p>Conforme o diretor-presidente da Manauscult, Osvaldo Cardoso, os temas abordados no semin\u00e1rio s\u00e3o importantes para o fortalecimento das tradi\u00e7\u00f5es, cultura e costumes dos povos de matriz africana. \u201cO semin\u00e1rio vai abordar temas de extrema import\u00e2ncia para a cria\u00e7\u00e3o de pol\u00edticas p\u00fablicas que precisam ser fortalecidas e respeitadas, como Sa\u00fade, Educa\u00e7\u00e3o, Cultura, Seguran\u00e7a, Meio Ambiente e Turismo. E a Prefeitura de Manaus est\u00e1 dando total aten\u00e7\u00e3o para o semin\u00e1rio, porque entende o papel do poder p\u00fablico em fortalecer a hist\u00f3ria de um povo, bem como garantir seus direitos\u201d, disse.<\/p>\n\n\n\n<p>A presidente do instituto Ganga Zumba, Noch\u00ea Flor de Nav\u00ea, refor\u00e7ou a luta da comunidade pela igualdade racial e religiosa.\u201cO objetivo \u00e9 discutirmos sobre a constru\u00e7\u00e3o de pol\u00edticas p\u00fablicas, o combate \u00e0 intoler\u00e2ncia religiosa, a promo\u00e7\u00e3o da equidade racial e social e a salvaguarda e seguran\u00e7a. E ele serve como um direcionamento para a confer\u00eancia que ser\u00e1 nos dias 30 e 31 de agosto. Por isso, quero refor\u00e7ar o convite para a sociedade civil e a comunidade Afro Religiosa, para participarem conosco do 1\u00ba Semin\u00e1rio em Manaus\u201d, refor\u00e7ou M\u00e3e Flor, como \u00e9 popularmente conhecida.<\/p>\n\n\n\n<p>Entre as presen\u00e7as confirmadas no semin\u00e1rio, constam nomes de l\u00edderes religiosos de comunidades tradicionais, sociedade civil, professores e estudantes que se interessam pelo tema.<\/p>\n\n\n\n<p>Os interessados podem fazer a inscri\u00e7\u00e3o por meio do link:\u00a0\u00a0<a href=\"https:\/\/docs.google.com\/forms\/u\/0\/d\/e\/1FAIpQLSdi0AwgSaGdo67S9uZRZ4ocQ5TcSVJS2uknYSaWXOhEKQGjnA\/viewform?usp=sf_link&amp;pli=1\" target=\"_blank\" rel=\"noreferrer noopener\">https:\/\/docs.google.com\/forms\/u\/0\/d\/e\/1FAIpQLSdi0AwgSaGdo67S9uZRZ4ocQ5TcSVJS2uknYSaWXOhEKQGjnA\/viewform?usp=sf_link&amp;pli=1<\/a><\/p>\n\n\n\n<p><strong>Palestrantes:<\/strong><\/p>\n\n\n\n<p>Noch\u00ea Agonja\u00ed Flor Ty Nav\u00ea &#8211; Presidente do instituto Ganga Zumba, sacerdotisa de XW\u00c9 N\u00e1 Sin Fif\u00e1, coordenadora da Renafro-AM e coordenadora Mulheres de Ax\u00e9 do Amazonas;<\/p>\n\n\n\n<p>Luiz Fernando Costa &#8211; Historiador e vice-presidente do instituto Ganga Zumba<\/p>\n\n\n\n<p>Aline Inhamuns Paulo &#8211; que \u00e9 advogada, membro das Comiss\u00f5es de Prote\u00e7\u00e3o \u00e0 Crian\u00e7a e ao Adolescente e de Aperfei\u00e7oamento Jur\u00eddico, ambas da OAB\/AM;<\/p>\n\n\n\n<p>Karla Cristina da Silva Sousa &#8211; Promotora de Justi\u00e7a do Minist\u00e9rio P\u00fablico do Estado Amazonas;<\/p>\n\n\n\n<p>Gl\u00e1ucio da Gama &#8211; Professor de Educa\u00e7\u00e3o B\u00e1sica da Secretaria Municipal de Educa\u00e7\u00e3o (Semed) e especialista em Ensino de Hist\u00f3ria e Cultura Afro-brasileira e \u00c1frica;<\/p>\n\n\n\n<p>Ogan Erick de Od\u00e9 &#8211; Professor e T\u00e9cnico em Arquivo e Ouvidor da Secretaria de Estado de Justi\u00e7a, Direitos Humanos e Cidadania (Sejusc);<\/p>\n\n\n\n<p>Toy Voduno M\u00e1rcio de Bo\u00e7o Jara &#8211; Sacerdote da Casa das Minas de Thoya Jara\/SP;<\/p>\n\n\n\n<p>Ekedji Carla De Oy\u00e1 &#8211; Mulheres de Ax\u00e9 do Amazonas e Administradora e Gestora de Projetos do SUS, ILMD &#8211; Fiocruz Amaz\u00f4nia;<\/p>\n\n\n\n<p>Cleyce Rock &#8211; Cirurgi\u00e3-dentista, conselheira suplente do Conselho Regional de Odontologia;<\/p>\n\n\n\n<p>Mametu Nangetu &#8211; Mansu Mansumbandu Keke Neta, coordenadora do Instituto Nangetu de Tradi\u00e7\u00e3o Afro-religiosa e de Desenvolvimento Social &#8211; Bel\u00e9m\/PA;<\/p>\n\n\n\n<p>Heraldo da Cunha Barbosa &#8211; Bokonovi Lissanon Fakogemi Aganmadegbe, Culto, Mina, F\u00e1, Egungun.&nbsp;<\/p>\n\n\n\n<p><strong>Texto e foto<\/strong>&nbsp;\u2013 Divulga\u00e7\u00e3o\/Manauscult<\/p>\n","protected":false},"excerpt":{"rendered":"","protected":false},"author":23,"featured_media":1066,"comment_status":"closed","ping_status":"closed","sticky":false,"template":"","format":"standard","meta":{"footnotes":""},"categories":[3],"tags":[334,9,11,335],"acf":[],"yoast_head":"<!-- This site is optimized with the Yoast SEO plugin v23.0 - https:\/\/yoast.com\/wordpress\/plugins\/seo\/ -->\n<title>Prefeitura de Manaus apoia \u20181\u00ba Semin\u00e1rio dos Povos e Comunidades Tradicionais de Matriz Africana\u2019 - MANAUSCULT<\/title>\n<meta name=\"robots\" content=\"noindex, follow\" \/>\n<meta property=\"og:locale\" content=\"pt_BR\" \/>\n<meta property=\"og:type\" content=\"article\" \/>\n<meta property=\"og:title\" content=\"Prefeitura de Manaus apoia \u20181\u00ba Semin\u00e1rio dos Povos e Comunidades Tradicionais de Matriz Africana\u2019 - MANAUSCULT\" \/>\n<meta property=\"og:url\" content=\"https:\/\/www.manaus.am.gov.br\/manauscult\/prefeitura-de-manaus-apoia-1o-seminario-dos-povos-e-comunidades-tradicionais-de-matriz-africana\/\" \/>\n<meta property=\"og:site_name\" content=\"MANAUSCULT\" \/>\n<meta property=\"article:published_time\" content=\"2023-07-21T12:45:43+00:00\" \/>\n<meta property=\"article:modified_time\" content=\"2023-07-21T12:54:20+00:00\" \/>\n<meta property=\"og:image\" content=\"https:\/\/www.manaus.am.gov.br\/manauscult\/wp-content\/uploads\/sites\/11\/2023\/07\/IMG-20230720-WA0052.jpg\" \/>\n\t<meta property=\"og:image:width\" content=\"1024\" \/>\n\t<meta property=\"og:image:height\" content=\"768\" \/>\n\t<meta property=\"og:image:type\" content=\"image\/jpeg\" \/>\n<meta name=\"author\" content=\"Adriana Costa\" \/>\n<meta name=\"twitter:card\" content=\"summary_large_image\" \/>\n<meta name=\"twitter:label1\" content=\"Written by\" \/>\n\t<meta name=\"twitter:data1\" content=\"Adriana Costa\" \/>\n\t<meta name=\"twitter:label2\" content=\"Est. reading time\" \/>\n\t<meta name=\"twitter:data2\" content=\"3 minutos\" \/>\n<script type=\"application\/ld+json\" class=\"yoast-schema-graph\">{\"@context\":\"https:\/\/schema.org\",\"@graph\":[{\"@type\":\"WebPage\",\"@id\":\"https:\/\/www.manaus.am.gov.br\/manauscult\/prefeitura-de-manaus-apoia-1o-seminario-dos-povos-e-comunidades-tradicionais-de-matriz-africana\/\",\"url\":\"https:\/\/www.manaus.am.gov.br\/manauscult\/prefeitura-de-manaus-apoia-1o-seminario-dos-povos-e-comunidades-tradicionais-de-matriz-africana\/\",\"name\":\"Prefeitura de Manaus apoia \u20181\u00ba Semin\u00e1rio dos Povos e Comunidades Tradicionais de Matriz Africana\u2019 - MANAUSCULT\",\"isPartOf\":{\"@id\":\"https:\/\/www.manaus.am.gov.br\/manauscult\/#website\"},\"primaryImageOfPage\":{\"@id\":\"https:\/\/www.manaus.am.gov.br\/manauscult\/prefeitura-de-manaus-apoia-1o-seminario-dos-povos-e-comunidades-tradicionais-de-matriz-africana\/#primaryimage\"},\"image\":{\"@id\":\"https:\/\/www.manaus.am.gov.br\/manauscult\/prefeitura-de-manaus-apoia-1o-seminario-dos-povos-e-comunidades-tradicionais-de-matriz-africana\/#primaryimage\"},\"thumbnailUrl\":\"https:\/\/www.manaus.am.gov.br\/manauscult\/wp-content\/uploads\/sites\/11\/2023\/07\/IMG-20230720-WA0052.jpg\",\"datePublished\":\"2023-07-21T12:45:43+00:00\",\"dateModified\":\"2023-07-21T12:54:20+00:00\",\"author\":{\"@id\":\"https:\/\/www.manaus.am.gov.br\/manauscult\/#\/schema\/person\/4e49f4e267757a06ca072ec61b2b9968\"},\"breadcrumb\":{\"@id\":\"https:\/\/www.manaus.am.gov.br\/manauscult\/prefeitura-de-manaus-apoia-1o-seminario-dos-povos-e-comunidades-tradicionais-de-matriz-africana\/#breadcrumb\"},\"inLanguage\":\"pt-BR\",\"potentialAction\":[{\"@type\":\"ReadAction\",\"target\":[\"https:\/\/www.manaus.am.gov.br\/manauscult\/prefeitura-de-manaus-apoia-1o-seminario-dos-povos-e-comunidades-tradicionais-de-matriz-africana\/\"]}]},{\"@type\":\"ImageObject\",\"inLanguage\":\"pt-BR\",\"@id\":\"https:\/\/www.manaus.am.gov.br\/manauscult\/prefeitura-de-manaus-apoia-1o-seminario-dos-povos-e-comunidades-tradicionais-de-matriz-africana\/#primaryimage\",\"url\":\"https:\/\/www.manaus.am.gov.br\/manauscult\/wp-content\/uploads\/sites\/11\/2023\/07\/IMG-20230720-WA0052.jpg\",\"contentUrl\":\"https:\/\/www.manaus.am.gov.br\/manauscult\/wp-content\/uploads\/sites\/11\/2023\/07\/IMG-20230720-WA0052.jpg\",\"width\":1024,\"height\":768},{\"@type\":\"BreadcrumbList\",\"@id\":\"https:\/\/www.manaus.am.gov.br\/manauscult\/prefeitura-de-manaus-apoia-1o-seminario-dos-povos-e-comunidades-tradicionais-de-matriz-africana\/#breadcrumb\",\"itemListElement\":[{\"@type\":\"ListItem\",\"position\":1,\"name\":\"Home\",\"item\":\"https:\/\/www.manaus.am.gov.br\/manauscult\/\"},{\"@type\":\"ListItem\",\"position\":2,\"name\":\"Prefeitura de Manaus apoia \u20181\u00ba Semin\u00e1rio dos Povos e Comunidades Tradicionais de Matriz Africana\u2019\"}]},{\"@type\":\"WebSite\",\"@id\":\"https:\/\/www.manaus.am.gov.br\/manauscult\/#website\",\"url\":\"https:\/\/www.manaus.am.gov.br\/manauscult\/\",\"name\":\"MANAUSCULT\",\"description\":\"Prefeitura de Manaus\",\"potentialAction\":[{\"@type\":\"SearchAction\",\"target\":{\"@type\":\"EntryPoint\",\"urlTemplate\":\"https:\/\/www.manaus.am.gov.br\/manauscult\/?s={search_term_string}\"},\"query-input\":\"required name=search_term_string\"}],\"inLanguage\":\"pt-BR\"},{\"@type\":\"Person\",\"@id\":\"https:\/\/www.manaus.am.gov.br\/manauscult\/#\/schema\/person\/4e49f4e267757a06ca072ec61b2b9968\",\"name\":\"Adriana Costa\",\"image\":{\"@type\":\"ImageObject\",\"inLanguage\":\"pt-BR\",\"@id\":\"https:\/\/www.manaus.am.gov.br\/manauscult\/#\/schema\/person\/image\/\",\"url\":\"https:\/\/secure.gravatar.com\/avatar\/576258617ef7194f718179e766d57bd4?s=96&d=mm&r=g\",\"contentUrl\":\"https:\/\/secure.gravatar.com\/avatar\/576258617ef7194f718179e766d57bd4?s=96&d=mm&r=g\",\"caption\":\"Adriana Costa\"}}]}<\/script>\n<!-- \/ Yoast SEO plugin. -->","yoast_head_json":{"title":"Prefeitura de Manaus apoia \u20181\u00ba Semin\u00e1rio dos Povos e Comunidades Tradicionais de Matriz Africana\u2019 - MANAUSCULT","robots":{"index":"noindex","follow":"follow"},"og_locale":"pt_BR","og_type":"article","og_title":"Prefeitura de Manaus apoia \u20181\u00ba Semin\u00e1rio dos Povos e Comunidades Tradicionais de Matriz Africana\u2019 - MANAUSCULT","og_url":"https:\/\/www.manaus.am.gov.br\/manauscult\/prefeitura-de-manaus-apoia-1o-seminario-dos-povos-e-comunidades-tradicionais-de-matriz-africana\/","og_site_name":"MANAUSCULT","article_published_time":"2023-07-21T12:45:43+00:00","article_modified_time":"2023-07-21T12:54:20+00:00","og_image":[{"width":1024,"height":768,"url":"https:\/\/www.manaus.am.gov.br\/manauscult\/wp-content\/uploads\/sites\/11\/2023\/07\/IMG-20230720-WA0052.jpg","type":"image\/jpeg"}],"author":"Adriana Costa","twitter_card":"summary_large_image","twitter_misc":{"Written by":"Adriana Costa","Est. reading time":"3 minutos"},"schema":{"@context":"https:\/\/schema.org","@graph":[{"@type":"WebPage","@id":"https:\/\/www.manaus.am.gov.br\/manauscult\/prefeitura-de-manaus-apoia-1o-seminario-dos-povos-e-comunidades-tradicionais-de-matriz-africana\/","url":"https:\/\/www.manaus.am.gov.br\/manauscult\/prefeitura-de-manaus-apoia-1o-seminario-dos-povos-e-comunidades-tradicionais-de-matriz-africana\/","name":"Prefeitura de Manaus apoia \u20181\u00ba Semin\u00e1rio dos Povos e Comunidades Tradicionais de Matriz Africana\u2019 - MANAUSCULT","isPartOf":{"@id":"https:\/\/www.manaus.am.gov.br\/manauscult\/#website"},"primaryImageOfPage":{"@id":"https:\/\/www.manaus.am.gov.br\/manauscult\/prefeitura-de-manaus-apoia-1o-seminario-dos-povos-e-comunidades-tradicionais-de-matriz-africana\/#primaryimage"},"image":{"@id":"https:\/\/www.manaus.am.gov.br\/manauscult\/prefeitura-de-manaus-apoia-1o-seminario-dos-povos-e-comunidades-tradicionais-de-matriz-africana\/#primaryimage"},"thumbnailUrl":"https:\/\/www.manaus.am.gov.br\/manauscult\/wp-content\/uploads\/sites\/11\/2023\/07\/IMG-20230720-WA0052.jpg","datePublished":"2023-07-21T12:45:43+00:00","dateModified":"2023-07-21T12:54:20+00:00","author":{"@id":"https:\/\/www.manaus.am.gov.br\/manauscult\/#\/schema\/person\/4e49f4e267757a06ca072ec61b2b9968"},"breadcrumb":{"@id":"https:\/\/www.manaus.am.gov.br\/manauscult\/prefeitura-de-manaus-apoia-1o-seminario-dos-povos-e-comunidades-tradicionais-de-matriz-africana\/#breadcrumb"},"inLanguage":"pt-BR","potentialAction":[{"@type":"ReadAction","target":["https:\/\/www.manaus.am.gov.br\/manauscult\/prefeitura-de-manaus-apoia-1o-seminario-dos-povos-e-comunidades-tradicionais-de-matriz-africana\/"]}]},{"@type":"ImageObject","inLanguage":"pt-BR","@id":"https:\/\/www.manaus.am.gov.br\/manauscult\/prefeitura-de-manaus-apoia-1o-seminario-dos-povos-e-comunidades-tradicionais-de-matriz-africana\/#primaryimage","url":"https:\/\/www.manaus.am.gov.br\/manauscult\/wp-content\/uploads\/sites\/11\/2023\/07\/IMG-20230720-WA0052.jpg","contentUrl":"https:\/\/www.manaus.am.gov.br\/manauscult\/wp-content\/uploads\/sites\/11\/2023\/07\/IMG-20230720-WA0052.jpg","width":1024,"height":768},{"@type":"BreadcrumbList","@id":"https:\/\/www.manaus.am.gov.br\/manauscult\/prefeitura-de-manaus-apoia-1o-seminario-dos-povos-e-comunidades-tradicionais-de-matriz-africana\/#breadcrumb","itemListElement":[{"@type":"ListItem","position":1,"name":"Home","item":"https:\/\/www.manaus.am.gov.br\/manauscult\/"},{"@type":"ListItem","position":2,"name":"Prefeitura de Manaus apoia \u20181\u00ba Semin\u00e1rio dos Povos e Comunidades Tradicionais de Matriz Africana\u2019"}]},{"@type":"WebSite","@id":"https:\/\/www.manaus.am.gov.br\/manauscult\/#website","url":"https:\/\/www.manaus.am.gov.br\/manauscult\/","name":"MANAUSCULT","description":"Prefeitura de Manaus","potentialAction":[{"@type":"SearchAction","target":{"@type":"EntryPoint","urlTemplate":"https:\/\/www.manaus.am.gov.br\/manauscult\/?s={search_term_string}"},"query-input":"required name=search_term_string"}],"inLanguage":"pt-BR"},{"@type":"Person","@id":"https:\/\/www.manaus.am.gov.br\/manauscult\/#\/schema\/person\/4e49f4e267757a06ca072ec61b2b9968","name":"Adriana Costa","image":{"@type":"ImageObject","inLanguage":"pt-BR","@id":"https:\/\/www.manaus.am.gov.br\/manauscult\/#\/schema\/person\/image\/","url":"https:\/\/secure.gravatar.com\/avatar\/576258617ef7194f718179e766d57bd4?s=96&d=mm&r=g","contentUrl":"https:\/\/secure.gravatar.com\/avatar\/576258617ef7194f718179e766d57bd4?s=96&d=mm&r=g","caption":"Adriana Costa"}}]}},"_links":{"self":[{"href":"https:\/\/www.manaus.am.gov.br\/manauscult\/wp-json\/wp\/v2\/posts\/1065"}],"collection":[{"href":"https:\/\/www.manaus.am.gov.br\/manauscult\/wp-json\/wp\/v2\/posts"}],"about":[{"href":"https:\/\/www.manaus.am.gov.br\/manauscult\/wp-json\/wp\/v2\/types\/post"}],"author":[{"embeddable":true,"href":"https:\/\/www.manaus.am.gov.br\/manauscult\/wp-json\/wp\/v2\/users\/23"}],"replies":[{"embeddable":true,"href":"https:\/\/www.manaus.am.gov.br\/manauscult\/wp-json\/wp\/v2\/comments?post=1065"}],"version-history":[{"count":1,"href":"https:\/\/www.manaus.am.gov.br\/manauscult\/wp-json\/wp\/v2\/posts\/1065\/revisions"}],"predecessor-version":[{"id":1067,"href":"https:\/\/www.manaus.am.gov.br\/manauscult\/wp-json\/wp\/v2\/posts\/1065\/revisions\/1067"}],"wp:featuredmedia":[{"embeddable":true,"href":"https:\/\/www.manaus.am.gov.br\/manauscult\/wp-json\/wp\/v2\/media\/1066"}],"wp:attachment":[{"href":"https:\/\/www.manaus.am.gov.br\/manauscult\/wp-json\/wp\/v2\/media?parent=1065"}],"wp:term":[{"taxonomy":"category","embeddable":true,"href":"https:\/\/www.manaus.am.gov.br\/manauscult\/wp-json\/wp\/v2\/categories?post=1065"},{"taxonomy":"post_tag","embeddable":true,"href":"https:\/\/www.manaus.am.gov.br\/manauscult\/wp-json\/wp\/v2\/tags?post=1065"}],"curies":[{"name":"wp","href":"https:\/\/api.w.org\/{rel}","templated":true}]}}