{"id":1063,"date":"2023-07-20T11:47:36","date_gmt":"2023-07-20T15:47:36","guid":{"rendered":"https:\/\/www.manaus.am.gov.br\/manauscult\/artistas-circenses-e-de-teatro-sao-contemplados-na-segunda-selecao-do-soumanaus-2023-da-prefeitura\/"},"modified":"2023-07-20T11:47:38","modified_gmt":"2023-07-20T15:47:38","slug":"artistas-circenses-e-de-teatro-sao-contemplados-na-segunda-selecao-do-soumanaus-2023-da-prefeitura","status":"publish","type":"post","link":"https:\/\/www.manaus.am.gov.br\/manauscult\/artistas-circenses-e-de-teatro-sao-contemplados-na-segunda-selecao-do-soumanaus-2023-da-prefeitura\/","title":{"rendered":"<strong>Artistas circenses e de teatro s\u00e3o contemplados na segunda sele\u00e7\u00e3o do #SouManaus 2023 da prefeitura<\/strong>"},"content":{"rendered":"\n<p>Dos cinco artistas locais selecionados na segunda chamada para o maior festival do Norte, realizado pela Prefeitura de Manaus, o Sou Manaus Passo a Pa\u00e7o 2023, tr\u00eas s\u00e3o artistas de circo e de teatro. Na categoria circense, os contemplados foram a Cia. Cultura Amaz\u00f4nica e a Associa\u00e7\u00e3o de Artistas Circenses. J\u00e1 na teatral, a escolhida foi a companhia Arte e Fato.<\/p>\n\n\n\n<p>Sob a dire\u00e7\u00e3o de Douglas Rodrigues, uma das apresenta\u00e7\u00f5es da companhia Arte e Fato \u00e9 obra de M\u00e1rcio Souza: A Maravilhosa Hist\u00f3ria do Sapo Tar\u00f4 Bequ\u00ea. J\u00e1 a Cia. Cultura Amaz\u00f4nica vai trazer para o p\u00fablico as acrobacias em tecido, lira e faixa, al\u00e9m de equilibrismo e pirofagia, entre outros.<\/p>\n\n\n\n<p>O diretor-presidente da Funda\u00e7\u00e3o Municipal de Cultura, Turismo e Eventos (Manauscult), Osvaldo Cardoso, falou sobre o fortalecimento da cultura local, dando espa\u00e7o aos artistas cadastrados na Manauscult, mas tamb\u00e9m indicados pelo p\u00fablico nas redes sociais.<\/p>\n\n\n\n<p>\u201cNosso principal objetivo \u00e9 fortalecer cada vez mais a cultura local, os artistas manauaras. Al\u00e9m de analisarmos os portf\u00f3lios dos artistas cadastrados na Manauscult, a curadoria analisa tamb\u00e9m as men\u00e7\u00f5es nas redes sociais nos canais oficiais da Prefeitura de Manaus e Manauscult. Dessa forma, estamos sendo democr\u00e1ticos para escolher n\u00e3o apenas o artista que est\u00e1 \u2018apto\u2019, mas tamb\u00e9m o pedido do p\u00fablico nas redes sociais\u201d, pontuou.<\/p>\n\n\n\n<p><strong>Selecionado<\/strong><\/p>\n\n\n\n<p>Para o produtor cultural e gestor da Cia. Cultura Amaz\u00f4nica, Igor Palhano, receber a liga\u00e7\u00e3o do presidente Osvaldo confirmando a companhia no Sou Manaus 2023 foi uma honra. Ele promete abrilhantar ainda mais o evento com as apresenta\u00e7\u00f5es da companhia.<\/p>\n\n\n\n<p>\u201cEstamos muito felizes, nos sentindo muito honrados com a confirma\u00e7\u00e3o do nosso nome no Sou Manaus 2023, que \u00e9 um evento lindo da Prefeitura de Manaus, que faz t\u00e3o bem para as pessoas, para a sociedade e que fomenta a cultura. O p\u00fablico vai ter a oportunidade de ter contato com diversas t\u00e9cnicas circenses, de artistas locais, como Jean Palladino, Klindson Cruz, Francine Marrie, Marcos Efraim, Karine Magalh\u00e3es e outros grandes nomes da arte circense em Manaus. Ser\u00e1 um circuito surpreendente de espet\u00e1culo\u201d, destacou.<\/p>\n\n\n\n<p>Outros dois nomes selecionados na segunda chamada foram o cantor e compositor George Japa e a drag queen Aurora Boreal. Ao todo, s\u00e3o mais de 600 trabalhadores da cultura envolvidos no Sou Manaus 2023.<\/p>\n\n\n\n<p>&#8212; &#8212; &#8212;<\/p>\n\n\n\n<p><strong>Texto &#8211;<\/strong>&nbsp;Divulga\u00e7\u00e3o \/ Manauscult<\/p>\n\n\n\n<p><strong>Foto \u2013<\/strong>\u00a0Divulga\u00e7\u00e3o \/ Arquivo Semcom<\/p>\n","protected":false},"excerpt":{"rendered":"","protected":false},"author":24,"featured_media":1064,"comment_status":"closed","ping_status":"closed","sticky":false,"template":"","format":"standard","meta":{"footnotes":""},"categories":[12],"tags":[89,327,328,329,330,331,332,9,10,11,279,333],"acf":[],"yoast_head":"<!-- This site is optimized with the Yoast SEO plugin v23.0 - https:\/\/yoast.com\/wordpress\/plugins\/seo\/ -->\n<title>Artistas circenses e de teatro s\u00e3o contemplados na segunda sele\u00e7\u00e3o do #SouManaus 2023 da prefeitura - MANAUSCULT<\/title>\n<meta name=\"description\" content=\"Dos cinco artistas locais selecionados na segunda chamada para o maior festival do Norte, realizado pela Prefeitura de Manaus, o Sou Manaus Passo a Pa\u00e7o 2023, tr\u00eas s\u00e3o artistas de circo e de teatro.\" \/>\n<meta name=\"robots\" content=\"noindex, follow\" \/>\n<meta property=\"og:locale\" content=\"pt_BR\" \/>\n<meta property=\"og:type\" content=\"article\" \/>\n<meta property=\"og:title\" content=\"Artistas circenses e de teatro s\u00e3o contemplados na segunda sele\u00e7\u00e3o do #SouManaus 2023 da prefeitura - MANAUSCULT\" \/>\n<meta property=\"og:description\" content=\"Dos cinco artistas locais selecionados na segunda chamada para o maior festival do Norte, realizado pela Prefeitura de Manaus, o Sou Manaus Passo a Pa\u00e7o 2023, tr\u00eas s\u00e3o artistas de circo e de teatro.\" \/>\n<meta property=\"og:url\" content=\"https:\/\/www.manaus.am.gov.br\/manauscult\/artistas-circenses-e-de-teatro-sao-contemplados-na-segunda-selecao-do-soumanaus-2023-da-prefeitura\/\" \/>\n<meta property=\"og:site_name\" content=\"MANAUSCULT\" \/>\n<meta property=\"article:published_time\" content=\"2023-07-20T15:47:36+00:00\" \/>\n<meta property=\"article:modified_time\" content=\"2023-07-20T15:47:38+00:00\" \/>\n<meta property=\"og:image\" content=\"https:\/\/www.manaus.am.gov.br\/manauscult\/wp-content\/uploads\/sites\/11\/2023\/07\/Artistas-circenses-e-de-teatro-sao-contemplados-na-segunda-selecao-do-SouManaus-2023-da-prefeitura.jpg\" \/>\n\t<meta property=\"og:image:width\" content=\"1620\" \/>\n\t<meta property=\"og:image:height\" content=\"1080\" \/>\n\t<meta property=\"og:image:type\" content=\"image\/jpeg\" \/>\n<meta name=\"author\" content=\"Cl\u00e1udia Barbosa\" \/>\n<meta name=\"twitter:card\" content=\"summary_large_image\" \/>\n<meta name=\"twitter:label1\" content=\"Written by\" \/>\n\t<meta name=\"twitter:data1\" content=\"Cl\u00e1udia Barbosa\" \/>\n\t<meta name=\"twitter:label2\" content=\"Est. reading time\" \/>\n\t<meta name=\"twitter:data2\" content=\"3 minutos\" \/>\n<script type=\"application\/ld+json\" class=\"yoast-schema-graph\">{\"@context\":\"https:\/\/schema.org\",\"@graph\":[{\"@type\":\"WebPage\",\"@id\":\"https:\/\/www.manaus.am.gov.br\/manauscult\/artistas-circenses-e-de-teatro-sao-contemplados-na-segunda-selecao-do-soumanaus-2023-da-prefeitura\/\",\"url\":\"https:\/\/www.manaus.am.gov.br\/manauscult\/artistas-circenses-e-de-teatro-sao-contemplados-na-segunda-selecao-do-soumanaus-2023-da-prefeitura\/\",\"name\":\"Artistas circenses e de teatro s\u00e3o contemplados na segunda sele\u00e7\u00e3o do #SouManaus 2023 da prefeitura - MANAUSCULT\",\"isPartOf\":{\"@id\":\"https:\/\/www.manaus.am.gov.br\/manauscult\/#website\"},\"primaryImageOfPage\":{\"@id\":\"https:\/\/www.manaus.am.gov.br\/manauscult\/artistas-circenses-e-de-teatro-sao-contemplados-na-segunda-selecao-do-soumanaus-2023-da-prefeitura\/#primaryimage\"},\"image\":{\"@id\":\"https:\/\/www.manaus.am.gov.br\/manauscult\/artistas-circenses-e-de-teatro-sao-contemplados-na-segunda-selecao-do-soumanaus-2023-da-prefeitura\/#primaryimage\"},\"thumbnailUrl\":\"https:\/\/www.manaus.am.gov.br\/manauscult\/wp-content\/uploads\/sites\/11\/2023\/07\/Artistas-circenses-e-de-teatro-sao-contemplados-na-segunda-selecao-do-SouManaus-2023-da-prefeitura.jpg\",\"datePublished\":\"2023-07-20T15:47:36+00:00\",\"dateModified\":\"2023-07-20T15:47:38+00:00\",\"author\":{\"@id\":\"https:\/\/www.manaus.am.gov.br\/manauscult\/#\/schema\/person\/d0a166b5031154c33c77794ddc9a827e\"},\"description\":\"Dos cinco artistas locais selecionados na segunda chamada para o maior festival do Norte, realizado pela Prefeitura de Manaus, o Sou Manaus Passo a Pa\u00e7o 2023, tr\u00eas s\u00e3o artistas de circo e de teatro.\",\"breadcrumb\":{\"@id\":\"https:\/\/www.manaus.am.gov.br\/manauscult\/artistas-circenses-e-de-teatro-sao-contemplados-na-segunda-selecao-do-soumanaus-2023-da-prefeitura\/#breadcrumb\"},\"inLanguage\":\"pt-BR\",\"potentialAction\":[{\"@type\":\"ReadAction\",\"target\":[\"https:\/\/www.manaus.am.gov.br\/manauscult\/artistas-circenses-e-de-teatro-sao-contemplados-na-segunda-selecao-do-soumanaus-2023-da-prefeitura\/\"]}]},{\"@type\":\"ImageObject\",\"inLanguage\":\"pt-BR\",\"@id\":\"https:\/\/www.manaus.am.gov.br\/manauscult\/artistas-circenses-e-de-teatro-sao-contemplados-na-segunda-selecao-do-soumanaus-2023-da-prefeitura\/#primaryimage\",\"url\":\"https:\/\/www.manaus.am.gov.br\/manauscult\/wp-content\/uploads\/sites\/11\/2023\/07\/Artistas-circenses-e-de-teatro-sao-contemplados-na-segunda-selecao-do-SouManaus-2023-da-prefeitura.jpg\",\"contentUrl\":\"https:\/\/www.manaus.am.gov.br\/manauscult\/wp-content\/uploads\/sites\/11\/2023\/07\/Artistas-circenses-e-de-teatro-sao-contemplados-na-segunda-selecao-do-SouManaus-2023-da-prefeitura.jpg\",\"width\":1620,\"height\":1080},{\"@type\":\"BreadcrumbList\",\"@id\":\"https:\/\/www.manaus.am.gov.br\/manauscult\/artistas-circenses-e-de-teatro-sao-contemplados-na-segunda-selecao-do-soumanaus-2023-da-prefeitura\/#breadcrumb\",\"itemListElement\":[{\"@type\":\"ListItem\",\"position\":1,\"name\":\"Home\",\"item\":\"https:\/\/www.manaus.am.gov.br\/manauscult\/\"},{\"@type\":\"ListItem\",\"position\":2,\"name\":\"Artistas circenses e de teatro s\u00e3o contemplados na segunda sele\u00e7\u00e3o do #SouManaus 2023 da prefeitura\"}]},{\"@type\":\"WebSite\",\"@id\":\"https:\/\/www.manaus.am.gov.br\/manauscult\/#website\",\"url\":\"https:\/\/www.manaus.am.gov.br\/manauscult\/\",\"name\":\"MANAUSCULT\",\"description\":\"Prefeitura de Manaus\",\"potentialAction\":[{\"@type\":\"SearchAction\",\"target\":{\"@type\":\"EntryPoint\",\"urlTemplate\":\"https:\/\/www.manaus.am.gov.br\/manauscult\/?s={search_term_string}\"},\"query-input\":\"required name=search_term_string\"}],\"inLanguage\":\"pt-BR\"},{\"@type\":\"Person\",\"@id\":\"https:\/\/www.manaus.am.gov.br\/manauscult\/#\/schema\/person\/d0a166b5031154c33c77794ddc9a827e\",\"name\":\"Cl\u00e1udia Barbosa\",\"image\":{\"@type\":\"ImageObject\",\"inLanguage\":\"pt-BR\",\"@id\":\"https:\/\/www.manaus.am.gov.br\/manauscult\/#\/schema\/person\/image\/\",\"url\":\"https:\/\/secure.gravatar.com\/avatar\/42958a1cf007f1a00534009218c72590?s=96&d=mm&r=g\",\"contentUrl\":\"https:\/\/secure.gravatar.com\/avatar\/42958a1cf007f1a00534009218c72590?s=96&d=mm&r=g\",\"caption\":\"Cl\u00e1udia Barbosa\"}}]}<\/script>\n<!-- \/ Yoast SEO plugin. -->","yoast_head_json":{"title":"Artistas circenses e de teatro s\u00e3o contemplados na segunda sele\u00e7\u00e3o do #SouManaus 2023 da prefeitura - MANAUSCULT","description":"Dos cinco artistas locais selecionados na segunda chamada para o maior festival do Norte, realizado pela Prefeitura de Manaus, o Sou Manaus Passo a Pa\u00e7o 2023, tr\u00eas s\u00e3o artistas de circo e de teatro.","robots":{"index":"noindex","follow":"follow"},"og_locale":"pt_BR","og_type":"article","og_title":"Artistas circenses e de teatro s\u00e3o contemplados na segunda sele\u00e7\u00e3o do #SouManaus 2023 da prefeitura - MANAUSCULT","og_description":"Dos cinco artistas locais selecionados na segunda chamada para o maior festival do Norte, realizado pela Prefeitura de Manaus, o Sou Manaus Passo a Pa\u00e7o 2023, tr\u00eas s\u00e3o artistas de circo e de teatro.","og_url":"https:\/\/www.manaus.am.gov.br\/manauscult\/artistas-circenses-e-de-teatro-sao-contemplados-na-segunda-selecao-do-soumanaus-2023-da-prefeitura\/","og_site_name":"MANAUSCULT","article_published_time":"2023-07-20T15:47:36+00:00","article_modified_time":"2023-07-20T15:47:38+00:00","og_image":[{"width":1620,"height":1080,"url":"https:\/\/www.manaus.am.gov.br\/manauscult\/wp-content\/uploads\/sites\/11\/2023\/07\/Artistas-circenses-e-de-teatro-sao-contemplados-na-segunda-selecao-do-SouManaus-2023-da-prefeitura.jpg","type":"image\/jpeg"}],"author":"Cl\u00e1udia Barbosa","twitter_card":"summary_large_image","twitter_misc":{"Written by":"Cl\u00e1udia Barbosa","Est. reading time":"3 minutos"},"schema":{"@context":"https:\/\/schema.org","@graph":[{"@type":"WebPage","@id":"https:\/\/www.manaus.am.gov.br\/manauscult\/artistas-circenses-e-de-teatro-sao-contemplados-na-segunda-selecao-do-soumanaus-2023-da-prefeitura\/","url":"https:\/\/www.manaus.am.gov.br\/manauscult\/artistas-circenses-e-de-teatro-sao-contemplados-na-segunda-selecao-do-soumanaus-2023-da-prefeitura\/","name":"Artistas circenses e de teatro s\u00e3o contemplados na segunda sele\u00e7\u00e3o do #SouManaus 2023 da prefeitura - MANAUSCULT","isPartOf":{"@id":"https:\/\/www.manaus.am.gov.br\/manauscult\/#website"},"primaryImageOfPage":{"@id":"https:\/\/www.manaus.am.gov.br\/manauscult\/artistas-circenses-e-de-teatro-sao-contemplados-na-segunda-selecao-do-soumanaus-2023-da-prefeitura\/#primaryimage"},"image":{"@id":"https:\/\/www.manaus.am.gov.br\/manauscult\/artistas-circenses-e-de-teatro-sao-contemplados-na-segunda-selecao-do-soumanaus-2023-da-prefeitura\/#primaryimage"},"thumbnailUrl":"https:\/\/www.manaus.am.gov.br\/manauscult\/wp-content\/uploads\/sites\/11\/2023\/07\/Artistas-circenses-e-de-teatro-sao-contemplados-na-segunda-selecao-do-SouManaus-2023-da-prefeitura.jpg","datePublished":"2023-07-20T15:47:36+00:00","dateModified":"2023-07-20T15:47:38+00:00","author":{"@id":"https:\/\/www.manaus.am.gov.br\/manauscult\/#\/schema\/person\/d0a166b5031154c33c77794ddc9a827e"},"description":"Dos cinco artistas locais selecionados na segunda chamada para o maior festival do Norte, realizado pela Prefeitura de Manaus, o Sou Manaus Passo a Pa\u00e7o 2023, tr\u00eas s\u00e3o artistas de circo e de teatro.","breadcrumb":{"@id":"https:\/\/www.manaus.am.gov.br\/manauscult\/artistas-circenses-e-de-teatro-sao-contemplados-na-segunda-selecao-do-soumanaus-2023-da-prefeitura\/#breadcrumb"},"inLanguage":"pt-BR","potentialAction":[{"@type":"ReadAction","target":["https:\/\/www.manaus.am.gov.br\/manauscult\/artistas-circenses-e-de-teatro-sao-contemplados-na-segunda-selecao-do-soumanaus-2023-da-prefeitura\/"]}]},{"@type":"ImageObject","inLanguage":"pt-BR","@id":"https:\/\/www.manaus.am.gov.br\/manauscult\/artistas-circenses-e-de-teatro-sao-contemplados-na-segunda-selecao-do-soumanaus-2023-da-prefeitura\/#primaryimage","url":"https:\/\/www.manaus.am.gov.br\/manauscult\/wp-content\/uploads\/sites\/11\/2023\/07\/Artistas-circenses-e-de-teatro-sao-contemplados-na-segunda-selecao-do-SouManaus-2023-da-prefeitura.jpg","contentUrl":"https:\/\/www.manaus.am.gov.br\/manauscult\/wp-content\/uploads\/sites\/11\/2023\/07\/Artistas-circenses-e-de-teatro-sao-contemplados-na-segunda-selecao-do-SouManaus-2023-da-prefeitura.jpg","width":1620,"height":1080},{"@type":"BreadcrumbList","@id":"https:\/\/www.manaus.am.gov.br\/manauscult\/artistas-circenses-e-de-teatro-sao-contemplados-na-segunda-selecao-do-soumanaus-2023-da-prefeitura\/#breadcrumb","itemListElement":[{"@type":"ListItem","position":1,"name":"Home","item":"https:\/\/www.manaus.am.gov.br\/manauscult\/"},{"@type":"ListItem","position":2,"name":"Artistas circenses e de teatro s\u00e3o contemplados na segunda sele\u00e7\u00e3o do #SouManaus 2023 da prefeitura"}]},{"@type":"WebSite","@id":"https:\/\/www.manaus.am.gov.br\/manauscult\/#website","url":"https:\/\/www.manaus.am.gov.br\/manauscult\/","name":"MANAUSCULT","description":"Prefeitura de Manaus","potentialAction":[{"@type":"SearchAction","target":{"@type":"EntryPoint","urlTemplate":"https:\/\/www.manaus.am.gov.br\/manauscult\/?s={search_term_string}"},"query-input":"required name=search_term_string"}],"inLanguage":"pt-BR"},{"@type":"Person","@id":"https:\/\/www.manaus.am.gov.br\/manauscult\/#\/schema\/person\/d0a166b5031154c33c77794ddc9a827e","name":"Cl\u00e1udia Barbosa","image":{"@type":"ImageObject","inLanguage":"pt-BR","@id":"https:\/\/www.manaus.am.gov.br\/manauscult\/#\/schema\/person\/image\/","url":"https:\/\/secure.gravatar.com\/avatar\/42958a1cf007f1a00534009218c72590?s=96&d=mm&r=g","contentUrl":"https:\/\/secure.gravatar.com\/avatar\/42958a1cf007f1a00534009218c72590?s=96&d=mm&r=g","caption":"Cl\u00e1udia Barbosa"}}]}},"_links":{"self":[{"href":"https:\/\/www.manaus.am.gov.br\/manauscult\/wp-json\/wp\/v2\/posts\/1063"}],"collection":[{"href":"https:\/\/www.manaus.am.gov.br\/manauscult\/wp-json\/wp\/v2\/posts"}],"about":[{"href":"https:\/\/www.manaus.am.gov.br\/manauscult\/wp-json\/wp\/v2\/types\/post"}],"author":[{"embeddable":true,"href":"https:\/\/www.manaus.am.gov.br\/manauscult\/wp-json\/wp\/v2\/users\/24"}],"replies":[{"embeddable":true,"href":"https:\/\/www.manaus.am.gov.br\/manauscult\/wp-json\/wp\/v2\/comments?post=1063"}],"version-history":[{"count":0,"href":"https:\/\/www.manaus.am.gov.br\/manauscult\/wp-json\/wp\/v2\/posts\/1063\/revisions"}],"wp:featuredmedia":[{"embeddable":true,"href":"https:\/\/www.manaus.am.gov.br\/manauscult\/wp-json\/wp\/v2\/media\/1064"}],"wp:attachment":[{"href":"https:\/\/www.manaus.am.gov.br\/manauscult\/wp-json\/wp\/v2\/media?parent=1063"}],"wp:term":[{"taxonomy":"category","embeddable":true,"href":"https:\/\/www.manaus.am.gov.br\/manauscult\/wp-json\/wp\/v2\/categories?post=1063"},{"taxonomy":"post_tag","embeddable":true,"href":"https:\/\/www.manaus.am.gov.br\/manauscult\/wp-json\/wp\/v2\/tags?post=1063"}],"curies":[{"name":"wp","href":"https:\/\/api.w.org\/{rel}","templated":true}]}}