{"id":1013,"date":"2023-07-14T16:48:21","date_gmt":"2023-07-14T20:48:21","guid":{"rendered":"https:\/\/www.manaus.am.gov.br\/manauscult\/prefeitura-lanca-editais-de-gastronomia-para-o-soumanaus-passo-a-paco-2023\/"},"modified":"2023-07-14T16:53:44","modified_gmt":"2023-07-14T20:53:44","slug":"prefeitura-lanca-editais-de-gastronomia-para-o-soumanaus-passo-a-paco-2023","status":"publish","type":"post","link":"https:\/\/www.manaus.am.gov.br\/manauscult\/prefeitura-lanca-editais-de-gastronomia-para-o-soumanaus-passo-a-paco-2023\/","title":{"rendered":"<strong>Prefeitura lan\u00e7a editais de Gastronomia para o \u2018#SouManaus Passo a Pa\u00e7o 2023\u2019<\/strong>"},"content":{"rendered":"\n<p>O maior evento de artes integradas do Norte do pa\u00eds, o \u201c#SouManaus Passo a Pa\u00e7o 2023\u201d, realizado pela Prefeitura de Manaus, por meio da Funda\u00e7\u00e3o Municipal de Cultura, Turismo e Eventos (Manauscult), est\u00e1 com as inscri\u00e7\u00f5es abertas para o setor de gastronomia. Os editais de chamamento p\u00fablico \u201cFestival Gastron\u00f4mico de Manaus \u2013 No Passo do Sabor\u201d de n\u00b0 008\/2023 e o edital \u201cPra\u00e7a de Alimenta\u00e7\u00e3o da Gastronomia Criativa\u201d de n\u00b0 009\/2023 foram publicados no Di\u00e1rio Oficial do Munic\u00edpio (DOM), na edi\u00e7\u00e3o 5627, caderno n\u00b0 1, desta quinta-feira, 13\/7.<\/p>\n\n\n\n<p>As inscri\u00e7\u00f5es devem ser protocoladas no prazo de 20 dias corridos, a contar da publica\u00e7\u00e3o no DOM, no protocolo da Manauscult, localizada na avenida 7 de Setembro, n\u00b0 377, Centro, zona Sul, no hor\u00e1rio das 8h \u00e0s 17h.<\/p>\n\n\n\n<p>Para o diretor-presidente da Manauscult, Osvaldo Cardoso, os editais s\u00e3o de suma import\u00e2ncia para a realiza\u00e7\u00e3o do evento. Al\u00e9m de gerar emprego e renda direta e indiretamente, movimenta a economia do munic\u00edpio.<\/p>\n\n\n\n<p>&#8220;O \u2018#SouManaus Passo a Pa\u00e7o 2023\u2019 \u00e9 uma grande celebra\u00e7\u00e3o da cultura e da arte nortista, e a gastronomia n\u00e3o poderia ficar de fora dessa grande celebra\u00e7\u00e3o. Por orienta\u00e7\u00e3o do prefeito David Almeida, este ano estamos ampliando os espa\u00e7os e visamos fortalecer a gastronomia local, proporcionando mais oportunidades para o setor e, consequentemente, contribuindo com a renda de muitas fam\u00edlias amazonenses, assim como, movimentando a economia na capital&#8221;, afirma Cardoso.<\/p>\n\n\n\n<p><strong>Inscri\u00e7\u00e3o<\/strong><\/p>\n\n\n\n<p>No total, ser\u00e3o 67 espa\u00e7os dedicados ao setor, sendo 61 para o \u201cFestival Gastron\u00f4mico de Manaus &#8211; No Passo do Sabor\u201d, e seis para a \u201cPra\u00e7a de Alimenta\u00e7\u00e3o da Gastronomia Criativa\u201d. Os editais e os anexos podem ser conferidos na aba &#8220;editais&#8221; do site manauscult.manaus.am.gov.br.<\/p>\n\n\n\n<p>Cada interessado pode concorrer a um espa\u00e7o para a venda de alimentos, podendo se inscrever pessoa f\u00edsica ou jur\u00eddica. As propostas devem ser constitu\u00eddas por Ficha de Inscri\u00e7\u00e3o Pessoa F\u00edsica ou Ficha de Inscri\u00e7\u00e3o Pessoa Jur\u00eddica e por Proposta Comercial.<\/p>\n\n\n\n<p>Os candidatos devem apresentar comprovante (autodeclara\u00e7\u00e3o) de atua\u00e7\u00e3o no ramo por no m\u00ednimo um ano e, garantir que seus equipamentos estejam em pleno estado de conserva\u00e7\u00e3o, al\u00e9m de apresentar autodeclara\u00e7\u00e3o sobre a capacidade de armazenamento de seus insumos para o atendimento a um p\u00fablico estimado em 80 mil pessoas, durante os tr\u00eas dias do festival.<\/p>\n\n\n\n<p><strong>Festival Gastron\u00f4mico de Manaus &#8211; No Passo do Sabor<\/strong><\/p>\n\n\n\n<p>O edital de n\u00b0 008\/2023, \u201cFestival Gastron\u00f4mico de Manaus &#8211; No Passo do Sabor\u201d, contempla os profissionais da gastronomia e visa fortalecer a identidade gastron\u00f4mica local. Para este edital, a opera\u00e7\u00e3o de vendas de alimentos ser\u00e1 nos seguintes segmentos: Barraca do Chef, Food Truck, Novos Chefes e Futuros Talentos.<\/p>\n\n\n\n<p>A categoria Futuros Talentos ser\u00e1 destinada \u00e0s universidades e institui\u00e7\u00f5es que oferecem o curso de gradua\u00e7\u00e3o em gastronomia, visando o est\u00edmulo \u00e0 forma\u00e7\u00e3o acad\u00eamica, o incentivo \u00e0 pesquisa e a profissionaliza\u00e7\u00e3o do mercado de trabalho. Cada institui\u00e7\u00e3o ser\u00e1 convidada pela Manauscult para operar uma barraca objetivando a venda de alimentos elaborados pelos alunos.<\/p>\n\n\n\n<p>De acordo com o edital, todos os pratos de comida, salgados e doces comercializados na feira gastron\u00f4mica dever\u00e3o ser no valor m\u00ednimo de R$ 5 e m\u00e1ximo de R$ 35. O proponente selecionado dever\u00e1 comercializar o m\u00ednimo de dois pratos e o m\u00e1ximo de seis, respeitando os limites de valores citados no edital.<\/p>\n\n\n\n<p>\u00c9 obrigat\u00f3rio um card\u00e1pio, de pelo menos um prato, elaborado especialmente para o p\u00fablico infantojuvenil, durante os tr\u00eas dias de festival. \u00c9 permitida a venda de sucos naturais.<\/p>\n\n\n\n<p><strong>Pra\u00e7a de Alimenta\u00e7\u00e3o da Gastronomia Criativa<\/strong><\/p>\n\n\n\n<p>J\u00e1 para o edital de n\u00b0 009\/2023, \u201cPra\u00e7a de Alimenta\u00e7\u00e3o da Gastronomia Criativa\u201d, estar\u00e3o \u00e0 disposi\u00e7\u00e3o para opera\u00e7\u00e3o de vendas \u00e0s seguintes categorias: Food Bike e Carrinhos Ambulantes.<\/p>\n\n\n\n<p>Todos os pratos de comida, salgados e doces comercializados na feira gastron\u00f4mica dever\u00e3o ser no valor m\u00ednimo de R$ 5 e no m\u00e1ximo de R$ 28. Tamb\u00e9m se faz obrigat\u00f3rio a elabora\u00e7\u00e3o de um card\u00e1pio especial, de pelo menos um prato, para o p\u00fablico infantojuvenil.<\/p>\n\n\n\n<p>Maiores informa\u00e7\u00f5es podem ser obtidas no hor\u00e1rio das 8h \u00e0s 17h, na sede da Manauscult, no Les Artistes Caf\u00e9 Teatro, na avenida 7 de Setembro, n\u00ba 377, Centro; ou pelos telefones (92) 98842-1347 e (92) 98842-1403.&nbsp;<\/p>\n\n\n\n<p>&#8212; &#8212; &#8212;&nbsp;<\/p>\n\n\n\n<p><strong>Texto &#8211;<\/strong> Guilherme Torres \/ Manauscult<\/p>\n\n\n\n<p><strong>Foto &#8211;<\/strong> Oliveira J\u00fanior \/ Manauscult<\/p>\n","protected":false},"excerpt":{"rendered":"","protected":false},"author":39,"featured_media":1014,"comment_status":"closed","ping_status":"closed","sticky":false,"template":"","format":"standard","meta":{"footnotes":""},"categories":[112],"tags":[168,302,114,9,11],"acf":[],"yoast_head":"<!-- This site is optimized with the Yoast SEO plugin v23.0 - https:\/\/yoast.com\/wordpress\/plugins\/seo\/ -->\n<title>Prefeitura lan\u00e7a editais de Gastronomia para o \u2018#SouManaus Passo a Pa\u00e7o 2023\u2019<\/title>\n<meta name=\"robots\" content=\"noindex, follow\" \/>\n<meta property=\"og:locale\" content=\"pt_BR\" \/>\n<meta property=\"og:type\" content=\"article\" \/>\n<meta property=\"og:title\" content=\"Prefeitura lan\u00e7a editais de Gastronomia para o \u2018#SouManaus Passo a Pa\u00e7o 2023\u2019\" \/>\n<meta property=\"og:url\" content=\"https:\/\/www.manaus.am.gov.br\/manauscult\/prefeitura-lanca-editais-de-gastronomia-para-o-soumanaus-passo-a-paco-2023\/\" \/>\n<meta property=\"og:site_name\" content=\"MANAUSCULT\" \/>\n<meta property=\"article:published_time\" content=\"2023-07-14T20:48:21+00:00\" \/>\n<meta property=\"article:modified_time\" content=\"2023-07-14T20:53:44+00:00\" \/>\n<meta property=\"og:image\" content=\"https:\/\/www.manaus.am.gov.br\/manauscult\/wp-content\/uploads\/sites\/11\/2023\/07\/SouManaus-Passo-a-Paco-2023-1024x683.jpg\" \/>\n\t<meta property=\"og:image:width\" content=\"1024\" \/>\n\t<meta property=\"og:image:height\" content=\"683\" \/>\n\t<meta property=\"og:image:type\" content=\"image\/jpeg\" \/>\n<meta name=\"author\" content=\"Bruna Greco\" \/>\n<meta name=\"twitter:card\" content=\"summary_large_image\" \/>\n<meta name=\"twitter:label1\" content=\"Written by\" \/>\n\t<meta name=\"twitter:data1\" content=\"Bruna Greco\" \/>\n\t<meta name=\"twitter:label2\" content=\"Est. reading time\" \/>\n\t<meta name=\"twitter:data2\" content=\"4 minutos\" \/>\n<script type=\"application\/ld+json\" class=\"yoast-schema-graph\">{\"@context\":\"https:\/\/schema.org\",\"@graph\":[{\"@type\":\"WebPage\",\"@id\":\"https:\/\/www.manaus.am.gov.br\/manauscult\/prefeitura-lanca-editais-de-gastronomia-para-o-soumanaus-passo-a-paco-2023\/\",\"url\":\"https:\/\/www.manaus.am.gov.br\/manauscult\/prefeitura-lanca-editais-de-gastronomia-para-o-soumanaus-passo-a-paco-2023\/\",\"name\":\"Prefeitura lan\u00e7a editais de Gastronomia para o \u2018#SouManaus Passo a Pa\u00e7o 2023\u2019\",\"isPartOf\":{\"@id\":\"https:\/\/www.manaus.am.gov.br\/manauscult\/#website\"},\"primaryImageOfPage\":{\"@id\":\"https:\/\/www.manaus.am.gov.br\/manauscult\/prefeitura-lanca-editais-de-gastronomia-para-o-soumanaus-passo-a-paco-2023\/#primaryimage\"},\"image\":{\"@id\":\"https:\/\/www.manaus.am.gov.br\/manauscult\/prefeitura-lanca-editais-de-gastronomia-para-o-soumanaus-passo-a-paco-2023\/#primaryimage\"},\"thumbnailUrl\":\"https:\/\/www.manaus.am.gov.br\/manauscult\/wp-content\/uploads\/sites\/11\/2023\/07\/SouManaus-Passo-a-Paco-2023.jpg\",\"datePublished\":\"2023-07-14T20:48:21+00:00\",\"dateModified\":\"2023-07-14T20:53:44+00:00\",\"author\":{\"@id\":\"https:\/\/www.manaus.am.gov.br\/manauscult\/#\/schema\/person\/05d223aea2bf115f9883a6ff3683d81b\"},\"breadcrumb\":{\"@id\":\"https:\/\/www.manaus.am.gov.br\/manauscult\/prefeitura-lanca-editais-de-gastronomia-para-o-soumanaus-passo-a-paco-2023\/#breadcrumb\"},\"inLanguage\":\"pt-BR\",\"potentialAction\":[{\"@type\":\"ReadAction\",\"target\":[\"https:\/\/www.manaus.am.gov.br\/manauscult\/prefeitura-lanca-editais-de-gastronomia-para-o-soumanaus-passo-a-paco-2023\/\"]}]},{\"@type\":\"ImageObject\",\"inLanguage\":\"pt-BR\",\"@id\":\"https:\/\/www.manaus.am.gov.br\/manauscult\/prefeitura-lanca-editais-de-gastronomia-para-o-soumanaus-passo-a-paco-2023\/#primaryimage\",\"url\":\"https:\/\/www.manaus.am.gov.br\/manauscult\/wp-content\/uploads\/sites\/11\/2023\/07\/SouManaus-Passo-a-Paco-2023.jpg\",\"contentUrl\":\"https:\/\/www.manaus.am.gov.br\/manauscult\/wp-content\/uploads\/sites\/11\/2023\/07\/SouManaus-Passo-a-Paco-2023.jpg\",\"width\":3984,\"height\":2656},{\"@type\":\"BreadcrumbList\",\"@id\":\"https:\/\/www.manaus.am.gov.br\/manauscult\/prefeitura-lanca-editais-de-gastronomia-para-o-soumanaus-passo-a-paco-2023\/#breadcrumb\",\"itemListElement\":[{\"@type\":\"ListItem\",\"position\":1,\"name\":\"Home\",\"item\":\"https:\/\/www.manaus.am.gov.br\/manauscult\/\"},{\"@type\":\"ListItem\",\"position\":2,\"name\":\"Prefeitura lan\u00e7a editais de Gastronomia para o \u2018#SouManaus Passo a Pa\u00e7o 2023\u2019\"}]},{\"@type\":\"WebSite\",\"@id\":\"https:\/\/www.manaus.am.gov.br\/manauscult\/#website\",\"url\":\"https:\/\/www.manaus.am.gov.br\/manauscult\/\",\"name\":\"MANAUSCULT\",\"description\":\"Prefeitura de Manaus\",\"potentialAction\":[{\"@type\":\"SearchAction\",\"target\":{\"@type\":\"EntryPoint\",\"urlTemplate\":\"https:\/\/www.manaus.am.gov.br\/manauscult\/?s={search_term_string}\"},\"query-input\":\"required name=search_term_string\"}],\"inLanguage\":\"pt-BR\"},{\"@type\":\"Person\",\"@id\":\"https:\/\/www.manaus.am.gov.br\/manauscult\/#\/schema\/person\/05d223aea2bf115f9883a6ff3683d81b\",\"name\":\"Bruna Greco\",\"image\":{\"@type\":\"ImageObject\",\"inLanguage\":\"pt-BR\",\"@id\":\"https:\/\/www.manaus.am.gov.br\/manauscult\/#\/schema\/person\/image\/\",\"url\":\"https:\/\/secure.gravatar.com\/avatar\/9c877d1a6adc2a055330e5c09a8653ce?s=96&d=mm&r=g\",\"contentUrl\":\"https:\/\/secure.gravatar.com\/avatar\/9c877d1a6adc2a055330e5c09a8653ce?s=96&d=mm&r=g\",\"caption\":\"Bruna Greco\"}}]}<\/script>\n<!-- \/ Yoast SEO plugin. -->","yoast_head_json":{"title":"Prefeitura lan\u00e7a editais de Gastronomia para o \u2018#SouManaus Passo a Pa\u00e7o 2023\u2019","robots":{"index":"noindex","follow":"follow"},"og_locale":"pt_BR","og_type":"article","og_title":"Prefeitura lan\u00e7a editais de Gastronomia para o \u2018#SouManaus Passo a Pa\u00e7o 2023\u2019","og_url":"https:\/\/www.manaus.am.gov.br\/manauscult\/prefeitura-lanca-editais-de-gastronomia-para-o-soumanaus-passo-a-paco-2023\/","og_site_name":"MANAUSCULT","article_published_time":"2023-07-14T20:48:21+00:00","article_modified_time":"2023-07-14T20:53:44+00:00","og_image":[{"width":1024,"height":683,"url":"https:\/\/www.manaus.am.gov.br\/manauscult\/wp-content\/uploads\/sites\/11\/2023\/07\/SouManaus-Passo-a-Paco-2023-1024x683.jpg","type":"image\/jpeg"}],"author":"Bruna Greco","twitter_card":"summary_large_image","twitter_misc":{"Written by":"Bruna Greco","Est. reading time":"4 minutos"},"schema":{"@context":"https:\/\/schema.org","@graph":[{"@type":"WebPage","@id":"https:\/\/www.manaus.am.gov.br\/manauscult\/prefeitura-lanca-editais-de-gastronomia-para-o-soumanaus-passo-a-paco-2023\/","url":"https:\/\/www.manaus.am.gov.br\/manauscult\/prefeitura-lanca-editais-de-gastronomia-para-o-soumanaus-passo-a-paco-2023\/","name":"Prefeitura lan\u00e7a editais de Gastronomia para o \u2018#SouManaus Passo a Pa\u00e7o 2023\u2019","isPartOf":{"@id":"https:\/\/www.manaus.am.gov.br\/manauscult\/#website"},"primaryImageOfPage":{"@id":"https:\/\/www.manaus.am.gov.br\/manauscult\/prefeitura-lanca-editais-de-gastronomia-para-o-soumanaus-passo-a-paco-2023\/#primaryimage"},"image":{"@id":"https:\/\/www.manaus.am.gov.br\/manauscult\/prefeitura-lanca-editais-de-gastronomia-para-o-soumanaus-passo-a-paco-2023\/#primaryimage"},"thumbnailUrl":"https:\/\/www.manaus.am.gov.br\/manauscult\/wp-content\/uploads\/sites\/11\/2023\/07\/SouManaus-Passo-a-Paco-2023.jpg","datePublished":"2023-07-14T20:48:21+00:00","dateModified":"2023-07-14T20:53:44+00:00","author":{"@id":"https:\/\/www.manaus.am.gov.br\/manauscult\/#\/schema\/person\/05d223aea2bf115f9883a6ff3683d81b"},"breadcrumb":{"@id":"https:\/\/www.manaus.am.gov.br\/manauscult\/prefeitura-lanca-editais-de-gastronomia-para-o-soumanaus-passo-a-paco-2023\/#breadcrumb"},"inLanguage":"pt-BR","potentialAction":[{"@type":"ReadAction","target":["https:\/\/www.manaus.am.gov.br\/manauscult\/prefeitura-lanca-editais-de-gastronomia-para-o-soumanaus-passo-a-paco-2023\/"]}]},{"@type":"ImageObject","inLanguage":"pt-BR","@id":"https:\/\/www.manaus.am.gov.br\/manauscult\/prefeitura-lanca-editais-de-gastronomia-para-o-soumanaus-passo-a-paco-2023\/#primaryimage","url":"https:\/\/www.manaus.am.gov.br\/manauscult\/wp-content\/uploads\/sites\/11\/2023\/07\/SouManaus-Passo-a-Paco-2023.jpg","contentUrl":"https:\/\/www.manaus.am.gov.br\/manauscult\/wp-content\/uploads\/sites\/11\/2023\/07\/SouManaus-Passo-a-Paco-2023.jpg","width":3984,"height":2656},{"@type":"BreadcrumbList","@id":"https:\/\/www.manaus.am.gov.br\/manauscult\/prefeitura-lanca-editais-de-gastronomia-para-o-soumanaus-passo-a-paco-2023\/#breadcrumb","itemListElement":[{"@type":"ListItem","position":1,"name":"Home","item":"https:\/\/www.manaus.am.gov.br\/manauscult\/"},{"@type":"ListItem","position":2,"name":"Prefeitura lan\u00e7a editais de Gastronomia para o \u2018#SouManaus Passo a Pa\u00e7o 2023\u2019"}]},{"@type":"WebSite","@id":"https:\/\/www.manaus.am.gov.br\/manauscult\/#website","url":"https:\/\/www.manaus.am.gov.br\/manauscult\/","name":"MANAUSCULT","description":"Prefeitura de Manaus","potentialAction":[{"@type":"SearchAction","target":{"@type":"EntryPoint","urlTemplate":"https:\/\/www.manaus.am.gov.br\/manauscult\/?s={search_term_string}"},"query-input":"required name=search_term_string"}],"inLanguage":"pt-BR"},{"@type":"Person","@id":"https:\/\/www.manaus.am.gov.br\/manauscult\/#\/schema\/person\/05d223aea2bf115f9883a6ff3683d81b","name":"Bruna Greco","image":{"@type":"ImageObject","inLanguage":"pt-BR","@id":"https:\/\/www.manaus.am.gov.br\/manauscult\/#\/schema\/person\/image\/","url":"https:\/\/secure.gravatar.com\/avatar\/9c877d1a6adc2a055330e5c09a8653ce?s=96&d=mm&r=g","contentUrl":"https:\/\/secure.gravatar.com\/avatar\/9c877d1a6adc2a055330e5c09a8653ce?s=96&d=mm&r=g","caption":"Bruna Greco"}}]}},"_links":{"self":[{"href":"https:\/\/www.manaus.am.gov.br\/manauscult\/wp-json\/wp\/v2\/posts\/1013"}],"collection":[{"href":"https:\/\/www.manaus.am.gov.br\/manauscult\/wp-json\/wp\/v2\/posts"}],"about":[{"href":"https:\/\/www.manaus.am.gov.br\/manauscult\/wp-json\/wp\/v2\/types\/post"}],"author":[{"embeddable":true,"href":"https:\/\/www.manaus.am.gov.br\/manauscult\/wp-json\/wp\/v2\/users\/39"}],"replies":[{"embeddable":true,"href":"https:\/\/www.manaus.am.gov.br\/manauscult\/wp-json\/wp\/v2\/comments?post=1013"}],"version-history":[{"count":2,"href":"https:\/\/www.manaus.am.gov.br\/manauscult\/wp-json\/wp\/v2\/posts\/1013\/revisions"}],"predecessor-version":[{"id":1016,"href":"https:\/\/www.manaus.am.gov.br\/manauscult\/wp-json\/wp\/v2\/posts\/1013\/revisions\/1016"}],"wp:featuredmedia":[{"embeddable":true,"href":"https:\/\/www.manaus.am.gov.br\/manauscult\/wp-json\/wp\/v2\/media\/1014"}],"wp:attachment":[{"href":"https:\/\/www.manaus.am.gov.br\/manauscult\/wp-json\/wp\/v2\/media?parent=1013"}],"wp:term":[{"taxonomy":"category","embeddable":true,"href":"https:\/\/www.manaus.am.gov.br\/manauscult\/wp-json\/wp\/v2\/categories?post=1013"},{"taxonomy":"post_tag","embeddable":true,"href":"https:\/\/www.manaus.am.gov.br\/manauscult\/wp-json\/wp\/v2\/tags?post=1013"}],"curies":[{"name":"wp","href":"https:\/\/api.w.org\/{rel}","templated":true}]}}