{"id":1007,"date":"2023-07-13T21:55:26","date_gmt":"2023-07-14T01:55:26","guid":{"rendered":"https:\/\/www.manaus.am.gov.br\/manauscult\/prefeito-lanca-oficialmente-o-soumanaus-passo-a-paco-2023\/"},"modified":"2023-07-13T21:55:26","modified_gmt":"2023-07-14T01:55:26","slug":"prefeito-lanca-oficialmente-o-soumanaus-passo-a-paco-2023","status":"publish","type":"post","link":"https:\/\/www.manaus.am.gov.br\/manauscult\/prefeito-lanca-oficialmente-o-soumanaus-passo-a-paco-2023\/","title":{"rendered":"<strong>Prefeito lan\u00e7a oficialmente o &#8216;#SouManaus Passo a Pa\u00e7o 2023\u2019<\/strong>"},"content":{"rendered":"\n<p>O prefeito de Manaus, David Almeida, realizou, na noite desta quinta-feira, 13\/7, o lan\u00e7amento oficial do \u201c#SouManaus &#8211; Passo a Pa\u00e7o 2023\u201d. O maior evento de artes integradas do Norte do pa\u00eds \u00e9 coordenado pela Funda\u00e7\u00e3o Municipal de Cultura, Turismo e Eventos (Manauscult), e acontecer\u00e1 na \u00e1rea portu\u00e1ria da cidade, no centro hist\u00f3rico da capital, nos dias 5, 6 e 7 de setembro.<\/p>\n\n\n\n<p>&#8220;N\u00f3s estamos diante de um grande evento para a cidade de Manaus. Estamos nos esfor\u00e7ando para dar a Manaus o que h\u00e1 de melhor em arte, cultura, entretenimento, empreendedorismo e gastronomia. Tudo isso engloba esse grande evento chamado #SouManaus, que tamb\u00e9m vamos tratar como #SouAmazon para vender ao mundo. N\u00f3s temos mais de 600 artistas locais nas tr\u00eas noites do evento, temos um espa\u00e7o de 44 mil metros quadrados, onde ser\u00e3o todas as apresenta\u00e7\u00f5es. Assim, a nossa expectativa \u00e9 de 200 mil pessoas por dia. Tenho certeza que, mais uma vez, o festival entrar\u00e1 para a hist\u00f3ria&#8221;, enfatizou Almeida.<\/p>\n\n\n\n<p>No total, o evento reunir\u00e1 12 artistas nacionais e mais de 600 locais. O hall dos nacionais, j\u00e1 haviam sido confirmados: Z\u00e9 Felipe e a influenciadora Virg\u00ednia Fonseca, Zeca Pagodinho, Humberto Gessinger, L\u00e9o Magalh\u00e3es, Marina Sena, e Kevin o Chris. Nesta quinta-feira, o prefeito David Almeida anunciou as presen\u00e7as do sertanejo Murilo Huff e a banda de rock Biqu\u00edni Cavad\u00e3o, junto com as atra\u00e7\u00f5es religiosas: Padre F\u00e1bio de Melo, Isadora Pompeo, Israel Salazar e Somos Am\u00e9m \/ Casa Workship.<\/p>\n\n\n\n<p>O chefe do Executivo municipal destacou que, nesta edi\u00e7\u00e3o, a Prefeitura de Manaus contar\u00e1 com a ajuda de patrocinadores. Assim, David Almeida afirmou que nenhum recurso p\u00fablico ser\u00e1 gasto nos cach\u00eas dos artistas.<\/p>\n\n\n\n<p>&#8220;N\u00f3s estamos nos esfor\u00e7ando e em negocia\u00e7\u00f5es di\u00e1rias. Buscamos apoio de tr\u00eas grandes produtores de eventos de Manaus. N\u00f3s temos o ok com v\u00e1rios patrocinadores e com essa quantidade, nenhum centavo de recurso p\u00fablico ser\u00e1 gasto com o cach\u00ea dos artistas. Todos ser\u00e3o pagos pelos patrocinadores&#8221;, salientou David.<\/p>\n\n\n\n<p><strong>Internacional<\/strong><\/p>\n\n\n\n<p>O prefeito de Manaus ainda afirmou que a gest\u00e3o municipal negocia com uma grande atra\u00e7\u00e3o internacional. A expectativa \u00e9 que seja anunciada nos pr\u00f3ximos dias, pelas redes sociais.<\/p>\n\n\n\n<p><strong>N\u00fameros<\/strong><\/p>\n\n\n\n<figure class=\"wp-block-image size-full\"><img loading=\"lazy\" decoding=\"async\" width=\"799\" height=\"533\" src=\"https:\/\/www.manaus.am.gov.br\/manauscult\/wp-content\/uploads\/sites\/11\/2023\/07\/53044397320_96770c2a1b_c.jpg\" alt=\"\" class=\"wp-image-1008\" srcset=\"https:\/\/www.manaus.am.gov.br\/manauscult\/wp-content\/uploads\/sites\/11\/2023\/07\/53044397320_96770c2a1b_c.jpg 799w, https:\/\/www.manaus.am.gov.br\/manauscult\/wp-content\/uploads\/sites\/11\/2023\/07\/53044397320_96770c2a1b_c-300x200.jpg 300w, https:\/\/www.manaus.am.gov.br\/manauscult\/wp-content\/uploads\/sites\/11\/2023\/07\/53044397320_96770c2a1b_c-768x512.jpg 768w\" sizes=\"(max-width: 799px) 100vw, 799px\" \/><\/figure>\n\n\n\n<p>Em 2023, a expectativa do #SouManaus Passo a Pa\u00e7o \u00e9 superar o p\u00fablico de 2022, que atingiu a marca recorde de 380 mil pessoas. Na edi\u00e7\u00e3o de 2019, o evento concentrou 201 mil pessoas ao longo da programa\u00e7\u00e3o. No ano anterior, mais de 93 mil pessoas estiveram no festival. Em 2017, reuniu 50 mil pessoas. J\u00e1 em 2016, levou 64 mil pessoas ao centro hist\u00f3rico de Manaus. Em 2015, ocorreram as duas primeiras edi\u00e7\u00f5es do Passo a Pa\u00e7o, com p\u00fablico estimado em 63 mil pessoas.<\/p>\n\n\n\n<p>Para o diretor-presidente da Manauscult, Osvaldo Cardoso, a popula\u00e7\u00e3o manuara pode ter certeza que essa ser\u00e1 a melhor edi\u00e7\u00e3o de todos os tempos.<\/p>\n\n\n\n<p>&#8220;Esse \u00e9 o maior evento do Norte do pa\u00eds de artes integradas, o segundo maior do Brasil. Estamos trabalhando para continuar crescendo a cada edi\u00e7\u00e3o. O #SouManaus \u00e9 um evento cultural e tur\u00edstico, est\u00e1 colocando a capital amazonense no cen\u00e1rio nacional e internacional dos grandes festivais. Tudo isso s\u00f3 se faz com muito investimento e coragem, e transformar o turismo na mola propulsora de Manaus \u00e9 uma miss\u00e3o dada pelo prefeito David Almeida, que nos exige o melhor. Por isso, tenham certeza que teremos o melhor #SouManaus de todos os tempos&#8221;, finalizou.<\/p>\n\n\n\n<p><strong>Transmiss\u00e3o<\/strong><\/p>\n\n\n\n<p>De forma in\u00e9dita, a Prefeitura de Manaus montou tel\u00f5es em tr\u00eas pontos estrat\u00e9gicos da cidade para divulgar o&nbsp;<em>line-up<\/em>&nbsp;de atra\u00e7\u00f5es, que promete fazer desta edi\u00e7\u00e3o do festival o maior de todos. Um desses locais foi o Terminal de Integra\u00e7\u00e3o da Cidade Nova (T3), no bairro Cidade Nova, zona Norte, onde o p\u00fablico pode acompanhar simultaneamente o an\u00fancio das atra\u00e7\u00f5es.&nbsp;<\/p>\n\n\n\n<figure class=\"wp-block-image size-full\"><img loading=\"lazy\" decoding=\"async\" width=\"799\" height=\"533\" src=\"https:\/\/www.manaus.am.gov.br\/manauscult\/wp-content\/uploads\/sites\/11\/2023\/07\/53044222914_95631d88ea_c.jpg\" alt=\"\" class=\"wp-image-1009\" srcset=\"https:\/\/www.manaus.am.gov.br\/manauscult\/wp-content\/uploads\/sites\/11\/2023\/07\/53044222914_95631d88ea_c.jpg 799w, https:\/\/www.manaus.am.gov.br\/manauscult\/wp-content\/uploads\/sites\/11\/2023\/07\/53044222914_95631d88ea_c-300x200.jpg 300w, https:\/\/www.manaus.am.gov.br\/manauscult\/wp-content\/uploads\/sites\/11\/2023\/07\/53044222914_95631d88ea_c-768x512.jpg 768w\" sizes=\"(max-width: 799px) 100vw, 799px\" \/><\/figure>\n\n\n\n<p>Quem passou pelo T3, nesta quinta-feira, foi o assistente de atendimento, Thiago Luis Coelho, 33 anos, que participou da \u00faltima edi\u00e7\u00e3o do #SouManaus e enalteceu o festival. Ele n\u00e3o escondeu a empolga\u00e7\u00e3o com os artistas confirmados.<\/p>\n\n\n\n<p>&#8220;As atra\u00e7\u00f5es anunciadas s\u00e3o bem interessantes, eu gosto bastante de L\u00e9o Magalh\u00e3es, Murilo Huff, Kevin o Chris. Ent\u00e3o, eu acredito que vai ser um festival incr\u00edvel novamente, porque ano passado n\u00f3s tivemos um festival muito bom tamb\u00e9m. E agora esse vai superar as expectativas&#8221;, disse.&nbsp;<\/p>\n\n\n\n<p>A costureira Adriele Souza, 25 anos, que mora no bairro Lagoa Azul, tamb\u00e9m acompanhou o an\u00fancio direto do terminal e declarou qual atra\u00e7\u00e3o est\u00e1 na expectativa de assistir.<\/p>\n\n\n\n<p>&#8220;Para este ano, eu estou muito ansiosa para ver Kevin o Chris. Ano passado, foram sensacionais as atra\u00e7\u00f5es, principalmente a Joelma, que eu gosto bastante e para esse a expectativa est\u00e1 a mil&#8221;, contou a jovem.<\/p>\n\n\n\n<p>Tamb\u00e9m foram montadas estruturas na Casa de Praia Zezinho Corr\u00eaa, localizada no complexo tur\u00edstico Ponta Negra, zona Oeste e no Auto Posto 700, que fica na avenida Djalma Batista, zona Centro-Sul.<\/p>\n\n\n\n<p>Durante o an\u00fancio das atra\u00e7\u00f5es, houve ainda panfletagem com informa\u00e7\u00f5es sobre o festival.&nbsp;<\/p>\n\n\n\n<figure class=\"wp-block-image size-full\"><img loading=\"lazy\" decoding=\"async\" width=\"799\" height=\"533\" src=\"https:\/\/www.manaus.am.gov.br\/manauscult\/wp-content\/uploads\/sites\/11\/2023\/07\/53044554408_c83fbc21d5_c.jpg\" alt=\"\" class=\"wp-image-1010\" srcset=\"https:\/\/www.manaus.am.gov.br\/manauscult\/wp-content\/uploads\/sites\/11\/2023\/07\/53044554408_c83fbc21d5_c.jpg 799w, https:\/\/www.manaus.am.gov.br\/manauscult\/wp-content\/uploads\/sites\/11\/2023\/07\/53044554408_c83fbc21d5_c-300x200.jpg 300w, https:\/\/www.manaus.am.gov.br\/manauscult\/wp-content\/uploads\/sites\/11\/2023\/07\/53044554408_c83fbc21d5_c-768x512.jpg 768w\" sizes=\"(max-width: 799px) 100vw, 799px\" \/><\/figure>\n\n\n\n<p><strong>Atra\u00e7\u00f5es nacionais<\/strong><\/p>\n\n\n\n<p><strong>Biqu\u00edni Cavad\u00e3o<\/strong>&nbsp;&#8211; Formada em 1985 do encontro, ainda em col\u00e9gio, de Bruno Gouveia (vocal), Miguel Flores da Cunha (teclados), Sheik (baixo) e \u00c1lvaro Birita (bateria), o Biqu\u00edni Cavad\u00e3o \u00e9 uma das principais bandas de rock do Brasil e ostenta hits atemporais como &#8220;Timidez&#8221;, &#8220;Z\u00e9 Ningu\u00e9m&#8221;, &#8220;T\u00e9dio&#8221;, &#8220;Vento Ventania&#8221;, entre outros. Possui mais de 332 mil seguidores no Instagram e mais de 883 mil ouvintes no Spotfy.<\/p>\n\n\n\n<p><strong>Z\u00e9 Felipe e Virg\u00ednia<\/strong>&nbsp;&#8211; Fen\u00f4menos nas redes sociais, arrastam p\u00fablico de 10 a 30 anos de idade e s\u00e3o ouvidos por 9.170.430 f\u00e3s por m\u00eas no Spotify. Z\u00e9 Felipe tem 26,1 milh\u00f5es seguidores no Instagram e 8,67 milh\u00f5es de inscritos no Youtube.<\/p>\n\n\n\n<p><strong>Zeca Pagodinho<\/strong>&nbsp;&#8211; Um dos maiores sambistas do Brasil, j\u00e1 lan\u00e7ou 24 \u00e1lbuns e \u00e9 ouvido por 2.454.632 pessoas no Spotify, 1,27 milh\u00e3o inscritos no Youtube e 2,7 milh\u00f5es no Instagram.<\/p>\n\n\n\n<p><strong>Humberto Gessinger<\/strong>&nbsp;&#8211; Humberto Gessinger \u00e9 especialmente conhecido por ter fundado a banda Engenheiros do Hawaii, na qual tocou de 1985 at\u00e9 2008. Com 449 mil seguidores no Instagram e 275 mil inscritos no canal do Youtube, o artista \u00e9 cantor, compositor, baixista, multi-instrumentista e escritor brasileiro.<\/p>\n\n\n\n<p><strong>L\u00e9o Magalh\u00e3es<\/strong>&nbsp;&#8211; Com as m\u00fasicas \u201cLocutor\u201d, \u201cAmores imortais\u201d e \u201cO cara errado\u201d, seus maiores sucessos, L\u00e9o Magalh\u00e3es conquistou um p\u00fablico de 2,81 milh\u00f5es de inscritos no Youtube, 570 mil seguidores no Instagram e \u00e9 ouvido por 795.459 pessoas no Spotify.<\/p>\n\n\n\n<p><strong>Marina Sena<\/strong>&nbsp;&#8211; Com o single \u201cTudo para Amar\u201d, a cantora come\u00e7a uma nova fase, ela que conquistou o p\u00fablico com o \u00e1lbum \u201cDe primeira\u201d, arrasta um p\u00fablico de 2,8 milh\u00f5es de ouvintes no Spotify, 311 mil inscritos no Youtube e 760 mil seguidores no Instagram. A musa brilha por onde passa.<\/p>\n\n\n\n<p><strong>Kevin o Chris<\/strong>&nbsp;&#8211; Com apenas 24 anos de idade, \u00e9 o maior nome do funk carioca e a linha de frente do 150 BPM. De acordo com o ranking lan\u00e7ado recentemente pelo Spotify, o cantor ultrapassou a marca de um bilh\u00e3o de streamings, com mais de 22 milh\u00f5es de ouvintes em 92 pa\u00edses diferentes. Al\u00e9m de 2,7 milh\u00f5es de seguidores no Instagram e 3,29 milh\u00f5es de inscritos no Youtube.<\/p>\n\n\n\n<p><strong>Murilo Huff<\/strong>&nbsp;&#8211; Com p\u00fablico-alvo entre 15 a 40 anos, o artista iniciou no cen\u00e1rio musical como compositor, onde comp\u00f4s para artistas como Michel Tel\u00f3, Bruno e Marrone, Lucas Lucco e Naiara Azevedo. Huff tem 8,2 milh\u00f5es de seguidores no Instagram, 647 mil inscritos no Youtube e 6.602.158 ouvintes no Spotify por m\u00eas.<\/p>\n\n\n\n<p><strong>Artistas Crist\u00e3os<\/strong><\/p>\n\n\n\n<p><strong>Padre F\u00e1bio de Melo<\/strong>&nbsp;&#8211; Comp\u00f5e o time dos grandes artistas cat\u00f3licos, Padre F\u00e1bio de Melo, j\u00e1 vendeu mais de 3 milh\u00f5es de c\u00f3pias de CDs, al\u00e9m de 3,5 milh\u00f5es de livros. Atualmente est\u00e1 na estrada com o show \u201cEste sou Eu\u201d. S\u00e3o 25,8 mil seguidores no Instagram, 380 mil inscritos no Youtube e 631.489 ouvintes por m\u00eas no Spotify.<\/p>\n\n\n\n<p><strong>Isadora Pompeo<\/strong>&nbsp;&#8211; Influenciadora digital, cantora e compositora de m\u00fasica crist\u00e3 contempor\u00e2nea. Ela lan\u00e7ou seu primeiro \u00e1lbum de est\u00fadio, \u201cPra Te Contar os Meus Segredos\u201d. 6,2 Mi seguidores no Instagram, 3,76 mi de inscritos no Youtube e 2,7 Mi ouvintes no Spotify mensalmente.<\/p>\n\n\n\n<p><strong>Israel Salazar<\/strong>&nbsp;&#8211; Cantor, compositor, multi-instrumentista, conhecido por ser um dos vocalistas da banda Diante do Trono desde o ano de 2009. O artista \u00e9 ouvido por 456.422 ouvintes mensais no Spotify, tem 403 mil seguidores no Instagram e 397 mil inscritos no canal do Youtube.<\/p>\n\n\n\n<p><strong>Somos Am\u00e9m\/Casa Workship<\/strong>&nbsp;&#8211; Com 344 mil inscritos no Youtube, a banda musical gospel tem como integrantes, Julliany Souza, L\u00e9o Brand\u00e3o, Ricardinho, Matheus Nogueira e Baby Batera. Na conta no Instagram s\u00e3o 247 mil seguidores. Os integrantes da antiga banda Casa Worship, escreveram e interpretaram m\u00fasicas de grande sucesso como, \u201cA Casa \u00e9 Sua\u201d, \u201cEu Te Vejo Em Tudo\u201d, \u201cYeshua\u201d, \u201cSinto Fluir ft. Marcelo Marques\u201d, \u201cEu S\u00f3 Quero Tua Presen\u00e7a ft Theo Rubia\u201d, entre outras que juntas acumulam quase 1 bilh\u00e3o de plays nas plataformas digitais.<\/p>\n\n\n\n<p>&#8212; &#8212; &#8212;<\/p>\n\n\n\n<p><strong>Texto<\/strong>&nbsp;\u2013 Thiago Fernando e Hellen Miranda \/ Semcom<\/p>\n\n\n\n<p>Divulga\u00e7\u00e3o \/ Manauscult<\/p>\n\n\n\n<p><strong>Fotos<\/strong>&nbsp;\u2013 Cl\u00f3vis Miranda e Phil Limma \/ Semcom<\/p>\n\n\n\n<p>Dispon\u00edveis em &#8211; &nbsp;<a href=\"https:\/\/flic.kr\/s\/aHBqjAMjmZ\" target=\"_blank\" rel=\"noreferrer noopener\">https:\/\/flic.kr\/s\/aHBqjAMjmZ<\/a><\/p>\n","protected":false},"excerpt":{"rendered":"","protected":false},"author":31,"featured_media":1011,"comment_status":"closed","ping_status":"closed","sticky":false,"template":"","format":"standard","meta":{"footnotes":""},"categories":[12],"tags":[168,300,31,301],"acf":[],"yoast_head":"<!-- This site is optimized with the Yoast SEO plugin v23.0 - https:\/\/yoast.com\/wordpress\/plugins\/seo\/ -->\n<title>Prefeito lan\u00e7a oficialmente o &#039;#SouManaus Passo a Pa\u00e7o 2023\u2019 - MANAUSCULT<\/title>\n<meta name=\"robots\" content=\"noindex, follow\" \/>\n<meta property=\"og:locale\" content=\"pt_BR\" \/>\n<meta property=\"og:type\" content=\"article\" \/>\n<meta property=\"og:title\" content=\"Prefeito lan\u00e7a oficialmente o &#039;#SouManaus Passo a Pa\u00e7o 2023\u2019 - MANAUSCULT\" \/>\n<meta property=\"og:url\" content=\"https:\/\/www.manaus.am.gov.br\/manauscult\/prefeito-lanca-oficialmente-o-soumanaus-passo-a-paco-2023\/\" \/>\n<meta property=\"og:site_name\" content=\"MANAUSCULT\" \/>\n<meta property=\"article:published_time\" content=\"2023-07-14T01:55:26+00:00\" \/>\n<meta property=\"og:image\" content=\"https:\/\/www.manaus.am.gov.br\/manauscult\/wp-content\/uploads\/sites\/11\/2023\/07\/53043480022_930f3e8806_c.jpg\" \/>\n\t<meta property=\"og:image:width\" content=\"799\" \/>\n\t<meta property=\"og:image:height\" content=\"533\" \/>\n\t<meta property=\"og:image:type\" content=\"image\/jpeg\" \/>\n<meta name=\"author\" content=\"Renata Felix\" \/>\n<meta name=\"twitter:card\" content=\"summary_large_image\" \/>\n<meta name=\"twitter:label1\" content=\"Written by\" \/>\n\t<meta name=\"twitter:data1\" content=\"Renata Felix\" \/>\n\t<meta name=\"twitter:label2\" content=\"Est. reading time\" \/>\n\t<meta name=\"twitter:data2\" content=\"9 minutos\" \/>\n<script type=\"application\/ld+json\" class=\"yoast-schema-graph\">{\"@context\":\"https:\/\/schema.org\",\"@graph\":[{\"@type\":\"WebPage\",\"@id\":\"https:\/\/www.manaus.am.gov.br\/manauscult\/prefeito-lanca-oficialmente-o-soumanaus-passo-a-paco-2023\/\",\"url\":\"https:\/\/www.manaus.am.gov.br\/manauscult\/prefeito-lanca-oficialmente-o-soumanaus-passo-a-paco-2023\/\",\"name\":\"Prefeito lan\u00e7a oficialmente o '#SouManaus Passo a Pa\u00e7o 2023\u2019 - MANAUSCULT\",\"isPartOf\":{\"@id\":\"https:\/\/www.manaus.am.gov.br\/manauscult\/#website\"},\"primaryImageOfPage\":{\"@id\":\"https:\/\/www.manaus.am.gov.br\/manauscult\/prefeito-lanca-oficialmente-o-soumanaus-passo-a-paco-2023\/#primaryimage\"},\"image\":{\"@id\":\"https:\/\/www.manaus.am.gov.br\/manauscult\/prefeito-lanca-oficialmente-o-soumanaus-passo-a-paco-2023\/#primaryimage\"},\"thumbnailUrl\":\"https:\/\/www.manaus.am.gov.br\/manauscult\/wp-content\/uploads\/sites\/11\/2023\/07\/53043480022_930f3e8806_c.jpg\",\"datePublished\":\"2023-07-14T01:55:26+00:00\",\"dateModified\":\"2023-07-14T01:55:26+00:00\",\"author\":{\"@id\":\"https:\/\/www.manaus.am.gov.br\/manauscult\/#\/schema\/person\/4eea2a8f78dc853097abb026f728aa06\"},\"breadcrumb\":{\"@id\":\"https:\/\/www.manaus.am.gov.br\/manauscult\/prefeito-lanca-oficialmente-o-soumanaus-passo-a-paco-2023\/#breadcrumb\"},\"inLanguage\":\"pt-BR\",\"potentialAction\":[{\"@type\":\"ReadAction\",\"target\":[\"https:\/\/www.manaus.am.gov.br\/manauscult\/prefeito-lanca-oficialmente-o-soumanaus-passo-a-paco-2023\/\"]}]},{\"@type\":\"ImageObject\",\"inLanguage\":\"pt-BR\",\"@id\":\"https:\/\/www.manaus.am.gov.br\/manauscult\/prefeito-lanca-oficialmente-o-soumanaus-passo-a-paco-2023\/#primaryimage\",\"url\":\"https:\/\/www.manaus.am.gov.br\/manauscult\/wp-content\/uploads\/sites\/11\/2023\/07\/53043480022_930f3e8806_c.jpg\",\"contentUrl\":\"https:\/\/www.manaus.am.gov.br\/manauscult\/wp-content\/uploads\/sites\/11\/2023\/07\/53043480022_930f3e8806_c.jpg\",\"width\":799,\"height\":533},{\"@type\":\"BreadcrumbList\",\"@id\":\"https:\/\/www.manaus.am.gov.br\/manauscult\/prefeito-lanca-oficialmente-o-soumanaus-passo-a-paco-2023\/#breadcrumb\",\"itemListElement\":[{\"@type\":\"ListItem\",\"position\":1,\"name\":\"Home\",\"item\":\"https:\/\/www.manaus.am.gov.br\/manauscult\/\"},{\"@type\":\"ListItem\",\"position\":2,\"name\":\"Prefeito lan\u00e7a oficialmente o &#8216;#SouManaus Passo a Pa\u00e7o 2023\u2019\"}]},{\"@type\":\"WebSite\",\"@id\":\"https:\/\/www.manaus.am.gov.br\/manauscult\/#website\",\"url\":\"https:\/\/www.manaus.am.gov.br\/manauscult\/\",\"name\":\"MANAUSCULT\",\"description\":\"Prefeitura de Manaus\",\"potentialAction\":[{\"@type\":\"SearchAction\",\"target\":{\"@type\":\"EntryPoint\",\"urlTemplate\":\"https:\/\/www.manaus.am.gov.br\/manauscult\/?s={search_term_string}\"},\"query-input\":\"required name=search_term_string\"}],\"inLanguage\":\"pt-BR\"},{\"@type\":\"Person\",\"@id\":\"https:\/\/www.manaus.am.gov.br\/manauscult\/#\/schema\/person\/4eea2a8f78dc853097abb026f728aa06\",\"name\":\"Renata Felix\",\"image\":{\"@type\":\"ImageObject\",\"inLanguage\":\"pt-BR\",\"@id\":\"https:\/\/www.manaus.am.gov.br\/manauscult\/#\/schema\/person\/image\/\",\"url\":\"https:\/\/secure.gravatar.com\/avatar\/3c196cf9d3b837b24c8edb2c50fd8f29?s=96&d=mm&r=g\",\"contentUrl\":\"https:\/\/secure.gravatar.com\/avatar\/3c196cf9d3b837b24c8edb2c50fd8f29?s=96&d=mm&r=g\",\"caption\":\"Renata Felix\"}}]}<\/script>\n<!-- \/ Yoast SEO plugin. -->","yoast_head_json":{"title":"Prefeito lan\u00e7a oficialmente o '#SouManaus Passo a Pa\u00e7o 2023\u2019 - MANAUSCULT","robots":{"index":"noindex","follow":"follow"},"og_locale":"pt_BR","og_type":"article","og_title":"Prefeito lan\u00e7a oficialmente o '#SouManaus Passo a Pa\u00e7o 2023\u2019 - MANAUSCULT","og_url":"https:\/\/www.manaus.am.gov.br\/manauscult\/prefeito-lanca-oficialmente-o-soumanaus-passo-a-paco-2023\/","og_site_name":"MANAUSCULT","article_published_time":"2023-07-14T01:55:26+00:00","og_image":[{"width":799,"height":533,"url":"https:\/\/www.manaus.am.gov.br\/manauscult\/wp-content\/uploads\/sites\/11\/2023\/07\/53043480022_930f3e8806_c.jpg","type":"image\/jpeg"}],"author":"Renata Felix","twitter_card":"summary_large_image","twitter_misc":{"Written by":"Renata Felix","Est. reading time":"9 minutos"},"schema":{"@context":"https:\/\/schema.org","@graph":[{"@type":"WebPage","@id":"https:\/\/www.manaus.am.gov.br\/manauscult\/prefeito-lanca-oficialmente-o-soumanaus-passo-a-paco-2023\/","url":"https:\/\/www.manaus.am.gov.br\/manauscult\/prefeito-lanca-oficialmente-o-soumanaus-passo-a-paco-2023\/","name":"Prefeito lan\u00e7a oficialmente o '#SouManaus Passo a Pa\u00e7o 2023\u2019 - MANAUSCULT","isPartOf":{"@id":"https:\/\/www.manaus.am.gov.br\/manauscult\/#website"},"primaryImageOfPage":{"@id":"https:\/\/www.manaus.am.gov.br\/manauscult\/prefeito-lanca-oficialmente-o-soumanaus-passo-a-paco-2023\/#primaryimage"},"image":{"@id":"https:\/\/www.manaus.am.gov.br\/manauscult\/prefeito-lanca-oficialmente-o-soumanaus-passo-a-paco-2023\/#primaryimage"},"thumbnailUrl":"https:\/\/www.manaus.am.gov.br\/manauscult\/wp-content\/uploads\/sites\/11\/2023\/07\/53043480022_930f3e8806_c.jpg","datePublished":"2023-07-14T01:55:26+00:00","dateModified":"2023-07-14T01:55:26+00:00","author":{"@id":"https:\/\/www.manaus.am.gov.br\/manauscult\/#\/schema\/person\/4eea2a8f78dc853097abb026f728aa06"},"breadcrumb":{"@id":"https:\/\/www.manaus.am.gov.br\/manauscult\/prefeito-lanca-oficialmente-o-soumanaus-passo-a-paco-2023\/#breadcrumb"},"inLanguage":"pt-BR","potentialAction":[{"@type":"ReadAction","target":["https:\/\/www.manaus.am.gov.br\/manauscult\/prefeito-lanca-oficialmente-o-soumanaus-passo-a-paco-2023\/"]}]},{"@type":"ImageObject","inLanguage":"pt-BR","@id":"https:\/\/www.manaus.am.gov.br\/manauscult\/prefeito-lanca-oficialmente-o-soumanaus-passo-a-paco-2023\/#primaryimage","url":"https:\/\/www.manaus.am.gov.br\/manauscult\/wp-content\/uploads\/sites\/11\/2023\/07\/53043480022_930f3e8806_c.jpg","contentUrl":"https:\/\/www.manaus.am.gov.br\/manauscult\/wp-content\/uploads\/sites\/11\/2023\/07\/53043480022_930f3e8806_c.jpg","width":799,"height":533},{"@type":"BreadcrumbList","@id":"https:\/\/www.manaus.am.gov.br\/manauscult\/prefeito-lanca-oficialmente-o-soumanaus-passo-a-paco-2023\/#breadcrumb","itemListElement":[{"@type":"ListItem","position":1,"name":"Home","item":"https:\/\/www.manaus.am.gov.br\/manauscult\/"},{"@type":"ListItem","position":2,"name":"Prefeito lan\u00e7a oficialmente o &#8216;#SouManaus Passo a Pa\u00e7o 2023\u2019"}]},{"@type":"WebSite","@id":"https:\/\/www.manaus.am.gov.br\/manauscult\/#website","url":"https:\/\/www.manaus.am.gov.br\/manauscult\/","name":"MANAUSCULT","description":"Prefeitura de Manaus","potentialAction":[{"@type":"SearchAction","target":{"@type":"EntryPoint","urlTemplate":"https:\/\/www.manaus.am.gov.br\/manauscult\/?s={search_term_string}"},"query-input":"required name=search_term_string"}],"inLanguage":"pt-BR"},{"@type":"Person","@id":"https:\/\/www.manaus.am.gov.br\/manauscult\/#\/schema\/person\/4eea2a8f78dc853097abb026f728aa06","name":"Renata Felix","image":{"@type":"ImageObject","inLanguage":"pt-BR","@id":"https:\/\/www.manaus.am.gov.br\/manauscult\/#\/schema\/person\/image\/","url":"https:\/\/secure.gravatar.com\/avatar\/3c196cf9d3b837b24c8edb2c50fd8f29?s=96&d=mm&r=g","contentUrl":"https:\/\/secure.gravatar.com\/avatar\/3c196cf9d3b837b24c8edb2c50fd8f29?s=96&d=mm&r=g","caption":"Renata Felix"}}]}},"_links":{"self":[{"href":"https:\/\/www.manaus.am.gov.br\/manauscult\/wp-json\/wp\/v2\/posts\/1007"}],"collection":[{"href":"https:\/\/www.manaus.am.gov.br\/manauscult\/wp-json\/wp\/v2\/posts"}],"about":[{"href":"https:\/\/www.manaus.am.gov.br\/manauscult\/wp-json\/wp\/v2\/types\/post"}],"author":[{"embeddable":true,"href":"https:\/\/www.manaus.am.gov.br\/manauscult\/wp-json\/wp\/v2\/users\/31"}],"replies":[{"embeddable":true,"href":"https:\/\/www.manaus.am.gov.br\/manauscult\/wp-json\/wp\/v2\/comments?post=1007"}],"version-history":[{"count":1,"href":"https:\/\/www.manaus.am.gov.br\/manauscult\/wp-json\/wp\/v2\/posts\/1007\/revisions"}],"predecessor-version":[{"id":1012,"href":"https:\/\/www.manaus.am.gov.br\/manauscult\/wp-json\/wp\/v2\/posts\/1007\/revisions\/1012"}],"wp:featuredmedia":[{"embeddable":true,"href":"https:\/\/www.manaus.am.gov.br\/manauscult\/wp-json\/wp\/v2\/media\/1011"}],"wp:attachment":[{"href":"https:\/\/www.manaus.am.gov.br\/manauscult\/wp-json\/wp\/v2\/media?parent=1007"}],"wp:term":[{"taxonomy":"category","embeddable":true,"href":"https:\/\/www.manaus.am.gov.br\/manauscult\/wp-json\/wp\/v2\/categories?post=1007"},{"taxonomy":"post_tag","embeddable":true,"href":"https:\/\/www.manaus.am.gov.br\/manauscult\/wp-json\/wp\/v2\/tags?post=1007"}],"curies":[{"name":"wp","href":"https:\/\/api.w.org\/{rel}","templated":true}]}}