{"id":1005,"date":"2023-07-12T09:30:25","date_gmt":"2023-07-12T13:30:25","guid":{"rendered":"https:\/\/www.manaus.am.gov.br\/manauscult\/prefeitura-divulga-os-vencedores-dos-premios-literarios-cidade-de-manaus-2023\/"},"modified":"2023-07-12T09:30:26","modified_gmt":"2023-07-12T13:30:26","slug":"prefeitura-divulga-os-vencedores-dos-premios-literarios-cidade-de-manaus-2023","status":"publish","type":"post","link":"https:\/\/www.manaus.am.gov.br\/manauscult\/prefeitura-divulga-os-vencedores-dos-premios-literarios-cidade-de-manaus-2023\/","title":{"rendered":"<strong>Prefeitura divulga os vencedores dos \u2018Pr\u00eamios Liter\u00e1rios Cidade de Manaus 2023\u2019<\/strong>"},"content":{"rendered":"\n<p>A Prefeitura de Manaus divulgou, nesta quarta-feira, 12\/7, a lista dos vencedores dos \u201cPr\u00eamios Liter\u00e1rios Cidade de Manaus 2023\u201d, promovido pela Prefeitura de Manaus, por meio da Funda\u00e7\u00e3o Municipal de Cultura, Turismo e Eventos (Manauscult), via Conselho Municipal de Cultura (Concultura).<\/p>\n\n\n\n<p>As 691 inscri\u00e7\u00f5es deste ano superaram os n\u00fameros de 2022, com 676 obras inscritas de todo o pa\u00eds. Mais uma vez o Amazonas tem o maior n\u00famero de inscritos com 181 obras, superando S\u00e3o Paulo, com 108 autores inscritos; Rio de Janeiro teve 71 e Minas Gerais, 56.<\/p>\n\n\n\n<p>Para o diretor-presidente da Manauscult, Osvaldo Cardoso, os \u201cPr\u00eamios Liter\u00e1rios\u201d \u00e9 mais uma a\u00e7\u00e3o de fomento e fortalecimento da cultura, tanto em Manaus quanto no Brasil.&nbsp;<\/p>\n\n\n\n<p>&#8220;Com esse projeto, conseguimos fortalecer n\u00e3o apenas os nossos artistas locais, mas tamb\u00e9m fomentar a literatura em n\u00edvel nacional. Essa \u00e9 uma, dentre diversas a\u00e7\u00f5es para o setor da cultura, seguindo a ordem do prefeito David Almeida de fortalecer esse segmento,&#8221; afirmou Cardoso.<\/p>\n\n\n\n<p>O presidente do Concultura, Ten\u00f3rio Telles, ressaltou que a Prefeitura de Manaus segue trabalhando com o prop\u00f3sito de promover a cultura na cidade de Manaus, valorizando as diversas express\u00f5es art\u00edsticas.<\/p>\n\n\n\n<p>&#8220;Os \u2018Pr\u00eamios Liter\u00e1rios Cidade de Manaus\u2019 fazem parte desse esfor\u00e7o para incentivar os criadores e, assim, possam desenvolver seus talentos&#8221;, salientou.<\/p>\n\n\n\n<p>Ele afirmou que a divulga\u00e7\u00e3o dos vencedores dos \u201cPr\u00eamios Liter\u00e1rios\u201d \u00e9 uma evid\u00eancia do compromisso da&nbsp;gest\u00e3o com o segmento da literatura. &#8220;Foi como um concurso nacional, com ampla participa\u00e7\u00e3o de escritores de todas as regi\u00f5es, ajuda significativamente na promo\u00e7\u00e3o e divulga\u00e7\u00e3o nacional da cidade de Manaus. Parabenizamos os vencedores e esperamos que a premia\u00e7\u00e3o sirva de est\u00edmulo para o fortalecimento de suas carreiras liter\u00e1rias&#8221;, finalizou Telles.&nbsp;<\/p>\n\n\n\n<p>Apenas uma categoria n\u00e3o teve vencedor, a do Pr\u00eamio M\u00e1rio Ypiranga Monteiro, destinado ao melhor livro de ensaio sobre tradi\u00e7\u00f5es populares, pois s\u00f3 teve dois concorrentes n\u00e3o cumprindo o item 5.2 do edital, que exige o m\u00ednimo de sete obras por categoria.<\/p>\n\n\n\n<p>As inova\u00e7\u00f5es da edi\u00e7\u00e3o deste ano s\u00e3o o aumento dos pr\u00eamios para R$ 8 mil e as obras vencedoras ser\u00e3o impressas; al\u00e9m da cria\u00e7\u00e3o de uma nova categoria regional: o pr\u00eamio Djalma Batista, destinado ao melhor texto de tem\u00e1tica amaz\u00f4nica.<\/p>\n\n\n\n<p><strong>Vencedores<\/strong><\/p>\n\n\n\n<p>O pr\u00eamio \u00c1lvaro Maia,&nbsp;de romance ou novela, ficou com&nbsp;\u201cA Besta de Tr\u00eas Costas\u201d, escrito por Natanailson Pereira Campos.<\/p>\n\n\n\n<p>Vencedor do pr\u00eamio Arthur Engr\u00e1cio, na categoria de contos, obra: \u201cSe Eu Fellini\u201d, de Marco T\u00falio Costa.<\/p>\n\n\n\n<p>O pr\u00eamio P\u00e9ricles Moraes, de cr\u00f4nicas, ficou para a obra \u201cEssa Imensa Lat\u00eancia\u201d, de Josinaldo da Silva Oliveira.<\/p>\n\n\n\n<p>O pr\u00eamio Violeta Branca Menescal, de poesia, ficou com&nbsp;\u201cPoeta \u00c9 Quem Brinca de Letra\u201d, do autor Adam Wilkiam Italiano.<\/p>\n\n\n\n<p>O pr\u00eamio Samuel Benchimol, de ensaio, foi a obra \u201cRaul Pompeia \u2013 Uma Vida Atormentada\u201d, de Jos\u00e9 Ant\u00f4nio Martino.<\/p>\n\n\n\n<p>O pr\u00eamio \u00c1ureo Nonato, de mem\u00f3ria ou jornalismo liter\u00e1rio, foi a obra \u201cTerra da Luz\u201d, de Gilson Pinheiro Marques J\u00fanior.<\/p>\n\n\n\n<p>O pr\u00eamio Alfredo Fernandes, de literatura infantojuvenil, foi a obra \u201cEncantaria\u201d, de Fabr\u00edcio de Miranda Ferreira.<\/p>\n\n\n\n<p>O pr\u00eamio \u00c1lvaro Braga, de teatro, foi a obra \u201cO Futuro Espera no Passado\u201d, de Cristina Aparecida Zaniboni Antonelli.<\/p>\n\n\n\n<p>O pr\u00eamio M\u00e1rio Ypiranga Monteiro, destinado ao melhor ensaio sobre tradi\u00e7\u00f5es populares, &nbsp;n\u00e3o teve vencedor.<\/p>\n\n\n\n<p>O pr\u00eamio Djalma Batista, destinado ao melhor livro de tem\u00e1tica amaz\u00f4nica, foi a obra \u201cPlanejamento Socioambiental na Amaz\u00f4nia Setentrional: Teoria, T\u00e9cnica e&nbsp; Metodologia de Pesquisa\u201d, de&nbsp;L\u00facio Keury Almeida Galdino.<\/p>\n\n\n\n<p><strong>N\u00fameros<\/strong><\/p>\n\n\n\n<p>Os outros Estados que tiveram mais inscritos foram: Bahia, com 37 inscritos; Cear\u00e1, com 29; Rio Grande do Sul, com 26; Distrito Federal, com 19; Pernambuco, com 18; Santa Catarina, com 18; Par\u00e1, com 15; Goi\u00e1s, com 13; Maranh\u00e3o, com 12; Para\u00edba, com 8; Mato Grosso, com 3; Mato Grosso do Sul, com 3; Tocantins, com 2; Alagoas, com 1; e Sergipe, com 1.<\/p>\n\n\n\n<p>Este ano, as categorias mais procuradas pelos escritores foram poesia, com 176 inscritos; literatura infantojuvenil, 149 obras inscritas; romance ou novela teve 144 inscritos; contos, 93 inscritos; teatro, 45 inscri\u00e7\u00f5es; cr\u00f4nicas, 32 inscritos; tem\u00e1tica amaz\u00f4nica, 22 inscritos; ensaio, 18 inscri\u00e7\u00f5es; mem\u00f3ria e jornalismo liter\u00e1rio, 10 inscri\u00e7\u00f5es; e 2 ensaios de tradi\u00e7\u00f5es populares.<\/p>\n\n\n\n<p>\u201cOs Pr\u00eamios Liter\u00e1rios Cidade de Manaus se firmam como um dos mais importantes do pa\u00eds, transformando-se num ve\u00edculo de est\u00edmulo \u00e0 cria\u00e7\u00e3o liter\u00e1ria e contribuindo para promover a literatura em \u00e2mbito regional e nacional\u201d, destacou Osvaldo Cardoso.<\/p>\n\n\n\n<p>&#8212; &#8212; &#8212;<\/p>\n\n\n\n<p><strong>Texto \u2013&nbsp;<\/strong>Crist\u00f3v\u00e3o Nonato \/ Manauscult<\/p>\n\n\n\n<p><strong>Fotos \u2013<\/strong>&nbsp;Ant\u00f4nio Pereira \/ Arquivo Semcom<\/p>\n\n\n\n<p><strong>Dispon\u00edveis em&nbsp;<\/strong>\u2013&nbsp;<a href=\"https:\/\/flic.kr\/s\/aHBqjAsdNw\" target=\"_blank\" rel=\"noreferrer noopener\">https:\/\/flic.kr\/s\/aHBqjAsdNw<\/a>&nbsp;e&nbsp;<a href=\"https:\/\/flic.kr\/s\/aHBqjA2sJN\" target=\"_blank\" rel=\"noreferrer noopener\">https:\/\/flic.kr\/s\/aHBqjA2sJN<\/a><\/p>\n","protected":false},"excerpt":{"rendered":"","protected":false},"author":24,"featured_media":1006,"comment_status":"closed","ping_status":"closed","sticky":false,"template":"","format":"standard","meta":{"footnotes":""},"categories":[12],"tags":[299,47,67,114,10,11,223],"acf":[],"yoast_head":"<!-- This site is optimized with the Yoast SEO plugin v23.0 - https:\/\/yoast.com\/wordpress\/plugins\/seo\/ -->\n<title>Prefeitura divulga os vencedores dos \u2018Pr\u00eamios Liter\u00e1rios Cidade de Manaus 2023\u2019 - MANAUSCULT<\/title>\n<meta name=\"description\" content=\"A Prefeitura de Manaus divulgou, nesta quarta-feira, 12\/7, a lista dos vencedores dos \u201cPr\u00eamios Liter\u00e1rios Cidade de Manaus 2023\u201d, promovido pela Prefeitura de Manaus, por meio da Funda\u00e7\u00e3o Municipal de Cultura, Turismo e Eventos (Manauscult), via Conselho Municipal de Cultura (Concultura).\" \/>\n<meta name=\"robots\" content=\"noindex, follow\" \/>\n<meta property=\"og:locale\" content=\"pt_BR\" \/>\n<meta property=\"og:type\" content=\"article\" \/>\n<meta property=\"og:title\" content=\"Prefeitura divulga os vencedores dos \u2018Pr\u00eamios Liter\u00e1rios Cidade de Manaus 2023\u2019 - MANAUSCULT\" \/>\n<meta property=\"og:description\" content=\"A Prefeitura de Manaus divulgou, nesta quarta-feira, 12\/7, a lista dos vencedores dos \u201cPr\u00eamios Liter\u00e1rios Cidade de Manaus 2023\u201d, promovido pela Prefeitura de Manaus, por meio da Funda\u00e7\u00e3o Municipal de Cultura, Turismo e Eventos (Manauscult), via Conselho Municipal de Cultura (Concultura).\" \/>\n<meta property=\"og:url\" content=\"https:\/\/www.manaus.am.gov.br\/manauscult\/prefeitura-divulga-os-vencedores-dos-premios-literarios-cidade-de-manaus-2023\/\" \/>\n<meta property=\"og:site_name\" content=\"MANAUSCULT\" \/>\n<meta property=\"article:published_time\" content=\"2023-07-12T13:30:25+00:00\" \/>\n<meta property=\"article:modified_time\" content=\"2023-07-12T13:30:26+00:00\" \/>\n<meta property=\"og:image\" content=\"https:\/\/www.manaus.am.gov.br\/manauscult\/wp-content\/uploads\/sites\/11\/2023\/07\/52690979094_405756a279_o-1024x683.jpg\" \/>\n\t<meta property=\"og:image:width\" content=\"1024\" \/>\n\t<meta property=\"og:image:height\" content=\"683\" \/>\n\t<meta property=\"og:image:type\" content=\"image\/jpeg\" \/>\n<meta name=\"author\" content=\"Cl\u00e1udia Barbosa\" \/>\n<meta name=\"twitter:card\" content=\"summary_large_image\" \/>\n<meta name=\"twitter:label1\" content=\"Written by\" \/>\n\t<meta name=\"twitter:data1\" content=\"Cl\u00e1udia Barbosa\" \/>\n\t<meta name=\"twitter:label2\" content=\"Est. reading time\" \/>\n\t<meta name=\"twitter:data2\" content=\"4 minutos\" \/>\n<script type=\"application\/ld+json\" class=\"yoast-schema-graph\">{\"@context\":\"https:\/\/schema.org\",\"@graph\":[{\"@type\":\"WebPage\",\"@id\":\"https:\/\/www.manaus.am.gov.br\/manauscult\/prefeitura-divulga-os-vencedores-dos-premios-literarios-cidade-de-manaus-2023\/\",\"url\":\"https:\/\/www.manaus.am.gov.br\/manauscult\/prefeitura-divulga-os-vencedores-dos-premios-literarios-cidade-de-manaus-2023\/\",\"name\":\"Prefeitura divulga os vencedores dos \u2018Pr\u00eamios Liter\u00e1rios Cidade de Manaus 2023\u2019 - MANAUSCULT\",\"isPartOf\":{\"@id\":\"https:\/\/www.manaus.am.gov.br\/manauscult\/#website\"},\"primaryImageOfPage\":{\"@id\":\"https:\/\/www.manaus.am.gov.br\/manauscult\/prefeitura-divulga-os-vencedores-dos-premios-literarios-cidade-de-manaus-2023\/#primaryimage\"},\"image\":{\"@id\":\"https:\/\/www.manaus.am.gov.br\/manauscult\/prefeitura-divulga-os-vencedores-dos-premios-literarios-cidade-de-manaus-2023\/#primaryimage\"},\"thumbnailUrl\":\"https:\/\/www.manaus.am.gov.br\/manauscult\/wp-content\/uploads\/sites\/11\/2023\/07\/52690979094_405756a279_o.jpg\",\"datePublished\":\"2023-07-12T13:30:25+00:00\",\"dateModified\":\"2023-07-12T13:30:26+00:00\",\"author\":{\"@id\":\"https:\/\/www.manaus.am.gov.br\/manauscult\/#\/schema\/person\/d0a166b5031154c33c77794ddc9a827e\"},\"description\":\"A Prefeitura de Manaus divulgou, nesta quarta-feira, 12\/7, a lista dos vencedores dos \u201cPr\u00eamios Liter\u00e1rios Cidade de Manaus 2023\u201d, promovido pela Prefeitura de Manaus, por meio da Funda\u00e7\u00e3o Municipal de Cultura, Turismo e Eventos (Manauscult), via Conselho Municipal de Cultura (Concultura).\",\"breadcrumb\":{\"@id\":\"https:\/\/www.manaus.am.gov.br\/manauscult\/prefeitura-divulga-os-vencedores-dos-premios-literarios-cidade-de-manaus-2023\/#breadcrumb\"},\"inLanguage\":\"pt-BR\",\"potentialAction\":[{\"@type\":\"ReadAction\",\"target\":[\"https:\/\/www.manaus.am.gov.br\/manauscult\/prefeitura-divulga-os-vencedores-dos-premios-literarios-cidade-de-manaus-2023\/\"]}]},{\"@type\":\"ImageObject\",\"inLanguage\":\"pt-BR\",\"@id\":\"https:\/\/www.manaus.am.gov.br\/manauscult\/prefeitura-divulga-os-vencedores-dos-premios-literarios-cidade-de-manaus-2023\/#primaryimage\",\"url\":\"https:\/\/www.manaus.am.gov.br\/manauscult\/wp-content\/uploads\/sites\/11\/2023\/07\/52690979094_405756a279_o.jpg\",\"contentUrl\":\"https:\/\/www.manaus.am.gov.br\/manauscult\/wp-content\/uploads\/sites\/11\/2023\/07\/52690979094_405756a279_o.jpg\",\"width\":5000,\"height\":3333},{\"@type\":\"BreadcrumbList\",\"@id\":\"https:\/\/www.manaus.am.gov.br\/manauscult\/prefeitura-divulga-os-vencedores-dos-premios-literarios-cidade-de-manaus-2023\/#breadcrumb\",\"itemListElement\":[{\"@type\":\"ListItem\",\"position\":1,\"name\":\"Home\",\"item\":\"https:\/\/www.manaus.am.gov.br\/manauscult\/\"},{\"@type\":\"ListItem\",\"position\":2,\"name\":\"Prefeitura divulga os vencedores dos \u2018Pr\u00eamios Liter\u00e1rios Cidade de Manaus 2023\u2019\"}]},{\"@type\":\"WebSite\",\"@id\":\"https:\/\/www.manaus.am.gov.br\/manauscult\/#website\",\"url\":\"https:\/\/www.manaus.am.gov.br\/manauscult\/\",\"name\":\"MANAUSCULT\",\"description\":\"Prefeitura de Manaus\",\"potentialAction\":[{\"@type\":\"SearchAction\",\"target\":{\"@type\":\"EntryPoint\",\"urlTemplate\":\"https:\/\/www.manaus.am.gov.br\/manauscult\/?s={search_term_string}\"},\"query-input\":\"required name=search_term_string\"}],\"inLanguage\":\"pt-BR\"},{\"@type\":\"Person\",\"@id\":\"https:\/\/www.manaus.am.gov.br\/manauscult\/#\/schema\/person\/d0a166b5031154c33c77794ddc9a827e\",\"name\":\"Cl\u00e1udia Barbosa\",\"image\":{\"@type\":\"ImageObject\",\"inLanguage\":\"pt-BR\",\"@id\":\"https:\/\/www.manaus.am.gov.br\/manauscult\/#\/schema\/person\/image\/\",\"url\":\"https:\/\/secure.gravatar.com\/avatar\/42958a1cf007f1a00534009218c72590?s=96&d=mm&r=g\",\"contentUrl\":\"https:\/\/secure.gravatar.com\/avatar\/42958a1cf007f1a00534009218c72590?s=96&d=mm&r=g\",\"caption\":\"Cl\u00e1udia Barbosa\"}}]}<\/script>\n<!-- \/ Yoast SEO plugin. -->","yoast_head_json":{"title":"Prefeitura divulga os vencedores dos \u2018Pr\u00eamios Liter\u00e1rios Cidade de Manaus 2023\u2019 - MANAUSCULT","description":"A Prefeitura de Manaus divulgou, nesta quarta-feira, 12\/7, a lista dos vencedores dos \u201cPr\u00eamios Liter\u00e1rios Cidade de Manaus 2023\u201d, promovido pela Prefeitura de Manaus, por meio da Funda\u00e7\u00e3o Municipal de Cultura, Turismo e Eventos (Manauscult), via Conselho Municipal de Cultura (Concultura).","robots":{"index":"noindex","follow":"follow"},"og_locale":"pt_BR","og_type":"article","og_title":"Prefeitura divulga os vencedores dos \u2018Pr\u00eamios Liter\u00e1rios Cidade de Manaus 2023\u2019 - MANAUSCULT","og_description":"A Prefeitura de Manaus divulgou, nesta quarta-feira, 12\/7, a lista dos vencedores dos \u201cPr\u00eamios Liter\u00e1rios Cidade de Manaus 2023\u201d, promovido pela Prefeitura de Manaus, por meio da Funda\u00e7\u00e3o Municipal de Cultura, Turismo e Eventos (Manauscult), via Conselho Municipal de Cultura (Concultura).","og_url":"https:\/\/www.manaus.am.gov.br\/manauscult\/prefeitura-divulga-os-vencedores-dos-premios-literarios-cidade-de-manaus-2023\/","og_site_name":"MANAUSCULT","article_published_time":"2023-07-12T13:30:25+00:00","article_modified_time":"2023-07-12T13:30:26+00:00","og_image":[{"width":1024,"height":683,"url":"https:\/\/www.manaus.am.gov.br\/manauscult\/wp-content\/uploads\/sites\/11\/2023\/07\/52690979094_405756a279_o-1024x683.jpg","type":"image\/jpeg"}],"author":"Cl\u00e1udia Barbosa","twitter_card":"summary_large_image","twitter_misc":{"Written by":"Cl\u00e1udia Barbosa","Est. reading time":"4 minutos"},"schema":{"@context":"https:\/\/schema.org","@graph":[{"@type":"WebPage","@id":"https:\/\/www.manaus.am.gov.br\/manauscult\/prefeitura-divulga-os-vencedores-dos-premios-literarios-cidade-de-manaus-2023\/","url":"https:\/\/www.manaus.am.gov.br\/manauscult\/prefeitura-divulga-os-vencedores-dos-premios-literarios-cidade-de-manaus-2023\/","name":"Prefeitura divulga os vencedores dos \u2018Pr\u00eamios Liter\u00e1rios Cidade de Manaus 2023\u2019 - MANAUSCULT","isPartOf":{"@id":"https:\/\/www.manaus.am.gov.br\/manauscult\/#website"},"primaryImageOfPage":{"@id":"https:\/\/www.manaus.am.gov.br\/manauscult\/prefeitura-divulga-os-vencedores-dos-premios-literarios-cidade-de-manaus-2023\/#primaryimage"},"image":{"@id":"https:\/\/www.manaus.am.gov.br\/manauscult\/prefeitura-divulga-os-vencedores-dos-premios-literarios-cidade-de-manaus-2023\/#primaryimage"},"thumbnailUrl":"https:\/\/www.manaus.am.gov.br\/manauscult\/wp-content\/uploads\/sites\/11\/2023\/07\/52690979094_405756a279_o.jpg","datePublished":"2023-07-12T13:30:25+00:00","dateModified":"2023-07-12T13:30:26+00:00","author":{"@id":"https:\/\/www.manaus.am.gov.br\/manauscult\/#\/schema\/person\/d0a166b5031154c33c77794ddc9a827e"},"description":"A Prefeitura de Manaus divulgou, nesta quarta-feira, 12\/7, a lista dos vencedores dos \u201cPr\u00eamios Liter\u00e1rios Cidade de Manaus 2023\u201d, promovido pela Prefeitura de Manaus, por meio da Funda\u00e7\u00e3o Municipal de Cultura, Turismo e Eventos (Manauscult), via Conselho Municipal de Cultura (Concultura).","breadcrumb":{"@id":"https:\/\/www.manaus.am.gov.br\/manauscult\/prefeitura-divulga-os-vencedores-dos-premios-literarios-cidade-de-manaus-2023\/#breadcrumb"},"inLanguage":"pt-BR","potentialAction":[{"@type":"ReadAction","target":["https:\/\/www.manaus.am.gov.br\/manauscult\/prefeitura-divulga-os-vencedores-dos-premios-literarios-cidade-de-manaus-2023\/"]}]},{"@type":"ImageObject","inLanguage":"pt-BR","@id":"https:\/\/www.manaus.am.gov.br\/manauscult\/prefeitura-divulga-os-vencedores-dos-premios-literarios-cidade-de-manaus-2023\/#primaryimage","url":"https:\/\/www.manaus.am.gov.br\/manauscult\/wp-content\/uploads\/sites\/11\/2023\/07\/52690979094_405756a279_o.jpg","contentUrl":"https:\/\/www.manaus.am.gov.br\/manauscult\/wp-content\/uploads\/sites\/11\/2023\/07\/52690979094_405756a279_o.jpg","width":5000,"height":3333},{"@type":"BreadcrumbList","@id":"https:\/\/www.manaus.am.gov.br\/manauscult\/prefeitura-divulga-os-vencedores-dos-premios-literarios-cidade-de-manaus-2023\/#breadcrumb","itemListElement":[{"@type":"ListItem","position":1,"name":"Home","item":"https:\/\/www.manaus.am.gov.br\/manauscult\/"},{"@type":"ListItem","position":2,"name":"Prefeitura divulga os vencedores dos \u2018Pr\u00eamios Liter\u00e1rios Cidade de Manaus 2023\u2019"}]},{"@type":"WebSite","@id":"https:\/\/www.manaus.am.gov.br\/manauscult\/#website","url":"https:\/\/www.manaus.am.gov.br\/manauscult\/","name":"MANAUSCULT","description":"Prefeitura de Manaus","potentialAction":[{"@type":"SearchAction","target":{"@type":"EntryPoint","urlTemplate":"https:\/\/www.manaus.am.gov.br\/manauscult\/?s={search_term_string}"},"query-input":"required name=search_term_string"}],"inLanguage":"pt-BR"},{"@type":"Person","@id":"https:\/\/www.manaus.am.gov.br\/manauscult\/#\/schema\/person\/d0a166b5031154c33c77794ddc9a827e","name":"Cl\u00e1udia Barbosa","image":{"@type":"ImageObject","inLanguage":"pt-BR","@id":"https:\/\/www.manaus.am.gov.br\/manauscult\/#\/schema\/person\/image\/","url":"https:\/\/secure.gravatar.com\/avatar\/42958a1cf007f1a00534009218c72590?s=96&d=mm&r=g","contentUrl":"https:\/\/secure.gravatar.com\/avatar\/42958a1cf007f1a00534009218c72590?s=96&d=mm&r=g","caption":"Cl\u00e1udia Barbosa"}}]}},"_links":{"self":[{"href":"https:\/\/www.manaus.am.gov.br\/manauscult\/wp-json\/wp\/v2\/posts\/1005"}],"collection":[{"href":"https:\/\/www.manaus.am.gov.br\/manauscult\/wp-json\/wp\/v2\/posts"}],"about":[{"href":"https:\/\/www.manaus.am.gov.br\/manauscult\/wp-json\/wp\/v2\/types\/post"}],"author":[{"embeddable":true,"href":"https:\/\/www.manaus.am.gov.br\/manauscult\/wp-json\/wp\/v2\/users\/24"}],"replies":[{"embeddable":true,"href":"https:\/\/www.manaus.am.gov.br\/manauscult\/wp-json\/wp\/v2\/comments?post=1005"}],"version-history":[{"count":0,"href":"https:\/\/www.manaus.am.gov.br\/manauscult\/wp-json\/wp\/v2\/posts\/1005\/revisions"}],"wp:featuredmedia":[{"embeddable":true,"href":"https:\/\/www.manaus.am.gov.br\/manauscult\/wp-json\/wp\/v2\/media\/1006"}],"wp:attachment":[{"href":"https:\/\/www.manaus.am.gov.br\/manauscult\/wp-json\/wp\/v2\/media?parent=1005"}],"wp:term":[{"taxonomy":"category","embeddable":true,"href":"https:\/\/www.manaus.am.gov.br\/manauscult\/wp-json\/wp\/v2\/categories?post=1005"},{"taxonomy":"post_tag","embeddable":true,"href":"https:\/\/www.manaus.am.gov.br\/manauscult\/wp-json\/wp\/v2\/tags?post=1005"}],"curies":[{"name":"wp","href":"https:\/\/api.w.org\/{rel}","templated":true}]}}