{"id":9442,"date":"2026-08-31T14:50:19","date_gmt":"2026-08-31T18:50:19","guid":{"rendered":"https:\/\/www.manaus.am.gov.br\/implurb\/obras-parque-encontro-das-aguas-rosa-almeida\/"},"modified":"2026-08-31T14:55:16","modified_gmt":"2026-08-31T18:55:16","slug":"obras-parque-encontro-das-aguas-rosa-almeida","status":"publish","type":"post","link":"https:\/\/www.manaus.am.gov.br\/implurb\/obras-parque-encontro-das-aguas-rosa-almeida\/","title":{"rendered":"Prefeitura avan\u00e7a nas obras no parque Encontro das \u00c1guas Rosa Almeida e inicia prepara\u00e7\u00e3o para etapa de concretagem das \u2018asas\u2019 que simbolizam os rios Negro e Solim\u00f5es"},"content":{"rendered":"\n<p>As obras do parque Encontro das \u00c1guas Rosa Almeida, executadas pela <a href=\"https:\/\/www.manaus.am.gov.br\/\">Prefeitura de Manaus<\/a>, avan\u00e7am para uma das etapas mais emblem\u00e1ticas de sua constru\u00e7\u00e3o e, em breve, dar\u00e1 in\u00edcio a concretagem das chamadas hastes ou \u201casas\u201d, elementos arquitet\u00f4nicos que integram o projeto concebido pelo arquiteto Oscar Niemeyer e remetem ao encontro dos rios Negro e Solim\u00f5es, um dos fen\u00f4menos naturais mais conhecidos da Amaz\u00f4nia.<\/p>\n\n\n\n<p>Enquanto a estrutura principal ganha forma, diferentes frentes de trabalho seguem simultaneamente no canteiro. Nos pr\u00f3ximos dias, os servi\u00e7os incluem interven\u00e7\u00f5es no restaurante, na Oca Niemeyer, nos jardins e taludes, al\u00e9m da implanta\u00e7\u00e3o de infraestrutura de esgoto, pavimenta\u00e7\u00e3o, ilumina\u00e7\u00e3o e outras etapas necess\u00e1rias para a consolida\u00e7\u00e3o do parque.<\/p>\n\n\n\n<p>Para o diretor-presidente do <a href=\"https:\/\/www.instagram.com\/implurb\/\">Instituto Municipal de Planejamento Urbano<\/a> (Implurb), Antonio Peixoto, a evolu\u00e7\u00e3o da obra permite come\u00e7ar a visualizar, no pr\u00f3prio territ\u00f3rio, a dimens\u00e3o arquitet\u00f4nica e simb\u00f3lica do projeto.<\/p>\n\n\n\n<p>\u201cEstamos chegando a uma etapa muito importante do parque Encontro das \u00c1guas. Quando come\u00e7armos a concretagem dessas hastes, ou \u2018asas\u2019, o projeto de Niemeyer vai ganhar ainda mais presen\u00e7a e ser\u00e1 poss\u00edvel perceber com mais clareza a rela\u00e7\u00e3o da arquitetura com o fen\u00f4meno natural que existe diante dela. \u00c9 uma obra que une arquitetura, paisagem, cultura e turismo em um dos cen\u00e1rios mais extraordin\u00e1rios de Manaus\u201d, explicou.<\/p>\n\n\n\n<p><strong>Frentes de trabalho<\/strong><\/p>\n\n\n\n<p>Na programa\u00e7\u00e3o dos pr\u00f3ximos dias, as equipes atuam na impermeabiliza\u00e7\u00e3o da laje de cobertura do restaurante, al\u00e9m da execu\u00e7\u00e3o de piso e rodap\u00e9 em Korodur, incluindo o lixamento.<\/p>\n\n\n\n<p>No subsolo da oca, seguem os servi\u00e7os de instala\u00e7\u00e3o de dutos e tubula\u00e7\u00f5es de cobre dos equipamentos de ar-condicionado, arremates de janelas e portas, embo\u00e7o das paredes e aplica\u00e7\u00e3o de revestimento em massa. No t\u00e9rreo, tamb\u00e9m est\u00e1 em andamento a execu\u00e7\u00e3o de alvenaria em tijolo cer\u00e2mico.<\/p>\n\n\n\n<p>Na \u00e1rea externa, o parque recebe plantio de grama em placas nos taludes e jardins, enquanto avan\u00e7am a pavimenta\u00e7\u00e3o de cal\u00e7adas em concreto armado e a infraestrutura para postes de ilumina\u00e7\u00e3o, incluindo a instala\u00e7\u00e3o das estruturas met\u00e1licas.<\/p>\n\n\n\n<p>Tamb\u00e9m est\u00e3o em execu\u00e7\u00e3o a escava\u00e7\u00e3o do solo para a infraestrutura de esgoto at\u00e9 a Esta\u00e7\u00e3o de Tratamento de Esgoto (ETE) e a fixa\u00e7\u00e3o de telas nervuradas em talude secund\u00e1rio, etapa preparat\u00f3ria para a execu\u00e7\u00e3o de concreto projetado.<\/p>\n\n\n\n<p><strong>Arquitetura<\/strong><\/p>\n\n\n\n<p>Concebido pelo arquiteto Oscar Niemeyer, o projeto parte justamente da singularidade da paisagem amaz\u00f4nica. Em sua descri\u00e7\u00e3o da proposta, Niemeyer destacou o encontro das \u00e1guas escuras do rio Negro com as \u00e1guas amareladas do rio Solim\u00f5es, que percorrem cerca de seis quil\u00f4metros lado a lado antes de se misturarem.<\/p>\n\n\n\n<p>A arquitetura foi pensada para dialogar diretamente com esse fen\u00f4meno natural, criando um conjunto que inclui memorial, sal\u00e3o de exposi\u00e7\u00f5es, aqu\u00e1rio de esp\u00e9cies da regi\u00e3o, pra\u00e7a para apresenta\u00e7\u00f5es de dan\u00e7as t\u00edpicas amaz\u00f4nicas e restaurante, al\u00e9m dos espa\u00e7os de contempla\u00e7\u00e3o voltados para o encontro dos rios.<\/p>\n\n\n\n<p>\u00c9 essa rela\u00e7\u00e3o entre arquitetura e paisagem que come\u00e7a a se tornar mais evidente \u00e0 medida que a obra avan\u00e7a. \u201cO Parque Encontro das \u00c1guas n\u00e3o \u00e9 apenas um equipamento constru\u00eddo diante de uma paisagem. O projeto foi pensado para dialogar com essa paisagem. Por isso, cada elemento tem uma fun\u00e7\u00e3o dentro desse conjunto, e as grandes estruturas que representam o encontro dos rios ser\u00e3o uma marca muito forte desse parque. Estamos cuidando para que a execu\u00e7\u00e3o preserve a concep\u00e7\u00e3o original e, ao mesmo tempo, entregue um espa\u00e7o p\u00fablico qualificado para a popula\u00e7\u00e3o\u201d, afirmou Peixoto.<\/p>\n\n\n\n<p>A implanta\u00e7\u00e3o do Parque Encontro das \u00c1guas Rosa Almeida integra as a\u00e7\u00f5es de requalifica\u00e7\u00e3o urbana e valoriza\u00e7\u00e3o tur\u00edstica de Manaus, criando um novo ponto de contempla\u00e7\u00e3o, cultura, lazer e visita\u00e7\u00e3o em uma das paisagens naturais mais emblem\u00e1ticas da capital.<\/p>\n\n\n\n<p><strong>Implanta\u00e7\u00e3o<\/strong><\/p>\n\n\n\n<p>\u00c0s margens do encontro dos rios Negro e Solim\u00f5es, o parque Encontro das \u00c1guas Rosa Almeida foi concebido para integrar arquitetura, paisagem e sustentabilidade. Com \u00e1rea de implanta\u00e7\u00e3o superior a 17 mil metros quadrados, inserida em um complexo de mais de 120 mil metros quadrados, o equipamento ter\u00e1 a Oca Niemeyer como um de seus principais elementos arquitet\u00f4nicos.<\/p>\n\n\n\n<p>Inspirada nas formas circulares das ocas ind\u00edgenas e nas curvas caracter\u00edsticas da obra de Niemeyer, a oca contar\u00e1 com dois sal\u00f5es de exposi\u00e7\u00e3o e funcionar\u00e1 como espa\u00e7o cultural multiuso para exposi\u00e7\u00f5es, eventos e atividades art\u00edsticas.<\/p>\n\n\n\n<p>A obra tamb\u00e9m incorpora solu\u00e7\u00f5es de engenharia voltadas \u00e0 preserva\u00e7\u00e3o e seguran\u00e7a do terreno, incluindo sistemas de conten\u00e7\u00e3o, drenagem e tecnologias aplicadas ao solo. Entre os servi\u00e7os j\u00e1 executados, est\u00e3o 265 estacas de&nbsp;<em>jet grouting<\/em>&nbsp;e mais de 10,7 quil\u00f4metros lineares de inje\u00e7\u00e3o no solo.&nbsp;<\/p>\n\n\n\n<figure class=\"wp-block-image size-large\"><img decoding=\"async\" src=\"https:\/\/www.manaus.am.gov.br\/implurb\/wp-content\/uploads\/sites\/13\/2026\/08\/55462149614_efe50f093c_k-1024x768.jpg\" alt=\"\" class=\"wp-image-9444\" \/><figcaption class=\"wp-element-caption\">#paratodosverem &#8211; Obras em andamento<\/figcaption><\/figure>\n\n\n\n<p>&#8212; &#8212; &#8212;<\/p>\n\n\n\n<p><strong>Texto<\/strong>&nbsp;\u2013 Cl\u00e1udia do Valle\/Implurb<\/p>\n\n\n\n<p><strong>Fotos &#8211;<\/strong>&nbsp;Elton Viana, Juan Sullivan, Jo\u00e3o Viana e Carlos Oliveira\/Semcom<\/p>\n\n\n\n<p><strong>Dispon\u00edveis em &#8211; &nbsp;<\/strong><a href=\"https:\/\/flic.kr\/s\/aHBqjD2iUM\" target=\"_blank\" rel=\"noreferrer noopener\">https:\/\/flic.kr\/s\/aHBqjD2iUM<\/a>&nbsp;e&nbsp;<a href=\"https:\/\/flic.kr\/s\/aHBqjD2NaY\" target=\"_blank\" rel=\"noreferrer noopener\">https:\/\/flic.kr\/s\/aHBqjD2NaY<\/a><\/p>\n","protected":false},"excerpt":{"rendered":"","protected":false},"author":39,"featured_media":9443,"comment_status":"closed","ping_status":"closed","sticky":false,"template":"","format":"standard","meta":{"footnotes":""},"categories":[45],"tags":[2445,11,46,961,15,2446],"acf":[],"yoast_head":"<!-- This site is optimized with the Yoast SEO plugin v23.0 - https:\/\/yoast.com\/wordpress\/plugins\/seo\/ -->\n<title>Avan\u00e7a nas obras no parque Encontro das \u00c1guas Rosa Almeida<\/title>\n<meta name=\"description\" content=\"Prefeitura avan\u00e7a nas obras no parque Encontro das \u00c1guas Rosa Almeida e inicia prepara\u00e7\u00e3o para etapa de concretagem das \u2018asas\u2019.\" \/>\n<meta name=\"robots\" content=\"noindex, follow\" \/>\n<meta property=\"og:locale\" content=\"pt_BR\" \/>\n<meta property=\"og:type\" content=\"article\" \/>\n<meta property=\"og:title\" content=\"Avan\u00e7a nas obras no parque Encontro das \u00c1guas Rosa Almeida\" \/>\n<meta property=\"og:description\" content=\"Prefeitura avan\u00e7a nas obras no parque Encontro das \u00c1guas Rosa Almeida e inicia prepara\u00e7\u00e3o para etapa de concretagem das \u2018asas\u2019.\" \/>\n<meta property=\"og:url\" content=\"https:\/\/www.manaus.am.gov.br\/implurb\/obras-parque-encontro-das-aguas-rosa-almeida\/\" \/>\n<meta property=\"og:site_name\" content=\"IMPLURB\" \/>\n<meta property=\"article:published_time\" content=\"2026-08-31T18:50:19+00:00\" \/>\n<meta property=\"article:modified_time\" content=\"2026-08-31T18:55:16+00:00\" \/>\n<meta property=\"og:image\" content=\"https:\/\/www.manaus.am.gov.br\/implurb\/wp-content\/uploads\/sites\/13\/2026\/08\/55462095648_595913dbd8_k.jpg\" \/>\n\t<meta property=\"og:image:width\" content=\"2048\" \/>\n\t<meta property=\"og:image:height\" content=\"1536\" \/>\n\t<meta property=\"og:image:type\" content=\"image\/jpeg\" \/>\n<meta name=\"author\" content=\"Bruna Greco\" \/>\n<meta name=\"twitter:card\" content=\"summary_large_image\" \/>\n<meta name=\"twitter:label1\" content=\"Written by\" \/>\n\t<meta name=\"twitter:data1\" content=\"Bruna Greco\" \/>\n\t<meta name=\"twitter:label2\" content=\"Est. reading time\" \/>\n\t<meta name=\"twitter:data2\" content=\"5 minutos\" \/>\n<script type=\"application\/ld+json\" class=\"yoast-schema-graph\">{\"@context\":\"https:\/\/schema.org\",\"@graph\":[{\"@type\":\"WebPage\",\"@id\":\"https:\/\/www.manaus.am.gov.br\/implurb\/obras-parque-encontro-das-aguas-rosa-almeida\/\",\"url\":\"https:\/\/www.manaus.am.gov.br\/implurb\/obras-parque-encontro-das-aguas-rosa-almeida\/\",\"name\":\"Avan\u00e7a nas obras no parque Encontro das \u00c1guas Rosa Almeida\",\"isPartOf\":{\"@id\":\"https:\/\/www.manaus.am.gov.br\/implurb\/#website\"},\"primaryImageOfPage\":{\"@id\":\"https:\/\/www.manaus.am.gov.br\/implurb\/obras-parque-encontro-das-aguas-rosa-almeida\/#primaryimage\"},\"image\":{\"@id\":\"https:\/\/www.manaus.am.gov.br\/implurb\/obras-parque-encontro-das-aguas-rosa-almeida\/#primaryimage\"},\"thumbnailUrl\":\"https:\/\/www.manaus.am.gov.br\/implurb\/wp-content\/uploads\/sites\/13\/2026\/08\/55462095648_595913dbd8_k.jpg\",\"datePublished\":\"2026-08-31T18:50:19+00:00\",\"dateModified\":\"2026-08-31T18:55:16+00:00\",\"author\":{\"@id\":\"https:\/\/www.manaus.am.gov.br\/implurb\/#\/schema\/person\/05d223aea2bf115f9883a6ff3683d81b\"},\"description\":\"Prefeitura avan\u00e7a nas obras no parque Encontro das \u00c1guas Rosa Almeida e inicia prepara\u00e7\u00e3o para etapa de concretagem das \u2018asas\u2019.\",\"breadcrumb\":{\"@id\":\"https:\/\/www.manaus.am.gov.br\/implurb\/obras-parque-encontro-das-aguas-rosa-almeida\/#breadcrumb\"},\"inLanguage\":\"pt-BR\",\"potentialAction\":[{\"@type\":\"ReadAction\",\"target\":[\"https:\/\/www.manaus.am.gov.br\/implurb\/obras-parque-encontro-das-aguas-rosa-almeida\/\"]}]},{\"@type\":\"ImageObject\",\"inLanguage\":\"pt-BR\",\"@id\":\"https:\/\/www.manaus.am.gov.br\/implurb\/obras-parque-encontro-das-aguas-rosa-almeida\/#primaryimage\",\"url\":\"https:\/\/www.manaus.am.gov.br\/implurb\/wp-content\/uploads\/sites\/13\/2026\/08\/55462095648_595913dbd8_k.jpg\",\"contentUrl\":\"https:\/\/www.manaus.am.gov.br\/implurb\/wp-content\/uploads\/sites\/13\/2026\/08\/55462095648_595913dbd8_k.jpg\",\"width\":2048,\"height\":1536,\"caption\":\"#paratodosverem - Imagem a\u00e9rea do avan\u00e7o das obras no parque Encontro das \u00c1guas Rosa Almeida\"},{\"@type\":\"BreadcrumbList\",\"@id\":\"https:\/\/www.manaus.am.gov.br\/implurb\/obras-parque-encontro-das-aguas-rosa-almeida\/#breadcrumb\",\"itemListElement\":[{\"@type\":\"ListItem\",\"position\":1,\"name\":\"Home\",\"item\":\"https:\/\/www.manaus.am.gov.br\/implurb\/\"},{\"@type\":\"ListItem\",\"position\":2,\"name\":\"Prefeitura avan\u00e7a nas obras no parque Encontro das \u00c1guas Rosa Almeida e inicia prepara\u00e7\u00e3o para etapa de concretagem das \u2018asas\u2019 que simbolizam os rios Negro e Solim\u00f5es\"}]},{\"@type\":\"WebSite\",\"@id\":\"https:\/\/www.manaus.am.gov.br\/implurb\/#website\",\"url\":\"https:\/\/www.manaus.am.gov.br\/implurb\/\",\"name\":\"IMPLURB\",\"description\":\"Prefeitura de Manaus\",\"potentialAction\":[{\"@type\":\"SearchAction\",\"target\":{\"@type\":\"EntryPoint\",\"urlTemplate\":\"https:\/\/www.manaus.am.gov.br\/implurb\/?s={search_term_string}\"},\"query-input\":\"required name=search_term_string\"}],\"inLanguage\":\"pt-BR\"},{\"@type\":\"Person\",\"@id\":\"https:\/\/www.manaus.am.gov.br\/implurb\/#\/schema\/person\/05d223aea2bf115f9883a6ff3683d81b\",\"name\":\"Bruna Greco\",\"image\":{\"@type\":\"ImageObject\",\"inLanguage\":\"pt-BR\",\"@id\":\"https:\/\/www.manaus.am.gov.br\/implurb\/#\/schema\/person\/image\/\",\"url\":\"https:\/\/secure.gravatar.com\/avatar\/9c877d1a6adc2a055330e5c09a8653ce?s=96&d=mm&r=g\",\"contentUrl\":\"https:\/\/secure.gravatar.com\/avatar\/9c877d1a6adc2a055330e5c09a8653ce?s=96&d=mm&r=g\",\"caption\":\"Bruna Greco\"}}]}<\/script>\n<!-- \/ Yoast SEO plugin. -->","yoast_head_json":{"title":"Avan\u00e7a nas obras no parque Encontro das \u00c1guas Rosa Almeida","description":"Prefeitura avan\u00e7a nas obras no parque Encontro das \u00c1guas Rosa Almeida e inicia prepara\u00e7\u00e3o para etapa de concretagem das \u2018asas\u2019.","robots":{"index":"noindex","follow":"follow"},"og_locale":"pt_BR","og_type":"article","og_title":"Avan\u00e7a nas obras no parque Encontro das \u00c1guas Rosa Almeida","og_description":"Prefeitura avan\u00e7a nas obras no parque Encontro das \u00c1guas Rosa Almeida e inicia prepara\u00e7\u00e3o para etapa de concretagem das \u2018asas\u2019.","og_url":"https:\/\/www.manaus.am.gov.br\/implurb\/obras-parque-encontro-das-aguas-rosa-almeida\/","og_site_name":"IMPLURB","article_published_time":"2026-08-31T18:50:19+00:00","article_modified_time":"2026-08-31T18:55:16+00:00","og_image":[{"width":2048,"height":1536,"url":"https:\/\/www.manaus.am.gov.br\/implurb\/wp-content\/uploads\/sites\/13\/2026\/08\/55462095648_595913dbd8_k.jpg","type":"image\/jpeg"}],"author":"Bruna Greco","twitter_card":"summary_large_image","twitter_misc":{"Written by":"Bruna Greco","Est. reading time":"5 minutos"},"schema":{"@context":"https:\/\/schema.org","@graph":[{"@type":"WebPage","@id":"https:\/\/www.manaus.am.gov.br\/implurb\/obras-parque-encontro-das-aguas-rosa-almeida\/","url":"https:\/\/www.manaus.am.gov.br\/implurb\/obras-parque-encontro-das-aguas-rosa-almeida\/","name":"Avan\u00e7a nas obras no parque Encontro das \u00c1guas Rosa Almeida","isPartOf":{"@id":"https:\/\/www.manaus.am.gov.br\/implurb\/#website"},"primaryImageOfPage":{"@id":"https:\/\/www.manaus.am.gov.br\/implurb\/obras-parque-encontro-das-aguas-rosa-almeida\/#primaryimage"},"image":{"@id":"https:\/\/www.manaus.am.gov.br\/implurb\/obras-parque-encontro-das-aguas-rosa-almeida\/#primaryimage"},"thumbnailUrl":"https:\/\/www.manaus.am.gov.br\/implurb\/wp-content\/uploads\/sites\/13\/2026\/08\/55462095648_595913dbd8_k.jpg","datePublished":"2026-08-31T18:50:19+00:00","dateModified":"2026-08-31T18:55:16+00:00","author":{"@id":"https:\/\/www.manaus.am.gov.br\/implurb\/#\/schema\/person\/05d223aea2bf115f9883a6ff3683d81b"},"description":"Prefeitura avan\u00e7a nas obras no parque Encontro das \u00c1guas Rosa Almeida e inicia prepara\u00e7\u00e3o para etapa de concretagem das \u2018asas\u2019.","breadcrumb":{"@id":"https:\/\/www.manaus.am.gov.br\/implurb\/obras-parque-encontro-das-aguas-rosa-almeida\/#breadcrumb"},"inLanguage":"pt-BR","potentialAction":[{"@type":"ReadAction","target":["https:\/\/www.manaus.am.gov.br\/implurb\/obras-parque-encontro-das-aguas-rosa-almeida\/"]}]},{"@type":"ImageObject","inLanguage":"pt-BR","@id":"https:\/\/www.manaus.am.gov.br\/implurb\/obras-parque-encontro-das-aguas-rosa-almeida\/#primaryimage","url":"https:\/\/www.manaus.am.gov.br\/implurb\/wp-content\/uploads\/sites\/13\/2026\/08\/55462095648_595913dbd8_k.jpg","contentUrl":"https:\/\/www.manaus.am.gov.br\/implurb\/wp-content\/uploads\/sites\/13\/2026\/08\/55462095648_595913dbd8_k.jpg","width":2048,"height":1536,"caption":"#paratodosverem - Imagem a\u00e9rea do avan\u00e7o das obras no parque Encontro das \u00c1guas Rosa Almeida"},{"@type":"BreadcrumbList","@id":"https:\/\/www.manaus.am.gov.br\/implurb\/obras-parque-encontro-das-aguas-rosa-almeida\/#breadcrumb","itemListElement":[{"@type":"ListItem","position":1,"name":"Home","item":"https:\/\/www.manaus.am.gov.br\/implurb\/"},{"@type":"ListItem","position":2,"name":"Prefeitura avan\u00e7a nas obras no parque Encontro das \u00c1guas Rosa Almeida e inicia prepara\u00e7\u00e3o para etapa de concretagem das \u2018asas\u2019 que simbolizam os rios Negro e Solim\u00f5es"}]},{"@type":"WebSite","@id":"https:\/\/www.manaus.am.gov.br\/implurb\/#website","url":"https:\/\/www.manaus.am.gov.br\/implurb\/","name":"IMPLURB","description":"Prefeitura de Manaus","potentialAction":[{"@type":"SearchAction","target":{"@type":"EntryPoint","urlTemplate":"https:\/\/www.manaus.am.gov.br\/implurb\/?s={search_term_string}"},"query-input":"required name=search_term_string"}],"inLanguage":"pt-BR"},{"@type":"Person","@id":"https:\/\/www.manaus.am.gov.br\/implurb\/#\/schema\/person\/05d223aea2bf115f9883a6ff3683d81b","name":"Bruna Greco","image":{"@type":"ImageObject","inLanguage":"pt-BR","@id":"https:\/\/www.manaus.am.gov.br\/implurb\/#\/schema\/person\/image\/","url":"https:\/\/secure.gravatar.com\/avatar\/9c877d1a6adc2a055330e5c09a8653ce?s=96&d=mm&r=g","contentUrl":"https:\/\/secure.gravatar.com\/avatar\/9c877d1a6adc2a055330e5c09a8653ce?s=96&d=mm&r=g","caption":"Bruna Greco"}}]}},"_links":{"self":[{"href":"https:\/\/www.manaus.am.gov.br\/implurb\/wp-json\/wp\/v2\/posts\/9442"}],"collection":[{"href":"https:\/\/www.manaus.am.gov.br\/implurb\/wp-json\/wp\/v2\/posts"}],"about":[{"href":"https:\/\/www.manaus.am.gov.br\/implurb\/wp-json\/wp\/v2\/types\/post"}],"author":[{"embeddable":true,"href":"https:\/\/www.manaus.am.gov.br\/implurb\/wp-json\/wp\/v2\/users\/39"}],"replies":[{"embeddable":true,"href":"https:\/\/www.manaus.am.gov.br\/implurb\/wp-json\/wp\/v2\/comments?post=9442"}],"version-history":[{"count":3,"href":"https:\/\/www.manaus.am.gov.br\/implurb\/wp-json\/wp\/v2\/posts\/9442\/revisions"}],"predecessor-version":[{"id":9447,"href":"https:\/\/www.manaus.am.gov.br\/implurb\/wp-json\/wp\/v2\/posts\/9442\/revisions\/9447"}],"wp:featuredmedia":[{"embeddable":true,"href":"https:\/\/www.manaus.am.gov.br\/implurb\/wp-json\/wp\/v2\/media\/9443"}],"wp:attachment":[{"href":"https:\/\/www.manaus.am.gov.br\/implurb\/wp-json\/wp\/v2\/media?parent=9442"}],"wp:term":[{"taxonomy":"category","embeddable":true,"href":"https:\/\/www.manaus.am.gov.br\/implurb\/wp-json\/wp\/v2\/categories?post=9442"},{"taxonomy":"post_tag","embeddable":true,"href":"https:\/\/www.manaus.am.gov.br\/implurb\/wp-json\/wp\/v2\/tags?post=9442"}],"curies":[{"name":"wp","href":"https:\/\/api.w.org\/{rel}","templated":true}]}}