{"id":9438,"date":"2026-08-31T11:15:33","date_gmt":"2026-08-31T15:15:33","guid":{"rendered":"https:\/\/www.manaus.am.gov.br\/implurb\/prefeitura-implurb-sustentabilidade\/"},"modified":"2026-08-31T13:25:17","modified_gmt":"2026-08-31T17:25:17","slug":"prefeitura-implurb-cuidado-sustentabilidade","status":"publish","type":"post","link":"https:\/\/www.manaus.am.gov.br\/implurb\/prefeitura-implurb-cuidado-sustentabilidade\/","title":{"rendered":"Servidores refor\u00e7am cuidado com plantas e \u00e1rvores na nova sede do Implurb, garantindo pertencimento e sustentabilidade"},"content":{"rendered":"\n<p>Plantar uma \u00e1rvore \u00e9 pensar no tempo. Cuidar dela todos os dias \u00e9 construir um compromisso com o futuro. Na nova sede do <a href=\"https:\/\/www.instagram.com\/implurb\/\">Instituto Municipal de Planejamento Urbano<\/a> (Implurb), da <a href=\"https:\/\/www.manaus.am.gov.br\/\">Prefeitura de Manaus<\/a>, no Parque Mosaico, bairro Tarum\u00e3, zona Oeste, essa ideia ganhou espa\u00e7o entre os servidores e transformou \u00e1reas internas e externas do pr\u00e9dio em ambientes mais verdes, acolhedores e vivos.<\/p>\n\n\n\n<p>O que come\u00e7ou ainda na antiga sede do instituto, no bairro Compensa, a partir da iniciativa das servidoras Elo\u00edsa Alves Serr\u00e3o e Maria Gorete Melo da Silva, ganhou novas dimens\u00f5es com a mudan\u00e7a para o pr\u00e9dio atual. Ao identificarem a necessidade de ampliar a arboriza\u00e7\u00e3o da futura sede, elas buscaram apoio da <a href=\"https:\/\/www.instagram.com\/semmas.manaus\/\">Secretaria Municipal de Meio Ambiente, Sustentabilidade e Mudan\u00e7a do Clima<\/a> (Semmas) e ajudaram a construir uma a\u00e7\u00e3o que hoje envolve diferentes setores do Implurb.<\/p>\n\n\n\n<p>O projeto de arboriza\u00e7\u00e3o da nova sede recebeu mais de 260 \u00e1rvores nativas da Amaz\u00f4nia e brasileiras, entre esp\u00e9cies como pau-pretinho, jutairana, ip\u00ea e pata-de-vaca. Paralelamente, uma a\u00e7\u00e3o de jardinagem colaborativa reuniu servidores para o plantio de aproximadamente 40 mudas e vasos ornamentais, incluindo palmeira-r\u00e1fia, alp\u00ednia-purpurata, jiboia variegata, dracena vermelha e dracena arb\u00f3rea.<\/p>\n\n\n\n<p>Mais do que escolher esp\u00e9cies e distribuir mudas pelo terreno, a iniciativa criou uma rela\u00e7\u00e3o diferente dos servidores com o pr\u00f3prio espa\u00e7o de trabalho. Muitas plantas foram cultivadas em casa e levadas para o instituto pelos pr\u00f3prios colaboradores, que passaram a participar tamb\u00e9m da irriga\u00e7\u00e3o e da manuten\u00e7\u00e3o.<\/p>\n\n\n\n<p>As mudas foram distribu\u00eddas em diferentes pontos da \u00e1rea externa e passaram a integrar o projeto paisag\u00edstico da sede. A proposta ganhou ainda um componente de participa\u00e7\u00e3o direta: servidores come\u00e7aram a \u201cadotar\u201d plantas, assumindo pequenas responsabilidades pelo cuidado cotidiano.<\/p>\n\n\n\n<p>A arquiteta e urbanista Carolina Azevedo, gerente de Mobilidade Urbana (GMU) e especialista em neuroarquitetura, explica que a presen\u00e7a da vegeta\u00e7\u00e3o tem impacto direto na forma como as pessoas percebem e utilizam os ambientes.<\/p>\n\n\n\n<p>\u201cElementos naturais promovem bem-estar f\u00edsico e mental, tornando os ambientes mais bonitos, acolhedores e convidativos, al\u00e9m de estimular as pessoas a permanecerem nesses espa\u00e7os. Quando participamos da cria\u00e7\u00e3o e do cuidado de um lugar, passamos a enxerg\u00e1-lo como um espa\u00e7o que tamb\u00e9m \u00e9 nosso, aumentando o compromisso com sua preserva\u00e7\u00e3o e valoriza\u00e7\u00e3o\u201d, comentou.<\/p>\n\n\n\n<p>Foi tamb\u00e9m Carolina quem idealizou o sistema de irriga\u00e7\u00e3o implantado na sede, buscando garantir melhores condi\u00e7\u00f5es para o desenvolvimento das esp\u00e9cies, especialmente nos per\u00edodos de maior estiagem e no ver\u00e3o amaz\u00f4nico. O sistema atende \u00e0s necessidades iniciais do projeto e dever\u00e1 ser ampliado para alcan\u00e7ar toda a \u00e1rea destinada \u00e0 arboriza\u00e7\u00e3o.<\/p>\n\n\n\n<p>\u201cComecei sozinha, mas, hoje, nossa equipe de \u2018planteiras\u2019 est\u00e1 crescendo. Nesta semana, fizemos plantio no entorno do pr\u00e9dio com a participa\u00e7\u00e3o de v\u00e1rios colegas, que abra\u00e7aram a ideia de transformar esse espa\u00e7o. \u00c9 muito gratificante imaginar que, no futuro, as pessoas v\u00e3o dizer: \u2018essa planta foi trazida por fulano\u2019, \u2018essa outra foi plantada por sicrana\u2019. Isso ajuda a construir a identidade da nossa nova sede\u201d, destacou Carolina.<\/p>\n\n\n\n<p><strong>Pequenas a\u00e7\u00f5es, um cuidado coletivo<\/strong><\/p>\n\n\n\n<p>O engenheiro Rhary Fortes foi um dos servidores que aderiram \u00e0 iniciativa e destaca, sobretudo, o efeito multiplicador da a\u00e7\u00e3o. \u201cO que come\u00e7ou com a iniciativa de poucas pessoas acabou despertando em mim o desejo de contribuir. Esse engajamento fortaleceu o esp\u00edrito de cooperatividade e mostrou que pequenas a\u00e7\u00f5es podem gerar benef\u00edcios coletivos para todos que utilizam esse espa\u00e7o\u201d.<\/p>\n\n\n\n<p>A proposta \u00e9 que o movimento continue crescendo, com mais servidores participando do plantio, trazendo mudas, ajudando na irriga\u00e7\u00e3o ou simplesmente incorporando \u00e0 rotina o cuidado com os espa\u00e7os verdes.<\/p>\n\n\n\n<p><strong>Investimento<\/strong><\/p>\n\n\n\n<p>Para o diretor-presidente do Implurb, Antonio Peixoto, cuidar da sede tamb\u00e9m \u00e9 uma forma de colocar em pr\u00e1tica uma vis\u00e3o de cidade mais humana e ambientalmente respons\u00e1vel.<\/p>\n\n\n\n<p>\u201cA gente fala muito sobre planejamento urbano, arboriza\u00e7\u00e3o, conforto t\u00e9rmico e qualidade dos espa\u00e7os p\u00fablicos, mas \u00e9 importante que isso tamb\u00e9m esteja presente dentro da nossa pr\u00f3pria casa. O que os servidores est\u00e3o fazendo aqui \u00e9 muito simb\u00f3lico: eles n\u00e3o est\u00e3o apenas plantando \u00e1rvores e cuidando de plantas, est\u00e3o construindo pertencimento. E uma cidade melhor tamb\u00e9m nasce desse sentimento de cuidado com o lugar onde vivemos e trabalhamos\u201d, disse.<\/p>\n\n\n\n<p>Peixoto ressaltou que a arboriza\u00e7\u00e3o da sede deve ser entendida como um investimento de longo prazo. \u201cUma \u00e1rvore n\u00e3o entrega tudo no dia em que \u00e9 plantada. Ela precisa de tempo, \u00e1gua, cuidado e prote\u00e7\u00e3o para crescer. \u00c9 exatamente assim que pensamos uma cidade: plantando hoje aquilo que queremos colher no futuro. Ter uma sede mais verde, mais confort\u00e1vel e mais amaz\u00f4nica \u00e9 tamb\u00e9m mostrar, na pr\u00e1tica, que desenvolvimento urbano e natureza podem caminhar juntos\u201d, completou o gestor.<\/p>\n\n\n\n<p><strong>Legado<\/strong><\/p>\n\n\n\n<p>A nova sede do Implurb foi planejada para dialogar com a paisagem e com as caracter\u00edsticas ambientais da regi\u00e3o. A arboriza\u00e7\u00e3o amplia essa rela\u00e7\u00e3o e transforma o espa\u00e7o em um ambiente de trabalho que tamb\u00e9m pode ser vivido, observado e cuidado pelos pr\u00f3prios servidores.<\/p>\n\n\n\n<p>Mais do que preencher \u00e1reas verdes, cada muda plantada representa uma escolha pelo futuro. Algumas \u00e1rvores ainda s\u00e3o pequenas e discretas. Outras j\u00e1 come\u00e7am a formar sombra. Com o passar dos anos, a paisagem dever\u00e1 mudar, e parte dessa transforma\u00e7\u00e3o ter\u00e1 nome, mem\u00f3ria e hist\u00f3ria de quem participou dela.<\/p>\n\n\n\n<p>&#8212; &#8212; &#8212;<\/p>\n\n\n\n<p><strong>Texto<\/strong>&nbsp;\u2013 Jessyka Abensur\/ Implurb<\/p>\n\n\n\n<p><strong>Fotos<\/strong> &#8211;&nbsp;Maxwell Oliveira\/Implurb<\/p>\n","protected":false},"excerpt":{"rendered":"","protected":false},"author":23,"featured_media":9439,"comment_status":"closed","ping_status":"closed","sticky":false,"template":"","format":"standard","meta":{"footnotes":""},"categories":[1935],"tags":[995,2443,11,469,470,2444,15],"acf":[],"yoast_head":"<!-- This site is optimized with the Yoast SEO plugin v23.0 - https:\/\/yoast.com\/wordpress\/plugins\/seo\/ -->\n<title>Servidores refor\u00e7am cuidado com plantas e \u00e1rvores na nova sede do Implurb, garantindo pertencimento e sustentabilidade<\/title>\n<meta name=\"description\" content=\"Plantar uma \u00e1rvore \u00e9 pensar no tempo. Cuidar dela todos os dias \u00e9 construir um compromisso com o futuro. Na nova sede do Instituto Municipal de Planejamento Urbano (Implurb), da Prefeitura de Manaus, no Parque Mosaico, bairro Tarum\u00e3, zona Oeste, essa ideia ganhou espa\u00e7o entre os servidores e transformou \u00e1reas internas e externas do pr\u00e9dio em ambientes mais verdes, acolhedores e vivos.\" \/>\n<meta name=\"robots\" content=\"noindex, follow\" \/>\n<meta property=\"og:locale\" content=\"pt_BR\" \/>\n<meta property=\"og:type\" content=\"article\" \/>\n<meta property=\"og:title\" content=\"Servidores refor\u00e7am cuidado com plantas e \u00e1rvores na nova sede do Implurb, garantindo pertencimento e sustentabilidade\" \/>\n<meta property=\"og:description\" content=\"Plantar uma \u00e1rvore \u00e9 pensar no tempo. Cuidar dela todos os dias \u00e9 construir um compromisso com o futuro. Na nova sede do Instituto Municipal de Planejamento Urbano (Implurb), da Prefeitura de Manaus, no Parque Mosaico, bairro Tarum\u00e3, zona Oeste, essa ideia ganhou espa\u00e7o entre os servidores e transformou \u00e1reas internas e externas do pr\u00e9dio em ambientes mais verdes, acolhedores e vivos.\" \/>\n<meta property=\"og:url\" content=\"https:\/\/www.manaus.am.gov.br\/implurb\/prefeitura-implurb-sustentabilidade\/\" \/>\n<meta property=\"og:site_name\" content=\"IMPLURB\" \/>\n<meta property=\"article:published_time\" content=\"2026-08-31T15:15:33+00:00\" \/>\n<meta property=\"article:modified_time\" content=\"2026-08-31T17:25:17+00:00\" \/>\n<meta property=\"og:image\" content=\"https:\/\/www.manaus.am.gov.br\/implurb\/wp-content\/uploads\/sites\/13\/2026\/08\/WhatsApp-Image-2026-08-31-at-11.13.16-3.jpeg\" \/>\n\t<meta property=\"og:image:width\" content=\"1280\" \/>\n\t<meta property=\"og:image:height\" content=\"960\" \/>\n\t<meta property=\"og:image:type\" content=\"image\/jpeg\" \/>\n<meta name=\"author\" content=\"Adriana Costa\" \/>\n<meta name=\"twitter:card\" content=\"summary_large_image\" \/>\n<meta name=\"twitter:label1\" content=\"Written by\" \/>\n\t<meta name=\"twitter:data1\" content=\"Adriana Costa\" \/>\n\t<meta name=\"twitter:label2\" content=\"Est. reading time\" \/>\n\t<meta name=\"twitter:data2\" content=\"5 minutos\" \/>\n<script type=\"application\/ld+json\" class=\"yoast-schema-graph\">{\"@context\":\"https:\/\/schema.org\",\"@graph\":[{\"@type\":\"WebPage\",\"@id\":\"https:\/\/www.manaus.am.gov.br\/implurb\/prefeitura-implurb-sustentabilidade\/\",\"url\":\"https:\/\/www.manaus.am.gov.br\/implurb\/prefeitura-implurb-sustentabilidade\/\",\"name\":\"Servidores refor\u00e7am cuidado com plantas e \u00e1rvores na nova sede do Implurb, garantindo pertencimento e sustentabilidade\",\"isPartOf\":{\"@id\":\"https:\/\/www.manaus.am.gov.br\/implurb\/#website\"},\"primaryImageOfPage\":{\"@id\":\"https:\/\/www.manaus.am.gov.br\/implurb\/prefeitura-implurb-sustentabilidade\/#primaryimage\"},\"image\":{\"@id\":\"https:\/\/www.manaus.am.gov.br\/implurb\/prefeitura-implurb-sustentabilidade\/#primaryimage\"},\"thumbnailUrl\":\"https:\/\/www.manaus.am.gov.br\/implurb\/wp-content\/uploads\/sites\/13\/2026\/08\/WhatsApp-Image-2026-08-31-at-11.13.16-3.jpeg\",\"datePublished\":\"2026-08-31T15:15:33+00:00\",\"dateModified\":\"2026-08-31T17:25:17+00:00\",\"author\":{\"@id\":\"https:\/\/www.manaus.am.gov.br\/implurb\/#\/schema\/person\/4e49f4e267757a06ca072ec61b2b9968\"},\"description\":\"Plantar uma \u00e1rvore \u00e9 pensar no tempo. Cuidar dela todos os dias \u00e9 construir um compromisso com o futuro. Na nova sede do Instituto Municipal de Planejamento Urbano (Implurb), da Prefeitura de Manaus, no Parque Mosaico, bairro Tarum\u00e3, zona Oeste, essa ideia ganhou espa\u00e7o entre os servidores e transformou \u00e1reas internas e externas do pr\u00e9dio em ambientes mais verdes, acolhedores e vivos.\",\"breadcrumb\":{\"@id\":\"https:\/\/www.manaus.am.gov.br\/implurb\/prefeitura-implurb-sustentabilidade\/#breadcrumb\"},\"inLanguage\":\"pt-BR\",\"potentialAction\":[{\"@type\":\"ReadAction\",\"target\":[\"https:\/\/www.manaus.am.gov.br\/implurb\/prefeitura-implurb-sustentabilidade\/\"]}]},{\"@type\":\"ImageObject\",\"inLanguage\":\"pt-BR\",\"@id\":\"https:\/\/www.manaus.am.gov.br\/implurb\/prefeitura-implurb-sustentabilidade\/#primaryimage\",\"url\":\"https:\/\/www.manaus.am.gov.br\/implurb\/wp-content\/uploads\/sites\/13\/2026\/08\/WhatsApp-Image-2026-08-31-at-11.13.16-3.jpeg\",\"contentUrl\":\"https:\/\/www.manaus.am.gov.br\/implurb\/wp-content\/uploads\/sites\/13\/2026\/08\/WhatsApp-Image-2026-08-31-at-11.13.16-3.jpeg\",\"width\":1280,\"height\":960,\"caption\":\"#paratodosverem - Servidoras do Implurb mostram \u00e1rvore rec\u00e9m-plantada em nova sede do Implurb\"},{\"@type\":\"BreadcrumbList\",\"@id\":\"https:\/\/www.manaus.am.gov.br\/implurb\/prefeitura-implurb-sustentabilidade\/#breadcrumb\",\"itemListElement\":[{\"@type\":\"ListItem\",\"position\":1,\"name\":\"Home\",\"item\":\"https:\/\/www.manaus.am.gov.br\/implurb\/\"},{\"@type\":\"ListItem\",\"position\":2,\"name\":\"Servidores refor\u00e7am cuidado com plantas e \u00e1rvores na nova sede do Implurb, garantindo pertencimento e sustentabilidade\"}]},{\"@type\":\"WebSite\",\"@id\":\"https:\/\/www.manaus.am.gov.br\/implurb\/#website\",\"url\":\"https:\/\/www.manaus.am.gov.br\/implurb\/\",\"name\":\"IMPLURB\",\"description\":\"Prefeitura de Manaus\",\"potentialAction\":[{\"@type\":\"SearchAction\",\"target\":{\"@type\":\"EntryPoint\",\"urlTemplate\":\"https:\/\/www.manaus.am.gov.br\/implurb\/?s={search_term_string}\"},\"query-input\":\"required name=search_term_string\"}],\"inLanguage\":\"pt-BR\"},{\"@type\":\"Person\",\"@id\":\"https:\/\/www.manaus.am.gov.br\/implurb\/#\/schema\/person\/4e49f4e267757a06ca072ec61b2b9968\",\"name\":\"Adriana Costa\",\"image\":{\"@type\":\"ImageObject\",\"inLanguage\":\"pt-BR\",\"@id\":\"https:\/\/www.manaus.am.gov.br\/implurb\/#\/schema\/person\/image\/\",\"url\":\"https:\/\/secure.gravatar.com\/avatar\/576258617ef7194f718179e766d57bd4?s=96&d=mm&r=g\",\"contentUrl\":\"https:\/\/secure.gravatar.com\/avatar\/576258617ef7194f718179e766d57bd4?s=96&d=mm&r=g\",\"caption\":\"Adriana Costa\"}}]}<\/script>\n<!-- \/ Yoast SEO plugin. -->","yoast_head_json":{"title":"Servidores refor\u00e7am cuidado com plantas e \u00e1rvores na nova sede do Implurb, garantindo pertencimento e sustentabilidade","description":"Plantar uma \u00e1rvore \u00e9 pensar no tempo. Cuidar dela todos os dias \u00e9 construir um compromisso com o futuro. Na nova sede do Instituto Municipal de Planejamento Urbano (Implurb), da Prefeitura de Manaus, no Parque Mosaico, bairro Tarum\u00e3, zona Oeste, essa ideia ganhou espa\u00e7o entre os servidores e transformou \u00e1reas internas e externas do pr\u00e9dio em ambientes mais verdes, acolhedores e vivos.","robots":{"index":"noindex","follow":"follow"},"og_locale":"pt_BR","og_type":"article","og_title":"Servidores refor\u00e7am cuidado com plantas e \u00e1rvores na nova sede do Implurb, garantindo pertencimento e sustentabilidade","og_description":"Plantar uma \u00e1rvore \u00e9 pensar no tempo. Cuidar dela todos os dias \u00e9 construir um compromisso com o futuro. Na nova sede do Instituto Municipal de Planejamento Urbano (Implurb), da Prefeitura de Manaus, no Parque Mosaico, bairro Tarum\u00e3, zona Oeste, essa ideia ganhou espa\u00e7o entre os servidores e transformou \u00e1reas internas e externas do pr\u00e9dio em ambientes mais verdes, acolhedores e vivos.","og_url":"https:\/\/www.manaus.am.gov.br\/implurb\/prefeitura-implurb-sustentabilidade\/","og_site_name":"IMPLURB","article_published_time":"2026-08-31T15:15:33+00:00","article_modified_time":"2026-08-31T17:25:17+00:00","og_image":[{"width":1280,"height":960,"url":"https:\/\/www.manaus.am.gov.br\/implurb\/wp-content\/uploads\/sites\/13\/2026\/08\/WhatsApp-Image-2026-08-31-at-11.13.16-3.jpeg","type":"image\/jpeg"}],"author":"Adriana Costa","twitter_card":"summary_large_image","twitter_misc":{"Written by":"Adriana Costa","Est. reading time":"5 minutos"},"schema":{"@context":"https:\/\/schema.org","@graph":[{"@type":"WebPage","@id":"https:\/\/www.manaus.am.gov.br\/implurb\/prefeitura-implurb-sustentabilidade\/","url":"https:\/\/www.manaus.am.gov.br\/implurb\/prefeitura-implurb-sustentabilidade\/","name":"Servidores refor\u00e7am cuidado com plantas e \u00e1rvores na nova sede do Implurb, garantindo pertencimento e sustentabilidade","isPartOf":{"@id":"https:\/\/www.manaus.am.gov.br\/implurb\/#website"},"primaryImageOfPage":{"@id":"https:\/\/www.manaus.am.gov.br\/implurb\/prefeitura-implurb-sustentabilidade\/#primaryimage"},"image":{"@id":"https:\/\/www.manaus.am.gov.br\/implurb\/prefeitura-implurb-sustentabilidade\/#primaryimage"},"thumbnailUrl":"https:\/\/www.manaus.am.gov.br\/implurb\/wp-content\/uploads\/sites\/13\/2026\/08\/WhatsApp-Image-2026-08-31-at-11.13.16-3.jpeg","datePublished":"2026-08-31T15:15:33+00:00","dateModified":"2026-08-31T17:25:17+00:00","author":{"@id":"https:\/\/www.manaus.am.gov.br\/implurb\/#\/schema\/person\/4e49f4e267757a06ca072ec61b2b9968"},"description":"Plantar uma \u00e1rvore \u00e9 pensar no tempo. Cuidar dela todos os dias \u00e9 construir um compromisso com o futuro. Na nova sede do Instituto Municipal de Planejamento Urbano (Implurb), da Prefeitura de Manaus, no Parque Mosaico, bairro Tarum\u00e3, zona Oeste, essa ideia ganhou espa\u00e7o entre os servidores e transformou \u00e1reas internas e externas do pr\u00e9dio em ambientes mais verdes, acolhedores e vivos.","breadcrumb":{"@id":"https:\/\/www.manaus.am.gov.br\/implurb\/prefeitura-implurb-sustentabilidade\/#breadcrumb"},"inLanguage":"pt-BR","potentialAction":[{"@type":"ReadAction","target":["https:\/\/www.manaus.am.gov.br\/implurb\/prefeitura-implurb-sustentabilidade\/"]}]},{"@type":"ImageObject","inLanguage":"pt-BR","@id":"https:\/\/www.manaus.am.gov.br\/implurb\/prefeitura-implurb-sustentabilidade\/#primaryimage","url":"https:\/\/www.manaus.am.gov.br\/implurb\/wp-content\/uploads\/sites\/13\/2026\/08\/WhatsApp-Image-2026-08-31-at-11.13.16-3.jpeg","contentUrl":"https:\/\/www.manaus.am.gov.br\/implurb\/wp-content\/uploads\/sites\/13\/2026\/08\/WhatsApp-Image-2026-08-31-at-11.13.16-3.jpeg","width":1280,"height":960,"caption":"#paratodosverem - Servidoras do Implurb mostram \u00e1rvore rec\u00e9m-plantada em nova sede do Implurb"},{"@type":"BreadcrumbList","@id":"https:\/\/www.manaus.am.gov.br\/implurb\/prefeitura-implurb-sustentabilidade\/#breadcrumb","itemListElement":[{"@type":"ListItem","position":1,"name":"Home","item":"https:\/\/www.manaus.am.gov.br\/implurb\/"},{"@type":"ListItem","position":2,"name":"Servidores refor\u00e7am cuidado com plantas e \u00e1rvores na nova sede do Implurb, garantindo pertencimento e sustentabilidade"}]},{"@type":"WebSite","@id":"https:\/\/www.manaus.am.gov.br\/implurb\/#website","url":"https:\/\/www.manaus.am.gov.br\/implurb\/","name":"IMPLURB","description":"Prefeitura de Manaus","potentialAction":[{"@type":"SearchAction","target":{"@type":"EntryPoint","urlTemplate":"https:\/\/www.manaus.am.gov.br\/implurb\/?s={search_term_string}"},"query-input":"required name=search_term_string"}],"inLanguage":"pt-BR"},{"@type":"Person","@id":"https:\/\/www.manaus.am.gov.br\/implurb\/#\/schema\/person\/4e49f4e267757a06ca072ec61b2b9968","name":"Adriana Costa","image":{"@type":"ImageObject","inLanguage":"pt-BR","@id":"https:\/\/www.manaus.am.gov.br\/implurb\/#\/schema\/person\/image\/","url":"https:\/\/secure.gravatar.com\/avatar\/576258617ef7194f718179e766d57bd4?s=96&d=mm&r=g","contentUrl":"https:\/\/secure.gravatar.com\/avatar\/576258617ef7194f718179e766d57bd4?s=96&d=mm&r=g","caption":"Adriana Costa"}}]}},"_links":{"self":[{"href":"https:\/\/www.manaus.am.gov.br\/implurb\/wp-json\/wp\/v2\/posts\/9438"}],"collection":[{"href":"https:\/\/www.manaus.am.gov.br\/implurb\/wp-json\/wp\/v2\/posts"}],"about":[{"href":"https:\/\/www.manaus.am.gov.br\/implurb\/wp-json\/wp\/v2\/types\/post"}],"author":[{"embeddable":true,"href":"https:\/\/www.manaus.am.gov.br\/implurb\/wp-json\/wp\/v2\/users\/23"}],"replies":[{"embeddable":true,"href":"https:\/\/www.manaus.am.gov.br\/implurb\/wp-json\/wp\/v2\/comments?post=9438"}],"version-history":[{"count":1,"href":"https:\/\/www.manaus.am.gov.br\/implurb\/wp-json\/wp\/v2\/posts\/9438\/revisions"}],"predecessor-version":[{"id":9441,"href":"https:\/\/www.manaus.am.gov.br\/implurb\/wp-json\/wp\/v2\/posts\/9438\/revisions\/9441"}],"wp:featuredmedia":[{"embeddable":true,"href":"https:\/\/www.manaus.am.gov.br\/implurb\/wp-json\/wp\/v2\/media\/9439"}],"wp:attachment":[{"href":"https:\/\/www.manaus.am.gov.br\/implurb\/wp-json\/wp\/v2\/media?parent=9438"}],"wp:term":[{"taxonomy":"category","embeddable":true,"href":"https:\/\/www.manaus.am.gov.br\/implurb\/wp-json\/wp\/v2\/categories?post=9438"},{"taxonomy":"post_tag","embeddable":true,"href":"https:\/\/www.manaus.am.gov.br\/implurb\/wp-json\/wp\/v2\/tags?post=9438"}],"curies":[{"name":"wp","href":"https:\/\/api.w.org\/{rel}","templated":true}]}}