{"id":9436,"date":"2026-08-29T10:54:20","date_gmt":"2026-08-29T14:54:20","guid":{"rendered":"https:\/\/www.manaus.am.gov.br\/implurb\/prefeitura-implurb-ruagastronomica-obras\/"},"modified":"2026-08-31T13:02:10","modified_gmt":"2026-08-31T17:02:10","slug":"prefeitura-implurb-ferreira-pena-ruagastronomica-obras","status":"publish","type":"post","link":"https:\/\/www.manaus.am.gov.br\/implurb\/prefeitura-implurb-ferreira-pena-ruagastronomica-obras\/","title":{"rendered":"Primeiro s\u00e1bado de obras na Ferreira Pena tem avan\u00e7o dos servi\u00e7os e comerciantes projetam nova fase para a rua"},"content":{"rendered":"\n<p>O primeiro s\u00e1bado, 29\/8, com a rua Ferreira Pena\u00a0interditada para a execu\u00e7\u00e3o das obras da \u201cRua Gastron\u00f4mica\u201d de Manaus revela cen\u00e1rio de transforma\u00e7\u00e3o. Enquanto as equipes trabalham na remo\u00e7\u00e3o do asfalto e na retirada do entulho, o projeto da <a href=\"https:\/\/www.manaus.am.gov.br\/\">Prefeitura de Manaus<\/a> come\u00e7a a ganhar forma no trecho entre as ruas 10 de Julho e Ramos Ferreira, no centro hist\u00f3rico da capital.<\/p>\n\n\n\n<p>A interven\u00e7\u00e3o integra o programa &#8220;Nosso Centro&#8221; e prev\u00ea a requalifica\u00e7\u00e3o completa da via, com novo pavimento em paver e pedra S\u00e3o Thom\u00e9, revitaliza\u00e7\u00e3o das cal\u00e7adas, implanta\u00e7\u00e3o de infraestrutura subterr\u00e2nea e melhorias na drenagem. Nesta etapa, conforme explica o engenheiro respons\u00e1vel pela obra, Leandro Ladeira, os servi\u00e7os est\u00e3o concentrados na prepara\u00e7\u00e3o da \u00e1rea para receber as novas estruturas.<\/p>\n\n\n\n<p>\u201cEstamos fazendo a remo\u00e7\u00e3o do asfalto para fazer a pavimenta\u00e7\u00e3o do projeto em paver e pedra S\u00e3o Thom\u00e9, depois a remo\u00e7\u00e3o de todo meio-fio e cal\u00e7adas e, logo na sequ\u00eancia, liberar os trechos para a infraestrutura, para entrada das concession\u00e1rias de \u00e1gua, energia, rede de internet e l\u00f3gica, e drenagem de \u00e1guas pluviais\u201d, explicou.<\/p>\n\n\n\n<p>Preserva\u00e7\u00e3o<\/p>\n\n\n\n<p>Um dos elementos mais marcantes da Ferreira Pena, as \u00e1rvores existentes na via ser\u00e3o preservadas durante a interven\u00e7\u00e3o. A arquiteta e urbanista Rejane Gaston, gerente da Divis\u00e3o de Planejamento Urbano (Dipu), explica que o projeto foi desenvolvido tendo a arboriza\u00e7\u00e3o como um dos elementos centrais da nova configura\u00e7\u00e3o da rua.<\/p>\n\n\n\n<p>\u201cEssa \u00e9 uma preocupa\u00e7\u00e3o important\u00edssima. N\u00f3s tivemos um cuidado de contemplar todas as \u00e1rvores existentes. Hoje, se voc\u00eas observarem a base dela, est\u00e1 toda concretada. No projeto, estamos abrindo os canteiros para que essa \u00e1rvore respire. Hoje, ela est\u00e1 sufocada\u201d, destacou.<\/p>\n\n\n\n<p>Segundo ela, al\u00e9m da preserva\u00e7\u00e3o das \u00e1rvores existentes, um pequeno trecho da via que atualmente n\u00e3o possui arboriza\u00e7\u00e3o receber\u00e1 novos exemplares. A vegeta\u00e7\u00e3o tamb\u00e9m ser\u00e1 incorporada \u00e0 proposta de ilumina\u00e7\u00e3o c\u00eanica prevista para a rua.<\/p>\n\n\n\n<p>\u201cA \u00e1rvore \u00e9 essencial, \u00e9 o charme da rua. Inclusive, pegamos ela como \u00e2ncora para o projeto. Vamos fazer uma ilumina\u00e7\u00e3o c\u00eanica, e a \u00e1rvore n\u00e3o tem como n\u00e3o fazer composi\u00e7\u00e3o com o projeto. Sem falar que essa rua \u00e9 superagrad\u00e1vel de caminhar e a sombra que ela projeta, o conforto t\u00e9rmico que ela proporciona, s\u00e3o decorrentes da arboriza\u00e7\u00e3o. Todas as \u00e1rvores que est\u00e3o aqui, mapeadas, inclusive, v\u00e3o ser cuidadas e v\u00e3o permanecer\u201d, refor\u00e7ou.<\/p>\n\n\n\n<p>Empres\u00e1rios otimistas<\/p>\n\n\n\n<p>Para quem decidiu investir na Ferreira Pena, a obra representa tamb\u00e9m uma aposta no futuro da regi\u00e3o. A empreendedora N\u00fabia Mariana, que est\u00e1 iniciando um neg\u00f3cio na via, espera que a requalifica\u00e7\u00e3o ajude a ampliar o fluxo de visitantes e fortale\u00e7a os empreendimentos instalados no local. \u201cCom essa reforma, eu espero bastante turista. Para mim, que sou empreendedora e estou come\u00e7ando agora, com certeza v\u00eam coisas boas. Vai ficar lindo, a rua vai ficar bem movimentada, com bastante p\u00fablico e visitantes. Ser\u00e1 uma atra\u00e7\u00e3o para os moradores e quem frequenta o entorno\u201d, afirmou.<\/p>\n\n\n\n<p>Gerente do Batuque, Karollyne Mesquita tamb\u00e9m v\u00ea na nova configura\u00e7\u00e3o da Ferreira Pena a oportunidade de tornar o espa\u00e7o mais confort\u00e1vel e atrativo para moradores, visitantes e clientes. \u201cA gente espera que seja um lugar mais acess\u00edvel para o p\u00fablico, para os nossos clientes, e que seja um lugar bonito, onde as pessoas possam transitar com seguran\u00e7a, com f\u00e1cil acesso. A gente espera que seja um local acess\u00edvel, confort\u00e1vel, que as pessoas gostem, tenham prazer de vir para consumir, conhecer um bom lugar, tomar uma bebida e comer uma boa comida\u201d, disse.<\/p>\n\n\n\n<p>Com\u00e9rcio funcionando<\/p>\n\n\n\n<p>Mesmo com a interdi\u00e7\u00e3o da via para a execu\u00e7\u00e3o das obras, os estabelecimentos comerciais da Ferreira Pena permanecem funcionando. O acesso local aos im\u00f3veis e estabelecimentos \u00e9 mantido pelas vias laterais, especialmente pelas ruas Ramos Ferreira e Monsenhor Coutinho.<\/p>\n\n\n\n<p>Karollyne ressaltou que essa informa\u00e7\u00e3o \u00e9 importante para evitar que a interdi\u00e7\u00e3o seja confundida com o fechamento da rua para pedestres ou com a suspens\u00e3o das atividades comerciais.<\/p>\n\n\n\n<p>\u201cAs pessoas acabam acreditando que realmente est\u00e1 tudo interditado e, na verdade, n\u00e3o est\u00e1. O Batuque, assim como os outros bares aqui da rua, est\u00e1 funcionando normalmente. A gente funciona desde 11h at\u00e9 a noite. O acesso pelas laterais est\u00e1 liberado, ent\u00e3o a gente est\u00e1 funcionando normalmente\u201d, refor\u00e7ou.<\/p>\n\n\n\n<p>A obra segue em ritmo de execu\u00e7\u00e3o neste primeiro s\u00e1bado de interdi\u00e7\u00e3o, enquanto comerciantes, trabalhadores e moradores acompanham a mudan\u00e7a que come\u00e7a a transformar a paisagem da Ferreira Pena. A expectativa \u00e9 de que, ao final da interven\u00e7\u00e3o, a rua tenha uma nova infraestrutura, mais conforto para circula\u00e7\u00e3o e um ambiente capaz de fortalecer a gastronomia, o turismo e a economia do Centro Hist\u00f3rico de Manaus.<\/p>\n\n\n\n<p>&#8212; &#8212; &#8212;<\/p>\n\n\n\n<p><strong>Texto&nbsp;<\/strong>&#8211; Cl\u00e1udia do Valle\/Implurb<br><strong>Fotos&nbsp;<\/strong>&#8211; Semcom e Maxwell Oliveira\/Implurb e Carlos Oliveira\/Gabinete Prefeito<\/p>\n","protected":false},"excerpt":{"rendered":"","protected":false},"author":23,"featured_media":9437,"comment_status":"closed","ping_status":"closed","sticky":false,"template":"","format":"standard","meta":{"footnotes":""},"categories":[37],"tags":[11,46,15,2430,54],"acf":[],"yoast_head":"<!-- This site is optimized with the Yoast SEO plugin v23.0 - https:\/\/yoast.com\/wordpress\/plugins\/seo\/ -->\n<title>Primeiro s\u00e1bado de obras na Ferreira Pena tem avan\u00e7o dos servi\u00e7os e comerciantes projetam nova fase para a rua<\/title>\n<meta name=\"description\" content=\"O primeiro s\u00e1bado, 29\/8, com a rua Ferreira Pena interditada para a execu\u00e7\u00e3o das obras da \u201cRua Gastron\u00f4mica\u201d de Manaus revela cen\u00e1rio de transforma\u00e7\u00e3o.\" \/>\n<meta name=\"robots\" content=\"noindex, follow\" \/>\n<meta property=\"og:locale\" content=\"pt_BR\" \/>\n<meta property=\"og:type\" content=\"article\" \/>\n<meta property=\"og:title\" content=\"Primeiro s\u00e1bado de obras na Ferreira Pena tem avan\u00e7o dos servi\u00e7os e comerciantes projetam nova fase para a rua\" \/>\n<meta property=\"og:description\" content=\"O primeiro s\u00e1bado, 29\/8, com a rua Ferreira Pena interditada para a execu\u00e7\u00e3o das obras da \u201cRua Gastron\u00f4mica\u201d de Manaus revela cen\u00e1rio de transforma\u00e7\u00e3o.\" \/>\n<meta property=\"og:url\" content=\"https:\/\/www.manaus.am.gov.br\/implurb\/prefeitura-implurb-ruagastronomica-obras\/\" \/>\n<meta property=\"og:site_name\" content=\"IMPLURB\" \/>\n<meta property=\"article:published_time\" content=\"2026-08-29T14:54:20+00:00\" \/>\n<meta property=\"article:modified_time\" content=\"2026-08-31T17:02:10+00:00\" \/>\n<meta property=\"og:image\" content=\"https:\/\/www.manaus.am.gov.br\/implurb\/wp-content\/uploads\/sites\/13\/2026\/08\/ferreiraa29f.jpg\" \/>\n\t<meta property=\"og:image:width\" content=\"1280\" \/>\n\t<meta property=\"og:image:height\" content=\"854\" \/>\n\t<meta property=\"og:image:type\" content=\"image\/jpeg\" \/>\n<meta name=\"author\" content=\"Adriana Costa\" \/>\n<meta name=\"twitter:card\" content=\"summary_large_image\" \/>\n<meta name=\"twitter:label1\" content=\"Written by\" \/>\n\t<meta name=\"twitter:data1\" content=\"Adriana Costa\" \/>\n\t<meta name=\"twitter:label2\" content=\"Est. reading time\" \/>\n\t<meta name=\"twitter:data2\" content=\"5 minutos\" \/>\n<script type=\"application\/ld+json\" class=\"yoast-schema-graph\">{\"@context\":\"https:\/\/schema.org\",\"@graph\":[{\"@type\":\"WebPage\",\"@id\":\"https:\/\/www.manaus.am.gov.br\/implurb\/prefeitura-implurb-ruagastronomica-obras\/\",\"url\":\"https:\/\/www.manaus.am.gov.br\/implurb\/prefeitura-implurb-ruagastronomica-obras\/\",\"name\":\"Primeiro s\u00e1bado de obras na Ferreira Pena tem avan\u00e7o dos servi\u00e7os e comerciantes projetam nova fase para a rua\",\"isPartOf\":{\"@id\":\"https:\/\/www.manaus.am.gov.br\/implurb\/#website\"},\"primaryImageOfPage\":{\"@id\":\"https:\/\/www.manaus.am.gov.br\/implurb\/prefeitura-implurb-ruagastronomica-obras\/#primaryimage\"},\"image\":{\"@id\":\"https:\/\/www.manaus.am.gov.br\/implurb\/prefeitura-implurb-ruagastronomica-obras\/#primaryimage\"},\"thumbnailUrl\":\"https:\/\/www.manaus.am.gov.br\/implurb\/wp-content\/uploads\/sites\/13\/2026\/08\/ferreiraa29f.jpg\",\"datePublished\":\"2026-08-29T14:54:20+00:00\",\"dateModified\":\"2026-08-31T17:02:10+00:00\",\"author\":{\"@id\":\"https:\/\/www.manaus.am.gov.br\/implurb\/#\/schema\/person\/4e49f4e267757a06ca072ec61b2b9968\"},\"description\":\"O primeiro s\u00e1bado, 29\/8, com a rua Ferreira Pena interditada para a execu\u00e7\u00e3o das obras da \u201cRua Gastron\u00f4mica\u201d de Manaus revela cen\u00e1rio de transforma\u00e7\u00e3o.\",\"breadcrumb\":{\"@id\":\"https:\/\/www.manaus.am.gov.br\/implurb\/prefeitura-implurb-ruagastronomica-obras\/#breadcrumb\"},\"inLanguage\":\"pt-BR\",\"potentialAction\":[{\"@type\":\"ReadAction\",\"target\":[\"https:\/\/www.manaus.am.gov.br\/implurb\/prefeitura-implurb-ruagastronomica-obras\/\"]}]},{\"@type\":\"ImageObject\",\"inLanguage\":\"pt-BR\",\"@id\":\"https:\/\/www.manaus.am.gov.br\/implurb\/prefeitura-implurb-ruagastronomica-obras\/#primaryimage\",\"url\":\"https:\/\/www.manaus.am.gov.br\/implurb\/wp-content\/uploads\/sites\/13\/2026\/08\/ferreiraa29f.jpg\",\"contentUrl\":\"https:\/\/www.manaus.am.gov.br\/implurb\/wp-content\/uploads\/sites\/13\/2026\/08\/ferreiraa29f.jpg\",\"width\":1280,\"height\":854,\"caption\":\"#paratodosverem - Servi\u00e7o de remo\u00e7\u00e3o do asfalto e de retirada do entulho da rua Ferreira Pena, que abrigar\u00e1 a primeira \\\"Rua Gastron\u00f4mica\\\" de Manaus\"},{\"@type\":\"BreadcrumbList\",\"@id\":\"https:\/\/www.manaus.am.gov.br\/implurb\/prefeitura-implurb-ruagastronomica-obras\/#breadcrumb\",\"itemListElement\":[{\"@type\":\"ListItem\",\"position\":1,\"name\":\"Home\",\"item\":\"https:\/\/www.manaus.am.gov.br\/implurb\/\"},{\"@type\":\"ListItem\",\"position\":2,\"name\":\"Primeiro s\u00e1bado de obras na Ferreira Pena tem avan\u00e7o dos servi\u00e7os e comerciantes projetam nova fase para a rua\"}]},{\"@type\":\"WebSite\",\"@id\":\"https:\/\/www.manaus.am.gov.br\/implurb\/#website\",\"url\":\"https:\/\/www.manaus.am.gov.br\/implurb\/\",\"name\":\"IMPLURB\",\"description\":\"Prefeitura de Manaus\",\"potentialAction\":[{\"@type\":\"SearchAction\",\"target\":{\"@type\":\"EntryPoint\",\"urlTemplate\":\"https:\/\/www.manaus.am.gov.br\/implurb\/?s={search_term_string}\"},\"query-input\":\"required name=search_term_string\"}],\"inLanguage\":\"pt-BR\"},{\"@type\":\"Person\",\"@id\":\"https:\/\/www.manaus.am.gov.br\/implurb\/#\/schema\/person\/4e49f4e267757a06ca072ec61b2b9968\",\"name\":\"Adriana Costa\",\"image\":{\"@type\":\"ImageObject\",\"inLanguage\":\"pt-BR\",\"@id\":\"https:\/\/www.manaus.am.gov.br\/implurb\/#\/schema\/person\/image\/\",\"url\":\"https:\/\/secure.gravatar.com\/avatar\/576258617ef7194f718179e766d57bd4?s=96&d=mm&r=g\",\"contentUrl\":\"https:\/\/secure.gravatar.com\/avatar\/576258617ef7194f718179e766d57bd4?s=96&d=mm&r=g\",\"caption\":\"Adriana Costa\"}}]}<\/script>\n<!-- \/ Yoast SEO plugin. -->","yoast_head_json":{"title":"Primeiro s\u00e1bado de obras na Ferreira Pena tem avan\u00e7o dos servi\u00e7os e comerciantes projetam nova fase para a rua","description":"O primeiro s\u00e1bado, 29\/8, com a rua Ferreira Pena interditada para a execu\u00e7\u00e3o das obras da \u201cRua Gastron\u00f4mica\u201d de Manaus revela cen\u00e1rio de transforma\u00e7\u00e3o.","robots":{"index":"noindex","follow":"follow"},"og_locale":"pt_BR","og_type":"article","og_title":"Primeiro s\u00e1bado de obras na Ferreira Pena tem avan\u00e7o dos servi\u00e7os e comerciantes projetam nova fase para a rua","og_description":"O primeiro s\u00e1bado, 29\/8, com a rua Ferreira Pena interditada para a execu\u00e7\u00e3o das obras da \u201cRua Gastron\u00f4mica\u201d de Manaus revela cen\u00e1rio de transforma\u00e7\u00e3o.","og_url":"https:\/\/www.manaus.am.gov.br\/implurb\/prefeitura-implurb-ruagastronomica-obras\/","og_site_name":"IMPLURB","article_published_time":"2026-08-29T14:54:20+00:00","article_modified_time":"2026-08-31T17:02:10+00:00","og_image":[{"width":1280,"height":854,"url":"https:\/\/www.manaus.am.gov.br\/implurb\/wp-content\/uploads\/sites\/13\/2026\/08\/ferreiraa29f.jpg","type":"image\/jpeg"}],"author":"Adriana Costa","twitter_card":"summary_large_image","twitter_misc":{"Written by":"Adriana Costa","Est. reading time":"5 minutos"},"schema":{"@context":"https:\/\/schema.org","@graph":[{"@type":"WebPage","@id":"https:\/\/www.manaus.am.gov.br\/implurb\/prefeitura-implurb-ruagastronomica-obras\/","url":"https:\/\/www.manaus.am.gov.br\/implurb\/prefeitura-implurb-ruagastronomica-obras\/","name":"Primeiro s\u00e1bado de obras na Ferreira Pena tem avan\u00e7o dos servi\u00e7os e comerciantes projetam nova fase para a rua","isPartOf":{"@id":"https:\/\/www.manaus.am.gov.br\/implurb\/#website"},"primaryImageOfPage":{"@id":"https:\/\/www.manaus.am.gov.br\/implurb\/prefeitura-implurb-ruagastronomica-obras\/#primaryimage"},"image":{"@id":"https:\/\/www.manaus.am.gov.br\/implurb\/prefeitura-implurb-ruagastronomica-obras\/#primaryimage"},"thumbnailUrl":"https:\/\/www.manaus.am.gov.br\/implurb\/wp-content\/uploads\/sites\/13\/2026\/08\/ferreiraa29f.jpg","datePublished":"2026-08-29T14:54:20+00:00","dateModified":"2026-08-31T17:02:10+00:00","author":{"@id":"https:\/\/www.manaus.am.gov.br\/implurb\/#\/schema\/person\/4e49f4e267757a06ca072ec61b2b9968"},"description":"O primeiro s\u00e1bado, 29\/8, com a rua Ferreira Pena interditada para a execu\u00e7\u00e3o das obras da \u201cRua Gastron\u00f4mica\u201d de Manaus revela cen\u00e1rio de transforma\u00e7\u00e3o.","breadcrumb":{"@id":"https:\/\/www.manaus.am.gov.br\/implurb\/prefeitura-implurb-ruagastronomica-obras\/#breadcrumb"},"inLanguage":"pt-BR","potentialAction":[{"@type":"ReadAction","target":["https:\/\/www.manaus.am.gov.br\/implurb\/prefeitura-implurb-ruagastronomica-obras\/"]}]},{"@type":"ImageObject","inLanguage":"pt-BR","@id":"https:\/\/www.manaus.am.gov.br\/implurb\/prefeitura-implurb-ruagastronomica-obras\/#primaryimage","url":"https:\/\/www.manaus.am.gov.br\/implurb\/wp-content\/uploads\/sites\/13\/2026\/08\/ferreiraa29f.jpg","contentUrl":"https:\/\/www.manaus.am.gov.br\/implurb\/wp-content\/uploads\/sites\/13\/2026\/08\/ferreiraa29f.jpg","width":1280,"height":854,"caption":"#paratodosverem - Servi\u00e7o de remo\u00e7\u00e3o do asfalto e de retirada do entulho da rua Ferreira Pena, que abrigar\u00e1 a primeira \"Rua Gastron\u00f4mica\" de Manaus"},{"@type":"BreadcrumbList","@id":"https:\/\/www.manaus.am.gov.br\/implurb\/prefeitura-implurb-ruagastronomica-obras\/#breadcrumb","itemListElement":[{"@type":"ListItem","position":1,"name":"Home","item":"https:\/\/www.manaus.am.gov.br\/implurb\/"},{"@type":"ListItem","position":2,"name":"Primeiro s\u00e1bado de obras na Ferreira Pena tem avan\u00e7o dos servi\u00e7os e comerciantes projetam nova fase para a rua"}]},{"@type":"WebSite","@id":"https:\/\/www.manaus.am.gov.br\/implurb\/#website","url":"https:\/\/www.manaus.am.gov.br\/implurb\/","name":"IMPLURB","description":"Prefeitura de Manaus","potentialAction":[{"@type":"SearchAction","target":{"@type":"EntryPoint","urlTemplate":"https:\/\/www.manaus.am.gov.br\/implurb\/?s={search_term_string}"},"query-input":"required name=search_term_string"}],"inLanguage":"pt-BR"},{"@type":"Person","@id":"https:\/\/www.manaus.am.gov.br\/implurb\/#\/schema\/person\/4e49f4e267757a06ca072ec61b2b9968","name":"Adriana Costa","image":{"@type":"ImageObject","inLanguage":"pt-BR","@id":"https:\/\/www.manaus.am.gov.br\/implurb\/#\/schema\/person\/image\/","url":"https:\/\/secure.gravatar.com\/avatar\/576258617ef7194f718179e766d57bd4?s=96&d=mm&r=g","contentUrl":"https:\/\/secure.gravatar.com\/avatar\/576258617ef7194f718179e766d57bd4?s=96&d=mm&r=g","caption":"Adriana Costa"}}]}},"_links":{"self":[{"href":"https:\/\/www.manaus.am.gov.br\/implurb\/wp-json\/wp\/v2\/posts\/9436"}],"collection":[{"href":"https:\/\/www.manaus.am.gov.br\/implurb\/wp-json\/wp\/v2\/posts"}],"about":[{"href":"https:\/\/www.manaus.am.gov.br\/implurb\/wp-json\/wp\/v2\/types\/post"}],"author":[{"embeddable":true,"href":"https:\/\/www.manaus.am.gov.br\/implurb\/wp-json\/wp\/v2\/users\/23"}],"replies":[{"embeddable":true,"href":"https:\/\/www.manaus.am.gov.br\/implurb\/wp-json\/wp\/v2\/comments?post=9436"}],"version-history":[{"count":1,"href":"https:\/\/www.manaus.am.gov.br\/implurb\/wp-json\/wp\/v2\/posts\/9436\/revisions"}],"predecessor-version":[{"id":9440,"href":"https:\/\/www.manaus.am.gov.br\/implurb\/wp-json\/wp\/v2\/posts\/9436\/revisions\/9440"}],"wp:featuredmedia":[{"embeddable":true,"href":"https:\/\/www.manaus.am.gov.br\/implurb\/wp-json\/wp\/v2\/media\/9437"}],"wp:attachment":[{"href":"https:\/\/www.manaus.am.gov.br\/implurb\/wp-json\/wp\/v2\/media?parent=9436"}],"wp:term":[{"taxonomy":"category","embeddable":true,"href":"https:\/\/www.manaus.am.gov.br\/implurb\/wp-json\/wp\/v2\/categories?post=9436"},{"taxonomy":"post_tag","embeddable":true,"href":"https:\/\/www.manaus.am.gov.br\/implurb\/wp-json\/wp\/v2\/tags?post=9436"}],"curies":[{"name":"wp","href":"https:\/\/api.w.org\/{rel}","templated":true}]}}