{"id":9432,"date":"2026-08-28T14:59:10","date_gmt":"2026-08-28T18:59:10","guid":{"rendered":"https:\/\/www.manaus.am.gov.br\/implurb\/prefeitura-implurb-obras-ruagastronomica\/"},"modified":"2026-08-28T15:06:00","modified_gmt":"2026-08-28T19:06:00","slug":"prefeitura-implurb-obras-ruagastronomica","status":"publish","type":"post","link":"https:\/\/www.manaus.am.gov.br\/implurb\/prefeitura-implurb-obras-ruagastronomica\/","title":{"rendered":"Obras da \u2018Rua Gastron\u00f4mica\u2019 avan\u00e7am com retirada de asfalto e prepara\u00e7\u00e3o da nova infraestrutura na Ferreira Pena"},"content":{"rendered":"\n<p>As obras da primeira \u201cRua Gastron\u00f4mica\u201d de Manaus avan\u00e7am na rua Ferreira Pena, no centro hist\u00f3rico, com a execu\u00e7\u00e3o dos primeiros servi\u00e7os de prepara\u00e7\u00e3o do trecho que ser\u00e1 transformado em um novo espa\u00e7o de conviv\u00eancia, gastronomia, cultura e turismo. Desde o in\u00edcio da interdi\u00e7\u00e3o pela Prefeitura de Manaus, na quarta-feira, 26\/8, as equipes trabalham na implanta\u00e7\u00e3o do canteiro, fechamento dos acessos com tapumes, corte do pavimento e retirada do asfalto.<\/p>\n\n\n\n<p>Segundo o engenheiro respons\u00e1vel pela obra, Leandro Ladeira, a etapa de remo\u00e7\u00e3o do pavimento deve ser conclu\u00edda at\u00e9 o final de semana ou, no m\u00e1ximo, na segunda-feira, 31\/8. Na sequ\u00eancia, ser\u00e3o retirados os meios-fios e as cal\u00e7adas para dar in\u00edcio \u00e0 implanta\u00e7\u00e3o da infraestrutura subterr\u00e2nea que vai receber as novas instala\u00e7\u00f5es el\u00e9tricas, de \u00e1gua, esgoto, dados e telecomunica\u00e7\u00f5es, conforme a conclus\u00e3o dos projetos em andamento junto \u00e0s concession\u00e1rias.<\/p>\n\n\n\n<p>Nesta primeira etapa, a escavadeira hidr\u00e1ulica atua na remo\u00e7\u00e3o da camada asf\u00e1ltica delimitada para receber o novo piso. O material retirado \u00e9 removido do local, enquanto as equipes avan\u00e7am na prepara\u00e7\u00e3o do trecho para as pr\u00f3ximas fases da interven\u00e7\u00e3o.<\/p>\n\n\n\n<p><strong>Mudan\u00e7as tempor\u00e1rias<\/strong><\/p>\n\n\n\n<p>A Prefeitura de Manaus reconhece que a interven\u00e7\u00e3o provoca altera\u00e7\u00f5es na circula\u00e7\u00e3o e pode gerar transtornos para quem precisa acessar a regi\u00e3o. A interdi\u00e7\u00e3o \u00e9 necess\u00e1ria para garantir a execu\u00e7\u00e3o segura dos servi\u00e7os e ser\u00e1 tempor\u00e1ria, enquanto a via passa pela transforma\u00e7\u00e3o estrutural prevista no projeto.<\/p>\n\n\n\n<p>Durante a obra, moradores e comerciantes da Ferreira Pena continuam com acesso local aos im\u00f3veis pela rua Monsenhor Coutinho. Para os demais condutores, a recomenda\u00e7\u00e3o \u00e9 programar os deslocamentos, redobrar a aten\u00e7\u00e3o e seguir a sinaliza\u00e7\u00e3o implantada na regi\u00e3o.<\/p>\n\n\n\n<p>Para o diretor-presidente do Instituto Municipal de Planejamento Urbano (Implurb), Antonio Peixoto, o momento exige compreens\u00e3o sobre os impactos tempor\u00e1rios provocados pela obra, diante de uma transforma\u00e7\u00e3o que permanecer\u00e1 como legado para a cidade.<\/p>\n\n\n\n<p>\u201cN\u00f3s sabemos que toda obra provoca transtornos. Existe uma mudan\u00e7a tempor\u00e1ria na rotina de quem passa por aqui, de quem trabalha e de quem precisa acessar o Centro. Esse \u00e9 um transtorno necess\u00e1rio e passageiro para que possamos entregar uma nova infraestrutura, qualificar o espa\u00e7o p\u00fablico e transformar a Ferreira Pena em um lugar pensado para as pessoas. Estamos falando de uma obra que vai mudar definitivamente a paisagem e a din\u00e2mica dessa regi\u00e3o\u201d, afirmou.<\/p>\n\n\n\n<p>Peixoto refor\u00e7a que a interven\u00e7\u00e3o foi planejada para preservar elementos importantes da paisagem existente. As 17 \u00e1rvores da Ferreira Pena ser\u00e3o mantidas e incorporadas ao novo desenho urbano. \u201cAs \u00e1rvores est\u00e3o no projeto e ser\u00e3o todas preservadas. Elas fazem parte da identidade dessa rua e v\u00e3o compor a nova paisagem junto com o piso, o mobili\u00e1rio, a ilumina\u00e7\u00e3o e todo o projeto paisag\u00edstico. Estamos qualificando esse espa\u00e7o e preparando a rua para uma nova fase\u201d, destacou.<\/p>\n\n\n\n<p><strong>Empres\u00e1rios acompanham avan\u00e7o<\/strong><\/p>\n\n\n\n<p>A transforma\u00e7\u00e3o tamb\u00e9m \u00e9 acompanhada de perto por comerciantes e empres\u00e1rios que j\u00e1 apostaram na retomada do Centro. Propriet\u00e1ria da Manu Cake Confeitaria, a chef Paula Emanuelle ressaltou que a revitaliza\u00e7\u00e3o representa uma oportunidade de valoriza\u00e7\u00e3o n\u00e3o apenas para os neg\u00f3cios instalados na via, mas tamb\u00e9m para moradores e frequentadores da regi\u00e3o.<\/p>\n\n\n\n<p>\u201cA revitaliza\u00e7\u00e3o da rua Ferreira Pena significa muito, n\u00e3o apenas para os empres\u00e1rios, mas tamb\u00e9m para os moradores e para toda a popula\u00e7\u00e3o de Manaus. Uma obra como essa valoriza o espa\u00e7o urbano, fortalece o centro da cidade e cria novas oportunidades para quem deseja empreender e, consequentemente, gerar empregos\u201d, afirmou.<\/p>\n\n\n\n<p>Segundo Paula, a expectativa \u00e9 de que a nova configura\u00e7\u00e3o estimule a conviv\u00eancia e reaproxime as fam\u00edlias do Centro, valorizando cultura, lazer e turismo.<\/p>\n\n\n\n<p>Propriet\u00e1rio da Casa Luppi Lounge e Bar, o empres\u00e1rio Luppi Pinheiro tamb\u00e9m acompanha o in\u00edcio efetivo dos servi\u00e7os e comemora a movimenta\u00e7\u00e3o do canteiro. \u201cEu fiquei muito contente, porque as obras da \u2018Rua Gastron\u00f4mica\u2019 j\u00e1 come\u00e7aram. N\u00f3s, empres\u00e1rios que resolvemos investir no Centro, ficamos muito felizes. Acho que vai ser um enorme sucesso e \u00e9 um projeto muito interessante para Manaus. Parab\u00e9ns ao prefeito Renato Junior, ao Antonio Peixoto e a toda a equipe pela iniciativa\u201d, afirmou.<\/p>\n\n\n\n<p><strong>Nova infraestrutura<\/strong><\/p>\n\n\n\n<p>Integrante do programa \u201cNosso Centro\u201d, a interven\u00e7\u00e3o contempla aproximadamente 190 metros de extens\u00e3o e 3.800 metros quadrados de \u00e1rea transformada. O projeto prev\u00ea plataforma \u00fanica, substitui\u00e7\u00e3o do asfalto por piso intertravado com mosaico inspirado na cultura amaz\u00f4nica, renova\u00e7\u00e3o das cal\u00e7adas com pedra quartzito natural antiderrapante, novo mobili\u00e1rio urbano, paisagismo e ilumina\u00e7\u00e3o c\u00eanica.<\/p>\n\n\n\n<p>Uma das etapas estruturantes ser\u00e1 o enterramento das redes de energia e telecomunica\u00e7\u00f5es, eliminando a fia\u00e7\u00e3o a\u00e9rea do trecho e contribuindo para uma paisagem urbana mais limpa e adequada \u00e0 valoriza\u00e7\u00e3o dos im\u00f3veis hist\u00f3ricos.<\/p>\n\n\n\n<p>Ao final da interven\u00e7\u00e3o, a Ferreira Pena deixar\u00e1 de receber o tr\u00e1fego de ve\u00edculos e funcionar\u00e1 como um boulevard prioritariamente destinado aos pedestres, com \u00e1reas de circula\u00e7\u00e3o, conviv\u00eancia e espa\u00e7o para mesas e cadeiras de bares e restaurantes.<\/p>\n\n\n\n<p>A interven\u00e7\u00e3o foi aprovada pelo Instituto do Patrim\u00f4nio Hist\u00f3rico e Art\u00edstico Nacional (Iphan), por estar inserida no Centro Hist\u00f3rico de Manaus. A previs\u00e3o \u00e9 que a primeira \u201cRua Gastron\u00f4mica\u201d da capital seja entregue em novembro.<\/p>\n\n\n\n<p>&#8212; &#8212; &#8212;<\/p>\n\n\n\n<p><strong>Texto<\/strong>&nbsp;\u2013 Divulga\u00e7\u00e3o\/ Implurb<\/p>\n\n\n\n<p><strong>Fotos<\/strong> &#8211;&nbsp;Maxwell Oliveira\/ Implurb<\/p>\n","protected":false},"excerpt":{"rendered":"","protected":false},"author":23,"featured_media":9435,"comment_status":"closed","ping_status":"closed","sticky":false,"template":"","format":"standard","meta":{"footnotes":""},"categories":[37],"tags":[11,2442,46,15,2430],"acf":[],"yoast_head":"<!-- This site is optimized with the Yoast SEO plugin v23.0 - https:\/\/yoast.com\/wordpress\/plugins\/seo\/ -->\n<title>Obras da \u2018Rua Gastron\u00f4mica\u2019 avan\u00e7am com retirada de asfalto e prepara\u00e7\u00e3o da nova infraestrutura na Ferreira Pena<\/title>\n<meta name=\"description\" content=\"As obras da primeira \u201cRua Gastron\u00f4mica\u201d de Manaus avan\u00e7am na rua Ferreira Pena, no centro hist\u00f3rico, com a execu\u00e7\u00e3o dos primeiros servi\u00e7os de prepara\u00e7\u00e3o do trecho que ser\u00e1 transformado em um novo espa\u00e7o de conviv\u00eancia, gastronomia, cultura e turismo.\" \/>\n<meta name=\"robots\" content=\"noindex, follow\" \/>\n<meta property=\"og:locale\" content=\"pt_BR\" \/>\n<meta property=\"og:type\" content=\"article\" \/>\n<meta property=\"og:title\" content=\"Obras da \u2018Rua Gastron\u00f4mica\u2019 avan\u00e7am com retirada de asfalto e prepara\u00e7\u00e3o da nova infraestrutura na Ferreira Pena\" \/>\n<meta property=\"og:description\" content=\"As obras da primeira \u201cRua Gastron\u00f4mica\u201d de Manaus avan\u00e7am na rua Ferreira Pena, no centro hist\u00f3rico, com a execu\u00e7\u00e3o dos primeiros servi\u00e7os de prepara\u00e7\u00e3o do trecho que ser\u00e1 transformado em um novo espa\u00e7o de conviv\u00eancia, gastronomia, cultura e turismo.\" \/>\n<meta property=\"og:url\" content=\"https:\/\/www.manaus.am.gov.br\/implurb\/prefeitura-implurb-obras-ruagastronomica\/\" \/>\n<meta property=\"og:site_name\" content=\"IMPLURB\" \/>\n<meta property=\"article:published_time\" content=\"2026-08-28T18:59:10+00:00\" \/>\n<meta property=\"article:modified_time\" content=\"2026-08-28T19:06:00+00:00\" \/>\n<meta property=\"og:image\" content=\"https:\/\/www.manaus.am.gov.br\/implurb\/wp-content\/uploads\/sites\/13\/2026\/08\/Obra_Ferreira-Pena-2.jpeg\" \/>\n\t<meta property=\"og:image:width\" content=\"1280\" \/>\n\t<meta property=\"og:image:height\" content=\"960\" \/>\n\t<meta property=\"og:image:type\" content=\"image\/jpeg\" \/>\n<meta name=\"author\" content=\"Adriana Costa\" \/>\n<meta name=\"twitter:card\" content=\"summary_large_image\" \/>\n<meta name=\"twitter:label1\" content=\"Written by\" \/>\n\t<meta name=\"twitter:data1\" content=\"Adriana Costa\" \/>\n\t<meta name=\"twitter:label2\" content=\"Est. reading time\" \/>\n\t<meta name=\"twitter:data2\" content=\"5 minutos\" \/>\n<script type=\"application\/ld+json\" class=\"yoast-schema-graph\">{\"@context\":\"https:\/\/schema.org\",\"@graph\":[{\"@type\":\"WebPage\",\"@id\":\"https:\/\/www.manaus.am.gov.br\/implurb\/prefeitura-implurb-obras-ruagastronomica\/\",\"url\":\"https:\/\/www.manaus.am.gov.br\/implurb\/prefeitura-implurb-obras-ruagastronomica\/\",\"name\":\"Obras da \u2018Rua Gastron\u00f4mica\u2019 avan\u00e7am com retirada de asfalto e prepara\u00e7\u00e3o da nova infraestrutura na Ferreira Pena\",\"isPartOf\":{\"@id\":\"https:\/\/www.manaus.am.gov.br\/implurb\/#website\"},\"primaryImageOfPage\":{\"@id\":\"https:\/\/www.manaus.am.gov.br\/implurb\/prefeitura-implurb-obras-ruagastronomica\/#primaryimage\"},\"image\":{\"@id\":\"https:\/\/www.manaus.am.gov.br\/implurb\/prefeitura-implurb-obras-ruagastronomica\/#primaryimage\"},\"thumbnailUrl\":\"https:\/\/www.manaus.am.gov.br\/implurb\/wp-content\/uploads\/sites\/13\/2026\/08\/Obra_Ferreira-Pena-2.jpeg\",\"datePublished\":\"2026-08-28T18:59:10+00:00\",\"dateModified\":\"2026-08-28T19:06:00+00:00\",\"author\":{\"@id\":\"https:\/\/www.manaus.am.gov.br\/implurb\/#\/schema\/person\/4e49f4e267757a06ca072ec61b2b9968\"},\"description\":\"As obras da primeira \u201cRua Gastron\u00f4mica\u201d de Manaus avan\u00e7am na rua Ferreira Pena, no centro hist\u00f3rico, com a execu\u00e7\u00e3o dos primeiros servi\u00e7os de prepara\u00e7\u00e3o do trecho que ser\u00e1 transformado em um novo espa\u00e7o de conviv\u00eancia, gastronomia, cultura e turismo.\",\"breadcrumb\":{\"@id\":\"https:\/\/www.manaus.am.gov.br\/implurb\/prefeitura-implurb-obras-ruagastronomica\/#breadcrumb\"},\"inLanguage\":\"pt-BR\",\"potentialAction\":[{\"@type\":\"ReadAction\",\"target\":[\"https:\/\/www.manaus.am.gov.br\/implurb\/prefeitura-implurb-obras-ruagastronomica\/\"]}]},{\"@type\":\"ImageObject\",\"inLanguage\":\"pt-BR\",\"@id\":\"https:\/\/www.manaus.am.gov.br\/implurb\/prefeitura-implurb-obras-ruagastronomica\/#primaryimage\",\"url\":\"https:\/\/www.manaus.am.gov.br\/implurb\/wp-content\/uploads\/sites\/13\/2026\/08\/Obra_Ferreira-Pena-2.jpeg\",\"contentUrl\":\"https:\/\/www.manaus.am.gov.br\/implurb\/wp-content\/uploads\/sites\/13\/2026\/08\/Obra_Ferreira-Pena-2.jpeg\",\"width\":1280,\"height\":960,\"caption\":\"#paratodosverem - Rua Ferreira Pena em obras; imagem mostra trabalhadores e maquin\u00e1rio na remo\u00e7\u00e3o de pavimento da via\"},{\"@type\":\"BreadcrumbList\",\"@id\":\"https:\/\/www.manaus.am.gov.br\/implurb\/prefeitura-implurb-obras-ruagastronomica\/#breadcrumb\",\"itemListElement\":[{\"@type\":\"ListItem\",\"position\":1,\"name\":\"Home\",\"item\":\"https:\/\/www.manaus.am.gov.br\/implurb\/\"},{\"@type\":\"ListItem\",\"position\":2,\"name\":\"Obras da \u2018Rua Gastron\u00f4mica\u2019 avan\u00e7am com retirada de asfalto e prepara\u00e7\u00e3o da nova infraestrutura na Ferreira Pena\"}]},{\"@type\":\"WebSite\",\"@id\":\"https:\/\/www.manaus.am.gov.br\/implurb\/#website\",\"url\":\"https:\/\/www.manaus.am.gov.br\/implurb\/\",\"name\":\"IMPLURB\",\"description\":\"Prefeitura de Manaus\",\"potentialAction\":[{\"@type\":\"SearchAction\",\"target\":{\"@type\":\"EntryPoint\",\"urlTemplate\":\"https:\/\/www.manaus.am.gov.br\/implurb\/?s={search_term_string}\"},\"query-input\":\"required name=search_term_string\"}],\"inLanguage\":\"pt-BR\"},{\"@type\":\"Person\",\"@id\":\"https:\/\/www.manaus.am.gov.br\/implurb\/#\/schema\/person\/4e49f4e267757a06ca072ec61b2b9968\",\"name\":\"Adriana Costa\",\"image\":{\"@type\":\"ImageObject\",\"inLanguage\":\"pt-BR\",\"@id\":\"https:\/\/www.manaus.am.gov.br\/implurb\/#\/schema\/person\/image\/\",\"url\":\"https:\/\/secure.gravatar.com\/avatar\/576258617ef7194f718179e766d57bd4?s=96&d=mm&r=g\",\"contentUrl\":\"https:\/\/secure.gravatar.com\/avatar\/576258617ef7194f718179e766d57bd4?s=96&d=mm&r=g\",\"caption\":\"Adriana Costa\"}}]}<\/script>\n<!-- \/ Yoast SEO plugin. -->","yoast_head_json":{"title":"Obras da \u2018Rua Gastron\u00f4mica\u2019 avan\u00e7am com retirada de asfalto e prepara\u00e7\u00e3o da nova infraestrutura na Ferreira Pena","description":"As obras da primeira \u201cRua Gastron\u00f4mica\u201d de Manaus avan\u00e7am na rua Ferreira Pena, no centro hist\u00f3rico, com a execu\u00e7\u00e3o dos primeiros servi\u00e7os de prepara\u00e7\u00e3o do trecho que ser\u00e1 transformado em um novo espa\u00e7o de conviv\u00eancia, gastronomia, cultura e turismo.","robots":{"index":"noindex","follow":"follow"},"og_locale":"pt_BR","og_type":"article","og_title":"Obras da \u2018Rua Gastron\u00f4mica\u2019 avan\u00e7am com retirada de asfalto e prepara\u00e7\u00e3o da nova infraestrutura na Ferreira Pena","og_description":"As obras da primeira \u201cRua Gastron\u00f4mica\u201d de Manaus avan\u00e7am na rua Ferreira Pena, no centro hist\u00f3rico, com a execu\u00e7\u00e3o dos primeiros servi\u00e7os de prepara\u00e7\u00e3o do trecho que ser\u00e1 transformado em um novo espa\u00e7o de conviv\u00eancia, gastronomia, cultura e turismo.","og_url":"https:\/\/www.manaus.am.gov.br\/implurb\/prefeitura-implurb-obras-ruagastronomica\/","og_site_name":"IMPLURB","article_published_time":"2026-08-28T18:59:10+00:00","article_modified_time":"2026-08-28T19:06:00+00:00","og_image":[{"width":1280,"height":960,"url":"https:\/\/www.manaus.am.gov.br\/implurb\/wp-content\/uploads\/sites\/13\/2026\/08\/Obra_Ferreira-Pena-2.jpeg","type":"image\/jpeg"}],"author":"Adriana Costa","twitter_card":"summary_large_image","twitter_misc":{"Written by":"Adriana Costa","Est. reading time":"5 minutos"},"schema":{"@context":"https:\/\/schema.org","@graph":[{"@type":"WebPage","@id":"https:\/\/www.manaus.am.gov.br\/implurb\/prefeitura-implurb-obras-ruagastronomica\/","url":"https:\/\/www.manaus.am.gov.br\/implurb\/prefeitura-implurb-obras-ruagastronomica\/","name":"Obras da \u2018Rua Gastron\u00f4mica\u2019 avan\u00e7am com retirada de asfalto e prepara\u00e7\u00e3o da nova infraestrutura na Ferreira Pena","isPartOf":{"@id":"https:\/\/www.manaus.am.gov.br\/implurb\/#website"},"primaryImageOfPage":{"@id":"https:\/\/www.manaus.am.gov.br\/implurb\/prefeitura-implurb-obras-ruagastronomica\/#primaryimage"},"image":{"@id":"https:\/\/www.manaus.am.gov.br\/implurb\/prefeitura-implurb-obras-ruagastronomica\/#primaryimage"},"thumbnailUrl":"https:\/\/www.manaus.am.gov.br\/implurb\/wp-content\/uploads\/sites\/13\/2026\/08\/Obra_Ferreira-Pena-2.jpeg","datePublished":"2026-08-28T18:59:10+00:00","dateModified":"2026-08-28T19:06:00+00:00","author":{"@id":"https:\/\/www.manaus.am.gov.br\/implurb\/#\/schema\/person\/4e49f4e267757a06ca072ec61b2b9968"},"description":"As obras da primeira \u201cRua Gastron\u00f4mica\u201d de Manaus avan\u00e7am na rua Ferreira Pena, no centro hist\u00f3rico, com a execu\u00e7\u00e3o dos primeiros servi\u00e7os de prepara\u00e7\u00e3o do trecho que ser\u00e1 transformado em um novo espa\u00e7o de conviv\u00eancia, gastronomia, cultura e turismo.","breadcrumb":{"@id":"https:\/\/www.manaus.am.gov.br\/implurb\/prefeitura-implurb-obras-ruagastronomica\/#breadcrumb"},"inLanguage":"pt-BR","potentialAction":[{"@type":"ReadAction","target":["https:\/\/www.manaus.am.gov.br\/implurb\/prefeitura-implurb-obras-ruagastronomica\/"]}]},{"@type":"ImageObject","inLanguage":"pt-BR","@id":"https:\/\/www.manaus.am.gov.br\/implurb\/prefeitura-implurb-obras-ruagastronomica\/#primaryimage","url":"https:\/\/www.manaus.am.gov.br\/implurb\/wp-content\/uploads\/sites\/13\/2026\/08\/Obra_Ferreira-Pena-2.jpeg","contentUrl":"https:\/\/www.manaus.am.gov.br\/implurb\/wp-content\/uploads\/sites\/13\/2026\/08\/Obra_Ferreira-Pena-2.jpeg","width":1280,"height":960,"caption":"#paratodosverem - Rua Ferreira Pena em obras; imagem mostra trabalhadores e maquin\u00e1rio na remo\u00e7\u00e3o de pavimento da via"},{"@type":"BreadcrumbList","@id":"https:\/\/www.manaus.am.gov.br\/implurb\/prefeitura-implurb-obras-ruagastronomica\/#breadcrumb","itemListElement":[{"@type":"ListItem","position":1,"name":"Home","item":"https:\/\/www.manaus.am.gov.br\/implurb\/"},{"@type":"ListItem","position":2,"name":"Obras da \u2018Rua Gastron\u00f4mica\u2019 avan\u00e7am com retirada de asfalto e prepara\u00e7\u00e3o da nova infraestrutura na Ferreira Pena"}]},{"@type":"WebSite","@id":"https:\/\/www.manaus.am.gov.br\/implurb\/#website","url":"https:\/\/www.manaus.am.gov.br\/implurb\/","name":"IMPLURB","description":"Prefeitura de Manaus","potentialAction":[{"@type":"SearchAction","target":{"@type":"EntryPoint","urlTemplate":"https:\/\/www.manaus.am.gov.br\/implurb\/?s={search_term_string}"},"query-input":"required name=search_term_string"}],"inLanguage":"pt-BR"},{"@type":"Person","@id":"https:\/\/www.manaus.am.gov.br\/implurb\/#\/schema\/person\/4e49f4e267757a06ca072ec61b2b9968","name":"Adriana Costa","image":{"@type":"ImageObject","inLanguage":"pt-BR","@id":"https:\/\/www.manaus.am.gov.br\/implurb\/#\/schema\/person\/image\/","url":"https:\/\/secure.gravatar.com\/avatar\/576258617ef7194f718179e766d57bd4?s=96&d=mm&r=g","contentUrl":"https:\/\/secure.gravatar.com\/avatar\/576258617ef7194f718179e766d57bd4?s=96&d=mm&r=g","caption":"Adriana Costa"}}]}},"_links":{"self":[{"href":"https:\/\/www.manaus.am.gov.br\/implurb\/wp-json\/wp\/v2\/posts\/9432"}],"collection":[{"href":"https:\/\/www.manaus.am.gov.br\/implurb\/wp-json\/wp\/v2\/posts"}],"about":[{"href":"https:\/\/www.manaus.am.gov.br\/implurb\/wp-json\/wp\/v2\/types\/post"}],"author":[{"embeddable":true,"href":"https:\/\/www.manaus.am.gov.br\/implurb\/wp-json\/wp\/v2\/users\/23"}],"replies":[{"embeddable":true,"href":"https:\/\/www.manaus.am.gov.br\/implurb\/wp-json\/wp\/v2\/comments?post=9432"}],"version-history":[{"count":1,"href":"https:\/\/www.manaus.am.gov.br\/implurb\/wp-json\/wp\/v2\/posts\/9432\/revisions"}],"predecessor-version":[{"id":9434,"href":"https:\/\/www.manaus.am.gov.br\/implurb\/wp-json\/wp\/v2\/posts\/9432\/revisions\/9434"}],"wp:featuredmedia":[{"embeddable":true,"href":"https:\/\/www.manaus.am.gov.br\/implurb\/wp-json\/wp\/v2\/media\/9435"}],"wp:attachment":[{"href":"https:\/\/www.manaus.am.gov.br\/implurb\/wp-json\/wp\/v2\/media?parent=9432"}],"wp:term":[{"taxonomy":"category","embeddable":true,"href":"https:\/\/www.manaus.am.gov.br\/implurb\/wp-json\/wp\/v2\/categories?post=9432"},{"taxonomy":"post_tag","embeddable":true,"href":"https:\/\/www.manaus.am.gov.br\/implurb\/wp-json\/wp\/v2\/tags?post=9432"}],"curies":[{"name":"wp","href":"https:\/\/api.w.org\/{rel}","templated":true}]}}