{"id":9429,"date":"2026-08-28T13:37:17","date_gmt":"2026-08-28T17:37:17","guid":{"rendered":"https:\/\/www.manaus.am.gov.br\/implurb\/prefeitura-implurb-expansaoindustrial\/"},"modified":"2026-08-28T13:37:42","modified_gmt":"2026-08-28T17:37:42","slug":"prefeitura-implurb-expansaoindustrial","status":"publish","type":"post","link":"https:\/\/www.manaus.am.gov.br\/implurb\/prefeitura-implurb-expansaoindustrial\/","title":{"rendered":"Novos projetos industriais somam mais de 212 mil metros quadrados licenciados pela Prefeitura de Manaus em 2026"},"content":{"rendered":"\n<p>A capital amazonense come\u00e7a a desenhar, no territ\u00f3rio, uma nova etapa de expans\u00e3o industrial. De janeiro a julho de 2026, a Prefeitura de Manaus, por meio do Instituto Municipal de Planejamento Urbano (Implurb), licenciou mais de 212,8 mil metros quadrados em novos alvar\u00e1s destinados a projetos industriais. O levantamento considera empreendimentos classificados do tipo industrial 1 ao tipo industrial 5, abrangendo diferentes portes e n\u00edveis de impacto urbano.<\/p>\n\n\n\n<p>Entre os projetos aprovados no per\u00edodo est\u00e3o empreendimentos com \u00e1reas que v\u00e3o de 775 metros quadrados a 44 mil metros quadrados, demonstrando que o movimento n\u00e3o se concentra em um \u00fanico perfil de f\u00e1brica. O conjunto de licenciamentos evidencia a exist\u00eancia de demanda por novos espa\u00e7os produtivos e coloca o planejamento urban\u00edstico territorial como uma etapa estrat\u00e9gica para o desenvolvimento econ\u00f4mico da capital.<\/p>\n\n\n\n<p>Para o diretor-presidente do Implurb, Antonio Peixoto, os n\u00fameros precisam ser compreendidos dentro de um cen\u00e1rio mais amplo: a cidade precisa estar preparada para receber investimentos, mas com planejamento urbano, seguran\u00e7a jur\u00eddica e infraestrutura compat\u00edvel com a atividade industrial.<\/p>\n\n\n\n<p>\u201cManaus precisa estar preparada para receber novos investimentos. Quando temos mais de 212 mil metros quadrados de novos projetos industriais licenciados em apenas sete meses, estamos falando de uma demanda concreta pelo territ\u00f3rio da cidade. O papel do munic\u00edpio \u00e9 antecipar esse movimento, organizar o espa\u00e7o urbano, desburocratizar servi\u00e7os e criar condi\u00e7\u00f5es para que o desenvolvimento econ\u00f4mico aconte\u00e7a com seguran\u00e7a, planejamento e infraestrutura\u201d, comentou.<\/p>\n\n\n\n<p>Licenciamento e expans\u00e3o caminham juntos<\/p>\n\n\n\n<p>O volume de novos projetos industriais licenciados ocorre enquanto a Prefeitura de Manaus, por meio do Implurb, avan\u00e7a em estudos t\u00e9cnicos para identificar e estruturar novas \u00e1reas de expans\u00e3o industrial. As discuss\u00f5es, iniciadas em 2025 em conjunto com \u00f3rg\u00e3os municipais e Suframa, avaliam zoneamento, infraestrutura, ocupa\u00e7\u00e3o territorial e possibilidades de amplia\u00e7\u00e3o dos espa\u00e7os destinados a empreendimentos de maior porte.<\/p>\n\n\n\n<p>O trabalho considera, especialmente, eixos da BR-174 e da AM-010, \u00e1reas da zona Leste e ramais pr\u00f3ximos ao Distrito Industrial, regi\u00f5es apontadas como estrat\u00e9gicas para uma futura expans\u00e3o econ\u00f4mica. A preocupa\u00e7\u00e3o \u00e9 antecipar a necessidade de territ\u00f3rio antes que a press\u00e3o por novas \u00e1reas se transforme em ocupa\u00e7\u00e3o desordenada.<\/p>\n\n\n\n<p>\u201cN\u00e3o estamos falando apenas de encontrar um terreno para colocar uma f\u00e1brica. Estamos falando de planejar onde essa ind\u00fastria vai estar, como os trabalhadores v\u00e3o chegar, qual infraestrutura ser\u00e1 necess\u00e1ria e como essa nova ocupa\u00e7\u00e3o vai se integrar \u00e0 cidade\u201d, explicou Peixoto.<\/p>\n\n\n\n<p>Segundo ele, a expans\u00e3o precisa ser acompanhada de uma vis\u00e3o urbana mais ampla, incorporando habita\u00e7\u00e3o, servi\u00e7os, mobilidade e equipamentos p\u00fablicos. \u201cSe voc\u00ea leva atividade econ\u00f4mica e trabalhadores para uma regi\u00e3o, precisa pensar em moradia, escolas, creches, sa\u00fade, com\u00e9rcio, transporte e infraestrutura. Desenvolvimento econ\u00f4mico e desenvolvimento urbano precisam caminhar juntos\u201d, afirma.<\/p>\n\n\n\n<p>Novas ind\u00fastrias<\/p>\n\n\n\n<p>A estrat\u00e9gia municipal ganha ainda mais relev\u00e2ncia diante das transforma\u00e7\u00f5es previstas para a economia de Manaus e da necessidade de fortalecer a competitividade do polo industrial. Diante do cen\u00e1rio, o prefeito Renato Junior apresentou a proposta de criar a primeira Secretaria Municipal de Desburocratiza\u00e7\u00e3o Industrial.<\/p>\n\n\n\n<p>Anunciada durante reuni\u00e3o do Conselho de Administra\u00e7\u00e3o da Suframa (CAS), em 14 de agosto, a estrutura ter\u00e1 como objetivo criar um canal espec\u00edfico para facilitar a rela\u00e7\u00e3o entre empresas interessadas em se instalar na capital e a administra\u00e7\u00e3o municipal.<\/p>\n\n\n\n<p>\u201cQuero que a ind\u00fastria que olhar para Manaus encontre na prefeitura um munic\u00edpio preparado para receber investimento, com informa\u00e7\u00e3o precisa, orienta\u00e7\u00e3o e capacidade de conduzir os processos. A cidade precisa deixar de apenas reagir ao crescimento e passar a se preparar para ele\u201d, afirmou o prefeito, ao anunciar a proposta de cria\u00e7\u00e3o da secretaria.<\/p>\n\n\n\n<p>Na oportunidade, o chefe do Executivo municipal tamb\u00e9m defendeu uma atua\u00e7\u00e3o integrada entre prefeitura, Suframa, governo do Estado e governo federal para enfrentar os gargalos de infraestrutura que impactam diretamente trabalhadores e empresas do Distrito Industrial. Por isso, o planejamento de novas \u00e1reas industriais precisa ocorrer de forma antecipada e articulada.<\/p>\n\n\n\n<p>\u201cO que estamos fazendo \u00e9 preparar Manaus para o pr\u00f3ximo ciclo. Os projetos industriais j\u00e1 est\u00e3o chegando e os n\u00fameros do licenciamento mostram isso. Agora, precisamos garantir que a cidade tenha territ\u00f3rio adequado, regras claras e planejamento para receber esses empreendimentos. \u00c9 assim que o munic\u00edpio assume seu papel de indutor do desenvolvimento econ\u00f4mico, sem abrir m\u00e3o do ordenamento urbano\u201d, ressaltou.<\/p>\n\n\n\n<p>&#8212; &#8212; &#8212;<\/p>\n\n\n\n<p><strong>Texto\u00a0<\/strong>\u2013 Cl\u00e1udia do Valle\/ Implurb<\/p>\n\n\n\n<p><strong>Fotos <\/strong>&#8211;\u00a0Divulga\u00e7\u00e3o e Semcom<\/p>\n","protected":false},"excerpt":{"rendered":"","protected":false},"author":23,"featured_media":9430,"comment_status":"closed","ping_status":"closed","sticky":false,"template":"","format":"standard","meta":{"footnotes":""},"categories":[733],"tags":[1985,1026,2440,11,471,15,2441],"acf":[],"yoast_head":"<!-- This site is optimized with the Yoast SEO plugin v23.0 - https:\/\/yoast.com\/wordpress\/plugins\/seo\/ -->\n<title>Novos projetos industriais j\u00e1 somam mais de 212 mil metros quadrados licenciados pela Prefeitura de Manaus em 2026<\/title>\n<meta name=\"description\" content=\"A capital amazonense come\u00e7a a desenhar, no territ\u00f3rio, uma nova etapa de expans\u00e3o industrial. De janeiro a julho de 2026, a Prefeitura de Manaus, por meio do Instituto Municipal de Planejamento Urbano (Implurb), licenciou mais de 212,8 mil metros quadrados em novos alvar\u00e1s destinados a projetos industriais.\" \/>\n<meta name=\"robots\" content=\"noindex, follow\" \/>\n<meta property=\"og:locale\" content=\"pt_BR\" \/>\n<meta property=\"og:type\" content=\"article\" \/>\n<meta property=\"og:title\" content=\"Novos projetos industriais j\u00e1 somam mais de 212 mil metros quadrados licenciados pela Prefeitura de Manaus em 2026\" \/>\n<meta property=\"og:description\" content=\"A capital amazonense come\u00e7a a desenhar, no territ\u00f3rio, uma nova etapa de expans\u00e3o industrial. De janeiro a julho de 2026, a Prefeitura de Manaus, por meio do Instituto Municipal de Planejamento Urbano (Implurb), licenciou mais de 212,8 mil metros quadrados em novos alvar\u00e1s destinados a projetos industriais.\" \/>\n<meta property=\"og:url\" content=\"https:\/\/www.manaus.am.gov.br\/implurb\/prefeitura-implurb-expansaoindustrial\/\" \/>\n<meta property=\"og:site_name\" content=\"IMPLURB\" \/>\n<meta property=\"article:published_time\" content=\"2026-08-28T17:37:17+00:00\" \/>\n<meta property=\"article:modified_time\" content=\"2026-08-28T17:37:42+00:00\" \/>\n<meta property=\"og:image\" content=\"https:\/\/www.manaus.am.gov.br\/implurb\/wp-content\/uploads\/sites\/13\/2026\/08\/WhatsApp-Image-2026-08-28-at-13.28.42.jpeg\" \/>\n\t<meta property=\"og:image:width\" content=\"1280\" \/>\n\t<meta property=\"og:image:height\" content=\"960\" \/>\n\t<meta property=\"og:image:type\" content=\"image\/jpeg\" \/>\n<meta name=\"author\" content=\"Adriana Costa\" \/>\n<meta name=\"twitter:card\" content=\"summary_large_image\" \/>\n<meta name=\"twitter:label1\" content=\"Written by\" \/>\n\t<meta name=\"twitter:data1\" content=\"Adriana Costa\" \/>\n\t<meta name=\"twitter:label2\" content=\"Est. reading time\" \/>\n\t<meta name=\"twitter:data2\" content=\"5 minutos\" \/>\n<script type=\"application\/ld+json\" class=\"yoast-schema-graph\">{\"@context\":\"https:\/\/schema.org\",\"@graph\":[{\"@type\":\"WebPage\",\"@id\":\"https:\/\/www.manaus.am.gov.br\/implurb\/prefeitura-implurb-expansaoindustrial\/\",\"url\":\"https:\/\/www.manaus.am.gov.br\/implurb\/prefeitura-implurb-expansaoindustrial\/\",\"name\":\"Novos projetos industriais j\u00e1 somam mais de 212 mil metros quadrados licenciados pela Prefeitura de Manaus em 2026\",\"isPartOf\":{\"@id\":\"https:\/\/www.manaus.am.gov.br\/implurb\/#website\"},\"primaryImageOfPage\":{\"@id\":\"https:\/\/www.manaus.am.gov.br\/implurb\/prefeitura-implurb-expansaoindustrial\/#primaryimage\"},\"image\":{\"@id\":\"https:\/\/www.manaus.am.gov.br\/implurb\/prefeitura-implurb-expansaoindustrial\/#primaryimage\"},\"thumbnailUrl\":\"https:\/\/www.manaus.am.gov.br\/implurb\/wp-content\/uploads\/sites\/13\/2026\/08\/WhatsApp-Image-2026-08-28-at-13.28.42.jpeg\",\"datePublished\":\"2026-08-28T17:37:17+00:00\",\"dateModified\":\"2026-08-28T17:37:42+00:00\",\"author\":{\"@id\":\"https:\/\/www.manaus.am.gov.br\/implurb\/#\/schema\/person\/4e49f4e267757a06ca072ec61b2b9968\"},\"description\":\"A capital amazonense come\u00e7a a desenhar, no territ\u00f3rio, uma nova etapa de expans\u00e3o industrial. De janeiro a julho de 2026, a Prefeitura de Manaus, por meio do Instituto Municipal de Planejamento Urbano (Implurb), licenciou mais de 212,8 mil metros quadrados em novos alvar\u00e1s destinados a projetos industriais.\",\"breadcrumb\":{\"@id\":\"https:\/\/www.manaus.am.gov.br\/implurb\/prefeitura-implurb-expansaoindustrial\/#breadcrumb\"},\"inLanguage\":\"pt-BR\",\"potentialAction\":[{\"@type\":\"ReadAction\",\"target\":[\"https:\/\/www.manaus.am.gov.br\/implurb\/prefeitura-implurb-expansaoindustrial\/\"]}]},{\"@type\":\"ImageObject\",\"inLanguage\":\"pt-BR\",\"@id\":\"https:\/\/www.manaus.am.gov.br\/implurb\/prefeitura-implurb-expansaoindustrial\/#primaryimage\",\"url\":\"https:\/\/www.manaus.am.gov.br\/implurb\/wp-content\/uploads\/sites\/13\/2026\/08\/WhatsApp-Image-2026-08-28-at-13.28.42.jpeg\",\"contentUrl\":\"https:\/\/www.manaus.am.gov.br\/implurb\/wp-content\/uploads\/sites\/13\/2026\/08\/WhatsApp-Image-2026-08-28-at-13.28.42.jpeg\",\"width\":1280,\"height\":960,\"caption\":\"#paratodosverem - Diretor-presidente do Implurb, Antonio Peixoto, em reuni\u00e3o sobre expans\u00e3o industrial e desenvolvimento urbano\"},{\"@type\":\"BreadcrumbList\",\"@id\":\"https:\/\/www.manaus.am.gov.br\/implurb\/prefeitura-implurb-expansaoindustrial\/#breadcrumb\",\"itemListElement\":[{\"@type\":\"ListItem\",\"position\":1,\"name\":\"Home\",\"item\":\"https:\/\/www.manaus.am.gov.br\/implurb\/\"},{\"@type\":\"ListItem\",\"position\":2,\"name\":\"Novos projetos industriais somam mais de 212 mil metros quadrados licenciados pela Prefeitura de Manaus em 2026\"}]},{\"@type\":\"WebSite\",\"@id\":\"https:\/\/www.manaus.am.gov.br\/implurb\/#website\",\"url\":\"https:\/\/www.manaus.am.gov.br\/implurb\/\",\"name\":\"IMPLURB\",\"description\":\"Prefeitura de Manaus\",\"potentialAction\":[{\"@type\":\"SearchAction\",\"target\":{\"@type\":\"EntryPoint\",\"urlTemplate\":\"https:\/\/www.manaus.am.gov.br\/implurb\/?s={search_term_string}\"},\"query-input\":\"required name=search_term_string\"}],\"inLanguage\":\"pt-BR\"},{\"@type\":\"Person\",\"@id\":\"https:\/\/www.manaus.am.gov.br\/implurb\/#\/schema\/person\/4e49f4e267757a06ca072ec61b2b9968\",\"name\":\"Adriana Costa\",\"image\":{\"@type\":\"ImageObject\",\"inLanguage\":\"pt-BR\",\"@id\":\"https:\/\/www.manaus.am.gov.br\/implurb\/#\/schema\/person\/image\/\",\"url\":\"https:\/\/secure.gravatar.com\/avatar\/576258617ef7194f718179e766d57bd4?s=96&d=mm&r=g\",\"contentUrl\":\"https:\/\/secure.gravatar.com\/avatar\/576258617ef7194f718179e766d57bd4?s=96&d=mm&r=g\",\"caption\":\"Adriana Costa\"}}]}<\/script>\n<!-- \/ Yoast SEO plugin. -->","yoast_head_json":{"title":"Novos projetos industriais j\u00e1 somam mais de 212 mil metros quadrados licenciados pela Prefeitura de Manaus em 2026","description":"A capital amazonense come\u00e7a a desenhar, no territ\u00f3rio, uma nova etapa de expans\u00e3o industrial. De janeiro a julho de 2026, a Prefeitura de Manaus, por meio do Instituto Municipal de Planejamento Urbano (Implurb), licenciou mais de 212,8 mil metros quadrados em novos alvar\u00e1s destinados a projetos industriais.","robots":{"index":"noindex","follow":"follow"},"og_locale":"pt_BR","og_type":"article","og_title":"Novos projetos industriais j\u00e1 somam mais de 212 mil metros quadrados licenciados pela Prefeitura de Manaus em 2026","og_description":"A capital amazonense come\u00e7a a desenhar, no territ\u00f3rio, uma nova etapa de expans\u00e3o industrial. De janeiro a julho de 2026, a Prefeitura de Manaus, por meio do Instituto Municipal de Planejamento Urbano (Implurb), licenciou mais de 212,8 mil metros quadrados em novos alvar\u00e1s destinados a projetos industriais.","og_url":"https:\/\/www.manaus.am.gov.br\/implurb\/prefeitura-implurb-expansaoindustrial\/","og_site_name":"IMPLURB","article_published_time":"2026-08-28T17:37:17+00:00","article_modified_time":"2026-08-28T17:37:42+00:00","og_image":[{"width":1280,"height":960,"url":"https:\/\/www.manaus.am.gov.br\/implurb\/wp-content\/uploads\/sites\/13\/2026\/08\/WhatsApp-Image-2026-08-28-at-13.28.42.jpeg","type":"image\/jpeg"}],"author":"Adriana Costa","twitter_card":"summary_large_image","twitter_misc":{"Written by":"Adriana Costa","Est. reading time":"5 minutos"},"schema":{"@context":"https:\/\/schema.org","@graph":[{"@type":"WebPage","@id":"https:\/\/www.manaus.am.gov.br\/implurb\/prefeitura-implurb-expansaoindustrial\/","url":"https:\/\/www.manaus.am.gov.br\/implurb\/prefeitura-implurb-expansaoindustrial\/","name":"Novos projetos industriais j\u00e1 somam mais de 212 mil metros quadrados licenciados pela Prefeitura de Manaus em 2026","isPartOf":{"@id":"https:\/\/www.manaus.am.gov.br\/implurb\/#website"},"primaryImageOfPage":{"@id":"https:\/\/www.manaus.am.gov.br\/implurb\/prefeitura-implurb-expansaoindustrial\/#primaryimage"},"image":{"@id":"https:\/\/www.manaus.am.gov.br\/implurb\/prefeitura-implurb-expansaoindustrial\/#primaryimage"},"thumbnailUrl":"https:\/\/www.manaus.am.gov.br\/implurb\/wp-content\/uploads\/sites\/13\/2026\/08\/WhatsApp-Image-2026-08-28-at-13.28.42.jpeg","datePublished":"2026-08-28T17:37:17+00:00","dateModified":"2026-08-28T17:37:42+00:00","author":{"@id":"https:\/\/www.manaus.am.gov.br\/implurb\/#\/schema\/person\/4e49f4e267757a06ca072ec61b2b9968"},"description":"A capital amazonense come\u00e7a a desenhar, no territ\u00f3rio, uma nova etapa de expans\u00e3o industrial. De janeiro a julho de 2026, a Prefeitura de Manaus, por meio do Instituto Municipal de Planejamento Urbano (Implurb), licenciou mais de 212,8 mil metros quadrados em novos alvar\u00e1s destinados a projetos industriais.","breadcrumb":{"@id":"https:\/\/www.manaus.am.gov.br\/implurb\/prefeitura-implurb-expansaoindustrial\/#breadcrumb"},"inLanguage":"pt-BR","potentialAction":[{"@type":"ReadAction","target":["https:\/\/www.manaus.am.gov.br\/implurb\/prefeitura-implurb-expansaoindustrial\/"]}]},{"@type":"ImageObject","inLanguage":"pt-BR","@id":"https:\/\/www.manaus.am.gov.br\/implurb\/prefeitura-implurb-expansaoindustrial\/#primaryimage","url":"https:\/\/www.manaus.am.gov.br\/implurb\/wp-content\/uploads\/sites\/13\/2026\/08\/WhatsApp-Image-2026-08-28-at-13.28.42.jpeg","contentUrl":"https:\/\/www.manaus.am.gov.br\/implurb\/wp-content\/uploads\/sites\/13\/2026\/08\/WhatsApp-Image-2026-08-28-at-13.28.42.jpeg","width":1280,"height":960,"caption":"#paratodosverem - Diretor-presidente do Implurb, Antonio Peixoto, em reuni\u00e3o sobre expans\u00e3o industrial e desenvolvimento urbano"},{"@type":"BreadcrumbList","@id":"https:\/\/www.manaus.am.gov.br\/implurb\/prefeitura-implurb-expansaoindustrial\/#breadcrumb","itemListElement":[{"@type":"ListItem","position":1,"name":"Home","item":"https:\/\/www.manaus.am.gov.br\/implurb\/"},{"@type":"ListItem","position":2,"name":"Novos projetos industriais somam mais de 212 mil metros quadrados licenciados pela Prefeitura de Manaus em 2026"}]},{"@type":"WebSite","@id":"https:\/\/www.manaus.am.gov.br\/implurb\/#website","url":"https:\/\/www.manaus.am.gov.br\/implurb\/","name":"IMPLURB","description":"Prefeitura de Manaus","potentialAction":[{"@type":"SearchAction","target":{"@type":"EntryPoint","urlTemplate":"https:\/\/www.manaus.am.gov.br\/implurb\/?s={search_term_string}"},"query-input":"required name=search_term_string"}],"inLanguage":"pt-BR"},{"@type":"Person","@id":"https:\/\/www.manaus.am.gov.br\/implurb\/#\/schema\/person\/4e49f4e267757a06ca072ec61b2b9968","name":"Adriana Costa","image":{"@type":"ImageObject","inLanguage":"pt-BR","@id":"https:\/\/www.manaus.am.gov.br\/implurb\/#\/schema\/person\/image\/","url":"https:\/\/secure.gravatar.com\/avatar\/576258617ef7194f718179e766d57bd4?s=96&d=mm&r=g","contentUrl":"https:\/\/secure.gravatar.com\/avatar\/576258617ef7194f718179e766d57bd4?s=96&d=mm&r=g","caption":"Adriana Costa"}}]}},"_links":{"self":[{"href":"https:\/\/www.manaus.am.gov.br\/implurb\/wp-json\/wp\/v2\/posts\/9429"}],"collection":[{"href":"https:\/\/www.manaus.am.gov.br\/implurb\/wp-json\/wp\/v2\/posts"}],"about":[{"href":"https:\/\/www.manaus.am.gov.br\/implurb\/wp-json\/wp\/v2\/types\/post"}],"author":[{"embeddable":true,"href":"https:\/\/www.manaus.am.gov.br\/implurb\/wp-json\/wp\/v2\/users\/23"}],"replies":[{"embeddable":true,"href":"https:\/\/www.manaus.am.gov.br\/implurb\/wp-json\/wp\/v2\/comments?post=9429"}],"version-history":[{"count":1,"href":"https:\/\/www.manaus.am.gov.br\/implurb\/wp-json\/wp\/v2\/posts\/9429\/revisions"}],"predecessor-version":[{"id":9431,"href":"https:\/\/www.manaus.am.gov.br\/implurb\/wp-json\/wp\/v2\/posts\/9429\/revisions\/9431"}],"wp:featuredmedia":[{"embeddable":true,"href":"https:\/\/www.manaus.am.gov.br\/implurb\/wp-json\/wp\/v2\/media\/9430"}],"wp:attachment":[{"href":"https:\/\/www.manaus.am.gov.br\/implurb\/wp-json\/wp\/v2\/media?parent=9429"}],"wp:term":[{"taxonomy":"category","embeddable":true,"href":"https:\/\/www.manaus.am.gov.br\/implurb\/wp-json\/wp\/v2\/categories?post=9429"},{"taxonomy":"post_tag","embeddable":true,"href":"https:\/\/www.manaus.am.gov.br\/implurb\/wp-json\/wp\/v2\/tags?post=9429"}],"curies":[{"name":"wp","href":"https:\/\/api.w.org\/{rel}","templated":true}]}}