{"id":9417,"date":"2026-08-27T12:59:09","date_gmt":"2026-08-27T16:59:09","guid":{"rendered":"https:\/\/www.manaus.am.gov.br\/implurb\/debate-nacional-futuro-das-cidades-porto-alegre\/"},"modified":"2026-08-27T13:41:25","modified_gmt":"2026-08-27T17:41:25","slug":"debate-nacional-futuro-das-cidades-porto-alegre","status":"publish","type":"post","link":"https:\/\/www.manaus.am.gov.br\/implurb\/debate-nacional-futuro-das-cidades-porto-alegre\/","title":{"rendered":"Prefeitura de Manaus participa de debate nacional sobre o futuro das cidades durante encontro de urbanismo em Porto Alegre"},"content":{"rendered":"\n<p>A <a href=\"https:\/\/www.manaus.am.gov.br\/\">Prefeitura de Manaus<\/a> marca presen\u00e7a, nesta quinta-feira, 27\/8, em uma das principais discuss\u00f5es nacionais sobre os caminhos do desenvolvimento urbano. O vice-presidente do <a href=\"https:\/\/www.instagram.com\/implurb\/\">Instituto Municipal de Planejamento Urbano<\/a> (Implurb), arquiteto e urbanista Pedro Paulo Cordeiro, participa, em Porto Alegre (RS), do 4\u00ba Encontro Cidades Responsivas, que re\u00fane representantes do poder p\u00fablico, mercado e academia para discutir como as cidades podem responder aos desafios contempor\u00e2neos e se preparar para o futuro.<\/p>\n\n\n\n<p>Realizado no Instituto Caldeira, o encontro parte de uma premissa que coloca o territ\u00f3rio no centro da discuss\u00e3o: a cidade \u00e9 um sistema de agentes. A proposta \u00e9 aproximar quem planeja, quem administra, quem investe e quem pesquisa para construir respostas mais integradas aos desafios urbanos, considerando dimens\u00f5es econ\u00f4micas, sociais e ambientais.<\/p>\n\n\n\n<p>A participa\u00e7\u00e3o de Manaus refor\u00e7a a presen\u00e7a da capital amazonense em f\u00f3runs nacionais voltados ao planejamento urbano e \u00e0 transforma\u00e7\u00e3o das cidades. Nos \u00faltimos meses, representantes do Implurb t\u00eam levado experi\u00eancias desenvolvidas na capital para debates sobre revitaliza\u00e7\u00e3o de \u00e1reas centrais, patrim\u00f4nio hist\u00f3rico, economia criativa, turismo e desenvolvimento urbano.<\/p>\n\n\n\n<p>Para Pedro Paulo, estar nesses espa\u00e7os permite n\u00e3o apenas apresentar o que Manaus vem fazendo, mas tamb\u00e9m acompanhar experi\u00eancias e conceitos que podem contribuir para o planejamento da capital.<\/p>\n\n\n\n<p>\u201cPensar o futuro das cidades exige compreender que o territ\u00f3rio est\u00e1 em permanente transforma\u00e7\u00e3o e que nenhum agente consegue responder sozinho aos desafios urbanos. O poder p\u00fablico precisa ouvir a sociedade, dialogar com a iniciativa privada, aproximar-se da academia e, principalmente, compreender os dados e a din\u00e2mica real da cidade. \u00c9 essa integra\u00e7\u00e3o que permite transformar planejamento em a\u00e7\u00f5es capazes de melhorar a vida das pessoas\u201d, afirmou.<\/p>\n\n\n\n<p><strong>Olhar para a cidade real<\/strong><\/p>\n\n\n\n<p>A programa\u00e7\u00e3o do encontro est\u00e1 organizada em dois grandes eixos. O primeiro trata da compreens\u00e3o da realidade urbana, com discuss\u00f5es sobre intelig\u00eancia projetual e urbana, dados territoriais e desenvolvimento transformador. O segundo aborda instrumentos capazes de viabilizar mudan\u00e7as, incluindo modelos emergentes, financiamento, governan\u00e7a e colabora\u00e7\u00e3o entre diferentes setores.<\/p>\n\n\n\n<p>Entre os convidados internacionais est\u00e1 o urbanista franc\u00eas Alain Bertaud, ex-urbanista-chefe do Banco Mundial e pesquisador do Marron Institute, da Universidade de Nova York (NYU). Em entrevista publicada nesta quinta-feira, 27\/8, Bertaud defendeu uma mudan\u00e7a na forma de pensar a competi\u00e7\u00e3o entre cidades, afirmando que, no futuro, elas dever\u00e3o disputar pessoas, e n\u00e3o apenas empregos.<\/p>\n\n\n\n<p>A reflex\u00e3o dialoga com uma quest\u00e3o cada vez mais presente no planejamento urbano: como criar cidades capazes de oferecer condi\u00e7\u00f5es para que as pessoas queiram viver, trabalhar, circular, permanecer e construir suas vidas naquele territ\u00f3rio?<\/p>\n\n\n\n<p>Outro destaque da programa\u00e7\u00e3o \u00e9 Isabel Castilla, do escrit\u00f3rio Field Operations, de Nova York, respons\u00e1vel por projetos internacionais de transforma\u00e7\u00e3o de espa\u00e7os p\u00fablicos, enquanto Carlo Ratti, diretor do MIT Senseable City Lab, participa do encerramento do encontro. A programa\u00e7\u00e3o tamb\u00e9m inclui pain\u00e9is, masterclasses, workshops, caminhadas urbanas e apresenta\u00e7\u00e3o do Mapa de Iniciativas Urbanas.<\/p>\n\n\n\n<p><strong>Manaus no circuito das cidades que pensam o futuro<\/strong><\/p>\n\n\n\n<p>A participa\u00e7\u00e3o de Pedro Paulo ocorre em continuidade a uma agenda que vem colocando Manaus em discuss\u00f5es nacionais e internacionais sobre planejamento urbano. Em maio deste ano, o arquiteto e urbanista representou a capital amazonense em Porto Alegre durante o 4\u00ba Encontro Internacional de Urbanismo em \u00c1reas Centrais, apresentando experi\u00eancias do programa \u201cNosso Centro\u201d relacionadas \u00e0 economia criativa e \u00e0 vitalidade urbana.<\/p>\n\n\n\n<p>A participa\u00e7\u00e3o naquele encontro tamb\u00e9m contribuiu para a escolha de Manaus como sede da edi\u00e7\u00e3o de 2027 do evento internacional, que dever\u00e1 reunir representantes brasileiros e convidados estrangeiros para discutir planejamento urbano, patrim\u00f4nio, turismo, economia criativa e desenvolvimento das \u00e1reas centrais.<\/p>\n\n\n\n<p>Agora, no Cidades Responsivas, a capital amazonense amplia essa presen\u00e7a para um debate ainda mais abrangente: o futuro das cidades e a capacidade de diferentes agentes trabalharem juntos para transformar territ\u00f3rios.<\/p>\n\n\n\n<p>\u201cManaus tem uma realidade urbana muito pr\u00f3pria, com desafios e potencialidades que precisam ser compreendidos a partir do nosso territ\u00f3rio. Participar de encontros como este nos permite trocar experi\u00eancias, conhecer solu\u00e7\u00f5es que est\u00e3o sendo desenvolvidas em outras cidades e, ao mesmo tempo, mostrar que Manaus tamb\u00e9m tem produzido conhecimento e pr\u00e1ticas importantes de planejamento urbano. O futuro das cidades passa por essa capacidade de aprender, adaptar e construir coletivamente\u201d, destacou Pedro Paulo.<\/p>\n\n\n\n<p>A experi\u00eancia da capital amazonense, com o prefeito Renato Junior \u00e0 frente, vem sendo marcada por projetos que buscam articular planejamento urbano, patrim\u00f4nio, paisagismo, espa\u00e7o p\u00fablico, cultura, turismo e atividade econ\u00f4mica. \u00c9 o caso das interven\u00e7\u00f5es do programa \u201cNosso Centro\u201d, que tem entre suas frentes a requalifica\u00e7\u00e3o de espa\u00e7os p\u00fablicos e a recupera\u00e7\u00e3o da vitalidade urbana da regi\u00e3o hist\u00f3rica.<\/p>\n\n\n\n<p>Nesse cen\u00e1rio, a participa\u00e7\u00e3o em f\u00f3runs como o Cidades Responsivas amplia a troca de conhecimento e coloca Manaus em contato direto com profissionais e gestores que discutem modelos de cidade para as pr\u00f3ximas d\u00e9cadas.<\/p>\n\n\n\n<figure class=\"wp-block-image size-large\"><img decoding=\"async\" src=\"https:\/\/www.manaus.am.gov.br\/implurb\/wp-content\/uploads\/sites\/13\/2026\/08\/WhatsApp-Image-2026-08-27-at-12.54.25-5-1024x598.jpeg\" alt=\"\" class=\"wp-image-9419\" \/><figcaption class=\"wp-element-caption\">#paratodosverem &#8211; Evento<\/figcaption><\/figure>\n\n\n\n<p>&#8212; &#8212; &#8212;<\/p>\n\n\n\n<p><strong>Texto<\/strong>&nbsp;\u2013 Cl\u00e1udia do Valle\/Implurb<\/p>\n\n\n\n<p><strong>Fotos &#8211;&nbsp;<\/strong>Divulga\u00e7\u00e3o\/Implurb<\/p>\n","protected":false},"excerpt":{"rendered":"","protected":false},"author":39,"featured_media":9418,"comment_status":"closed","ping_status":"closed","sticky":false,"template":"","format":"standard","meta":{"footnotes":""},"categories":[114],"tags":[2431,2432,2433,11,2434,15],"acf":[],"yoast_head":"<!-- This site is optimized with the Yoast SEO plugin v23.0 - https:\/\/yoast.com\/wordpress\/plugins\/seo\/ -->\n<title>Prefeitura de Manaus participa de debate nacional sobre o futuro das cidades durante encontro de urbanismo em Porto Alegre<\/title>\n<meta name=\"description\" content=\"Prefeitura de Manaus participa de debate nacional sobre o futuro das cidades durante encontro de urbanismo em Porto Alegre.\" \/>\n<meta name=\"robots\" content=\"noindex, follow\" \/>\n<meta property=\"og:locale\" content=\"pt_BR\" \/>\n<meta property=\"og:type\" content=\"article\" \/>\n<meta property=\"og:title\" content=\"Prefeitura de Manaus participa de debate nacional sobre o futuro das cidades durante encontro de urbanismo em Porto Alegre\" \/>\n<meta property=\"og:description\" content=\"Prefeitura de Manaus participa de debate nacional sobre o futuro das cidades durante encontro de urbanismo em Porto Alegre.\" \/>\n<meta property=\"og:url\" content=\"https:\/\/www.manaus.am.gov.br\/implurb\/debate-nacional-futuro-das-cidades-porto-alegre\/\" \/>\n<meta property=\"og:site_name\" content=\"IMPLURB\" \/>\n<meta property=\"article:published_time\" content=\"2026-08-27T16:59:09+00:00\" \/>\n<meta property=\"article:modified_time\" content=\"2026-08-27T17:41:25+00:00\" \/>\n<meta property=\"og:image\" content=\"https:\/\/www.manaus.am.gov.br\/implurb\/wp-content\/uploads\/sites\/13\/2026\/08\/WhatsApp-Image-2026-08-27-at-12.54.25-4.jpeg\" \/>\n\t<meta property=\"og:image:width\" content=\"1290\" \/>\n\t<meta property=\"og:image:height\" content=\"754\" \/>\n\t<meta property=\"og:image:type\" content=\"image\/jpeg\" \/>\n<meta name=\"author\" content=\"Bruna Greco\" \/>\n<meta name=\"twitter:card\" content=\"summary_large_image\" \/>\n<meta name=\"twitter:label1\" content=\"Written by\" \/>\n\t<meta name=\"twitter:data1\" content=\"Bruna Greco\" \/>\n\t<meta name=\"twitter:label2\" content=\"Est. reading time\" \/>\n\t<meta name=\"twitter:data2\" content=\"5 minutos\" \/>\n<script type=\"application\/ld+json\" class=\"yoast-schema-graph\">{\"@context\":\"https:\/\/schema.org\",\"@graph\":[{\"@type\":\"WebPage\",\"@id\":\"https:\/\/www.manaus.am.gov.br\/implurb\/debate-nacional-futuro-das-cidades-porto-alegre\/\",\"url\":\"https:\/\/www.manaus.am.gov.br\/implurb\/debate-nacional-futuro-das-cidades-porto-alegre\/\",\"name\":\"Prefeitura de Manaus participa de debate nacional sobre o futuro das cidades durante encontro de urbanismo em Porto Alegre\",\"isPartOf\":{\"@id\":\"https:\/\/www.manaus.am.gov.br\/implurb\/#website\"},\"primaryImageOfPage\":{\"@id\":\"https:\/\/www.manaus.am.gov.br\/implurb\/debate-nacional-futuro-das-cidades-porto-alegre\/#primaryimage\"},\"image\":{\"@id\":\"https:\/\/www.manaus.am.gov.br\/implurb\/debate-nacional-futuro-das-cidades-porto-alegre\/#primaryimage\"},\"thumbnailUrl\":\"https:\/\/www.manaus.am.gov.br\/implurb\/wp-content\/uploads\/sites\/13\/2026\/08\/WhatsApp-Image-2026-08-27-at-12.54.25-4.jpeg\",\"datePublished\":\"2026-08-27T16:59:09+00:00\",\"dateModified\":\"2026-08-27T17:41:25+00:00\",\"author\":{\"@id\":\"https:\/\/www.manaus.am.gov.br\/implurb\/#\/schema\/person\/05d223aea2bf115f9883a6ff3683d81b\"},\"description\":\"Prefeitura de Manaus participa de debate nacional sobre o futuro das cidades durante encontro de urbanismo em Porto Alegre.\",\"breadcrumb\":{\"@id\":\"https:\/\/www.manaus.am.gov.br\/implurb\/debate-nacional-futuro-das-cidades-porto-alegre\/#breadcrumb\"},\"inLanguage\":\"pt-BR\",\"potentialAction\":[{\"@type\":\"ReadAction\",\"target\":[\"https:\/\/www.manaus.am.gov.br\/implurb\/debate-nacional-futuro-das-cidades-porto-alegre\/\"]}]},{\"@type\":\"ImageObject\",\"inLanguage\":\"pt-BR\",\"@id\":\"https:\/\/www.manaus.am.gov.br\/implurb\/debate-nacional-futuro-das-cidades-porto-alegre\/#primaryimage\",\"url\":\"https:\/\/www.manaus.am.gov.br\/implurb\/wp-content\/uploads\/sites\/13\/2026\/08\/WhatsApp-Image-2026-08-27-at-12.54.25-4.jpeg\",\"contentUrl\":\"https:\/\/www.manaus.am.gov.br\/implurb\/wp-content\/uploads\/sites\/13\/2026\/08\/WhatsApp-Image-2026-08-27-at-12.54.25-4.jpeg\",\"width\":1290,\"height\":754,\"caption\":\"#paratodosverem - 4\u00ba Encontro Cidades Responsivas em Porto Alegre\"},{\"@type\":\"BreadcrumbList\",\"@id\":\"https:\/\/www.manaus.am.gov.br\/implurb\/debate-nacional-futuro-das-cidades-porto-alegre\/#breadcrumb\",\"itemListElement\":[{\"@type\":\"ListItem\",\"position\":1,\"name\":\"Home\",\"item\":\"https:\/\/www.manaus.am.gov.br\/implurb\/\"},{\"@type\":\"ListItem\",\"position\":2,\"name\":\"Prefeitura de Manaus participa de debate nacional sobre o futuro das cidades durante encontro de urbanismo em Porto Alegre\"}]},{\"@type\":\"WebSite\",\"@id\":\"https:\/\/www.manaus.am.gov.br\/implurb\/#website\",\"url\":\"https:\/\/www.manaus.am.gov.br\/implurb\/\",\"name\":\"IMPLURB\",\"description\":\"Prefeitura de Manaus\",\"potentialAction\":[{\"@type\":\"SearchAction\",\"target\":{\"@type\":\"EntryPoint\",\"urlTemplate\":\"https:\/\/www.manaus.am.gov.br\/implurb\/?s={search_term_string}\"},\"query-input\":\"required name=search_term_string\"}],\"inLanguage\":\"pt-BR\"},{\"@type\":\"Person\",\"@id\":\"https:\/\/www.manaus.am.gov.br\/implurb\/#\/schema\/person\/05d223aea2bf115f9883a6ff3683d81b\",\"name\":\"Bruna Greco\",\"image\":{\"@type\":\"ImageObject\",\"inLanguage\":\"pt-BR\",\"@id\":\"https:\/\/www.manaus.am.gov.br\/implurb\/#\/schema\/person\/image\/\",\"url\":\"https:\/\/secure.gravatar.com\/avatar\/9c877d1a6adc2a055330e5c09a8653ce?s=96&d=mm&r=g\",\"contentUrl\":\"https:\/\/secure.gravatar.com\/avatar\/9c877d1a6adc2a055330e5c09a8653ce?s=96&d=mm&r=g\",\"caption\":\"Bruna Greco\"}}]}<\/script>\n<!-- \/ Yoast SEO plugin. -->","yoast_head_json":{"title":"Prefeitura de Manaus participa de debate nacional sobre o futuro das cidades durante encontro de urbanismo em Porto Alegre","description":"Prefeitura de Manaus participa de debate nacional sobre o futuro das cidades durante encontro de urbanismo em Porto Alegre.","robots":{"index":"noindex","follow":"follow"},"og_locale":"pt_BR","og_type":"article","og_title":"Prefeitura de Manaus participa de debate nacional sobre o futuro das cidades durante encontro de urbanismo em Porto Alegre","og_description":"Prefeitura de Manaus participa de debate nacional sobre o futuro das cidades durante encontro de urbanismo em Porto Alegre.","og_url":"https:\/\/www.manaus.am.gov.br\/implurb\/debate-nacional-futuro-das-cidades-porto-alegre\/","og_site_name":"IMPLURB","article_published_time":"2026-08-27T16:59:09+00:00","article_modified_time":"2026-08-27T17:41:25+00:00","og_image":[{"width":1290,"height":754,"url":"https:\/\/www.manaus.am.gov.br\/implurb\/wp-content\/uploads\/sites\/13\/2026\/08\/WhatsApp-Image-2026-08-27-at-12.54.25-4.jpeg","type":"image\/jpeg"}],"author":"Bruna Greco","twitter_card":"summary_large_image","twitter_misc":{"Written by":"Bruna Greco","Est. reading time":"5 minutos"},"schema":{"@context":"https:\/\/schema.org","@graph":[{"@type":"WebPage","@id":"https:\/\/www.manaus.am.gov.br\/implurb\/debate-nacional-futuro-das-cidades-porto-alegre\/","url":"https:\/\/www.manaus.am.gov.br\/implurb\/debate-nacional-futuro-das-cidades-porto-alegre\/","name":"Prefeitura de Manaus participa de debate nacional sobre o futuro das cidades durante encontro de urbanismo em Porto Alegre","isPartOf":{"@id":"https:\/\/www.manaus.am.gov.br\/implurb\/#website"},"primaryImageOfPage":{"@id":"https:\/\/www.manaus.am.gov.br\/implurb\/debate-nacional-futuro-das-cidades-porto-alegre\/#primaryimage"},"image":{"@id":"https:\/\/www.manaus.am.gov.br\/implurb\/debate-nacional-futuro-das-cidades-porto-alegre\/#primaryimage"},"thumbnailUrl":"https:\/\/www.manaus.am.gov.br\/implurb\/wp-content\/uploads\/sites\/13\/2026\/08\/WhatsApp-Image-2026-08-27-at-12.54.25-4.jpeg","datePublished":"2026-08-27T16:59:09+00:00","dateModified":"2026-08-27T17:41:25+00:00","author":{"@id":"https:\/\/www.manaus.am.gov.br\/implurb\/#\/schema\/person\/05d223aea2bf115f9883a6ff3683d81b"},"description":"Prefeitura de Manaus participa de debate nacional sobre o futuro das cidades durante encontro de urbanismo em Porto Alegre.","breadcrumb":{"@id":"https:\/\/www.manaus.am.gov.br\/implurb\/debate-nacional-futuro-das-cidades-porto-alegre\/#breadcrumb"},"inLanguage":"pt-BR","potentialAction":[{"@type":"ReadAction","target":["https:\/\/www.manaus.am.gov.br\/implurb\/debate-nacional-futuro-das-cidades-porto-alegre\/"]}]},{"@type":"ImageObject","inLanguage":"pt-BR","@id":"https:\/\/www.manaus.am.gov.br\/implurb\/debate-nacional-futuro-das-cidades-porto-alegre\/#primaryimage","url":"https:\/\/www.manaus.am.gov.br\/implurb\/wp-content\/uploads\/sites\/13\/2026\/08\/WhatsApp-Image-2026-08-27-at-12.54.25-4.jpeg","contentUrl":"https:\/\/www.manaus.am.gov.br\/implurb\/wp-content\/uploads\/sites\/13\/2026\/08\/WhatsApp-Image-2026-08-27-at-12.54.25-4.jpeg","width":1290,"height":754,"caption":"#paratodosverem - 4\u00ba Encontro Cidades Responsivas em Porto Alegre"},{"@type":"BreadcrumbList","@id":"https:\/\/www.manaus.am.gov.br\/implurb\/debate-nacional-futuro-das-cidades-porto-alegre\/#breadcrumb","itemListElement":[{"@type":"ListItem","position":1,"name":"Home","item":"https:\/\/www.manaus.am.gov.br\/implurb\/"},{"@type":"ListItem","position":2,"name":"Prefeitura de Manaus participa de debate nacional sobre o futuro das cidades durante encontro de urbanismo em Porto Alegre"}]},{"@type":"WebSite","@id":"https:\/\/www.manaus.am.gov.br\/implurb\/#website","url":"https:\/\/www.manaus.am.gov.br\/implurb\/","name":"IMPLURB","description":"Prefeitura de Manaus","potentialAction":[{"@type":"SearchAction","target":{"@type":"EntryPoint","urlTemplate":"https:\/\/www.manaus.am.gov.br\/implurb\/?s={search_term_string}"},"query-input":"required name=search_term_string"}],"inLanguage":"pt-BR"},{"@type":"Person","@id":"https:\/\/www.manaus.am.gov.br\/implurb\/#\/schema\/person\/05d223aea2bf115f9883a6ff3683d81b","name":"Bruna Greco","image":{"@type":"ImageObject","inLanguage":"pt-BR","@id":"https:\/\/www.manaus.am.gov.br\/implurb\/#\/schema\/person\/image\/","url":"https:\/\/secure.gravatar.com\/avatar\/9c877d1a6adc2a055330e5c09a8653ce?s=96&d=mm&r=g","contentUrl":"https:\/\/secure.gravatar.com\/avatar\/9c877d1a6adc2a055330e5c09a8653ce?s=96&d=mm&r=g","caption":"Bruna Greco"}}]}},"_links":{"self":[{"href":"https:\/\/www.manaus.am.gov.br\/implurb\/wp-json\/wp\/v2\/posts\/9417"}],"collection":[{"href":"https:\/\/www.manaus.am.gov.br\/implurb\/wp-json\/wp\/v2\/posts"}],"about":[{"href":"https:\/\/www.manaus.am.gov.br\/implurb\/wp-json\/wp\/v2\/types\/post"}],"author":[{"embeddable":true,"href":"https:\/\/www.manaus.am.gov.br\/implurb\/wp-json\/wp\/v2\/users\/39"}],"replies":[{"embeddable":true,"href":"https:\/\/www.manaus.am.gov.br\/implurb\/wp-json\/wp\/v2\/comments?post=9417"}],"version-history":[{"count":3,"href":"https:\/\/www.manaus.am.gov.br\/implurb\/wp-json\/wp\/v2\/posts\/9417\/revisions"}],"predecessor-version":[{"id":9423,"href":"https:\/\/www.manaus.am.gov.br\/implurb\/wp-json\/wp\/v2\/posts\/9417\/revisions\/9423"}],"wp:featuredmedia":[{"embeddable":true,"href":"https:\/\/www.manaus.am.gov.br\/implurb\/wp-json\/wp\/v2\/media\/9418"}],"wp:attachment":[{"href":"https:\/\/www.manaus.am.gov.br\/implurb\/wp-json\/wp\/v2\/media?parent=9417"}],"wp:term":[{"taxonomy":"category","embeddable":true,"href":"https:\/\/www.manaus.am.gov.br\/implurb\/wp-json\/wp\/v2\/categories?post=9417"},{"taxonomy":"post_tag","embeddable":true,"href":"https:\/\/www.manaus.am.gov.br\/implurb\/wp-json\/wp\/v2\/tags?post=9417"}],"curies":[{"name":"wp","href":"https:\/\/api.w.org\/{rel}","templated":true}]}}