{"id":9415,"date":"2026-08-27T10:08:06","date_gmt":"2026-08-27T14:08:06","guid":{"rendered":"https:\/\/www.manaus.am.gov.br\/implurb\/prefeitura-implurb-ferreirapena-apoio\/"},"modified":"2026-08-27T13:32:58","modified_gmt":"2026-08-27T17:32:58","slug":"prefeitura-implurb-ferreira-pena-apoio-rua-gastronomica","status":"publish","type":"post","link":"https:\/\/www.manaus.am.gov.br\/implurb\/prefeitura-implurb-ferreira-pena-apoio-rua-gastronomica\/","title":{"rendered":"Ferreira Pena ganha obras da primeira \u2018Rua Gastron\u00f4mica\u2019 com apoio de empreendedores a projeto da Prefeitura de Manaus"},"content":{"rendered":"\n<p>Com a instala\u00e7\u00e3o dos tapumes e o in\u00edcio do canteiro de obras, a rua Ferreira Pena come\u00e7ou, na quarta-feira, 26\/8, uma nova etapa de sua hist\u00f3ria. A via que nos \u00faltimos anos voltou a ganhar movimento com bares, restaurantes, eventos e novos neg\u00f3cios come\u00e7a a ser transformada pela <a href=\"https:\/\/www.manaus.am.gov.br\/\">Prefeitura de Manaus<\/a> em um espa\u00e7o pensado para permanecer, caminhar, comer, conversar e viver a cidade.<\/p>\n\n\n\n<p>A interven\u00e7\u00e3o, entre as ruas 10 de Julho e Ramos Ferreira, dar\u00e1 origem \u00e0 primeira \u201cRua Gastron\u00f4mica\u201d de Manaus, com previs\u00e3o de entrega em novembro. Mais do que recuperar uma via desgastada naturalmente pelo tempo, o projeto acompanha uma transforma\u00e7\u00e3o que j\u00e1 vinha acontecendo de forma espont\u00e2nea: empreendedores voltaram a apostar no Centro, casar\u00f5es come\u00e7aram a ser recuperados e a Ferreira Pena passou a pulsar especialmente no per\u00edodo noturno.<\/p>\n\n\n\n<p>\u00c9 justamente essa hist\u00f3ria recente que ajuda a explicar o apoio dos empres\u00e1rios ao projeto. Para eles, a obra p\u00fablica chega como uma parceria capaz de organizar, qualificar e ampliar um movimento que come\u00e7ou na pr\u00f3pria iniciativa privada.<\/p>\n\n\n\n<p>\u201cPara n\u00f3s, empres\u00e1rios e empreendedores aqui da Ferreira Pena, esse projeto representa o reconhecimento de um movimento constru\u00eddo coletivamente. L\u00e1 em 2024, sentamos, pela primeira vez, para dialogar sobre as possibilidades para essa rua. Com a chegada do Sarar\u00e1 e o movimento que passamos a gerar, outros empreendedores chegaram, novos neg\u00f3cios abriram e a Ferreira Pena foi sendo ocupada pelas pessoas\u201d, afirmou a s\u00f3cia do bar Sarar\u00e1, Fab\u00edola Kimura.<\/p>\n\n\n\n<p>Segundo ela, o crescimento dos neg\u00f3cios precisa ser acompanhado por um espa\u00e7o preparado para receber esse novo p\u00fablico. \u201cTodo grande movimento precisa tamb\u00e9m de ordenamento p\u00fablico para crescer com qualidade, seguran\u00e7a e organiza\u00e7\u00e3o. Ficamos felizes que a Prefeitura de Manaus tenha compreendido que investir na Ferreira Pena \u00e9 muito mais que revitalizar uma via. \u00c9 reconhecer a cultura como um potente agente de transforma\u00e7\u00e3o social e econ\u00f4mica, capaz de movimentar uma cadeia inteira de trabalhadores, empreendedores e artistas. O centro de Manaus n\u00e3o precisa apenas ser lembrado pela sua hist\u00f3ria, ele precisa estar vivo. E a Ferreira Pena j\u00e1 pulsa aqui. Agora, esse investimento chega para fortalecer e qualificar o que vem sendo constru\u00eddo\u201d, ressaltou.<\/p>\n\n\n\n<p><strong>A rua como lugar de ficar<\/strong><\/p>\n\n\n\n<p>A proposta parte de uma mudan\u00e7a simples, mas profunda: tirar o espa\u00e7o p\u00fablico da l\u00f3gica exclusiva de circula\u00e7\u00e3o e devolv\u00ea-lo tamb\u00e9m \u00e0 conviv\u00eancia. O projeto prev\u00ea aproximadamente 190 metros de interven\u00e7\u00e3o e 3.800 metros quadrados de \u00e1rea transformada, com plataforma \u00fanica, novas cal\u00e7adas, piso intertravado, pedra quartzito natural antiderrapante, acessibilidade, mobili\u00e1rio urbano, paisagismo e ilumina\u00e7\u00e3o c\u00eanica. As 17 \u00e1rvores existentes ser\u00e3o preservadas, contribuindo para o conforto t\u00e9rmico e a qualidade ambiental do novo boulevard.<\/p>\n\n\n\n<p>Ao final da obra, a Ferreira Pena ser\u00e1 fechada permanentemente ao tr\u00e1fego de ve\u00edculos e funcionar\u00e1 como boulevard para pedestres, com \u00e1reas de circula\u00e7\u00e3o, conviv\u00eancia e instala\u00e7\u00e3o de mesas e cadeiras de bares e restaurantes.<\/p>\n\n\n\n<p>Para a empres\u00e1ria Verenna Val\u00e9rio, da casa Coyote Loco, a transforma\u00e7\u00e3o representa a possibilidade de recuperar tamb\u00e9m uma experi\u00eancia que faz parte da identidade da rua. \u201cRepresenta ordenamento local, recome\u00e7o e esperan\u00e7a de que essa regi\u00e3o ir\u00e1 trazer de volta nossos clientes bo\u00eamios, que apreciam tomar uma cerveja gelada no fim de tarde, acompanhados de sua fam\u00edlia, com seguran\u00e7a e tranquilidade\u201d, ressaltou.<\/p>\n\n\n\n<p>A ideia de criar espa\u00e7os urbanos em que as pessoas possam permanecer, e n\u00e3o apenas passar, j\u00e1 faz parte de experi\u00eancias recentes em grandes cidades.<\/p>\n\n\n\n<p>\u201c\u00c9 uma tend\u00eancia urbana. Cidades grandes precisam criar lugares confort\u00e1veis para as pessoas caminharem, encontrarem outras pessoas, consumirem, descansarem e experimentarem a pr\u00f3pria cidade. Manaus, com mais de 2 milh\u00f5es de habitantes, tamb\u00e9m precisa se permitir esse movimento. A Ferreira Pena pode ser um desses pequenos espa\u00e7os capazes de provocar uma mudan\u00e7a maior na rela\u00e7\u00e3o da popula\u00e7\u00e3o com o Centro\u201d, comentou o diretor-presidente do Instituto Municipal de Planejamento Urbano (Implurb), Antonio Peixoto. O \u00f3rg\u00e3o assina o projeto arquitet\u00f4nico e urban\u00edstico.<\/p>\n\n\n\n<p><strong>Quem empreende tamb\u00e9m aposta<\/strong><\/p>\n\n\n\n<p>O apoio dos empreendedores refor\u00e7a o car\u00e1ter de constru\u00e7\u00e3o conjunta da nova Ferreira Pena. O presidente da Associa\u00e7\u00e3o dos Empres\u00e1rios do Amazonas (Asseam) e empres\u00e1rio da regi\u00e3o, Gerson Sampaio, considera o in\u00edcio das obras um marco para o Centro.<\/p>\n\n\n\n<p>\u201c\u00c9 um dia importante para Manaus e para todos que acreditam no potencial do Centro. A Ferreira Pena inicia uma nova etapa com as obras da \u2018Rua Gastron\u00f4mica\u2019. Essa obra representa valoriza\u00e7\u00e3o, desenvolvimento, novas oportunidades e a retomada do protagonismo do centro de Manaus, do polo de gastronomia e conviv\u00eancia\u201d, afirmou.<\/p>\n\n\n\n<p>A vis\u00e3o tamb\u00e9m \u00e9 compartilhada pelo setor de alimenta\u00e7\u00e3o. Para Franco Andrade, diretor da Associa\u00e7\u00e3o Brasileira de Bares e Restaurantes no Amazonas (Abrasel-AM), a iniciativa amplia as oportunidades para um segmento diretamente ligado \u00e0 identidade cultural e tur\u00edstica da cidade.<\/p>\n\n\n\n<p>\u201cQuem ganha com isso \u00e9 a cidade. Valoriza a cultura gastron\u00f4mica da nossa regi\u00e3o e \u00e9 o momento de fortalecer isso. \u00c9 mais um aparelho p\u00fablico que a gente consegue vislumbrar como oportunidade para o setor de alimenta\u00e7\u00e3o. Manaus concorre novamente ao selo de Cidade Criativa da Gastronomia, e isso acaba fortalecendo essa nossa candidatura, que \u00e9 um selo internacional e valoriza n\u00e3o s\u00f3 a cultura gastron\u00f4mica, mas tamb\u00e9m o turismo e a gera\u00e7\u00e3o de renda e emprego da nossa cidade\u201d, disse.<\/p>\n\n\n\n<p><strong>Nosso Centro<\/strong><\/p>\n\n\n\n<p>A proposta integra o programa \u201cNosso Centro\u201d e foi aprovada pelo Instituto do Patrim\u00f4nio Hist\u00f3rico e Art\u00edstico Nacional (Iphan), justamente por estar inserida no Centro Hist\u00f3rico de Manaus.<\/p>\n\n\n\n<p>Enquanto a obra avan\u00e7a, moradores e comerciantes continuar\u00e3o tendo acesso local aos im\u00f3veis pela rua Monsenhor Coutinho. Para os demais motoristas, a orienta\u00e7\u00e3o \u00e9 programar os deslocamentos e seguir as orienta\u00e7\u00f5es do <a href=\"https:\/\/www.instagram.com\/immu_manaus\/\">IMMU<\/a>, que realiza ajustes no tr\u00e2nsito para reduzir os impactos da interdi\u00e7\u00e3o.<\/p>\n\n\n\n<p>Em Manaus, a aposta \u00e9 que uma rua hist\u00f3rica, abra\u00e7ada por empres\u00e1rios, artistas, moradores e frequentadores, possa se tornar tamb\u00e9m um laborat\u00f3rio de uma cidade mais caminh\u00e1vel, mais confort\u00e1vel e mais viva. Porque uma capital que j\u00e1 ultrapassou a marca de 2 milh\u00f5es de habitantes precisa, cada vez mais, sair da zona de conforto, inclusive quando o assunto \u00e9 imaginar como as pessoas querem ocupar a cidade.<\/p>\n\n\n\n<p>&#8212; &#8212; &#8212;<\/p>\n\n\n\n<p><strong>Texto<\/strong>&nbsp;\u2013 Cl\u00e1udia do Valle\/ Implurb<\/p>\n\n\n\n<p><strong>Fotos<\/strong> &#8211;&nbsp;Jo\u00e3o Viana\/ Semcom<\/p>\n","protected":false},"excerpt":{"rendered":"","protected":false},"author":23,"featured_media":9416,"comment_status":"closed","ping_status":"closed","sticky":false,"template":"","format":"standard","meta":{"footnotes":""},"categories":[37],"tags":[2427,2428,2429,11,15,2430],"acf":[],"yoast_head":"<!-- This site is optimized with the Yoast SEO plugin v23.0 - https:\/\/yoast.com\/wordpress\/plugins\/seo\/ -->\n<title>Com a instala\u00e7\u00e3o dos tapumes e o in\u00edcio do canteiro de obras, a rua Ferreira Pena come\u00e7ou, na quarta-feira, 26\/8, uma nova etapa de sua hist\u00f3ria.<\/title>\n<meta name=\"description\" content=\"Com a instala\u00e7\u00e3o dos tapumes e o in\u00edcio do canteiro de obras, a rua Ferreira Pena come\u00e7ou, na quarta-feira, 26\/8, uma nova etapa de sua hist\u00f3ria.\" \/>\n<meta name=\"robots\" content=\"noindex, follow\" \/>\n<meta property=\"og:locale\" content=\"pt_BR\" \/>\n<meta property=\"og:type\" content=\"article\" \/>\n<meta property=\"og:title\" content=\"Com a instala\u00e7\u00e3o dos tapumes e o in\u00edcio do canteiro de obras, a rua Ferreira Pena come\u00e7ou, na quarta-feira, 26\/8, uma nova etapa de sua hist\u00f3ria.\" \/>\n<meta property=\"og:description\" content=\"Com a instala\u00e7\u00e3o dos tapumes e o in\u00edcio do canteiro de obras, a rua Ferreira Pena come\u00e7ou, na quarta-feira, 26\/8, uma nova etapa de sua hist\u00f3ria.\" \/>\n<meta property=\"og:url\" content=\"https:\/\/www.manaus.am.gov.br\/implurb\/prefeitura-implurb-ferreirapena-apoio\/\" \/>\n<meta property=\"og:site_name\" content=\"IMPLURB\" \/>\n<meta property=\"article:published_time\" content=\"2026-08-27T14:08:06+00:00\" \/>\n<meta property=\"article:modified_time\" content=\"2026-08-27T17:32:58+00:00\" \/>\n<meta property=\"og:image\" content=\"https:\/\/www.manaus.am.gov.br\/implurb\/wp-content\/uploads\/sites\/13\/2026\/08\/ferreirapena5.jpeg\" \/>\n\t<meta property=\"og:image:width\" content=\"1672\" \/>\n\t<meta property=\"og:image:height\" content=\"941\" \/>\n\t<meta property=\"og:image:type\" content=\"image\/jpeg\" \/>\n<meta name=\"author\" content=\"Adriana Costa\" \/>\n<meta name=\"twitter:card\" content=\"summary_large_image\" \/>\n<meta name=\"twitter:label1\" content=\"Written by\" \/>\n\t<meta name=\"twitter:data1\" content=\"Adriana Costa\" \/>\n\t<meta name=\"twitter:label2\" content=\"Est. reading time\" \/>\n\t<meta name=\"twitter:data2\" content=\"6 minutos\" \/>\n<script type=\"application\/ld+json\" class=\"yoast-schema-graph\">{\"@context\":\"https:\/\/schema.org\",\"@graph\":[{\"@type\":\"WebPage\",\"@id\":\"https:\/\/www.manaus.am.gov.br\/implurb\/prefeitura-implurb-ferreirapena-apoio\/\",\"url\":\"https:\/\/www.manaus.am.gov.br\/implurb\/prefeitura-implurb-ferreirapena-apoio\/\",\"name\":\"Com a instala\u00e7\u00e3o dos tapumes e o in\u00edcio do canteiro de obras, a rua Ferreira Pena come\u00e7ou, na quarta-feira, 26\/8, uma nova etapa de sua hist\u00f3ria.\",\"isPartOf\":{\"@id\":\"https:\/\/www.manaus.am.gov.br\/implurb\/#website\"},\"primaryImageOfPage\":{\"@id\":\"https:\/\/www.manaus.am.gov.br\/implurb\/prefeitura-implurb-ferreirapena-apoio\/#primaryimage\"},\"image\":{\"@id\":\"https:\/\/www.manaus.am.gov.br\/implurb\/prefeitura-implurb-ferreirapena-apoio\/#primaryimage\"},\"thumbnailUrl\":\"https:\/\/www.manaus.am.gov.br\/implurb\/wp-content\/uploads\/sites\/13\/2026\/08\/ferreirapena5.jpeg\",\"datePublished\":\"2026-08-27T14:08:06+00:00\",\"dateModified\":\"2026-08-27T17:32:58+00:00\",\"author\":{\"@id\":\"https:\/\/www.manaus.am.gov.br\/implurb\/#\/schema\/person\/4e49f4e267757a06ca072ec61b2b9968\"},\"description\":\"Com a instala\u00e7\u00e3o dos tapumes e o in\u00edcio do canteiro de obras, a rua Ferreira Pena come\u00e7ou, na quarta-feira, 26\/8, uma nova etapa de sua hist\u00f3ria.\",\"breadcrumb\":{\"@id\":\"https:\/\/www.manaus.am.gov.br\/implurb\/prefeitura-implurb-ferreirapena-apoio\/#breadcrumb\"},\"inLanguage\":\"pt-BR\",\"potentialAction\":[{\"@type\":\"ReadAction\",\"target\":[\"https:\/\/www.manaus.am.gov.br\/implurb\/prefeitura-implurb-ferreirapena-apoio\/\"]}]},{\"@type\":\"ImageObject\",\"inLanguage\":\"pt-BR\",\"@id\":\"https:\/\/www.manaus.am.gov.br\/implurb\/prefeitura-implurb-ferreirapena-apoio\/#primaryimage\",\"url\":\"https:\/\/www.manaus.am.gov.br\/implurb\/wp-content\/uploads\/sites\/13\/2026\/08\/ferreirapena5.jpeg\",\"contentUrl\":\"https:\/\/www.manaus.am.gov.br\/implurb\/wp-content\/uploads\/sites\/13\/2026\/08\/ferreirapena5.jpeg\",\"width\":1672,\"height\":941,\"caption\":\"#paratodosverem - Proje\u00e7\u00e3o da primeira \\\"Rua Gastron\u00f4mica\\\" de Manaus\"},{\"@type\":\"BreadcrumbList\",\"@id\":\"https:\/\/www.manaus.am.gov.br\/implurb\/prefeitura-implurb-ferreirapena-apoio\/#breadcrumb\",\"itemListElement\":[{\"@type\":\"ListItem\",\"position\":1,\"name\":\"Home\",\"item\":\"https:\/\/www.manaus.am.gov.br\/implurb\/\"},{\"@type\":\"ListItem\",\"position\":2,\"name\":\"Ferreira Pena ganha obras da primeira \u2018Rua Gastron\u00f4mica\u2019 com apoio de empreendedores a projeto da Prefeitura de Manaus\"}]},{\"@type\":\"WebSite\",\"@id\":\"https:\/\/www.manaus.am.gov.br\/implurb\/#website\",\"url\":\"https:\/\/www.manaus.am.gov.br\/implurb\/\",\"name\":\"IMPLURB\",\"description\":\"Prefeitura de Manaus\",\"potentialAction\":[{\"@type\":\"SearchAction\",\"target\":{\"@type\":\"EntryPoint\",\"urlTemplate\":\"https:\/\/www.manaus.am.gov.br\/implurb\/?s={search_term_string}\"},\"query-input\":\"required name=search_term_string\"}],\"inLanguage\":\"pt-BR\"},{\"@type\":\"Person\",\"@id\":\"https:\/\/www.manaus.am.gov.br\/implurb\/#\/schema\/person\/4e49f4e267757a06ca072ec61b2b9968\",\"name\":\"Adriana Costa\",\"image\":{\"@type\":\"ImageObject\",\"inLanguage\":\"pt-BR\",\"@id\":\"https:\/\/www.manaus.am.gov.br\/implurb\/#\/schema\/person\/image\/\",\"url\":\"https:\/\/secure.gravatar.com\/avatar\/576258617ef7194f718179e766d57bd4?s=96&d=mm&r=g\",\"contentUrl\":\"https:\/\/secure.gravatar.com\/avatar\/576258617ef7194f718179e766d57bd4?s=96&d=mm&r=g\",\"caption\":\"Adriana Costa\"}}]}<\/script>\n<!-- \/ Yoast SEO plugin. -->","yoast_head_json":{"title":"Com a instala\u00e7\u00e3o dos tapumes e o in\u00edcio do canteiro de obras, a rua Ferreira Pena come\u00e7ou, na quarta-feira, 26\/8, uma nova etapa de sua hist\u00f3ria.","description":"Com a instala\u00e7\u00e3o dos tapumes e o in\u00edcio do canteiro de obras, a rua Ferreira Pena come\u00e7ou, na quarta-feira, 26\/8, uma nova etapa de sua hist\u00f3ria.","robots":{"index":"noindex","follow":"follow"},"og_locale":"pt_BR","og_type":"article","og_title":"Com a instala\u00e7\u00e3o dos tapumes e o in\u00edcio do canteiro de obras, a rua Ferreira Pena come\u00e7ou, na quarta-feira, 26\/8, uma nova etapa de sua hist\u00f3ria.","og_description":"Com a instala\u00e7\u00e3o dos tapumes e o in\u00edcio do canteiro de obras, a rua Ferreira Pena come\u00e7ou, na quarta-feira, 26\/8, uma nova etapa de sua hist\u00f3ria.","og_url":"https:\/\/www.manaus.am.gov.br\/implurb\/prefeitura-implurb-ferreirapena-apoio\/","og_site_name":"IMPLURB","article_published_time":"2026-08-27T14:08:06+00:00","article_modified_time":"2026-08-27T17:32:58+00:00","og_image":[{"width":1672,"height":941,"url":"https:\/\/www.manaus.am.gov.br\/implurb\/wp-content\/uploads\/sites\/13\/2026\/08\/ferreirapena5.jpeg","type":"image\/jpeg"}],"author":"Adriana Costa","twitter_card":"summary_large_image","twitter_misc":{"Written by":"Adriana Costa","Est. reading time":"6 minutos"},"schema":{"@context":"https:\/\/schema.org","@graph":[{"@type":"WebPage","@id":"https:\/\/www.manaus.am.gov.br\/implurb\/prefeitura-implurb-ferreirapena-apoio\/","url":"https:\/\/www.manaus.am.gov.br\/implurb\/prefeitura-implurb-ferreirapena-apoio\/","name":"Com a instala\u00e7\u00e3o dos tapumes e o in\u00edcio do canteiro de obras, a rua Ferreira Pena come\u00e7ou, na quarta-feira, 26\/8, uma nova etapa de sua hist\u00f3ria.","isPartOf":{"@id":"https:\/\/www.manaus.am.gov.br\/implurb\/#website"},"primaryImageOfPage":{"@id":"https:\/\/www.manaus.am.gov.br\/implurb\/prefeitura-implurb-ferreirapena-apoio\/#primaryimage"},"image":{"@id":"https:\/\/www.manaus.am.gov.br\/implurb\/prefeitura-implurb-ferreirapena-apoio\/#primaryimage"},"thumbnailUrl":"https:\/\/www.manaus.am.gov.br\/implurb\/wp-content\/uploads\/sites\/13\/2026\/08\/ferreirapena5.jpeg","datePublished":"2026-08-27T14:08:06+00:00","dateModified":"2026-08-27T17:32:58+00:00","author":{"@id":"https:\/\/www.manaus.am.gov.br\/implurb\/#\/schema\/person\/4e49f4e267757a06ca072ec61b2b9968"},"description":"Com a instala\u00e7\u00e3o dos tapumes e o in\u00edcio do canteiro de obras, a rua Ferreira Pena come\u00e7ou, na quarta-feira, 26\/8, uma nova etapa de sua hist\u00f3ria.","breadcrumb":{"@id":"https:\/\/www.manaus.am.gov.br\/implurb\/prefeitura-implurb-ferreirapena-apoio\/#breadcrumb"},"inLanguage":"pt-BR","potentialAction":[{"@type":"ReadAction","target":["https:\/\/www.manaus.am.gov.br\/implurb\/prefeitura-implurb-ferreirapena-apoio\/"]}]},{"@type":"ImageObject","inLanguage":"pt-BR","@id":"https:\/\/www.manaus.am.gov.br\/implurb\/prefeitura-implurb-ferreirapena-apoio\/#primaryimage","url":"https:\/\/www.manaus.am.gov.br\/implurb\/wp-content\/uploads\/sites\/13\/2026\/08\/ferreirapena5.jpeg","contentUrl":"https:\/\/www.manaus.am.gov.br\/implurb\/wp-content\/uploads\/sites\/13\/2026\/08\/ferreirapena5.jpeg","width":1672,"height":941,"caption":"#paratodosverem - Proje\u00e7\u00e3o da primeira \"Rua Gastron\u00f4mica\" de Manaus"},{"@type":"BreadcrumbList","@id":"https:\/\/www.manaus.am.gov.br\/implurb\/prefeitura-implurb-ferreirapena-apoio\/#breadcrumb","itemListElement":[{"@type":"ListItem","position":1,"name":"Home","item":"https:\/\/www.manaus.am.gov.br\/implurb\/"},{"@type":"ListItem","position":2,"name":"Ferreira Pena ganha obras da primeira \u2018Rua Gastron\u00f4mica\u2019 com apoio de empreendedores a projeto da Prefeitura de Manaus"}]},{"@type":"WebSite","@id":"https:\/\/www.manaus.am.gov.br\/implurb\/#website","url":"https:\/\/www.manaus.am.gov.br\/implurb\/","name":"IMPLURB","description":"Prefeitura de Manaus","potentialAction":[{"@type":"SearchAction","target":{"@type":"EntryPoint","urlTemplate":"https:\/\/www.manaus.am.gov.br\/implurb\/?s={search_term_string}"},"query-input":"required name=search_term_string"}],"inLanguage":"pt-BR"},{"@type":"Person","@id":"https:\/\/www.manaus.am.gov.br\/implurb\/#\/schema\/person\/4e49f4e267757a06ca072ec61b2b9968","name":"Adriana Costa","image":{"@type":"ImageObject","inLanguage":"pt-BR","@id":"https:\/\/www.manaus.am.gov.br\/implurb\/#\/schema\/person\/image\/","url":"https:\/\/secure.gravatar.com\/avatar\/576258617ef7194f718179e766d57bd4?s=96&d=mm&r=g","contentUrl":"https:\/\/secure.gravatar.com\/avatar\/576258617ef7194f718179e766d57bd4?s=96&d=mm&r=g","caption":"Adriana Costa"}}]}},"_links":{"self":[{"href":"https:\/\/www.manaus.am.gov.br\/implurb\/wp-json\/wp\/v2\/posts\/9415"}],"collection":[{"href":"https:\/\/www.manaus.am.gov.br\/implurb\/wp-json\/wp\/v2\/posts"}],"about":[{"href":"https:\/\/www.manaus.am.gov.br\/implurb\/wp-json\/wp\/v2\/types\/post"}],"author":[{"embeddable":true,"href":"https:\/\/www.manaus.am.gov.br\/implurb\/wp-json\/wp\/v2\/users\/23"}],"replies":[{"embeddable":true,"href":"https:\/\/www.manaus.am.gov.br\/implurb\/wp-json\/wp\/v2\/comments?post=9415"}],"version-history":[{"count":1,"href":"https:\/\/www.manaus.am.gov.br\/implurb\/wp-json\/wp\/v2\/posts\/9415\/revisions"}],"predecessor-version":[{"id":9421,"href":"https:\/\/www.manaus.am.gov.br\/implurb\/wp-json\/wp\/v2\/posts\/9415\/revisions\/9421"}],"wp:featuredmedia":[{"embeddable":true,"href":"https:\/\/www.manaus.am.gov.br\/implurb\/wp-json\/wp\/v2\/media\/9416"}],"wp:attachment":[{"href":"https:\/\/www.manaus.am.gov.br\/implurb\/wp-json\/wp\/v2\/media?parent=9415"}],"wp:term":[{"taxonomy":"category","embeddable":true,"href":"https:\/\/www.manaus.am.gov.br\/implurb\/wp-json\/wp\/v2\/categories?post=9415"},{"taxonomy":"post_tag","embeddable":true,"href":"https:\/\/www.manaus.am.gov.br\/implurb\/wp-json\/wp\/v2\/tags?post=9415"}],"curies":[{"name":"wp","href":"https:\/\/api.w.org\/{rel}","templated":true}]}}