{"id":9387,"date":"2026-08-25T10:53:25","date_gmt":"2026-08-25T14:53:25","guid":{"rendered":"https:\/\/www.manaus.am.gov.br\/implurb\/prefeitura-implurb-habite-se-5\/"},"modified":"2026-08-25T13:16:12","modified_gmt":"2026-08-25T17:16:12","slug":"prefeitura-implurb-habite-se-5","status":"publish","type":"post","link":"https:\/\/www.manaus.am.gov.br\/implurb\/prefeitura-implurb-habite-se-5\/","title":{"rendered":"Prefeitura de Manaus soma 405,7 mil metros quadrados regularizados com Habite-se at\u00e9 julho"},"content":{"rendered":"\n<p>Mais de 405,7 mil metros quadrados de edifica\u00e7\u00f5es receberam certid\u00e3o de Habite-se em Manaus de janeiro a julho de 2026. No per\u00edodo, a <a href=\"https:\/\/www.manaus.am.gov.br\/\">Prefeitura de Manaus<\/a>, por meio do <a href=\"https:\/\/www.instagram.com\/implurb\/\">Instituto Municipal de Planejamento Urbano<\/a> (Implurb), expediu 377 certid\u00f5es, documento que atesta que a constru\u00e7\u00e3o foi conclu\u00edda de acordo com o projeto aprovado e atende \u00e0s exig\u00eancias urban\u00edsticas, t\u00e9cnicas e de seguran\u00e7a previstas na legisla\u00e7\u00e3o municipal.<\/p>\n\n\n\n<p>O resultado amplia o volume de edifica\u00e7\u00f5es regularizadas durante a atual gest\u00e3o. Desde janeiro de 2021 at\u00e9 julho de 2026, j\u00e1 s\u00e3o 3.928 certid\u00f5es de Habite-se emitidas, correspondentes a 5 milh\u00f5es de metros quadrados de \u00e1rea certificada na capital.<\/p>\n\n\n\n<p>O Habite-se representa a etapa final de um processo que come\u00e7a com o licenciamento e acompanha a execu\u00e7\u00e3o da obra. A certid\u00e3o confirma que o im\u00f3vel est\u00e1 apto para ocupa\u00e7\u00e3o e uso regular, seja residencial ou comercial, e oferece maior seguran\u00e7a jur\u00eddica aos propriet\u00e1rios.<\/p>\n\n\n\n<p>Para o diretor-presidente do Implurb, Antonio Peixoto, a emiss\u00e3o do documento tamb\u00e9m representa um importante instrumento de organiza\u00e7\u00e3o e seguran\u00e7a no crescimento da cidade.<\/p>\n\n\n\n<p>\u201cQuando uma edifica\u00e7\u00e3o recebe o Habite-se, n\u00e3o estamos apenas emitindo uma certid\u00e3o. Estamos reconhecendo que aquele im\u00f3vel cumpriu as exig\u00eancias necess\u00e1rias para ser utilizado com seguran\u00e7a e dentro da legalidade. S\u00e3o 5 milh\u00f5es de metros quadrados certificados desde 2021, um volume que mostra a dimens\u00e3o desse trabalho e a import\u00e2ncia de manter o crescimento de Manaus acompanhado de planejamento, responsabilidade t\u00e9cnica e regulariza\u00e7\u00e3o\u201d, destacou.<\/p>\n\n\n\n<p><strong>Seguran\u00e7a para o im\u00f3vel<\/strong><\/p>\n\n\n\n<p>O Habite-se comprova que a obra foi executada conforme o projeto aprovado e em conformidade com as normas municipais. A certifica\u00e7\u00e3o considera aspectos como seguran\u00e7a, acessibilidade, instala\u00e7\u00f5es, ocupa\u00e7\u00e3o do solo e demais par\u00e2metros estabelecidos pela legisla\u00e7\u00e3o urban\u00edstica.<\/p>\n\n\n\n<p>Al\u00e9m de garantir a regularidade perante o munic\u00edpio, o documento \u00e9 importante para diferentes procedimentos relacionados ao im\u00f3vel, como averba\u00e7\u00e3o em cart\u00f3rio, financiamento, transfer\u00eancia de propriedade e regulariza\u00e7\u00e3o de condom\u00ednios e empreendimentos.<\/p>\n\n\n\n<p>A certid\u00e3o tamb\u00e9m pode ser necess\u00e1ria para edifica\u00e7\u00f5es mais antigas que ainda n\u00e3o tenham sua situa\u00e7\u00e3o regularizada. Nesses casos, o im\u00f3vel passa por an\u00e1lise t\u00e9cnica e vistoria para verificar o atendimento aos requisitos legais.<\/p>\n\n\n\n<p><strong>Como solicitar<\/strong><\/p>\n\n\n\n<p>Os servi\u00e7os relacionados ao&nbsp;Habite-se&nbsp;est\u00e3o dispon\u00edveis no portal do&nbsp;Implurb. No endere\u00e7o eletr\u00f4nico, o cidad\u00e3o encontra a rela\u00e7\u00e3o completa da documenta\u00e7\u00e3o necess\u00e1ria para abertura dos processos, modelos de requerimentos e orienta\u00e7\u00f5es sobre os procedimentos de licenciamento, regulariza\u00e7\u00e3o e consultas t\u00e9cnicas.<\/p>\n\n\n\n<p>Al\u00e9m da plataforma digital, o atendimento pode ser realizado junto \u00e0 Divis\u00e3o de Aprova\u00e7\u00e3o de Projetos (Diap), pelo telefone (92) 98855-1630, em dias \u00fateis, exceto feriados e pontos facultativos.<\/p>\n\n\n\n<p>&#8212; &#8212; &#8212;<\/p>\n\n\n\n<p><strong>Texto<\/strong>&nbsp;\u2013 Cl\u00e1udia do Valle\/ Implurb<\/p>\n\n\n\n<p><strong>Fotos<\/strong> &#8211;&nbsp;Divulga\u00e7\u00e3o e Antonio Pereira\/ Semcom<\/p>\n","protected":false},"excerpt":{"rendered":"","protected":false},"author":23,"featured_media":9388,"comment_status":"closed","ping_status":"closed","sticky":false,"template":"","format":"standard","meta":{"footnotes":""},"categories":[33],"tags":[2421,397,106,11,382,15],"acf":[],"yoast_head":"<!-- This site is optimized with the Yoast SEO plugin v23.0 - https:\/\/yoast.com\/wordpress\/plugins\/seo\/ -->\n<title>Prefeitura de Manaus soma 405,7 mil metros quadrados regularizados com Habite-se at\u00e9 julho<\/title>\n<meta name=\"description\" content=\"Mais de 405,7 mil metros quadrados de edifica\u00e7\u00f5es receberam certid\u00e3o de Habite-se em Manaus de janeiro a julho de 2026. No per\u00edodo, a prefeitura, por meio do Instituto Municipal de Planejamento Urbano (Implurb), expediu 377 certid\u00f5es\" \/>\n<meta name=\"robots\" content=\"noindex, follow\" \/>\n<meta property=\"og:locale\" content=\"pt_BR\" \/>\n<meta property=\"og:type\" content=\"article\" \/>\n<meta property=\"og:title\" content=\"Prefeitura de Manaus soma 405,7 mil metros quadrados regularizados com Habite-se at\u00e9 julho\" \/>\n<meta property=\"og:description\" content=\"Mais de 405,7 mil metros quadrados de edifica\u00e7\u00f5es receberam certid\u00e3o de Habite-se em Manaus de janeiro a julho de 2026. No per\u00edodo, a prefeitura, por meio do Instituto Municipal de Planejamento Urbano (Implurb), expediu 377 certid\u00f5es\" \/>\n<meta property=\"og:url\" content=\"https:\/\/www.manaus.am.gov.br\/implurb\/prefeitura-implurb-habite-se-5\/\" \/>\n<meta property=\"og:site_name\" content=\"IMPLURB\" \/>\n<meta property=\"article:published_time\" content=\"2026-08-25T14:53:25+00:00\" \/>\n<meta property=\"article:modified_time\" content=\"2026-08-25T17:16:12+00:00\" \/>\n<meta property=\"og:image\" content=\"https:\/\/www.manaus.am.gov.br\/implurb\/wp-content\/uploads\/sites\/13\/2026\/08\/diop-3.jpg\" \/>\n\t<meta property=\"og:image:width\" content=\"6000\" \/>\n\t<meta property=\"og:image:height\" content=\"4000\" \/>\n\t<meta property=\"og:image:type\" content=\"image\/jpeg\" \/>\n<meta name=\"author\" content=\"Adriana Costa\" \/>\n<meta name=\"twitter:card\" content=\"summary_large_image\" \/>\n<meta name=\"twitter:label1\" content=\"Written by\" \/>\n\t<meta name=\"twitter:data1\" content=\"Adriana Costa\" \/>\n\t<meta name=\"twitter:label2\" content=\"Est. reading time\" \/>\n\t<meta name=\"twitter:data2\" content=\"3 minutos\" \/>\n<script type=\"application\/ld+json\" class=\"yoast-schema-graph\">{\"@context\":\"https:\/\/schema.org\",\"@graph\":[{\"@type\":\"WebPage\",\"@id\":\"https:\/\/www.manaus.am.gov.br\/implurb\/prefeitura-implurb-habite-se-5\/\",\"url\":\"https:\/\/www.manaus.am.gov.br\/implurb\/prefeitura-implurb-habite-se-5\/\",\"name\":\"Prefeitura de Manaus soma 405,7 mil metros quadrados regularizados com Habite-se at\u00e9 julho\",\"isPartOf\":{\"@id\":\"https:\/\/www.manaus.am.gov.br\/implurb\/#website\"},\"primaryImageOfPage\":{\"@id\":\"https:\/\/www.manaus.am.gov.br\/implurb\/prefeitura-implurb-habite-se-5\/#primaryimage\"},\"image\":{\"@id\":\"https:\/\/www.manaus.am.gov.br\/implurb\/prefeitura-implurb-habite-se-5\/#primaryimage\"},\"thumbnailUrl\":\"https:\/\/www.manaus.am.gov.br\/implurb\/wp-content\/uploads\/sites\/13\/2026\/08\/diop-3.jpg\",\"datePublished\":\"2026-08-25T14:53:25+00:00\",\"dateModified\":\"2026-08-25T17:16:12+00:00\",\"author\":{\"@id\":\"https:\/\/www.manaus.am.gov.br\/implurb\/#\/schema\/person\/4e49f4e267757a06ca072ec61b2b9968\"},\"description\":\"Mais de 405,7 mil metros quadrados de edifica\u00e7\u00f5es receberam certid\u00e3o de Habite-se em Manaus de janeiro a julho de 2026. No per\u00edodo, a prefeitura, por meio do Instituto Municipal de Planejamento Urbano (Implurb), expediu 377 certid\u00f5es\",\"breadcrumb\":{\"@id\":\"https:\/\/www.manaus.am.gov.br\/implurb\/prefeitura-implurb-habite-se-5\/#breadcrumb\"},\"inLanguage\":\"pt-BR\",\"potentialAction\":[{\"@type\":\"ReadAction\",\"target\":[\"https:\/\/www.manaus.am.gov.br\/implurb\/prefeitura-implurb-habite-se-5\/\"]}]},{\"@type\":\"ImageObject\",\"inLanguage\":\"pt-BR\",\"@id\":\"https:\/\/www.manaus.am.gov.br\/implurb\/prefeitura-implurb-habite-se-5\/#primaryimage\",\"url\":\"https:\/\/www.manaus.am.gov.br\/implurb\/wp-content\/uploads\/sites\/13\/2026\/08\/diop-3.jpg\",\"contentUrl\":\"https:\/\/www.manaus.am.gov.br\/implurb\/wp-content\/uploads\/sites\/13\/2026\/08\/diop-3.jpg\",\"width\":6000,\"height\":4000,\"caption\":\"#paratodosverem - Servidores da Divis\u00e3o de Aprova\u00e7\u00e3o de Projetos (Diap), do Implurb\"},{\"@type\":\"BreadcrumbList\",\"@id\":\"https:\/\/www.manaus.am.gov.br\/implurb\/prefeitura-implurb-habite-se-5\/#breadcrumb\",\"itemListElement\":[{\"@type\":\"ListItem\",\"position\":1,\"name\":\"Home\",\"item\":\"https:\/\/www.manaus.am.gov.br\/implurb\/\"},{\"@type\":\"ListItem\",\"position\":2,\"name\":\"Prefeitura de Manaus soma 405,7 mil metros quadrados regularizados com Habite-se at\u00e9 julho\"}]},{\"@type\":\"WebSite\",\"@id\":\"https:\/\/www.manaus.am.gov.br\/implurb\/#website\",\"url\":\"https:\/\/www.manaus.am.gov.br\/implurb\/\",\"name\":\"IMPLURB\",\"description\":\"Prefeitura de Manaus\",\"potentialAction\":[{\"@type\":\"SearchAction\",\"target\":{\"@type\":\"EntryPoint\",\"urlTemplate\":\"https:\/\/www.manaus.am.gov.br\/implurb\/?s={search_term_string}\"},\"query-input\":\"required name=search_term_string\"}],\"inLanguage\":\"pt-BR\"},{\"@type\":\"Person\",\"@id\":\"https:\/\/www.manaus.am.gov.br\/implurb\/#\/schema\/person\/4e49f4e267757a06ca072ec61b2b9968\",\"name\":\"Adriana Costa\",\"image\":{\"@type\":\"ImageObject\",\"inLanguage\":\"pt-BR\",\"@id\":\"https:\/\/www.manaus.am.gov.br\/implurb\/#\/schema\/person\/image\/\",\"url\":\"https:\/\/secure.gravatar.com\/avatar\/576258617ef7194f718179e766d57bd4?s=96&d=mm&r=g\",\"contentUrl\":\"https:\/\/secure.gravatar.com\/avatar\/576258617ef7194f718179e766d57bd4?s=96&d=mm&r=g\",\"caption\":\"Adriana Costa\"}}]}<\/script>\n<!-- \/ Yoast SEO plugin. -->","yoast_head_json":{"title":"Prefeitura de Manaus soma 405,7 mil metros quadrados regularizados com Habite-se at\u00e9 julho","description":"Mais de 405,7 mil metros quadrados de edifica\u00e7\u00f5es receberam certid\u00e3o de Habite-se em Manaus de janeiro a julho de 2026. No per\u00edodo, a prefeitura, por meio do Instituto Municipal de Planejamento Urbano (Implurb), expediu 377 certid\u00f5es","robots":{"index":"noindex","follow":"follow"},"og_locale":"pt_BR","og_type":"article","og_title":"Prefeitura de Manaus soma 405,7 mil metros quadrados regularizados com Habite-se at\u00e9 julho","og_description":"Mais de 405,7 mil metros quadrados de edifica\u00e7\u00f5es receberam certid\u00e3o de Habite-se em Manaus de janeiro a julho de 2026. No per\u00edodo, a prefeitura, por meio do Instituto Municipal de Planejamento Urbano (Implurb), expediu 377 certid\u00f5es","og_url":"https:\/\/www.manaus.am.gov.br\/implurb\/prefeitura-implurb-habite-se-5\/","og_site_name":"IMPLURB","article_published_time":"2026-08-25T14:53:25+00:00","article_modified_time":"2026-08-25T17:16:12+00:00","og_image":[{"url":"https:\/\/www.manaus.am.gov.br\/implurb\/wp-content\/uploads\/sites\/13\/2026\/08\/diop-3.jpg","width":6000,"height":4000,"type":"image\/jpeg"}],"author":"Adriana Costa","twitter_card":"summary_large_image","twitter_misc":{"Written by":"Adriana Costa","Est. reading time":"3 minutos"},"schema":{"@context":"https:\/\/schema.org","@graph":[{"@type":"WebPage","@id":"https:\/\/www.manaus.am.gov.br\/implurb\/prefeitura-implurb-habite-se-5\/","url":"https:\/\/www.manaus.am.gov.br\/implurb\/prefeitura-implurb-habite-se-5\/","name":"Prefeitura de Manaus soma 405,7 mil metros quadrados regularizados com Habite-se at\u00e9 julho","isPartOf":{"@id":"https:\/\/www.manaus.am.gov.br\/implurb\/#website"},"primaryImageOfPage":{"@id":"https:\/\/www.manaus.am.gov.br\/implurb\/prefeitura-implurb-habite-se-5\/#primaryimage"},"image":{"@id":"https:\/\/www.manaus.am.gov.br\/implurb\/prefeitura-implurb-habite-se-5\/#primaryimage"},"thumbnailUrl":"https:\/\/www.manaus.am.gov.br\/implurb\/wp-content\/uploads\/sites\/13\/2026\/08\/diop-3.jpg","datePublished":"2026-08-25T14:53:25+00:00","dateModified":"2026-08-25T17:16:12+00:00","author":{"@id":"https:\/\/www.manaus.am.gov.br\/implurb\/#\/schema\/person\/4e49f4e267757a06ca072ec61b2b9968"},"description":"Mais de 405,7 mil metros quadrados de edifica\u00e7\u00f5es receberam certid\u00e3o de Habite-se em Manaus de janeiro a julho de 2026. No per\u00edodo, a prefeitura, por meio do Instituto Municipal de Planejamento Urbano (Implurb), expediu 377 certid\u00f5es","breadcrumb":{"@id":"https:\/\/www.manaus.am.gov.br\/implurb\/prefeitura-implurb-habite-se-5\/#breadcrumb"},"inLanguage":"pt-BR","potentialAction":[{"@type":"ReadAction","target":["https:\/\/www.manaus.am.gov.br\/implurb\/prefeitura-implurb-habite-se-5\/"]}]},{"@type":"ImageObject","inLanguage":"pt-BR","@id":"https:\/\/www.manaus.am.gov.br\/implurb\/prefeitura-implurb-habite-se-5\/#primaryimage","url":"https:\/\/www.manaus.am.gov.br\/implurb\/wp-content\/uploads\/sites\/13\/2026\/08\/diop-3.jpg","contentUrl":"https:\/\/www.manaus.am.gov.br\/implurb\/wp-content\/uploads\/sites\/13\/2026\/08\/diop-3.jpg","width":6000,"height":4000,"caption":"#paratodosverem - Servidores da Divis\u00e3o de Aprova\u00e7\u00e3o de Projetos (Diap), do Implurb"},{"@type":"BreadcrumbList","@id":"https:\/\/www.manaus.am.gov.br\/implurb\/prefeitura-implurb-habite-se-5\/#breadcrumb","itemListElement":[{"@type":"ListItem","position":1,"name":"Home","item":"https:\/\/www.manaus.am.gov.br\/implurb\/"},{"@type":"ListItem","position":2,"name":"Prefeitura de Manaus soma 405,7 mil metros quadrados regularizados com Habite-se at\u00e9 julho"}]},{"@type":"WebSite","@id":"https:\/\/www.manaus.am.gov.br\/implurb\/#website","url":"https:\/\/www.manaus.am.gov.br\/implurb\/","name":"IMPLURB","description":"Prefeitura de Manaus","potentialAction":[{"@type":"SearchAction","target":{"@type":"EntryPoint","urlTemplate":"https:\/\/www.manaus.am.gov.br\/implurb\/?s={search_term_string}"},"query-input":"required name=search_term_string"}],"inLanguage":"pt-BR"},{"@type":"Person","@id":"https:\/\/www.manaus.am.gov.br\/implurb\/#\/schema\/person\/4e49f4e267757a06ca072ec61b2b9968","name":"Adriana Costa","image":{"@type":"ImageObject","inLanguage":"pt-BR","@id":"https:\/\/www.manaus.am.gov.br\/implurb\/#\/schema\/person\/image\/","url":"https:\/\/secure.gravatar.com\/avatar\/576258617ef7194f718179e766d57bd4?s=96&d=mm&r=g","contentUrl":"https:\/\/secure.gravatar.com\/avatar\/576258617ef7194f718179e766d57bd4?s=96&d=mm&r=g","caption":"Adriana Costa"}}]}},"_links":{"self":[{"href":"https:\/\/www.manaus.am.gov.br\/implurb\/wp-json\/wp\/v2\/posts\/9387"}],"collection":[{"href":"https:\/\/www.manaus.am.gov.br\/implurb\/wp-json\/wp\/v2\/posts"}],"about":[{"href":"https:\/\/www.manaus.am.gov.br\/implurb\/wp-json\/wp\/v2\/types\/post"}],"author":[{"embeddable":true,"href":"https:\/\/www.manaus.am.gov.br\/implurb\/wp-json\/wp\/v2\/users\/23"}],"replies":[{"embeddable":true,"href":"https:\/\/www.manaus.am.gov.br\/implurb\/wp-json\/wp\/v2\/comments?post=9387"}],"version-history":[{"count":1,"href":"https:\/\/www.manaus.am.gov.br\/implurb\/wp-json\/wp\/v2\/posts\/9387\/revisions"}],"predecessor-version":[{"id":9392,"href":"https:\/\/www.manaus.am.gov.br\/implurb\/wp-json\/wp\/v2\/posts\/9387\/revisions\/9392"}],"wp:featuredmedia":[{"embeddable":true,"href":"https:\/\/www.manaus.am.gov.br\/implurb\/wp-json\/wp\/v2\/media\/9388"}],"wp:attachment":[{"href":"https:\/\/www.manaus.am.gov.br\/implurb\/wp-json\/wp\/v2\/media?parent=9387"}],"wp:term":[{"taxonomy":"category","embeddable":true,"href":"https:\/\/www.manaus.am.gov.br\/implurb\/wp-json\/wp\/v2\/categories?post=9387"},{"taxonomy":"post_tag","embeddable":true,"href":"https:\/\/www.manaus.am.gov.br\/implurb\/wp-json\/wp\/v2\/tags?post=9387"}],"curies":[{"name":"wp","href":"https:\/\/api.w.org\/{rel}","templated":true}]}}