{"id":8187,"date":"2026-04-28T14:52:38","date_gmt":"2026-04-28T18:52:38","guid":{"rendered":"https:\/\/www.manaus.am.gov.br\/implurb\/operacao-integrada-prefeitura-centro\/"},"modified":"2026-04-28T15:00:49","modified_gmt":"2026-04-28T19:00:49","slug":"operacao-integrada-prefeitura-centro","status":"publish","type":"post","link":"https:\/\/www.manaus.am.gov.br\/implurb\/operacao-integrada-prefeitura-centro\/","title":{"rendered":"Opera\u00e7\u00e3o integrada da Prefeitura de Manaus ordena uso do espa\u00e7o p\u00fablico no Centro"},"content":{"rendered":"\n<p>A <a href=\"https:\/\/www.manaus.am.gov.br\/\">Prefeitura de Manaus<\/a> realizou, na manh\u00e3 desta ter\u00e7a-feira, 28\/4, uma a\u00e7\u00e3o integrada no centro da capital com foco na organiza\u00e7\u00e3o do uso do espa\u00e7o p\u00fablico, mobilidade urbana e ordenamento do com\u00e9rcio informal. A a\u00e7\u00e3o ocorreu nas imedia\u00e7\u00f5es do mercado municipal Adolpho Lisboa e nas ruas Rocha dos Santos, Bar\u00e3o de S\u00e3o Domingos e rua dos Bar\u00e9s.<\/p>\n\n\n\n<p>A opera\u00e7\u00e3o contou com a atua\u00e7\u00e3o conjunta de equipes da <a href=\"https:\/\/www.instagram.com\/ageman_manaus\/\">Ag\u00eancia Reguladora dos Servi\u00e7os P\u00fablicos Delegados do Munic\u00edpio de Manaus<\/a> (Ageman), do <a href=\"https:\/\/www.instagram.com\/immu_manaus\/\">Instituto Municipal de Mobilidade Urbana<\/a> (IMMU), do <a href=\"https:\/\/www.instagram.com\/implurb\/\">Instituto Municipal de Planejamento Urbano<\/a> (Implurb), da <a href=\"https:\/\/www.instagram.com\/semaccmanaus\/\">Secretaria Municipal de Agricultura, Abastecimento, Centro e Com\u00e9rcio Informal<\/a> (Semacc) e da <a href=\"https:\/\/www.instagram.com\/gmm_manaus\/\">Guarda Municipal de Manaus<\/a> (GMM).<\/p>\n\n\n\n<p>Durante a a\u00e7\u00e3o, os fiscais conversaram com os comerciantes e trabalhadores informais, refor\u00e7ando orienta\u00e7\u00f5es sobre a n\u00e3o ocupa\u00e7\u00e3o irregular das vagas do sistema de estacionamento rotativo Zona Azul e a import\u00e2ncia de manter as cal\u00e7adas desobstru\u00eddas para garantir a circula\u00e7\u00e3o segura de pedestres.<\/p>\n\n\n\n<p>Como resultado da opera\u00e7\u00e3o, a Semacc, por meio do departamento de Com\u00e9rcio Informal, notificou 14 trabalhadores informais e realizou uma apreens\u00e3o de mercadorias devido \u00e0 presen\u00e7a de alimentos n\u00e3o perec\u00edveis sendo comercializados de forma irregular. J\u00e1 o IMMU lavrou 15 autos de infra\u00e7\u00e3o relacionados ao estacionamento irregular de motocicletas nas \u00e1reas fiscalizadas.<\/p>\n\n\n\n<p>A Ageman acompanhou a a\u00e7\u00e3o com foco na correta utiliza\u00e7\u00e3o das vagas do sistema Zona Azul Manaus, contribuindo para a melhoria da rotatividade e organiza\u00e7\u00e3o do tr\u00e2nsito na regi\u00e3o central.<\/p>\n\n\n\n<p>O diretor-executivo de Regula\u00e7\u00e3o e Fiscaliza\u00e7\u00e3o do Servi\u00e7o de Estacionamento Rotativo da Ageman, Charles C\u00e2ndido, destacou a import\u00e2ncia da atua\u00e7\u00e3o integrada entre os \u00f3rg\u00e3os municipais. \u201cA atua\u00e7\u00e3o conjunta fortalece o ordenamento urbano e garante que o sistema de estacionamento rotativo cumpra sua fun\u00e7\u00e3o social, promovendo a rotatividade das vagas e melhorando o acesso de usu\u00e1rios e consumidores ao com\u00e9rcio do Centro\u201d, afirmou.<\/p>\n\n\n\n<p>A Ageman refor\u00e7a que problemas envolvendo o servi\u00e7o de estacionamento rotativo pago Zona Azul devem ser registrados pelos usu\u00e1rios junto a Ouvidoria do \u00f3rg\u00e3o de forma presencial no shopping Phelippe Daou, no bairro Cidade de Deus, zona Norte, e tamb\u00e9m por meio dos e-mails ouvidoria.ageman@pmm.am.gov.br, ouvidoria.ageman2@gmail.com, site www.ageman.manaus.am.gov.br\/ouvidoria e ainda pelos dois n\u00fameros do WhatsApp 98842-2919 e 98410-3247.<\/p>\n\n\n\n<p>&#8212; &#8212; &#8212;<\/p>\n\n\n\n<p><strong>Texto <\/strong>&#8211; Tereza Te\u00f3filo\/Ageman<\/p>\n\n\n\n<p><strong>Fotos <\/strong>\u2013 Divulga\u00e7\u00e3o\/Ageman<\/p>\n","protected":false},"excerpt":{"rendered":"","protected":false},"author":23,"featured_media":8188,"comment_status":"closed","ping_status":"closed","sticky":false,"template":"","format":"standard","meta":{"footnotes":""},"categories":[9],"tags":[707,480,1047,2217,876,15,1084],"acf":[],"yoast_head":"<!-- This site is optimized with the Yoast SEO plugin v23.0 - https:\/\/yoast.com\/wordpress\/plugins\/seo\/ -->\n<title>Opera\u00e7\u00e3o integrada da Prefeitura de Manaus<\/title>\n<meta name=\"description\" content=\"Opera\u00e7\u00e3o integrada da Prefeitura de Manaus na manh\u00e3 desta ter\u00e7a-feira, 28\/4, ordena uso do espa\u00e7o p\u00fablico no Centro.\" \/>\n<meta name=\"robots\" content=\"noindex, follow\" \/>\n<meta property=\"og:locale\" content=\"pt_BR\" \/>\n<meta property=\"og:type\" content=\"article\" \/>\n<meta property=\"og:title\" content=\"Opera\u00e7\u00e3o integrada da Prefeitura de Manaus\" \/>\n<meta property=\"og:description\" content=\"Opera\u00e7\u00e3o integrada da Prefeitura de Manaus na manh\u00e3 desta ter\u00e7a-feira, 28\/4, ordena uso do espa\u00e7o p\u00fablico no Centro.\" \/>\n<meta property=\"og:url\" content=\"https:\/\/www.manaus.am.gov.br\/implurb\/operacao-integrada-prefeitura-centro\/\" \/>\n<meta property=\"og:site_name\" content=\"IMPLURB\" \/>\n<meta property=\"article:published_time\" content=\"2026-04-28T18:52:38+00:00\" \/>\n<meta property=\"article:modified_time\" content=\"2026-04-28T19:00:49+00:00\" \/>\n<meta property=\"og:image\" content=\"https:\/\/www.manaus.am.gov.br\/implurb\/wp-content\/uploads\/sites\/13\/2026\/04\/IMG_3919.JPG.jpeg\" \/>\n\t<meta property=\"og:image:width\" content=\"1600\" \/>\n\t<meta property=\"og:image:height\" content=\"1200\" \/>\n\t<meta property=\"og:image:type\" content=\"image\/jpeg\" \/>\n<meta name=\"author\" content=\"Adriana Costa\" \/>\n<meta name=\"twitter:card\" content=\"summary_large_image\" \/>\n<meta name=\"twitter:label1\" content=\"Written by\" \/>\n\t<meta name=\"twitter:data1\" content=\"Adriana Costa\" \/>\n\t<meta name=\"twitter:label2\" content=\"Est. reading time\" \/>\n\t<meta name=\"twitter:data2\" content=\"3 minutos\" \/>\n<script type=\"application\/ld+json\" class=\"yoast-schema-graph\">{\"@context\":\"https:\/\/schema.org\",\"@graph\":[{\"@type\":\"WebPage\",\"@id\":\"https:\/\/www.manaus.am.gov.br\/implurb\/operacao-integrada-prefeitura-centro\/\",\"url\":\"https:\/\/www.manaus.am.gov.br\/implurb\/operacao-integrada-prefeitura-centro\/\",\"name\":\"Opera\u00e7\u00e3o integrada da Prefeitura de Manaus\",\"isPartOf\":{\"@id\":\"https:\/\/www.manaus.am.gov.br\/implurb\/#website\"},\"primaryImageOfPage\":{\"@id\":\"https:\/\/www.manaus.am.gov.br\/implurb\/operacao-integrada-prefeitura-centro\/#primaryimage\"},\"image\":{\"@id\":\"https:\/\/www.manaus.am.gov.br\/implurb\/operacao-integrada-prefeitura-centro\/#primaryimage\"},\"thumbnailUrl\":\"https:\/\/www.manaus.am.gov.br\/implurb\/wp-content\/uploads\/sites\/13\/2026\/04\/IMG_3919.JPG.jpeg\",\"datePublished\":\"2026-04-28T18:52:38+00:00\",\"dateModified\":\"2026-04-28T19:00:49+00:00\",\"author\":{\"@id\":\"https:\/\/www.manaus.am.gov.br\/implurb\/#\/schema\/person\/4e49f4e267757a06ca072ec61b2b9968\"},\"description\":\"Opera\u00e7\u00e3o integrada da Prefeitura de Manaus na manh\u00e3 desta ter\u00e7a-feira, 28\/4, ordena uso do espa\u00e7o p\u00fablico no Centro.\",\"breadcrumb\":{\"@id\":\"https:\/\/www.manaus.am.gov.br\/implurb\/operacao-integrada-prefeitura-centro\/#breadcrumb\"},\"inLanguage\":\"pt-BR\",\"potentialAction\":[{\"@type\":\"ReadAction\",\"target\":[\"https:\/\/www.manaus.am.gov.br\/implurb\/operacao-integrada-prefeitura-centro\/\"]}]},{\"@type\":\"ImageObject\",\"inLanguage\":\"pt-BR\",\"@id\":\"https:\/\/www.manaus.am.gov.br\/implurb\/operacao-integrada-prefeitura-centro\/#primaryimage\",\"url\":\"https:\/\/www.manaus.am.gov.br\/implurb\/wp-content\/uploads\/sites\/13\/2026\/04\/IMG_3919.JPG.jpeg\",\"contentUrl\":\"https:\/\/www.manaus.am.gov.br\/implurb\/wp-content\/uploads\/sites\/13\/2026\/04\/IMG_3919.JPG.jpeg\",\"width\":1600,\"height\":1200,\"caption\":\"#paratodosverem - Servidores da prefeitura orientam comerciantes e trabalhadores informais quanto \u00e0 ocupa\u00e7\u00e3o das cal\u00e7adas\"},{\"@type\":\"BreadcrumbList\",\"@id\":\"https:\/\/www.manaus.am.gov.br\/implurb\/operacao-integrada-prefeitura-centro\/#breadcrumb\",\"itemListElement\":[{\"@type\":\"ListItem\",\"position\":1,\"name\":\"Home\",\"item\":\"https:\/\/www.manaus.am.gov.br\/implurb\/\"},{\"@type\":\"ListItem\",\"position\":2,\"name\":\"Opera\u00e7\u00e3o integrada da Prefeitura de Manaus ordena uso do espa\u00e7o p\u00fablico no Centro\"}]},{\"@type\":\"WebSite\",\"@id\":\"https:\/\/www.manaus.am.gov.br\/implurb\/#website\",\"url\":\"https:\/\/www.manaus.am.gov.br\/implurb\/\",\"name\":\"IMPLURB\",\"description\":\"Prefeitura de Manaus\",\"potentialAction\":[{\"@type\":\"SearchAction\",\"target\":{\"@type\":\"EntryPoint\",\"urlTemplate\":\"https:\/\/www.manaus.am.gov.br\/implurb\/?s={search_term_string}\"},\"query-input\":\"required name=search_term_string\"}],\"inLanguage\":\"pt-BR\"},{\"@type\":\"Person\",\"@id\":\"https:\/\/www.manaus.am.gov.br\/implurb\/#\/schema\/person\/4e49f4e267757a06ca072ec61b2b9968\",\"name\":\"Adriana Costa\",\"image\":{\"@type\":\"ImageObject\",\"inLanguage\":\"pt-BR\",\"@id\":\"https:\/\/www.manaus.am.gov.br\/implurb\/#\/schema\/person\/image\/\",\"url\":\"https:\/\/secure.gravatar.com\/avatar\/576258617ef7194f718179e766d57bd4?s=96&d=mm&r=g\",\"contentUrl\":\"https:\/\/secure.gravatar.com\/avatar\/576258617ef7194f718179e766d57bd4?s=96&d=mm&r=g\",\"caption\":\"Adriana Costa\"}}]}<\/script>\n<!-- \/ Yoast SEO plugin. -->","yoast_head_json":{"title":"Opera\u00e7\u00e3o integrada da Prefeitura de Manaus","description":"Opera\u00e7\u00e3o integrada da Prefeitura de Manaus na manh\u00e3 desta ter\u00e7a-feira, 28\/4, ordena uso do espa\u00e7o p\u00fablico no Centro.","robots":{"index":"noindex","follow":"follow"},"og_locale":"pt_BR","og_type":"article","og_title":"Opera\u00e7\u00e3o integrada da Prefeitura de Manaus","og_description":"Opera\u00e7\u00e3o integrada da Prefeitura de Manaus na manh\u00e3 desta ter\u00e7a-feira, 28\/4, ordena uso do espa\u00e7o p\u00fablico no Centro.","og_url":"https:\/\/www.manaus.am.gov.br\/implurb\/operacao-integrada-prefeitura-centro\/","og_site_name":"IMPLURB","article_published_time":"2026-04-28T18:52:38+00:00","article_modified_time":"2026-04-28T19:00:49+00:00","og_image":[{"width":1600,"height":1200,"url":"https:\/\/www.manaus.am.gov.br\/implurb\/wp-content\/uploads\/sites\/13\/2026\/04\/IMG_3919.JPG.jpeg","type":"image\/jpeg"}],"author":"Adriana Costa","twitter_card":"summary_large_image","twitter_misc":{"Written by":"Adriana Costa","Est. reading time":"3 minutos"},"schema":{"@context":"https:\/\/schema.org","@graph":[{"@type":"WebPage","@id":"https:\/\/www.manaus.am.gov.br\/implurb\/operacao-integrada-prefeitura-centro\/","url":"https:\/\/www.manaus.am.gov.br\/implurb\/operacao-integrada-prefeitura-centro\/","name":"Opera\u00e7\u00e3o integrada da Prefeitura de Manaus","isPartOf":{"@id":"https:\/\/www.manaus.am.gov.br\/implurb\/#website"},"primaryImageOfPage":{"@id":"https:\/\/www.manaus.am.gov.br\/implurb\/operacao-integrada-prefeitura-centro\/#primaryimage"},"image":{"@id":"https:\/\/www.manaus.am.gov.br\/implurb\/operacao-integrada-prefeitura-centro\/#primaryimage"},"thumbnailUrl":"https:\/\/www.manaus.am.gov.br\/implurb\/wp-content\/uploads\/sites\/13\/2026\/04\/IMG_3919.JPG.jpeg","datePublished":"2026-04-28T18:52:38+00:00","dateModified":"2026-04-28T19:00:49+00:00","author":{"@id":"https:\/\/www.manaus.am.gov.br\/implurb\/#\/schema\/person\/4e49f4e267757a06ca072ec61b2b9968"},"description":"Opera\u00e7\u00e3o integrada da Prefeitura de Manaus na manh\u00e3 desta ter\u00e7a-feira, 28\/4, ordena uso do espa\u00e7o p\u00fablico no Centro.","breadcrumb":{"@id":"https:\/\/www.manaus.am.gov.br\/implurb\/operacao-integrada-prefeitura-centro\/#breadcrumb"},"inLanguage":"pt-BR","potentialAction":[{"@type":"ReadAction","target":["https:\/\/www.manaus.am.gov.br\/implurb\/operacao-integrada-prefeitura-centro\/"]}]},{"@type":"ImageObject","inLanguage":"pt-BR","@id":"https:\/\/www.manaus.am.gov.br\/implurb\/operacao-integrada-prefeitura-centro\/#primaryimage","url":"https:\/\/www.manaus.am.gov.br\/implurb\/wp-content\/uploads\/sites\/13\/2026\/04\/IMG_3919.JPG.jpeg","contentUrl":"https:\/\/www.manaus.am.gov.br\/implurb\/wp-content\/uploads\/sites\/13\/2026\/04\/IMG_3919.JPG.jpeg","width":1600,"height":1200,"caption":"#paratodosverem - Servidores da prefeitura orientam comerciantes e trabalhadores informais quanto \u00e0 ocupa\u00e7\u00e3o das cal\u00e7adas"},{"@type":"BreadcrumbList","@id":"https:\/\/www.manaus.am.gov.br\/implurb\/operacao-integrada-prefeitura-centro\/#breadcrumb","itemListElement":[{"@type":"ListItem","position":1,"name":"Home","item":"https:\/\/www.manaus.am.gov.br\/implurb\/"},{"@type":"ListItem","position":2,"name":"Opera\u00e7\u00e3o integrada da Prefeitura de Manaus ordena uso do espa\u00e7o p\u00fablico no Centro"}]},{"@type":"WebSite","@id":"https:\/\/www.manaus.am.gov.br\/implurb\/#website","url":"https:\/\/www.manaus.am.gov.br\/implurb\/","name":"IMPLURB","description":"Prefeitura de Manaus","potentialAction":[{"@type":"SearchAction","target":{"@type":"EntryPoint","urlTemplate":"https:\/\/www.manaus.am.gov.br\/implurb\/?s={search_term_string}"},"query-input":"required name=search_term_string"}],"inLanguage":"pt-BR"},{"@type":"Person","@id":"https:\/\/www.manaus.am.gov.br\/implurb\/#\/schema\/person\/4e49f4e267757a06ca072ec61b2b9968","name":"Adriana Costa","image":{"@type":"ImageObject","inLanguage":"pt-BR","@id":"https:\/\/www.manaus.am.gov.br\/implurb\/#\/schema\/person\/image\/","url":"https:\/\/secure.gravatar.com\/avatar\/576258617ef7194f718179e766d57bd4?s=96&d=mm&r=g","contentUrl":"https:\/\/secure.gravatar.com\/avatar\/576258617ef7194f718179e766d57bd4?s=96&d=mm&r=g","caption":"Adriana Costa"}}]}},"_links":{"self":[{"href":"https:\/\/www.manaus.am.gov.br\/implurb\/wp-json\/wp\/v2\/posts\/8187"}],"collection":[{"href":"https:\/\/www.manaus.am.gov.br\/implurb\/wp-json\/wp\/v2\/posts"}],"about":[{"href":"https:\/\/www.manaus.am.gov.br\/implurb\/wp-json\/wp\/v2\/types\/post"}],"author":[{"embeddable":true,"href":"https:\/\/www.manaus.am.gov.br\/implurb\/wp-json\/wp\/v2\/users\/23"}],"replies":[{"embeddable":true,"href":"https:\/\/www.manaus.am.gov.br\/implurb\/wp-json\/wp\/v2\/comments?post=8187"}],"version-history":[{"count":1,"href":"https:\/\/www.manaus.am.gov.br\/implurb\/wp-json\/wp\/v2\/posts\/8187\/revisions"}],"predecessor-version":[{"id":8189,"href":"https:\/\/www.manaus.am.gov.br\/implurb\/wp-json\/wp\/v2\/posts\/8187\/revisions\/8189"}],"wp:featuredmedia":[{"embeddable":true,"href":"https:\/\/www.manaus.am.gov.br\/implurb\/wp-json\/wp\/v2\/media\/8188"}],"wp:attachment":[{"href":"https:\/\/www.manaus.am.gov.br\/implurb\/wp-json\/wp\/v2\/media?parent=8187"}],"wp:term":[{"taxonomy":"category","embeddable":true,"href":"https:\/\/www.manaus.am.gov.br\/implurb\/wp-json\/wp\/v2\/categories?post=8187"},{"taxonomy":"post_tag","embeddable":true,"href":"https:\/\/www.manaus.am.gov.br\/implurb\/wp-json\/wp\/v2\/tags?post=8187"}],"curies":[{"name":"wp","href":"https:\/\/api.w.org\/{rel}","templated":true}]}}