{"id":8161,"date":"2026-04-27T17:12:52","date_gmt":"2026-04-27T21:12:52","guid":{"rendered":"https:\/\/www.manaus.am.gov.br\/implurb\/fiscalizacao-imoveis-abandonados-centro-historico\/"},"modified":"2026-04-28T12:47:21","modified_gmt":"2026-04-28T16:47:21","slug":"fiscalizacao-imoveis-abandonados-centro-historico","status":"publish","type":"post","link":"https:\/\/www.manaus.am.gov.br\/implurb\/fiscalizacao-imoveis-abandonados-centro-historico\/","title":{"rendered":"Prefeitura fiscaliza im\u00f3veis abandonados e alvos de vandalismo no Centro Hist\u00f3rico de Manaus"},"content":{"rendered":"\n<p>Tr\u00eas im\u00f3veis foram alvos de uma a\u00e7\u00e3o de fiscaliza\u00e7\u00e3o e monitoramento no centro hist\u00f3rico da cidade realizada, nesta segunda-feira, 27\/4, pela <a href=\"https:\/\/www.manaus.am.gov.br\/\">Prefeitura de Manaus<\/a>, por meio das equipes da Ger\u00eancia de Patrim\u00f4nio Hist\u00f3rico (GPH) do <a href=\"https:\/\/www.instagram.com\/implurb\/\">Instituto Municipal de Planejamento Urbano<\/a> (Implurb). Durante o trabalho de rotina, os t\u00e9cnicos verificaram ocupa\u00e7\u00f5es irregulares em tr\u00eas endere\u00e7os, dois im\u00f3veis na avenida Joaquim Nabuco e outro na rua Henrique Antony com rua Itamarac\u00e1, todos listados como bens de interesse de preserva\u00e7\u00e3o de 1\u00ba grau.<\/p>\n\n\n\n<p>Nos dois casar\u00f5es da Joaquim Nabuco, o processo de invas\u00e3o por terceiros causou depreda\u00e7\u00e3o e vandalismo nos bens particulares e o propriet\u00e1rio iniciou processo de veda\u00e7\u00e3o para evitar mais danos. A veda\u00e7\u00e3o \u00e9 feita sem preju\u00edzo arquitet\u00f4nico. As vistorias in loco s\u00e3o realizadas de forma permanente e os im\u00f3veis abandonados s\u00e3o focos dos trabalhos em campo da GPH, que tamb\u00e9m orienta os donos.<\/p>\n\n\n\n<p>\u201cCabe aos propriet\u00e1rios a responsabilidade direta pela recupera\u00e7\u00e3o, manuten\u00e7\u00e3o e uso das edifica\u00e7\u00f5es. Ao poder p\u00fablico, por sua vez, compete orientar, normatizar, licenciar e fiscalizar, criando um ambiente t\u00e9cnico e jur\u00eddico que favore\u00e7a a recupera\u00e7\u00e3o do&nbsp;patrim\u00f4nio&nbsp;sem inviabilizar iniciativas privadas\u201d, explicou a gerente do GPH, arquiteta Landa Bernardo.<\/p>\n\n\n\n<p>A l\u00f3gica adotada \u00e9 a da coopera\u00e7\u00e3o, preservando a mem\u00f3ria constru\u00edda e, ao mesmo tempo, permitindo que esses pr\u00e9dios voltem a cumprir fun\u00e7\u00e3o social e urbana.<\/p>\n\n\n\n<p>A arquiteta ressaltou a import\u00e2ncia dos moradores do&nbsp;Centro&nbsp;de manterem seus im\u00f3veis bens conservados e com manuten\u00e7\u00e3o, especialmente os que fazem parte da listagem do&nbsp;centro&nbsp;antigo. \u201cA salvaguarda e a manuten\u00e7\u00e3o desses im\u00f3veis s\u00e3o de responsabilidade dos seus donos e os propriet\u00e1rios precisam come\u00e7ar, realmente, a conservar, manter, proteger, evitando o abandono, o vandalismo e a ocupa\u00e7\u00e3o indevida, garantindo a preserva\u00e7\u00e3o da edifica\u00e7\u00e3o e a seguran\u00e7a do entorno\u201d, afirmou.<\/p>\n\n\n\n<p><strong>Monitoramento&nbsp;<\/strong><\/p>\n\n\n\n<p>O monitoramento dos im\u00f3veis no centro&nbsp;hist\u00f3rico&nbsp;\u00e9 um trabalho permanente da GPH, de acompanhamento das unidades e atualiza\u00e7\u00e3o dos cadastros para saber as condi\u00e7\u00f5es em que elas se encontram. A finalidade do monitoramento \u00e9 saber como os im\u00f3veis est\u00e3o sendo usados, se t\u00eam alguma degrada\u00e7\u00e3o, se est\u00e3o&nbsp;abandonados&nbsp;ou ainda continuam com o mesmo uso.<\/p>\n\n\n\n<p>\u201cA popula\u00e7\u00e3o pode ajudar dando informa\u00e7\u00f5es especialmente sobre im\u00f3veis no&nbsp;centro&nbsp;antigo que est\u00e3o&nbsp;abandonados&nbsp;ou em degrada\u00e7\u00e3o, ou sendo alvos de vandalismo e depreda\u00e7\u00e3o, ligando para o 3625-6577, do&nbsp;GPH\u201d, disse Landa.<\/p>\n\n\n\n<p>O monitoramento envolve as edifica\u00e7\u00f5es da lista com&nbsp;verifica\u00e7\u00e3o&nbsp;<em>in loco<\/em>&nbsp;dos im\u00f3veis; situa\u00e7\u00e3o e condi\u00e7\u00e3o do bem, se est\u00e1 em uso, abandonado ou em depreda\u00e7\u00e3o; adequa\u00e7\u00e3o de publicidade; e atualiza\u00e7\u00e3o da ficha de cadastro. Tamb\u00e9m em campo, os arquitetos e t\u00e9cnicos do&nbsp;Implurb&nbsp;v\u00e3o verificar poss\u00edveis danos aos pr\u00e9dios, casar\u00f5es e similares, assim como se ocorreram altera\u00e7\u00f5es no&nbsp;patrim\u00f4nio&nbsp;ou obras irregulares.<\/p>\n\n\n\n<p>A Ger\u00eancia de&nbsp;Patrim\u00f4nio&nbsp;tem atendimento presencial as segundas, quartas e sextas-feiras (exceto feriados e pontos facultativos), das 8h \u00e0s 11h, mas den\u00fancias e informa\u00e7\u00f5es podem ser encaminhadas pelo telefone (92) 3625- 6572, de segunda a sexta-feira, no mesmo hor\u00e1rio.<\/p>\n\n\n\n<figure class=\"wp-block-image size-large\"><img decoding=\"async\" src=\"https:\/\/www.manaus.am.gov.br\/implurb\/wp-content\/uploads\/sites\/13\/2026\/04\/abandonados7-1024x768.jpg\" alt=\"\" class=\"wp-image-8163\" \/><figcaption class=\"wp-element-caption\">#paratodosverem &#8211; Parte interna de pr\u00e9dio no Centro<\/figcaption><\/figure>\n\n\n\n<p>&#8212; &#8212; &#8212;<\/p>\n\n\n\n<p><strong>Texto<\/strong>&nbsp;\u2013 Claudia do Valle\/Implurb&nbsp;<\/p>\n\n\n\n<p><strong>Fotos \u2013<\/strong>&nbsp;Divulga\u00e7\u00e3o\/Implurb<\/p>\n","protected":false},"excerpt":{"rendered":"","protected":false},"author":39,"featured_media":8162,"comment_status":"closed","ping_status":"closed","sticky":false,"template":"","format":"standard","meta":{"footnotes":""},"categories":[2207],"tags":[2208,79,2209,11,15],"acf":[],"yoast_head":"<!-- This site is optimized with the Yoast SEO plugin v23.0 - https:\/\/yoast.com\/wordpress\/plugins\/seo\/ -->\n<title>Prefeitura fiscaliza im\u00f3veis abandonados e alvos de vandalismo no Centro Hist\u00f3rico de Manaus<\/title>\n<meta name=\"description\" content=\"Prefeitura de Manaus, por meio do Implurb, fiscaliza im\u00f3veis abandonados e alvos de vandalismo no centro hist\u00f3rico.\" \/>\n<meta name=\"robots\" content=\"noindex, follow\" \/>\n<meta property=\"og:locale\" content=\"pt_BR\" \/>\n<meta property=\"og:type\" content=\"article\" \/>\n<meta property=\"og:title\" content=\"Prefeitura fiscaliza im\u00f3veis abandonados e alvos de vandalismo no Centro Hist\u00f3rico de Manaus\" \/>\n<meta property=\"og:description\" content=\"Prefeitura de Manaus, por meio do Implurb, fiscaliza im\u00f3veis abandonados e alvos de vandalismo no centro hist\u00f3rico.\" \/>\n<meta property=\"og:url\" content=\"https:\/\/www.manaus.am.gov.br\/implurb\/fiscalizacao-imoveis-abandonados-centro-historico\/\" \/>\n<meta property=\"og:site_name\" content=\"IMPLURB\" \/>\n<meta property=\"article:published_time\" content=\"2026-04-27T21:12:52+00:00\" \/>\n<meta property=\"article:modified_time\" content=\"2026-04-28T16:47:21+00:00\" \/>\n<meta property=\"og:image\" content=\"https:\/\/www.manaus.am.gov.br\/implurb\/wp-content\/uploads\/sites\/13\/2026\/04\/abandonados3.jpg\" \/>\n\t<meta property=\"og:image:width\" content=\"900\" \/>\n\t<meta property=\"og:image:height\" content=\"1600\" \/>\n\t<meta property=\"og:image:type\" content=\"image\/jpeg\" \/>\n<meta name=\"author\" content=\"Bruna Greco\" \/>\n<meta name=\"twitter:card\" content=\"summary_large_image\" \/>\n<meta name=\"twitter:label1\" content=\"Written by\" \/>\n\t<meta name=\"twitter:data1\" content=\"Bruna Greco\" \/>\n\t<meta name=\"twitter:label2\" content=\"Est. reading time\" \/>\n\t<meta name=\"twitter:data2\" content=\"4 minutos\" \/>\n<script type=\"application\/ld+json\" class=\"yoast-schema-graph\">{\"@context\":\"https:\/\/schema.org\",\"@graph\":[{\"@type\":\"WebPage\",\"@id\":\"https:\/\/www.manaus.am.gov.br\/implurb\/fiscalizacao-imoveis-abandonados-centro-historico\/\",\"url\":\"https:\/\/www.manaus.am.gov.br\/implurb\/fiscalizacao-imoveis-abandonados-centro-historico\/\",\"name\":\"Prefeitura fiscaliza im\u00f3veis abandonados e alvos de vandalismo no Centro Hist\u00f3rico de Manaus\",\"isPartOf\":{\"@id\":\"https:\/\/www.manaus.am.gov.br\/implurb\/#website\"},\"primaryImageOfPage\":{\"@id\":\"https:\/\/www.manaus.am.gov.br\/implurb\/fiscalizacao-imoveis-abandonados-centro-historico\/#primaryimage\"},\"image\":{\"@id\":\"https:\/\/www.manaus.am.gov.br\/implurb\/fiscalizacao-imoveis-abandonados-centro-historico\/#primaryimage\"},\"thumbnailUrl\":\"https:\/\/www.manaus.am.gov.br\/implurb\/wp-content\/uploads\/sites\/13\/2026\/04\/abandonados3.jpg\",\"datePublished\":\"2026-04-27T21:12:52+00:00\",\"dateModified\":\"2026-04-28T16:47:21+00:00\",\"author\":{\"@id\":\"https:\/\/www.manaus.am.gov.br\/implurb\/#\/schema\/person\/05d223aea2bf115f9883a6ff3683d81b\"},\"description\":\"Prefeitura de Manaus, por meio do Implurb, fiscaliza im\u00f3veis abandonados e alvos de vandalismo no centro hist\u00f3rico.\",\"breadcrumb\":{\"@id\":\"https:\/\/www.manaus.am.gov.br\/implurb\/fiscalizacao-imoveis-abandonados-centro-historico\/#breadcrumb\"},\"inLanguage\":\"pt-BR\",\"potentialAction\":[{\"@type\":\"ReadAction\",\"target\":[\"https:\/\/www.manaus.am.gov.br\/implurb\/fiscalizacao-imoveis-abandonados-centro-historico\/\"]}]},{\"@type\":\"ImageObject\",\"inLanguage\":\"pt-BR\",\"@id\":\"https:\/\/www.manaus.am.gov.br\/implurb\/fiscalizacao-imoveis-abandonados-centro-historico\/#primaryimage\",\"url\":\"https:\/\/www.manaus.am.gov.br\/implurb\/wp-content\/uploads\/sites\/13\/2026\/04\/abandonados3.jpg\",\"contentUrl\":\"https:\/\/www.manaus.am.gov.br\/implurb\/wp-content\/uploads\/sites\/13\/2026\/04\/abandonados3.jpg\",\"width\":900,\"height\":1600,\"caption\":\"#paratodosverem - Pr\u00e9dio abandonado no centro da cidade\"},{\"@type\":\"BreadcrumbList\",\"@id\":\"https:\/\/www.manaus.am.gov.br\/implurb\/fiscalizacao-imoveis-abandonados-centro-historico\/#breadcrumb\",\"itemListElement\":[{\"@type\":\"ListItem\",\"position\":1,\"name\":\"Home\",\"item\":\"https:\/\/www.manaus.am.gov.br\/implurb\/\"},{\"@type\":\"ListItem\",\"position\":2,\"name\":\"Prefeitura fiscaliza im\u00f3veis abandonados e alvos de vandalismo no Centro Hist\u00f3rico de Manaus\"}]},{\"@type\":\"WebSite\",\"@id\":\"https:\/\/www.manaus.am.gov.br\/implurb\/#website\",\"url\":\"https:\/\/www.manaus.am.gov.br\/implurb\/\",\"name\":\"IMPLURB\",\"description\":\"Prefeitura de Manaus\",\"potentialAction\":[{\"@type\":\"SearchAction\",\"target\":{\"@type\":\"EntryPoint\",\"urlTemplate\":\"https:\/\/www.manaus.am.gov.br\/implurb\/?s={search_term_string}\"},\"query-input\":\"required name=search_term_string\"}],\"inLanguage\":\"pt-BR\"},{\"@type\":\"Person\",\"@id\":\"https:\/\/www.manaus.am.gov.br\/implurb\/#\/schema\/person\/05d223aea2bf115f9883a6ff3683d81b\",\"name\":\"Bruna Greco\",\"image\":{\"@type\":\"ImageObject\",\"inLanguage\":\"pt-BR\",\"@id\":\"https:\/\/www.manaus.am.gov.br\/implurb\/#\/schema\/person\/image\/\",\"url\":\"https:\/\/secure.gravatar.com\/avatar\/9c877d1a6adc2a055330e5c09a8653ce?s=96&d=mm&r=g\",\"contentUrl\":\"https:\/\/secure.gravatar.com\/avatar\/9c877d1a6adc2a055330e5c09a8653ce?s=96&d=mm&r=g\",\"caption\":\"Bruna Greco\"}}]}<\/script>\n<!-- \/ Yoast SEO plugin. -->","yoast_head_json":{"title":"Prefeitura fiscaliza im\u00f3veis abandonados e alvos de vandalismo no Centro Hist\u00f3rico de Manaus","description":"Prefeitura de Manaus, por meio do Implurb, fiscaliza im\u00f3veis abandonados e alvos de vandalismo no centro hist\u00f3rico.","robots":{"index":"noindex","follow":"follow"},"og_locale":"pt_BR","og_type":"article","og_title":"Prefeitura fiscaliza im\u00f3veis abandonados e alvos de vandalismo no Centro Hist\u00f3rico de Manaus","og_description":"Prefeitura de Manaus, por meio do Implurb, fiscaliza im\u00f3veis abandonados e alvos de vandalismo no centro hist\u00f3rico.","og_url":"https:\/\/www.manaus.am.gov.br\/implurb\/fiscalizacao-imoveis-abandonados-centro-historico\/","og_site_name":"IMPLURB","article_published_time":"2026-04-27T21:12:52+00:00","article_modified_time":"2026-04-28T16:47:21+00:00","og_image":[{"width":900,"height":1600,"url":"https:\/\/www.manaus.am.gov.br\/implurb\/wp-content\/uploads\/sites\/13\/2026\/04\/abandonados3.jpg","type":"image\/jpeg"}],"author":"Bruna Greco","twitter_card":"summary_large_image","twitter_misc":{"Written by":"Bruna Greco","Est. reading time":"4 minutos"},"schema":{"@context":"https:\/\/schema.org","@graph":[{"@type":"WebPage","@id":"https:\/\/www.manaus.am.gov.br\/implurb\/fiscalizacao-imoveis-abandonados-centro-historico\/","url":"https:\/\/www.manaus.am.gov.br\/implurb\/fiscalizacao-imoveis-abandonados-centro-historico\/","name":"Prefeitura fiscaliza im\u00f3veis abandonados e alvos de vandalismo no Centro Hist\u00f3rico de Manaus","isPartOf":{"@id":"https:\/\/www.manaus.am.gov.br\/implurb\/#website"},"primaryImageOfPage":{"@id":"https:\/\/www.manaus.am.gov.br\/implurb\/fiscalizacao-imoveis-abandonados-centro-historico\/#primaryimage"},"image":{"@id":"https:\/\/www.manaus.am.gov.br\/implurb\/fiscalizacao-imoveis-abandonados-centro-historico\/#primaryimage"},"thumbnailUrl":"https:\/\/www.manaus.am.gov.br\/implurb\/wp-content\/uploads\/sites\/13\/2026\/04\/abandonados3.jpg","datePublished":"2026-04-27T21:12:52+00:00","dateModified":"2026-04-28T16:47:21+00:00","author":{"@id":"https:\/\/www.manaus.am.gov.br\/implurb\/#\/schema\/person\/05d223aea2bf115f9883a6ff3683d81b"},"description":"Prefeitura de Manaus, por meio do Implurb, fiscaliza im\u00f3veis abandonados e alvos de vandalismo no centro hist\u00f3rico.","breadcrumb":{"@id":"https:\/\/www.manaus.am.gov.br\/implurb\/fiscalizacao-imoveis-abandonados-centro-historico\/#breadcrumb"},"inLanguage":"pt-BR","potentialAction":[{"@type":"ReadAction","target":["https:\/\/www.manaus.am.gov.br\/implurb\/fiscalizacao-imoveis-abandonados-centro-historico\/"]}]},{"@type":"ImageObject","inLanguage":"pt-BR","@id":"https:\/\/www.manaus.am.gov.br\/implurb\/fiscalizacao-imoveis-abandonados-centro-historico\/#primaryimage","url":"https:\/\/www.manaus.am.gov.br\/implurb\/wp-content\/uploads\/sites\/13\/2026\/04\/abandonados3.jpg","contentUrl":"https:\/\/www.manaus.am.gov.br\/implurb\/wp-content\/uploads\/sites\/13\/2026\/04\/abandonados3.jpg","width":900,"height":1600,"caption":"#paratodosverem - Pr\u00e9dio abandonado no centro da cidade"},{"@type":"BreadcrumbList","@id":"https:\/\/www.manaus.am.gov.br\/implurb\/fiscalizacao-imoveis-abandonados-centro-historico\/#breadcrumb","itemListElement":[{"@type":"ListItem","position":1,"name":"Home","item":"https:\/\/www.manaus.am.gov.br\/implurb\/"},{"@type":"ListItem","position":2,"name":"Prefeitura fiscaliza im\u00f3veis abandonados e alvos de vandalismo no Centro Hist\u00f3rico de Manaus"}]},{"@type":"WebSite","@id":"https:\/\/www.manaus.am.gov.br\/implurb\/#website","url":"https:\/\/www.manaus.am.gov.br\/implurb\/","name":"IMPLURB","description":"Prefeitura de Manaus","potentialAction":[{"@type":"SearchAction","target":{"@type":"EntryPoint","urlTemplate":"https:\/\/www.manaus.am.gov.br\/implurb\/?s={search_term_string}"},"query-input":"required name=search_term_string"}],"inLanguage":"pt-BR"},{"@type":"Person","@id":"https:\/\/www.manaus.am.gov.br\/implurb\/#\/schema\/person\/05d223aea2bf115f9883a6ff3683d81b","name":"Bruna Greco","image":{"@type":"ImageObject","inLanguage":"pt-BR","@id":"https:\/\/www.manaus.am.gov.br\/implurb\/#\/schema\/person\/image\/","url":"https:\/\/secure.gravatar.com\/avatar\/9c877d1a6adc2a055330e5c09a8653ce?s=96&d=mm&r=g","contentUrl":"https:\/\/secure.gravatar.com\/avatar\/9c877d1a6adc2a055330e5c09a8653ce?s=96&d=mm&r=g","caption":"Bruna Greco"}}]}},"_links":{"self":[{"href":"https:\/\/www.manaus.am.gov.br\/implurb\/wp-json\/wp\/v2\/posts\/8161"}],"collection":[{"href":"https:\/\/www.manaus.am.gov.br\/implurb\/wp-json\/wp\/v2\/posts"}],"about":[{"href":"https:\/\/www.manaus.am.gov.br\/implurb\/wp-json\/wp\/v2\/types\/post"}],"author":[{"embeddable":true,"href":"https:\/\/www.manaus.am.gov.br\/implurb\/wp-json\/wp\/v2\/users\/39"}],"replies":[{"embeddable":true,"href":"https:\/\/www.manaus.am.gov.br\/implurb\/wp-json\/wp\/v2\/comments?post=8161"}],"version-history":[{"count":3,"href":"https:\/\/www.manaus.am.gov.br\/implurb\/wp-json\/wp\/v2\/posts\/8161\/revisions"}],"predecessor-version":[{"id":8178,"href":"https:\/\/www.manaus.am.gov.br\/implurb\/wp-json\/wp\/v2\/posts\/8161\/revisions\/8178"}],"wp:featuredmedia":[{"embeddable":true,"href":"https:\/\/www.manaus.am.gov.br\/implurb\/wp-json\/wp\/v2\/media\/8162"}],"wp:attachment":[{"href":"https:\/\/www.manaus.am.gov.br\/implurb\/wp-json\/wp\/v2\/media?parent=8161"}],"wp:term":[{"taxonomy":"category","embeddable":true,"href":"https:\/\/www.manaus.am.gov.br\/implurb\/wp-json\/wp\/v2\/categories?post=8161"},{"taxonomy":"post_tag","embeddable":true,"href":"https:\/\/www.manaus.am.gov.br\/implurb\/wp-json\/wp\/v2\/tags?post=8161"}],"curies":[{"name":"wp","href":"https:\/\/api.w.org\/{rel}","templated":true}]}}