{"id":8155,"date":"2026-04-25T15:13:49","date_gmt":"2026-04-25T19:13:49","guid":{"rendered":"https:\/\/www.manaus.am.gov.br\/implurb\/integracao-entre-equipes-e-destaque-em-projeto-premiado-da-prefeitura-de-manaus\/"},"modified":"2026-04-27T13:07:25","modified_gmt":"2026-04-27T17:07:25","slug":"integracao-entre-equipes-e-destaque-em-projeto-premiado-da-prefeitura-de-manaus","status":"publish","type":"post","link":"https:\/\/www.manaus.am.gov.br\/implurb\/integracao-entre-equipes-e-destaque-em-projeto-premiado-da-prefeitura-de-manaus\/","title":{"rendered":"Integra\u00e7\u00e3o entre equipes \u00e9 destaque em projeto premiado da Prefeitura de Manaus"},"content":{"rendered":"\n<p>A <a href=\"https:\/\/www.manaus.am.gov.br\/\">Prefeitura de Manaus<\/a> entrou de vez no radar nacional das boas pr\u00e1ticas ao conquistar o segundo lugar no Pr\u00eamio Sebrae Prefeitura Empreendedora (PSPE), com uma iniciativa que est\u00e1 mudando, na pr\u00e1tica, a forma de construir na cidade. O reconhecimento, concedido pelo Sebrae, consagrou o Alvar\u00e1 de Constru\u00e7\u00e3o Mais F\u00e1cil (ACMF) como uma pol\u00edtica p\u00fablica que rompe com a burocracia e acelera o desenvolvimento urbano e econ\u00f4mico da capital amazonense.<\/p>\n\n\n\n<p>Nesta sexta-feira, 24\/4, o diretor-presidente do <a href=\"https:\/\/www.instagram.com\/implurb\/\">Instituto Municipal de Planejamento Urbano<\/a> (Implurb), Antonio Peixoto, reuniu a equipe t\u00e9cnica da autarquia, que conduziu os trabalhos de constru\u00e7\u00e3o e desenvolvimento da ferramenta e do sistema, al\u00e9m dos envolvidos nos cursos e treinamentos oferecidos para uso do ACMF. Ele destacou que o reconhecimento valida uma mudan\u00e7a de cultura dentro da gest\u00e3o p\u00fablica.<\/p>\n\n\n\n<p>\u201cRecebemos com grande satisfa\u00e7\u00e3o essa honraria que distingue a Prefeitura como uma institui\u00e7\u00e3o empreendedora, comprometida com a constante melhoria de seus processos. O Alvar\u00e1 de Constru\u00e7\u00e3o Mais F\u00e1cil simplificou significativamente o licenciamento de obras em Manaus. Antes, o prazo m\u00e9dio era de 23 dias. Hoje, conseguimos reduzir para cerca de duas horas, o que representa um avan\u00e7o not\u00e1vel e impacta diretamente a qualidade dos servi\u00e7os prestados \u00e0 popula\u00e7\u00e3o pela Prefeitura e pela gest\u00e3o do prefeito Renato Junior\u201d, afirmou.<\/p>\n\n\n\n<p>Peixoto tamb\u00e9m enfatiza que o resultado \u00e9 fruto de um esfor\u00e7o coletivo, envolvendo diferentes setores da administra\u00e7\u00e3o. \u201cEsse sucesso \u00e9 resultado de um trabalho colaborativo, com participa\u00e7\u00e3o de \u00e1reas como a Semef (Secretaria Municipal de Finan\u00e7as) e a Subsecretaria de Tecnologia da Informa\u00e7\u00e3o (Subti). A iniciativa demonstra que a gest\u00e3o p\u00fablica pode ser eficiente e \u00e1gil, desmistificando a percep\u00e7\u00e3o de burocracia\u201d, completou.<\/p>\n\n\n\n<p><strong>Digital<\/strong><\/p>\n\n\n\n<p>Totalmente digital e automatizado, o sistema transformou um dos processos mais lentos da administra\u00e7\u00e3o p\u00fablica em um exemplo de efici\u00eancia: o que antes levava semanas agora pode ser resolvido em poucas horas ou minutos. Um salto que n\u00e3o apenas simplifica a vida de profissionais e empreendedores, mas reposiciona Manaus como uma cidade mais competitiva, moderna e aberta a investimentos.<\/p>\n\n\n\n<p>A premia\u00e7\u00e3o ocorreu em uma edi\u00e7\u00e3o hist\u00f3rica do Pr\u00eamio Sebrae, que reuniu mais de 2,8 mil projetos de todo o pa\u00eds, colocando a capital amazonense em evid\u00eancia em um cen\u00e1rio altamente competitivo. Mais do que um trof\u00e9u, o resultado refor\u00e7a o impacto direto de pol\u00edticas p\u00fablicas bem estruturadas na gera\u00e7\u00e3o de oportunidades, renda e dinamismo econ\u00f4mico. A implanta\u00e7\u00e3o do sistema foi iniciada na gest\u00e3o do ex-prefeito David Almeida e do ex-diretor do Implurb, Carlos Valente. Os trabalhos tamb\u00e9m contaram com a\u00e7\u00e3o do arquiteto e urbanista Claudemir Andrade (in memoriam), que hoje d\u00e1 nome ao edif\u00edcio sede da autarquia.<\/p>\n\n\n\n<p>Inova\u00e7\u00e3o<\/p>\n\n\n\n<p>Para quem acompanhou de perto a constru\u00e7\u00e3o da solu\u00e7\u00e3o, o reconhecimento tem um significado ainda mais profundo. A arquiteta e urbanista L\u00e9a Moura, da Divis\u00e3o de Aprova\u00e7\u00e3o de Projetos (Diap), v\u00ea na premia\u00e7\u00e3o a confirma\u00e7\u00e3o de que o caminho adotado est\u00e1 gerando transforma\u00e7\u00e3o real na cidade.<\/p>\n\n\n\n<p>\u201cFoi uma honra participar da implanta\u00e7\u00e3o de um projeto t\u00e3o significativo para Manaus, contribuindo para elevar o n\u00edvel da constru\u00e7\u00e3o civil e impulsionar o desenvolvimento local. Ver todo esse esfor\u00e7o sendo reconhecido com a premia\u00e7\u00e3o do Sebrae, como Prefeitura Empreendedora, refor\u00e7a que estamos no caminho certo e que iniciativas como essa realmente transformam a realidade da nossa cidade\u201d, destacou.<\/p>\n\n\n\n<p>Na pr\u00e1tica, o novo modelo amplia o acesso ao licenciamento, acelera investimentos e fortalece o ambiente de neg\u00f3cios, sem abrir m\u00e3o da seguran\u00e7a jur\u00eddica e do rigor t\u00e9cnico. Ao transferir maior responsabilidade aos profissionais habilitados e integrar par\u00e2metros urban\u00edsticos do Plano Diretor, o sistema combina agilidade com controle \u2014 uma equa\u00e7\u00e3o que coloca Manaus como refer\u00eancia em inova\u00e7\u00e3o na gest\u00e3o urbana.<\/p>\n\n\n\n<p>Mais do que reduzir prazos, o Alvar\u00e1 de Constru\u00e7\u00e3o Mais F\u00e1cil encurta dist\u00e2ncias entre o poder p\u00fablico e quem quer empreender. E \u00e9 exatamente nesse ponto que a pol\u00edtica p\u00fablica ganha for\u00e7a: quando deixa de ser apenas um processo interno e passa a impactar, de forma concreta, a vida de quem move a cidade todos os dias.<\/p>\n\n\n\n<p><strong>Confira a premia\u00e7\u00e3o por categoria:<\/strong><\/p>\n\n\n\n<p><strong>Simplifica\u00e7\u00e3o<\/strong><\/p>\n\n\n\n<p>2\u00ba lugar: Projeto Alvar\u00e1 de Constru\u00e7\u00e3o Mais F\u00e1cil (ACMF) \u2014 Prefeitura de Manaus<\/p>\n\n\n\n<p><strong>Empreendedorismo Rural<\/strong><\/p>\n\n\n\n<p>2\u00ba lugar: Programa Manaus Mais Agro \u2014 Prefeitura de Manaus<\/p>\n\n\n\n<p>&#8212; &#8212; &#8212;&nbsp;<\/p>\n\n\n\n<p><strong>Texto &#8211;<\/strong> Claudia do Valle \/ Implurb<\/p>\n\n\n\n<p><strong>Fotos &#8211;<\/strong> Antonio Pereira\/ Semcom e Divulga\u00e7\u00e3o\/ Implurb<\/p>\n","protected":false},"excerpt":{"rendered":"","protected":false},"author":57,"featured_media":8156,"comment_status":"closed","ping_status":"closed","sticky":false,"template":"","format":"standard","meta":{"footnotes":""},"categories":[2205],"tags":[11,15,2206],"acf":[],"yoast_head":"<!-- This site is optimized with the Yoast SEO plugin v23.0 - https:\/\/yoast.com\/wordpress\/plugins\/seo\/ -->\n<title>Integra\u00e7\u00e3o entre equipes \u00e9 destaque em projeto premiado da Prefeitura de Manaus - IMPLURB<\/title>\n<meta name=\"robots\" content=\"noindex, follow\" \/>\n<meta property=\"og:locale\" content=\"pt_BR\" \/>\n<meta property=\"og:type\" content=\"article\" \/>\n<meta property=\"og:title\" content=\"Integra\u00e7\u00e3o entre equipes \u00e9 destaque em projeto premiado da Prefeitura de Manaus - IMPLURB\" \/>\n<meta property=\"og:url\" content=\"https:\/\/www.manaus.am.gov.br\/implurb\/integracao-entre-equipes-e-destaque-em-projeto-premiado-da-prefeitura-de-manaus\/\" \/>\n<meta property=\"og:site_name\" content=\"IMPLURB\" \/>\n<meta property=\"article:published_time\" content=\"2026-04-25T19:13:49+00:00\" \/>\n<meta property=\"article:modified_time\" content=\"2026-04-27T17:07:25+00:00\" \/>\n<meta property=\"og:image\" content=\"https:\/\/www.manaus.am.gov.br\/implurb\/wp-content\/uploads\/sites\/13\/2026\/04\/sebrae2.jpg\" \/>\n\t<meta property=\"og:image:width\" content=\"1024\" \/>\n\t<meta property=\"og:image:height\" content=\"768\" \/>\n\t<meta property=\"og:image:type\" content=\"image\/jpeg\" \/>\n<meta name=\"author\" content=\"Thiago Fernando\" \/>\n<meta name=\"twitter:card\" content=\"summary_large_image\" \/>\n<meta name=\"twitter:label1\" content=\"Written by\" \/>\n\t<meta name=\"twitter:data1\" content=\"Thiago Fernando\" \/>\n\t<meta name=\"twitter:label2\" content=\"Est. reading time\" \/>\n\t<meta name=\"twitter:data2\" content=\"5 minutos\" \/>\n<script type=\"application\/ld+json\" class=\"yoast-schema-graph\">{\"@context\":\"https:\/\/schema.org\",\"@graph\":[{\"@type\":\"WebPage\",\"@id\":\"https:\/\/www.manaus.am.gov.br\/implurb\/integracao-entre-equipes-e-destaque-em-projeto-premiado-da-prefeitura-de-manaus\/\",\"url\":\"https:\/\/www.manaus.am.gov.br\/implurb\/integracao-entre-equipes-e-destaque-em-projeto-premiado-da-prefeitura-de-manaus\/\",\"name\":\"Integra\u00e7\u00e3o entre equipes \u00e9 destaque em projeto premiado da Prefeitura de Manaus - IMPLURB\",\"isPartOf\":{\"@id\":\"https:\/\/www.manaus.am.gov.br\/implurb\/#website\"},\"primaryImageOfPage\":{\"@id\":\"https:\/\/www.manaus.am.gov.br\/implurb\/integracao-entre-equipes-e-destaque-em-projeto-premiado-da-prefeitura-de-manaus\/#primaryimage\"},\"image\":{\"@id\":\"https:\/\/www.manaus.am.gov.br\/implurb\/integracao-entre-equipes-e-destaque-em-projeto-premiado-da-prefeitura-de-manaus\/#primaryimage\"},\"thumbnailUrl\":\"https:\/\/www.manaus.am.gov.br\/implurb\/wp-content\/uploads\/sites\/13\/2026\/04\/sebrae2.jpg\",\"datePublished\":\"2026-04-25T19:13:49+00:00\",\"dateModified\":\"2026-04-27T17:07:25+00:00\",\"author\":{\"@id\":\"https:\/\/www.manaus.am.gov.br\/implurb\/#\/schema\/person\/a5ee5376db6e21af026374b369f30882\"},\"breadcrumb\":{\"@id\":\"https:\/\/www.manaus.am.gov.br\/implurb\/integracao-entre-equipes-e-destaque-em-projeto-premiado-da-prefeitura-de-manaus\/#breadcrumb\"},\"inLanguage\":\"pt-BR\",\"potentialAction\":[{\"@type\":\"ReadAction\",\"target\":[\"https:\/\/www.manaus.am.gov.br\/implurb\/integracao-entre-equipes-e-destaque-em-projeto-premiado-da-prefeitura-de-manaus\/\"]}]},{\"@type\":\"ImageObject\",\"inLanguage\":\"pt-BR\",\"@id\":\"https:\/\/www.manaus.am.gov.br\/implurb\/integracao-entre-equipes-e-destaque-em-projeto-premiado-da-prefeitura-de-manaus\/#primaryimage\",\"url\":\"https:\/\/www.manaus.am.gov.br\/implurb\/wp-content\/uploads\/sites\/13\/2026\/04\/sebrae2.jpg\",\"contentUrl\":\"https:\/\/www.manaus.am.gov.br\/implurb\/wp-content\/uploads\/sites\/13\/2026\/04\/sebrae2.jpg\",\"width\":1024,\"height\":768},{\"@type\":\"BreadcrumbList\",\"@id\":\"https:\/\/www.manaus.am.gov.br\/implurb\/integracao-entre-equipes-e-destaque-em-projeto-premiado-da-prefeitura-de-manaus\/#breadcrumb\",\"itemListElement\":[{\"@type\":\"ListItem\",\"position\":1,\"name\":\"Home\",\"item\":\"https:\/\/www.manaus.am.gov.br\/implurb\/\"},{\"@type\":\"ListItem\",\"position\":2,\"name\":\"Integra\u00e7\u00e3o entre equipes \u00e9 destaque em projeto premiado da Prefeitura de Manaus\"}]},{\"@type\":\"WebSite\",\"@id\":\"https:\/\/www.manaus.am.gov.br\/implurb\/#website\",\"url\":\"https:\/\/www.manaus.am.gov.br\/implurb\/\",\"name\":\"IMPLURB\",\"description\":\"Prefeitura de Manaus\",\"potentialAction\":[{\"@type\":\"SearchAction\",\"target\":{\"@type\":\"EntryPoint\",\"urlTemplate\":\"https:\/\/www.manaus.am.gov.br\/implurb\/?s={search_term_string}\"},\"query-input\":\"required name=search_term_string\"}],\"inLanguage\":\"pt-BR\"},{\"@type\":\"Person\",\"@id\":\"https:\/\/www.manaus.am.gov.br\/implurb\/#\/schema\/person\/a5ee5376db6e21af026374b369f30882\",\"name\":\"Thiago Fernando\",\"image\":{\"@type\":\"ImageObject\",\"inLanguage\":\"pt-BR\",\"@id\":\"https:\/\/www.manaus.am.gov.br\/implurb\/#\/schema\/person\/image\/\",\"url\":\"https:\/\/secure.gravatar.com\/avatar\/f5aab8722444041451501c077052ac07?s=96&d=mm&r=g\",\"contentUrl\":\"https:\/\/secure.gravatar.com\/avatar\/f5aab8722444041451501c077052ac07?s=96&d=mm&r=g\",\"caption\":\"Thiago Fernando\"}}]}<\/script>\n<!-- \/ Yoast SEO plugin. -->","yoast_head_json":{"title":"Integra\u00e7\u00e3o entre equipes \u00e9 destaque em projeto premiado da Prefeitura de Manaus - IMPLURB","robots":{"index":"noindex","follow":"follow"},"og_locale":"pt_BR","og_type":"article","og_title":"Integra\u00e7\u00e3o entre equipes \u00e9 destaque em projeto premiado da Prefeitura de Manaus - IMPLURB","og_url":"https:\/\/www.manaus.am.gov.br\/implurb\/integracao-entre-equipes-e-destaque-em-projeto-premiado-da-prefeitura-de-manaus\/","og_site_name":"IMPLURB","article_published_time":"2026-04-25T19:13:49+00:00","article_modified_time":"2026-04-27T17:07:25+00:00","og_image":[{"width":1024,"height":768,"url":"https:\/\/www.manaus.am.gov.br\/implurb\/wp-content\/uploads\/sites\/13\/2026\/04\/sebrae2.jpg","type":"image\/jpeg"}],"author":"Thiago Fernando","twitter_card":"summary_large_image","twitter_misc":{"Written by":"Thiago Fernando","Est. reading time":"5 minutos"},"schema":{"@context":"https:\/\/schema.org","@graph":[{"@type":"WebPage","@id":"https:\/\/www.manaus.am.gov.br\/implurb\/integracao-entre-equipes-e-destaque-em-projeto-premiado-da-prefeitura-de-manaus\/","url":"https:\/\/www.manaus.am.gov.br\/implurb\/integracao-entre-equipes-e-destaque-em-projeto-premiado-da-prefeitura-de-manaus\/","name":"Integra\u00e7\u00e3o entre equipes \u00e9 destaque em projeto premiado da Prefeitura de Manaus - IMPLURB","isPartOf":{"@id":"https:\/\/www.manaus.am.gov.br\/implurb\/#website"},"primaryImageOfPage":{"@id":"https:\/\/www.manaus.am.gov.br\/implurb\/integracao-entre-equipes-e-destaque-em-projeto-premiado-da-prefeitura-de-manaus\/#primaryimage"},"image":{"@id":"https:\/\/www.manaus.am.gov.br\/implurb\/integracao-entre-equipes-e-destaque-em-projeto-premiado-da-prefeitura-de-manaus\/#primaryimage"},"thumbnailUrl":"https:\/\/www.manaus.am.gov.br\/implurb\/wp-content\/uploads\/sites\/13\/2026\/04\/sebrae2.jpg","datePublished":"2026-04-25T19:13:49+00:00","dateModified":"2026-04-27T17:07:25+00:00","author":{"@id":"https:\/\/www.manaus.am.gov.br\/implurb\/#\/schema\/person\/a5ee5376db6e21af026374b369f30882"},"breadcrumb":{"@id":"https:\/\/www.manaus.am.gov.br\/implurb\/integracao-entre-equipes-e-destaque-em-projeto-premiado-da-prefeitura-de-manaus\/#breadcrumb"},"inLanguage":"pt-BR","potentialAction":[{"@type":"ReadAction","target":["https:\/\/www.manaus.am.gov.br\/implurb\/integracao-entre-equipes-e-destaque-em-projeto-premiado-da-prefeitura-de-manaus\/"]}]},{"@type":"ImageObject","inLanguage":"pt-BR","@id":"https:\/\/www.manaus.am.gov.br\/implurb\/integracao-entre-equipes-e-destaque-em-projeto-premiado-da-prefeitura-de-manaus\/#primaryimage","url":"https:\/\/www.manaus.am.gov.br\/implurb\/wp-content\/uploads\/sites\/13\/2026\/04\/sebrae2.jpg","contentUrl":"https:\/\/www.manaus.am.gov.br\/implurb\/wp-content\/uploads\/sites\/13\/2026\/04\/sebrae2.jpg","width":1024,"height":768},{"@type":"BreadcrumbList","@id":"https:\/\/www.manaus.am.gov.br\/implurb\/integracao-entre-equipes-e-destaque-em-projeto-premiado-da-prefeitura-de-manaus\/#breadcrumb","itemListElement":[{"@type":"ListItem","position":1,"name":"Home","item":"https:\/\/www.manaus.am.gov.br\/implurb\/"},{"@type":"ListItem","position":2,"name":"Integra\u00e7\u00e3o entre equipes \u00e9 destaque em projeto premiado da Prefeitura de Manaus"}]},{"@type":"WebSite","@id":"https:\/\/www.manaus.am.gov.br\/implurb\/#website","url":"https:\/\/www.manaus.am.gov.br\/implurb\/","name":"IMPLURB","description":"Prefeitura de Manaus","potentialAction":[{"@type":"SearchAction","target":{"@type":"EntryPoint","urlTemplate":"https:\/\/www.manaus.am.gov.br\/implurb\/?s={search_term_string}"},"query-input":"required name=search_term_string"}],"inLanguage":"pt-BR"},{"@type":"Person","@id":"https:\/\/www.manaus.am.gov.br\/implurb\/#\/schema\/person\/a5ee5376db6e21af026374b369f30882","name":"Thiago Fernando","image":{"@type":"ImageObject","inLanguage":"pt-BR","@id":"https:\/\/www.manaus.am.gov.br\/implurb\/#\/schema\/person\/image\/","url":"https:\/\/secure.gravatar.com\/avatar\/f5aab8722444041451501c077052ac07?s=96&d=mm&r=g","contentUrl":"https:\/\/secure.gravatar.com\/avatar\/f5aab8722444041451501c077052ac07?s=96&d=mm&r=g","caption":"Thiago Fernando"}}]}},"_links":{"self":[{"href":"https:\/\/www.manaus.am.gov.br\/implurb\/wp-json\/wp\/v2\/posts\/8155"}],"collection":[{"href":"https:\/\/www.manaus.am.gov.br\/implurb\/wp-json\/wp\/v2\/posts"}],"about":[{"href":"https:\/\/www.manaus.am.gov.br\/implurb\/wp-json\/wp\/v2\/types\/post"}],"author":[{"embeddable":true,"href":"https:\/\/www.manaus.am.gov.br\/implurb\/wp-json\/wp\/v2\/users\/57"}],"replies":[{"embeddable":true,"href":"https:\/\/www.manaus.am.gov.br\/implurb\/wp-json\/wp\/v2\/comments?post=8155"}],"version-history":[{"count":1,"href":"https:\/\/www.manaus.am.gov.br\/implurb\/wp-json\/wp\/v2\/posts\/8155\/revisions"}],"predecessor-version":[{"id":8159,"href":"https:\/\/www.manaus.am.gov.br\/implurb\/wp-json\/wp\/v2\/posts\/8155\/revisions\/8159"}],"wp:featuredmedia":[{"embeddable":true,"href":"https:\/\/www.manaus.am.gov.br\/implurb\/wp-json\/wp\/v2\/media\/8156"}],"wp:attachment":[{"href":"https:\/\/www.manaus.am.gov.br\/implurb\/wp-json\/wp\/v2\/media?parent=8155"}],"wp:term":[{"taxonomy":"category","embeddable":true,"href":"https:\/\/www.manaus.am.gov.br\/implurb\/wp-json\/wp\/v2\/categories?post=8155"},{"taxonomy":"post_tag","embeddable":true,"href":"https:\/\/www.manaus.am.gov.br\/implurb\/wp-json\/wp\/v2\/tags?post=8155"}],"curies":[{"name":"wp","href":"https:\/\/api.w.org\/{rel}","templated":true}]}}