{"id":8107,"date":"2026-04-15T12:38:38","date_gmt":"2026-04-15T16:38:38","guid":{"rendered":"https:\/\/www.manaus.am.gov.br\/implurb\/propostas-revisao-plano-diretor\/"},"modified":"2026-04-15T13:12:19","modified_gmt":"2026-04-15T17:12:19","slug":"propostas-revisao-plano-diretor","status":"publish","type":"post","link":"https:\/\/www.manaus.am.gov.br\/implurb\/propostas-revisao-plano-diretor\/","title":{"rendered":"Prefeitura recebe novas propostas da CDL Manaus para futura revis\u00e3o do Plano Diretor da cidade"},"content":{"rendered":"\n<p>A revis\u00e3o do Plano Diretor de Manaus ganha novas sugest\u00f5es durante os preparativos da proposta junto \u00e0 <a href=\"https:\/\/www.manaus.am.gov.br\/\">Prefeitura de Manaus<\/a>. A C\u00e2mara de Dirigentes Lojistas de Manaus (CDL Manaus) apresentou oficialmente suas propostas de aperfei\u00e7oamento ao documento, em um movimento que amplia a participa\u00e7\u00e3o do setor produtivo na constru\u00e7\u00e3o de uma das legisla\u00e7\u00f5es mais estrat\u00e9gicas para o futuro da capital amazonense.<\/p>\n\n\n\n<p>O material foi entregue \u00e0 diretoria do <a href=\"https:\/\/www.instagram.com\/implurb\/\">Instituto Municipal de Planejamento Urbano<\/a> (Implurb) pela assessora jur\u00eddica Camila Anuncia\u00e7\u00e3o, repassado ao novo diretor-presidente da autarquia, Antonio Peixoto, que destacou o momento como decisivo para a cidade. Segundo ele, a contribui\u00e7\u00e3o da CDL Manaus chega em boa hora e refor\u00e7a a expectativa de um plano mais conectado com as necessidades reais da cidade.<\/p>\n\n\n\n<p>\u201cEssa \u00e9 uma grande colabora\u00e7\u00e3o para uma revis\u00e3o aguardada por toda a sociedade. A gente precisa de um plano que fortale\u00e7a a iniciativa privada, que torne a cidade mais pujante, economicamente vi\u00e1vel e melhor para todos\u201d, afirmou.<\/p>\n\n\n\n<p>Presente na ocasi\u00e3o, o secret\u00e1rio executivo do Conselho Municipal de Gest\u00e3o Estrat\u00e9gica (CMGE), Carlos Valente, ressaltou que Manaus concentra cerca de 95% da economia do Amazonas, o que salienta a necessidade de um plano alinhado \u00e0s din\u00e2micas do setor produtivo. Valente destacou ainda o peso da contribui\u00e7\u00e3o do segmento lojista para o processo de revis\u00e3o.<\/p>\n\n\n\n<p>\u201cV\u00e1rias entidades j\u00e1 come\u00e7am a mandar suas contribui\u00e7\u00f5es, e a CDL Manaus, que \u00e9 um \u00f3rg\u00e3o important\u00edssimo que congrega os diretores lojistas da nossa cidade e do nosso estado, tem uma forte participa\u00e7\u00e3o na revis\u00e3o do Plano Diretor. Isso porque estamos falando de um dos maiores indutores de desenvolvimento e sustentabilidade econ\u00f4mica\u201d, disse Valente.<\/p>\n\n\n\n<p><strong>Constru\u00e7\u00e3o coletiva<\/strong><\/p>\n\n\n\n<p>A entrega do documento ocorre em meio a um ambiente de constru\u00e7\u00e3o coletiva que vem sendo intensificado desde o fim de 2025, quando entidades da constru\u00e7\u00e3o civil, com\u00e9rcio, ind\u00fastria, arquitetura e servi\u00e7os j\u00e1 haviam apresentado um amplo compilado de sugest\u00f5es \u00e0 prefeitura. O movimento consolidou uma frente in\u00e9dita de integra\u00e7\u00e3o entre poder p\u00fablico e iniciativa privada, com foco na moderniza\u00e7\u00e3o urbana e no destravamento do desenvolvimento econ\u00f4mico.<\/p>\n\n\n\n<p>Peixoto tamb\u00e9m reconheceu a condu\u00e7\u00e3o do processo at\u00e9 aqui, destacando o papel de Carlos Valente na articula\u00e7\u00e3o institucional e na abertura do di\u00e1logo com os diversos setores, da sociedade civil \u00e0 ind\u00fastria, com\u00e9rcio e servi\u00e7os.<\/p>\n\n\n\n<p>A revis\u00e3o do Plano Diretor \u00e9 tratada como uma das agendas estrat\u00e9gicas da gest\u00e3o municipal. O novo texto deve orientar o crescimento da cidade pelos pr\u00f3ximos anos, com diretrizes que envolvem desde mobilidade urbana e uso do solo at\u00e9 sustentabilidade ambiental, desburocratiza\u00e7\u00e3o e est\u00edmulo a novos investimentos.<\/p>\n\n\n\n<p>Com novas contribui\u00e7\u00f5es chegando \u00e0 mesa e a promessa de ampliar o di\u00e1logo com a sociedade, a revis\u00e3o do Plano Diretor avan\u00e7a como um dos processos mais importantes da agenda urbana de Manaus.<\/p>\n\n\n\n<p>&#8212; &#8212; &#8212;<\/p>\n\n\n\n<p><strong>Texto&nbsp;<\/strong>\u2013 Claudia do Valle\/Implurb<\/p>\n\n\n\n<p><strong>Foto<\/strong>&nbsp;\u2013&nbsp;Maxwell Oliveira\/Implurb<\/p>\n","protected":false},"excerpt":{"rendered":"","protected":false},"author":39,"featured_media":8108,"comment_status":"closed","ping_status":"closed","sticky":false,"template":"","format":"standard","meta":{"footnotes":""},"categories":[2095],"tags":[2189,11,2190,1280,15],"acf":[],"yoast_head":"<!-- This site is optimized with the Yoast SEO plugin v23.0 - https:\/\/yoast.com\/wordpress\/plugins\/seo\/ -->\n<title>Plano Diretor: Prefeitura recebe novas propostas da CDL Manaus<\/title>\n<meta name=\"description\" content=\"Prefeitura recebe novas propostas da C\u00e2mara de Dirigentes Lojistas de Manaus (CDL Manaus) para futura revis\u00e3o do Plano Diretor da cidade.\" \/>\n<meta name=\"robots\" content=\"noindex, follow\" \/>\n<meta property=\"og:locale\" content=\"pt_BR\" \/>\n<meta property=\"og:type\" content=\"article\" \/>\n<meta property=\"og:title\" content=\"Plano Diretor: Prefeitura recebe novas propostas da CDL Manaus\" \/>\n<meta property=\"og:description\" content=\"Prefeitura recebe novas propostas da C\u00e2mara de Dirigentes Lojistas de Manaus (CDL Manaus) para futura revis\u00e3o do Plano Diretor da cidade.\" \/>\n<meta property=\"og:url\" content=\"https:\/\/www.manaus.am.gov.br\/implurb\/propostas-revisao-plano-diretor\/\" \/>\n<meta property=\"og:site_name\" content=\"IMPLURB\" \/>\n<meta property=\"article:published_time\" content=\"2026-04-15T16:38:38+00:00\" \/>\n<meta property=\"article:modified_time\" content=\"2026-04-15T17:12:19+00:00\" \/>\n<meta property=\"og:image\" content=\"https:\/\/www.manaus.am.gov.br\/implurb\/wp-content\/uploads\/sites\/13\/2026\/04\/cdl.jpg\" \/>\n\t<meta property=\"og:image:width\" content=\"1000\" \/>\n\t<meta property=\"og:image:height\" content=\"750\" \/>\n\t<meta property=\"og:image:type\" content=\"image\/jpeg\" \/>\n<meta name=\"author\" content=\"Bruna Greco\" \/>\n<meta name=\"twitter:card\" content=\"summary_large_image\" \/>\n<meta name=\"twitter:label1\" content=\"Written by\" \/>\n\t<meta name=\"twitter:data1\" content=\"Bruna Greco\" \/>\n\t<meta name=\"twitter:label2\" content=\"Est. reading time\" \/>\n\t<meta name=\"twitter:data2\" content=\"3 minutos\" \/>\n<script type=\"application\/ld+json\" class=\"yoast-schema-graph\">{\"@context\":\"https:\/\/schema.org\",\"@graph\":[{\"@type\":\"WebPage\",\"@id\":\"https:\/\/www.manaus.am.gov.br\/implurb\/propostas-revisao-plano-diretor\/\",\"url\":\"https:\/\/www.manaus.am.gov.br\/implurb\/propostas-revisao-plano-diretor\/\",\"name\":\"Plano Diretor: Prefeitura recebe novas propostas da CDL Manaus\",\"isPartOf\":{\"@id\":\"https:\/\/www.manaus.am.gov.br\/implurb\/#website\"},\"primaryImageOfPage\":{\"@id\":\"https:\/\/www.manaus.am.gov.br\/implurb\/propostas-revisao-plano-diretor\/#primaryimage\"},\"image\":{\"@id\":\"https:\/\/www.manaus.am.gov.br\/implurb\/propostas-revisao-plano-diretor\/#primaryimage\"},\"thumbnailUrl\":\"https:\/\/www.manaus.am.gov.br\/implurb\/wp-content\/uploads\/sites\/13\/2026\/04\/cdl.jpg\",\"datePublished\":\"2026-04-15T16:38:38+00:00\",\"dateModified\":\"2026-04-15T17:12:19+00:00\",\"author\":{\"@id\":\"https:\/\/www.manaus.am.gov.br\/implurb\/#\/schema\/person\/05d223aea2bf115f9883a6ff3683d81b\"},\"description\":\"Prefeitura recebe novas propostas da C\u00e2mara de Dirigentes Lojistas de Manaus (CDL Manaus) para futura revis\u00e3o do Plano Diretor da cidade.\",\"breadcrumb\":{\"@id\":\"https:\/\/www.manaus.am.gov.br\/implurb\/propostas-revisao-plano-diretor\/#breadcrumb\"},\"inLanguage\":\"pt-BR\",\"potentialAction\":[{\"@type\":\"ReadAction\",\"target\":[\"https:\/\/www.manaus.am.gov.br\/implurb\/propostas-revisao-plano-diretor\/\"]}]},{\"@type\":\"ImageObject\",\"inLanguage\":\"pt-BR\",\"@id\":\"https:\/\/www.manaus.am.gov.br\/implurb\/propostas-revisao-plano-diretor\/#primaryimage\",\"url\":\"https:\/\/www.manaus.am.gov.br\/implurb\/wp-content\/uploads\/sites\/13\/2026\/04\/cdl.jpg\",\"contentUrl\":\"https:\/\/www.manaus.am.gov.br\/implurb\/wp-content\/uploads\/sites\/13\/2026\/04\/cdl.jpg\",\"width\":1000,\"height\":750,\"caption\":\"#paratodosverem - Diretor-presidente do Implurb, Antonio Peixoto, e o secret\u00e1rio executivo do Conselho Municipal de Gest\u00e3o Estrat\u00e9gica (CMGE), Carlos Valente, recebendo propostas da assessora jur\u00eddica Camila Anuncia\u00e7\u00e3o, da CDL Manaus, para a revis\u00e3o do Plano Diretor da cidade\"},{\"@type\":\"BreadcrumbList\",\"@id\":\"https:\/\/www.manaus.am.gov.br\/implurb\/propostas-revisao-plano-diretor\/#breadcrumb\",\"itemListElement\":[{\"@type\":\"ListItem\",\"position\":1,\"name\":\"Home\",\"item\":\"https:\/\/www.manaus.am.gov.br\/implurb\/\"},{\"@type\":\"ListItem\",\"position\":2,\"name\":\"Prefeitura recebe novas propostas da CDL Manaus para futura revis\u00e3o do Plano Diretor da cidade\"}]},{\"@type\":\"WebSite\",\"@id\":\"https:\/\/www.manaus.am.gov.br\/implurb\/#website\",\"url\":\"https:\/\/www.manaus.am.gov.br\/implurb\/\",\"name\":\"IMPLURB\",\"description\":\"Prefeitura de Manaus\",\"potentialAction\":[{\"@type\":\"SearchAction\",\"target\":{\"@type\":\"EntryPoint\",\"urlTemplate\":\"https:\/\/www.manaus.am.gov.br\/implurb\/?s={search_term_string}\"},\"query-input\":\"required name=search_term_string\"}],\"inLanguage\":\"pt-BR\"},{\"@type\":\"Person\",\"@id\":\"https:\/\/www.manaus.am.gov.br\/implurb\/#\/schema\/person\/05d223aea2bf115f9883a6ff3683d81b\",\"name\":\"Bruna Greco\",\"image\":{\"@type\":\"ImageObject\",\"inLanguage\":\"pt-BR\",\"@id\":\"https:\/\/www.manaus.am.gov.br\/implurb\/#\/schema\/person\/image\/\",\"url\":\"https:\/\/secure.gravatar.com\/avatar\/9c877d1a6adc2a055330e5c09a8653ce?s=96&d=mm&r=g\",\"contentUrl\":\"https:\/\/secure.gravatar.com\/avatar\/9c877d1a6adc2a055330e5c09a8653ce?s=96&d=mm&r=g\",\"caption\":\"Bruna Greco\"}}]}<\/script>\n<!-- \/ Yoast SEO plugin. -->","yoast_head_json":{"title":"Plano Diretor: Prefeitura recebe novas propostas da CDL Manaus","description":"Prefeitura recebe novas propostas da C\u00e2mara de Dirigentes Lojistas de Manaus (CDL Manaus) para futura revis\u00e3o do Plano Diretor da cidade.","robots":{"index":"noindex","follow":"follow"},"og_locale":"pt_BR","og_type":"article","og_title":"Plano Diretor: Prefeitura recebe novas propostas da CDL Manaus","og_description":"Prefeitura recebe novas propostas da C\u00e2mara de Dirigentes Lojistas de Manaus (CDL Manaus) para futura revis\u00e3o do Plano Diretor da cidade.","og_url":"https:\/\/www.manaus.am.gov.br\/implurb\/propostas-revisao-plano-diretor\/","og_site_name":"IMPLURB","article_published_time":"2026-04-15T16:38:38+00:00","article_modified_time":"2026-04-15T17:12:19+00:00","og_image":[{"width":1000,"height":750,"url":"https:\/\/www.manaus.am.gov.br\/implurb\/wp-content\/uploads\/sites\/13\/2026\/04\/cdl.jpg","type":"image\/jpeg"}],"author":"Bruna Greco","twitter_card":"summary_large_image","twitter_misc":{"Written by":"Bruna Greco","Est. reading time":"3 minutos"},"schema":{"@context":"https:\/\/schema.org","@graph":[{"@type":"WebPage","@id":"https:\/\/www.manaus.am.gov.br\/implurb\/propostas-revisao-plano-diretor\/","url":"https:\/\/www.manaus.am.gov.br\/implurb\/propostas-revisao-plano-diretor\/","name":"Plano Diretor: Prefeitura recebe novas propostas da CDL Manaus","isPartOf":{"@id":"https:\/\/www.manaus.am.gov.br\/implurb\/#website"},"primaryImageOfPage":{"@id":"https:\/\/www.manaus.am.gov.br\/implurb\/propostas-revisao-plano-diretor\/#primaryimage"},"image":{"@id":"https:\/\/www.manaus.am.gov.br\/implurb\/propostas-revisao-plano-diretor\/#primaryimage"},"thumbnailUrl":"https:\/\/www.manaus.am.gov.br\/implurb\/wp-content\/uploads\/sites\/13\/2026\/04\/cdl.jpg","datePublished":"2026-04-15T16:38:38+00:00","dateModified":"2026-04-15T17:12:19+00:00","author":{"@id":"https:\/\/www.manaus.am.gov.br\/implurb\/#\/schema\/person\/05d223aea2bf115f9883a6ff3683d81b"},"description":"Prefeitura recebe novas propostas da C\u00e2mara de Dirigentes Lojistas de Manaus (CDL Manaus) para futura revis\u00e3o do Plano Diretor da cidade.","breadcrumb":{"@id":"https:\/\/www.manaus.am.gov.br\/implurb\/propostas-revisao-plano-diretor\/#breadcrumb"},"inLanguage":"pt-BR","potentialAction":[{"@type":"ReadAction","target":["https:\/\/www.manaus.am.gov.br\/implurb\/propostas-revisao-plano-diretor\/"]}]},{"@type":"ImageObject","inLanguage":"pt-BR","@id":"https:\/\/www.manaus.am.gov.br\/implurb\/propostas-revisao-plano-diretor\/#primaryimage","url":"https:\/\/www.manaus.am.gov.br\/implurb\/wp-content\/uploads\/sites\/13\/2026\/04\/cdl.jpg","contentUrl":"https:\/\/www.manaus.am.gov.br\/implurb\/wp-content\/uploads\/sites\/13\/2026\/04\/cdl.jpg","width":1000,"height":750,"caption":"#paratodosverem - Diretor-presidente do Implurb, Antonio Peixoto, e o secret\u00e1rio executivo do Conselho Municipal de Gest\u00e3o Estrat\u00e9gica (CMGE), Carlos Valente, recebendo propostas da assessora jur\u00eddica Camila Anuncia\u00e7\u00e3o, da CDL Manaus, para a revis\u00e3o do Plano Diretor da cidade"},{"@type":"BreadcrumbList","@id":"https:\/\/www.manaus.am.gov.br\/implurb\/propostas-revisao-plano-diretor\/#breadcrumb","itemListElement":[{"@type":"ListItem","position":1,"name":"Home","item":"https:\/\/www.manaus.am.gov.br\/implurb\/"},{"@type":"ListItem","position":2,"name":"Prefeitura recebe novas propostas da CDL Manaus para futura revis\u00e3o do Plano Diretor da cidade"}]},{"@type":"WebSite","@id":"https:\/\/www.manaus.am.gov.br\/implurb\/#website","url":"https:\/\/www.manaus.am.gov.br\/implurb\/","name":"IMPLURB","description":"Prefeitura de Manaus","potentialAction":[{"@type":"SearchAction","target":{"@type":"EntryPoint","urlTemplate":"https:\/\/www.manaus.am.gov.br\/implurb\/?s={search_term_string}"},"query-input":"required name=search_term_string"}],"inLanguage":"pt-BR"},{"@type":"Person","@id":"https:\/\/www.manaus.am.gov.br\/implurb\/#\/schema\/person\/05d223aea2bf115f9883a6ff3683d81b","name":"Bruna Greco","image":{"@type":"ImageObject","inLanguage":"pt-BR","@id":"https:\/\/www.manaus.am.gov.br\/implurb\/#\/schema\/person\/image\/","url":"https:\/\/secure.gravatar.com\/avatar\/9c877d1a6adc2a055330e5c09a8653ce?s=96&d=mm&r=g","contentUrl":"https:\/\/secure.gravatar.com\/avatar\/9c877d1a6adc2a055330e5c09a8653ce?s=96&d=mm&r=g","caption":"Bruna Greco"}}]}},"_links":{"self":[{"href":"https:\/\/www.manaus.am.gov.br\/implurb\/wp-json\/wp\/v2\/posts\/8107"}],"collection":[{"href":"https:\/\/www.manaus.am.gov.br\/implurb\/wp-json\/wp\/v2\/posts"}],"about":[{"href":"https:\/\/www.manaus.am.gov.br\/implurb\/wp-json\/wp\/v2\/types\/post"}],"author":[{"embeddable":true,"href":"https:\/\/www.manaus.am.gov.br\/implurb\/wp-json\/wp\/v2\/users\/39"}],"replies":[{"embeddable":true,"href":"https:\/\/www.manaus.am.gov.br\/implurb\/wp-json\/wp\/v2\/comments?post=8107"}],"version-history":[{"count":1,"href":"https:\/\/www.manaus.am.gov.br\/implurb\/wp-json\/wp\/v2\/posts\/8107\/revisions"}],"predecessor-version":[{"id":8110,"href":"https:\/\/www.manaus.am.gov.br\/implurb\/wp-json\/wp\/v2\/posts\/8107\/revisions\/8110"}],"wp:featuredmedia":[{"embeddable":true,"href":"https:\/\/www.manaus.am.gov.br\/implurb\/wp-json\/wp\/v2\/media\/8108"}],"wp:attachment":[{"href":"https:\/\/www.manaus.am.gov.br\/implurb\/wp-json\/wp\/v2\/media?parent=8107"}],"wp:term":[{"taxonomy":"category","embeddable":true,"href":"https:\/\/www.manaus.am.gov.br\/implurb\/wp-json\/wp\/v2\/categories?post=8107"},{"taxonomy":"post_tag","embeddable":true,"href":"https:\/\/www.manaus.am.gov.br\/implurb\/wp-json\/wp\/v2\/tags?post=8107"}],"curies":[{"name":"wp","href":"https:\/\/api.w.org\/{rel}","templated":true}]}}