{"id":7869,"date":"2026-03-09T15:25:16","date_gmt":"2026-03-09T19:25:16","guid":{"rendered":"https:\/\/www.manaus.am.gov.br\/implurb\/amplia-frentes-concretagem-parque\/"},"modified":"2026-03-09T15:44:12","modified_gmt":"2026-03-09T19:44:12","slug":"amplia-frentes-concretagem-parque-encontro-das-aguas","status":"publish","type":"post","link":"https:\/\/www.manaus.am.gov.br\/implurb\/amplia-frentes-concretagem-parque-encontro-das-aguas\/","title":{"rendered":"Prefeitura amplia frentes de trabalho de concretagem e no restaurante do parque Encontro das \u00c1guas"},"content":{"rendered":"\n<p>Cal\u00e7adas e passeios come\u00e7am a ganhar forma com a concretagem de piso no parque Encontro das \u00c1guas Rosa Almeida, mais uma obra de grande impacto tur\u00edstico e de amplia\u00e7\u00e3o de acesso a \u00e1reas p\u00fablicas de qualidade pela <a href=\"https:\/\/www.manaus.am.gov.br\/\">Prefeitura de Manaus<\/a>. O maior projeto arquitet\u00f4nico em execu\u00e7\u00e3o na zona Leste ganha mais detalhes desenhados em concreto pelo arquiteto Oscar Niemeyer, no bairro Col\u00f4nia Ant\u00f4nio Aleixo, unindo cria\u00e7\u00e3o e tecnologia de engenharia de ponta.<\/p>\n\n\n\n<p>Ap\u00f3s a concretagem hist\u00f3rica da laje da oca projetada, as equipes seguem trabalhando na concretagem do muro de conten\u00e7\u00e3o e do piso do restaurante. At\u00e9 o fim de mar\u00e7o, a obra concentra esfor\u00e7os na desforma de pain\u00e9is das vigas e montagem do gabarito para as hastes da c\u00fapula da oca.<\/p>\n\n\n\n<p>Outro destaque t\u00e9cnico \u00e9 a execu\u00e7\u00e3o de estacas do tipo <em>jet grouting<\/em>, tecnologia utilizada para refor\u00e7o do solo e aumento da resist\u00eancia das funda\u00e7\u00f5es, assegurando seguran\u00e7a e durabilidade ao empreendimento. O jateamento de alta press\u00e3o, conhecido como <em>jet grouting<\/em>, \u00e9 um m\u00e9todo de estabiliza\u00e7\u00e3o do solo que envolve a inje\u00e7\u00e3o sob alta press\u00e3o e velocidade. \u00c9 um m\u00e9todo moderno, r\u00e1pido e eficaz de estabiliza\u00e7\u00e3o do solo e cria\u00e7\u00e3o de funda\u00e7\u00f5es especiais em solos naturais.<\/p>\n\n\n\n<p>\u201cEstamos diante de um projeto estrutural complexo, em que cada fase da obra precisa estar perfeitamente integrada \u00e0s demais. Elementos como laje, c\u00fapula, funda\u00e7\u00f5es especiais e muros de conten\u00e7\u00e3o fazem parte de um mesmo sistema construtivo, que exige precis\u00e3o e planejamento em todas as etapas. Esse cuidado \u00e9 fundamental para consolidar um equipamento urbano \u00e0 altura da import\u00e2ncia do Encontro das \u00c1guas\u201d, destacou o diretor de Planejamento do Implurb, arquiteto e urbanista Pedro Paulo Cordeiro.<\/p>\n\n\n\n<p><strong>C\u00fapula<\/strong><\/p>\n\n\n\n<p>A c\u00fapula do projeto remete a uma oca e a edifica\u00e7\u00e3o n\u00e3o tem interfer\u00eancia na paisagem. S\u00e3o duas hastes, em concreto, que sobem e se encontram, simbolizando os dois rios, com cores diferentes.<\/p>\n\n\n<div class=\"wp-block-image\">\n<figure class=\"aligncenter size-large\"><img decoding=\"async\" src=\"https:\/\/www.manaus.am.gov.br\/wp-content\/uploads\/2026\/03\/Implurb-Concretagem-4-1024x576.jpg\" alt=\"\" class=\"wp-image-288954\" \/><figcaption class=\"wp-element-caption\">#paratodosverem &#8211; vista geral das obras no Parque Rosa Almeida<\/figcaption><\/figure><\/div>\n\n\n<p>\u201cPassados mais de 16 anos, o prefeito David Almeida, numa vis\u00e3o estrategista, mostra para a cidade que projetos bons t\u00eam que ser resgatados e executados. O parque Encontro das \u00c1guas ser\u00e1 um monumento tur\u00edstico de grande visita\u00e7\u00e3o local, nacional e internacional\u201d, completou o diretor-presidente do Instituto, Carlos Valente.<\/p>\n\n\n\n<p><strong>Vista natural<\/strong><\/p>\n\n\n\n<p>Com mais de 120 mil metros quadrados e vista privilegiada para o encontro dos rios Negro e Solim\u00f5es, o parque reunir\u00e1 oca multiuso, restaurante, museu, quiosques, \u00e1reas verdes, trilhas e acessibilidade plena \u2014 unindo arquitetura monumental, turismo e valoriza\u00e7\u00e3o ambiental. O que antes era projeto no papel agora se transforma em estrutura concreta, vis\u00edvel e imponente.<\/p>\n\n\n\n<p><strong>&#8212; &#8212; &#8212;<\/strong><\/p>\n\n\n\n<p><strong>Texto \u2013&nbsp;<\/strong>Claudia do Valle \/ Implurb<\/p>\n\n\n\n<p><strong>Fotos \u2013<\/strong>&nbsp;Giancarlo Silva\/Semcom<\/p>\n\n\n\n<p><strong>Dispon\u00edveis em<\/strong> &#8211; &nbsp;<a href=\"https:\/\/www.flickr.com\/photos\/prefeiturademanaus\/albums\/72177720332373994\/\" target=\"_blank\" rel=\"noreferrer noopener\">https:\/\/www.flickr.com\/photos\/prefeiturademanaus\/albums\/72177720332373994\/<\/a><\/p>\n","protected":false},"excerpt":{"rendered":"","protected":false},"author":61,"featured_media":7870,"comment_status":"closed","ping_status":"closed","sticky":false,"template":"","format":"standard","meta":{"footnotes":""},"categories":[9],"tags":[2093,11,1945,222,15],"acf":[],"yoast_head":"<!-- This site is optimized with the Yoast SEO plugin v23.0 - https:\/\/yoast.com\/wordpress\/plugins\/seo\/ -->\n<title>Prefeitura amplia frentes de trabalho de concretagem e no restaurante do parque Encontro das \u00c1guas<\/title>\n<meta name=\"description\" content=\"Cal\u00e7adas e passeios come\u00e7am a ganhar forma com a concretagem de piso no parque Encontro das \u00c1guas Rosa Almeida.\" \/>\n<meta name=\"robots\" content=\"noindex, follow\" \/>\n<meta property=\"og:locale\" content=\"pt_BR\" \/>\n<meta property=\"og:type\" content=\"article\" \/>\n<meta property=\"og:title\" content=\"Prefeitura amplia frentes de trabalho de concretagem e no restaurante do parque Encontro das \u00c1guas\" \/>\n<meta property=\"og:description\" content=\"Cal\u00e7adas e passeios come\u00e7am a ganhar forma com a concretagem de piso no parque Encontro das \u00c1guas Rosa Almeida.\" \/>\n<meta property=\"og:url\" content=\"https:\/\/www.manaus.am.gov.br\/implurb\/amplia-frentes-concretagem-parque\/\" \/>\n<meta property=\"og:site_name\" content=\"IMPLURB\" \/>\n<meta property=\"article:published_time\" content=\"2026-03-09T19:25:16+00:00\" \/>\n<meta property=\"article:modified_time\" content=\"2026-03-09T19:44:12+00:00\" \/>\n<meta property=\"og:image\" content=\"https:\/\/www.manaus.am.gov.br\/implurb\/wp-content\/uploads\/sites\/13\/2026\/03\/Implurb-Concretagem-2.jpg\" \/>\n\t<meta property=\"og:image:width\" content=\"2048\" \/>\n\t<meta property=\"og:image:height\" content=\"1152\" \/>\n\t<meta property=\"og:image:type\" content=\"image\/jpeg\" \/>\n<meta name=\"author\" content=\"smonteiro\" \/>\n<meta name=\"twitter:card\" content=\"summary_large_image\" \/>\n<meta name=\"twitter:label1\" content=\"Written by\" \/>\n\t<meta name=\"twitter:data1\" content=\"smonteiro\" \/>\n\t<meta name=\"twitter:label2\" content=\"Est. reading time\" \/>\n\t<meta name=\"twitter:data2\" content=\"3 minutos\" \/>\n<script type=\"application\/ld+json\" class=\"yoast-schema-graph\">{\"@context\":\"https:\/\/schema.org\",\"@graph\":[{\"@type\":\"WebPage\",\"@id\":\"https:\/\/www.manaus.am.gov.br\/implurb\/amplia-frentes-concretagem-parque\/\",\"url\":\"https:\/\/www.manaus.am.gov.br\/implurb\/amplia-frentes-concretagem-parque\/\",\"name\":\"Prefeitura amplia frentes de trabalho de concretagem e no restaurante do parque Encontro das \u00c1guas\",\"isPartOf\":{\"@id\":\"https:\/\/www.manaus.am.gov.br\/implurb\/#website\"},\"primaryImageOfPage\":{\"@id\":\"https:\/\/www.manaus.am.gov.br\/implurb\/amplia-frentes-concretagem-parque\/#primaryimage\"},\"image\":{\"@id\":\"https:\/\/www.manaus.am.gov.br\/implurb\/amplia-frentes-concretagem-parque\/#primaryimage\"},\"thumbnailUrl\":\"https:\/\/www.manaus.am.gov.br\/implurb\/wp-content\/uploads\/sites\/13\/2026\/03\/Implurb-Concretagem-2.jpg\",\"datePublished\":\"2026-03-09T19:25:16+00:00\",\"dateModified\":\"2026-03-09T19:44:12+00:00\",\"author\":{\"@id\":\"https:\/\/www.manaus.am.gov.br\/implurb\/#\/schema\/person\/ab4dcf766a54dff74e8d267f5c591961\"},\"description\":\"Cal\u00e7adas e passeios come\u00e7am a ganhar forma com a concretagem de piso no parque Encontro das \u00c1guas Rosa Almeida.\",\"breadcrumb\":{\"@id\":\"https:\/\/www.manaus.am.gov.br\/implurb\/amplia-frentes-concretagem-parque\/#breadcrumb\"},\"inLanguage\":\"pt-BR\",\"potentialAction\":[{\"@type\":\"ReadAction\",\"target\":[\"https:\/\/www.manaus.am.gov.br\/implurb\/amplia-frentes-concretagem-parque\/\"]}]},{\"@type\":\"ImageObject\",\"inLanguage\":\"pt-BR\",\"@id\":\"https:\/\/www.manaus.am.gov.br\/implurb\/amplia-frentes-concretagem-parque\/#primaryimage\",\"url\":\"https:\/\/www.manaus.am.gov.br\/implurb\/wp-content\/uploads\/sites\/13\/2026\/03\/Implurb-Concretagem-2.jpg\",\"contentUrl\":\"https:\/\/www.manaus.am.gov.br\/implurb\/wp-content\/uploads\/sites\/13\/2026\/03\/Implurb-Concretagem-2.jpg\",\"width\":2048,\"height\":1152,\"caption\":\"#paratodosverem - a etapa de concretagem no Parque Rosa Almeida segue avan\u00e7ando\"},{\"@type\":\"BreadcrumbList\",\"@id\":\"https:\/\/www.manaus.am.gov.br\/implurb\/amplia-frentes-concretagem-parque\/#breadcrumb\",\"itemListElement\":[{\"@type\":\"ListItem\",\"position\":1,\"name\":\"Home\",\"item\":\"https:\/\/www.manaus.am.gov.br\/implurb\/\"},{\"@type\":\"ListItem\",\"position\":2,\"name\":\"Prefeitura amplia frentes de trabalho de concretagem e no restaurante do parque Encontro das \u00c1guas\"}]},{\"@type\":\"WebSite\",\"@id\":\"https:\/\/www.manaus.am.gov.br\/implurb\/#website\",\"url\":\"https:\/\/www.manaus.am.gov.br\/implurb\/\",\"name\":\"IMPLURB\",\"description\":\"Prefeitura de Manaus\",\"potentialAction\":[{\"@type\":\"SearchAction\",\"target\":{\"@type\":\"EntryPoint\",\"urlTemplate\":\"https:\/\/www.manaus.am.gov.br\/implurb\/?s={search_term_string}\"},\"query-input\":\"required name=search_term_string\"}],\"inLanguage\":\"pt-BR\"},{\"@type\":\"Person\",\"@id\":\"https:\/\/www.manaus.am.gov.br\/implurb\/#\/schema\/person\/ab4dcf766a54dff74e8d267f5c591961\",\"name\":\"smonteiro\",\"image\":{\"@type\":\"ImageObject\",\"inLanguage\":\"pt-BR\",\"@id\":\"https:\/\/www.manaus.am.gov.br\/implurb\/#\/schema\/person\/image\/\",\"url\":\"https:\/\/secure.gravatar.com\/avatar\/21c8776ef61d9272c73322052e042d77?s=96&d=mm&r=g\",\"contentUrl\":\"https:\/\/secure.gravatar.com\/avatar\/21c8776ef61d9272c73322052e042d77?s=96&d=mm&r=g\",\"caption\":\"smonteiro\"}}]}<\/script>\n<!-- \/ Yoast SEO plugin. -->","yoast_head_json":{"title":"Prefeitura amplia frentes de trabalho de concretagem e no restaurante do parque Encontro das \u00c1guas","description":"Cal\u00e7adas e passeios come\u00e7am a ganhar forma com a concretagem de piso no parque Encontro das \u00c1guas Rosa Almeida.","robots":{"index":"noindex","follow":"follow"},"og_locale":"pt_BR","og_type":"article","og_title":"Prefeitura amplia frentes de trabalho de concretagem e no restaurante do parque Encontro das \u00c1guas","og_description":"Cal\u00e7adas e passeios come\u00e7am a ganhar forma com a concretagem de piso no parque Encontro das \u00c1guas Rosa Almeida.","og_url":"https:\/\/www.manaus.am.gov.br\/implurb\/amplia-frentes-concretagem-parque\/","og_site_name":"IMPLURB","article_published_time":"2026-03-09T19:25:16+00:00","article_modified_time":"2026-03-09T19:44:12+00:00","og_image":[{"width":2048,"height":1152,"url":"https:\/\/www.manaus.am.gov.br\/implurb\/wp-content\/uploads\/sites\/13\/2026\/03\/Implurb-Concretagem-2.jpg","type":"image\/jpeg"}],"author":"smonteiro","twitter_card":"summary_large_image","twitter_misc":{"Written by":"smonteiro","Est. reading time":"3 minutos"},"schema":{"@context":"https:\/\/schema.org","@graph":[{"@type":"WebPage","@id":"https:\/\/www.manaus.am.gov.br\/implurb\/amplia-frentes-concretagem-parque\/","url":"https:\/\/www.manaus.am.gov.br\/implurb\/amplia-frentes-concretagem-parque\/","name":"Prefeitura amplia frentes de trabalho de concretagem e no restaurante do parque Encontro das \u00c1guas","isPartOf":{"@id":"https:\/\/www.manaus.am.gov.br\/implurb\/#website"},"primaryImageOfPage":{"@id":"https:\/\/www.manaus.am.gov.br\/implurb\/amplia-frentes-concretagem-parque\/#primaryimage"},"image":{"@id":"https:\/\/www.manaus.am.gov.br\/implurb\/amplia-frentes-concretagem-parque\/#primaryimage"},"thumbnailUrl":"https:\/\/www.manaus.am.gov.br\/implurb\/wp-content\/uploads\/sites\/13\/2026\/03\/Implurb-Concretagem-2.jpg","datePublished":"2026-03-09T19:25:16+00:00","dateModified":"2026-03-09T19:44:12+00:00","author":{"@id":"https:\/\/www.manaus.am.gov.br\/implurb\/#\/schema\/person\/ab4dcf766a54dff74e8d267f5c591961"},"description":"Cal\u00e7adas e passeios come\u00e7am a ganhar forma com a concretagem de piso no parque Encontro das \u00c1guas Rosa Almeida.","breadcrumb":{"@id":"https:\/\/www.manaus.am.gov.br\/implurb\/amplia-frentes-concretagem-parque\/#breadcrumb"},"inLanguage":"pt-BR","potentialAction":[{"@type":"ReadAction","target":["https:\/\/www.manaus.am.gov.br\/implurb\/amplia-frentes-concretagem-parque\/"]}]},{"@type":"ImageObject","inLanguage":"pt-BR","@id":"https:\/\/www.manaus.am.gov.br\/implurb\/amplia-frentes-concretagem-parque\/#primaryimage","url":"https:\/\/www.manaus.am.gov.br\/implurb\/wp-content\/uploads\/sites\/13\/2026\/03\/Implurb-Concretagem-2.jpg","contentUrl":"https:\/\/www.manaus.am.gov.br\/implurb\/wp-content\/uploads\/sites\/13\/2026\/03\/Implurb-Concretagem-2.jpg","width":2048,"height":1152,"caption":"#paratodosverem - a etapa de concretagem no Parque Rosa Almeida segue avan\u00e7ando"},{"@type":"BreadcrumbList","@id":"https:\/\/www.manaus.am.gov.br\/implurb\/amplia-frentes-concretagem-parque\/#breadcrumb","itemListElement":[{"@type":"ListItem","position":1,"name":"Home","item":"https:\/\/www.manaus.am.gov.br\/implurb\/"},{"@type":"ListItem","position":2,"name":"Prefeitura amplia frentes de trabalho de concretagem e no restaurante do parque Encontro das \u00c1guas"}]},{"@type":"WebSite","@id":"https:\/\/www.manaus.am.gov.br\/implurb\/#website","url":"https:\/\/www.manaus.am.gov.br\/implurb\/","name":"IMPLURB","description":"Prefeitura de Manaus","potentialAction":[{"@type":"SearchAction","target":{"@type":"EntryPoint","urlTemplate":"https:\/\/www.manaus.am.gov.br\/implurb\/?s={search_term_string}"},"query-input":"required name=search_term_string"}],"inLanguage":"pt-BR"},{"@type":"Person","@id":"https:\/\/www.manaus.am.gov.br\/implurb\/#\/schema\/person\/ab4dcf766a54dff74e8d267f5c591961","name":"smonteiro","image":{"@type":"ImageObject","inLanguage":"pt-BR","@id":"https:\/\/www.manaus.am.gov.br\/implurb\/#\/schema\/person\/image\/","url":"https:\/\/secure.gravatar.com\/avatar\/21c8776ef61d9272c73322052e042d77?s=96&d=mm&r=g","contentUrl":"https:\/\/secure.gravatar.com\/avatar\/21c8776ef61d9272c73322052e042d77?s=96&d=mm&r=g","caption":"smonteiro"}}]}},"_links":{"self":[{"href":"https:\/\/www.manaus.am.gov.br\/implurb\/wp-json\/wp\/v2\/posts\/7869"}],"collection":[{"href":"https:\/\/www.manaus.am.gov.br\/implurb\/wp-json\/wp\/v2\/posts"}],"about":[{"href":"https:\/\/www.manaus.am.gov.br\/implurb\/wp-json\/wp\/v2\/types\/post"}],"author":[{"embeddable":true,"href":"https:\/\/www.manaus.am.gov.br\/implurb\/wp-json\/wp\/v2\/users\/61"}],"replies":[{"embeddable":true,"href":"https:\/\/www.manaus.am.gov.br\/implurb\/wp-json\/wp\/v2\/comments?post=7869"}],"version-history":[{"count":1,"href":"https:\/\/www.manaus.am.gov.br\/implurb\/wp-json\/wp\/v2\/posts\/7869\/revisions"}],"predecessor-version":[{"id":7871,"href":"https:\/\/www.manaus.am.gov.br\/implurb\/wp-json\/wp\/v2\/posts\/7869\/revisions\/7871"}],"wp:featuredmedia":[{"embeddable":true,"href":"https:\/\/www.manaus.am.gov.br\/implurb\/wp-json\/wp\/v2\/media\/7870"}],"wp:attachment":[{"href":"https:\/\/www.manaus.am.gov.br\/implurb\/wp-json\/wp\/v2\/media?parent=7869"}],"wp:term":[{"taxonomy":"category","embeddable":true,"href":"https:\/\/www.manaus.am.gov.br\/implurb\/wp-json\/wp\/v2\/categories?post=7869"},{"taxonomy":"post_tag","embeddable":true,"href":"https:\/\/www.manaus.am.gov.br\/implurb\/wp-json\/wp\/v2\/tags?post=7869"}],"curies":[{"name":"wp","href":"https:\/\/api.w.org\/{rel}","templated":true}]}}