{"id":7836,"date":"2026-03-06T11:48:07","date_gmt":"2026-03-06T15:48:07","guid":{"rendered":"https:\/\/www.manaus.am.gov.br\/implurb\/prazo-desconto-licenciamento-de-publicidade\/"},"modified":"2026-03-06T14:41:24","modified_gmt":"2026-03-06T18:41:24","slug":"prazo-desconto-licenciamento-de-publicidade","status":"publish","type":"post","link":"https:\/\/www.manaus.am.gov.br\/implurb\/prazo-desconto-licenciamento-de-publicidade\/","title":{"rendered":"Prefeitura alerta para prazo final de ades\u00e3o a desconto para licenciamento de publicidade"},"content":{"rendered":"\n<p>Contribuintes e empresas com engenhos publicit\u00e1rios na capital t\u00eam at\u00e9 o dia 31\/3 para aproveitar as condi\u00e7\u00f5es especiais do desconto de 20% para o licenciamento de publicidade anual da <a href=\"https:\/\/www.manaus.am.gov.br\/\">Prefeitura de Manaus<\/a>. Faltando 25 dias para o vencimento do prazo, a iniciativa da Ger\u00eancia de Engenhos Publicit\u00e1rios (GEP), do <a href=\"https:\/\/implurbatende.manaus.am.gov.br\/\">Instituto Municipal de Planejamento Urbano<\/a> (Implurb), iniciou em janeiro de 2026 e permite a regulariza\u00e7\u00e3o contemplando os processos de viabilidade para publicidade na capital.<\/p>\n\n\n\n<p>O servi\u00e7o de licenciamento de publicidade integra as a\u00e7\u00f5es de ordenamento urban\u00edstico e incentivo \u00e0 regulariza\u00e7\u00e3o dos engenhos publicit\u00e1rios em Manaus. O pagamento com desconto \u00e9 v\u00e1lido at\u00e9 o \u00faltimo dia \u00fatil do prazo estabelecido; ap\u00f3s essa data, o licenciamento passa a ser cobrado com valor integral.<\/p>\n\n\n\n<p>O benef\u00edcio tem como foco ampliar a regulariza\u00e7\u00e3o por parte de empresas, ag\u00eancias e operadores de engenhos, que podem comparecer ao Implurb de segunda a sexta-feira (exceto feriados e pontos facultativos), das 8h \u00e0s 14h, para atendimento presencial junto \u00e0 Ger\u00eancia de C\u00e1lculo e Arrecada\u00e7\u00e3o (GCA) e \u00e0 GEP.<\/p>\n\n\n\n<p>\u201cO desconto anual \u00e9 concedido no primeiro trimestre e pode ser solicitado por ag\u00eancias, operadores e demais requerentes que atuam com engenhos publicit\u00e1rios, como outdoors, placas e estruturas similares, no momento do licenciamento dos mobili\u00e1rios\u201d, destacou a gerente da GEP, arquiteta Naiara Freitas.<\/p>\n\n\n\n<p>Para a quita\u00e7\u00e3o ou regulariza\u00e7\u00e3o, \u00e9 necess\u00e1ria a presen\u00e7a do representante legal, munido de procura\u00e7\u00e3o. D\u00favidas e mais informa\u00e7\u00f5es podem ser obtidas pelos contatos da Ger\u00eancia de C\u00e1lculo: (92) 3625-4909, 3625-5020, 98842-7282 e 98855-1631 (WhatsApp), e da Ger\u00eancia de Engenhos Publicit\u00e1rios pelo 98855-1628 (WhatsApp) ou pelo e-mail&nbsp;<a href=\"mailto:gep.implurb@gmail.com\" target=\"_blank\" rel=\"noreferrer noopener\">gep.implurb@gmail.com<\/a>.<\/p>\n\n\n\n<p>&#8212; &#8212; &#8212;<\/p>\n\n\n\n<p><strong>Texto e foto \u2013&nbsp;<\/strong>Divulga\u00e7\u00e3o\/Implurb<\/p>\n","protected":false},"excerpt":{"rendered":"","protected":false},"author":39,"featured_media":7837,"comment_status":"closed","ping_status":"closed","sticky":false,"template":"","format":"standard","meta":{"footnotes":""},"categories":[50],"tags":[2127,11,1105,2128],"acf":[],"yoast_head":"<!-- This site is optimized with the Yoast SEO plugin v23.0 - https:\/\/yoast.com\/wordpress\/plugins\/seo\/ -->\n<title>Alerta para prazo final de ades\u00e3o a desconto para licenciamento de publicidade<\/title>\n<meta name=\"description\" content=\"Prefeitura de Manaus, por meio do Implurb, alerta para prazo final de ades\u00e3o a desconto para licenciamento de publicidade.\" \/>\n<meta name=\"robots\" content=\"noindex, follow\" \/>\n<meta property=\"og:locale\" content=\"pt_BR\" \/>\n<meta property=\"og:type\" content=\"article\" \/>\n<meta property=\"og:title\" content=\"Alerta para prazo final de ades\u00e3o a desconto para licenciamento de publicidade\" \/>\n<meta property=\"og:description\" content=\"Prefeitura de Manaus, por meio do Implurb, alerta para prazo final de ades\u00e3o a desconto para licenciamento de publicidade.\" \/>\n<meta property=\"og:url\" content=\"https:\/\/www.manaus.am.gov.br\/implurb\/prazo-desconto-licenciamento-de-publicidade\/\" \/>\n<meta property=\"og:site_name\" content=\"IMPLURB\" \/>\n<meta property=\"article:published_time\" content=\"2026-03-06T15:48:07+00:00\" \/>\n<meta property=\"article:modified_time\" content=\"2026-03-06T18:41:24+00:00\" \/>\n<meta property=\"og:image\" content=\"https:\/\/www.manaus.am.gov.br\/implurb\/wp-content\/uploads\/sites\/13\/2026\/03\/GEP-2.jpeg\" \/>\n\t<meta property=\"og:image:width\" content=\"1600\" \/>\n\t<meta property=\"og:image:height\" content=\"1200\" \/>\n\t<meta property=\"og:image:type\" content=\"image\/jpeg\" \/>\n<meta name=\"author\" content=\"Bruna Greco\" \/>\n<meta name=\"twitter:card\" content=\"summary_large_image\" \/>\n<meta name=\"twitter:label1\" content=\"Written by\" \/>\n\t<meta name=\"twitter:data1\" content=\"Bruna Greco\" \/>\n\t<meta name=\"twitter:label2\" content=\"Est. reading time\" \/>\n\t<meta name=\"twitter:data2\" content=\"2 minutos\" \/>\n<script type=\"application\/ld+json\" class=\"yoast-schema-graph\">{\"@context\":\"https:\/\/schema.org\",\"@graph\":[{\"@type\":\"WebPage\",\"@id\":\"https:\/\/www.manaus.am.gov.br\/implurb\/prazo-desconto-licenciamento-de-publicidade\/\",\"url\":\"https:\/\/www.manaus.am.gov.br\/implurb\/prazo-desconto-licenciamento-de-publicidade\/\",\"name\":\"Alerta para prazo final de ades\u00e3o a desconto para licenciamento de publicidade\",\"isPartOf\":{\"@id\":\"https:\/\/www.manaus.am.gov.br\/implurb\/#website\"},\"primaryImageOfPage\":{\"@id\":\"https:\/\/www.manaus.am.gov.br\/implurb\/prazo-desconto-licenciamento-de-publicidade\/#primaryimage\"},\"image\":{\"@id\":\"https:\/\/www.manaus.am.gov.br\/implurb\/prazo-desconto-licenciamento-de-publicidade\/#primaryimage\"},\"thumbnailUrl\":\"https:\/\/www.manaus.am.gov.br\/implurb\/wp-content\/uploads\/sites\/13\/2026\/03\/GEP-2.jpeg\",\"datePublished\":\"2026-03-06T15:48:07+00:00\",\"dateModified\":\"2026-03-06T18:41:24+00:00\",\"author\":{\"@id\":\"https:\/\/www.manaus.am.gov.br\/implurb\/#\/schema\/person\/05d223aea2bf115f9883a6ff3683d81b\"},\"description\":\"Prefeitura de Manaus, por meio do Implurb, alerta para prazo final de ades\u00e3o a desconto para licenciamento de publicidade.\",\"breadcrumb\":{\"@id\":\"https:\/\/www.manaus.am.gov.br\/implurb\/prazo-desconto-licenciamento-de-publicidade\/#breadcrumb\"},\"inLanguage\":\"pt-BR\",\"potentialAction\":[{\"@type\":\"ReadAction\",\"target\":[\"https:\/\/www.manaus.am.gov.br\/implurb\/prazo-desconto-licenciamento-de-publicidade\/\"]}]},{\"@type\":\"ImageObject\",\"inLanguage\":\"pt-BR\",\"@id\":\"https:\/\/www.manaus.am.gov.br\/implurb\/prazo-desconto-licenciamento-de-publicidade\/#primaryimage\",\"url\":\"https:\/\/www.manaus.am.gov.br\/implurb\/wp-content\/uploads\/sites\/13\/2026\/03\/GEP-2.jpeg\",\"contentUrl\":\"https:\/\/www.manaus.am.gov.br\/implurb\/wp-content\/uploads\/sites\/13\/2026\/03\/GEP-2.jpeg\",\"width\":1600,\"height\":1200,\"caption\":\"#paratodosverem - Servidora do GEP cumprindo expediente\"},{\"@type\":\"BreadcrumbList\",\"@id\":\"https:\/\/www.manaus.am.gov.br\/implurb\/prazo-desconto-licenciamento-de-publicidade\/#breadcrumb\",\"itemListElement\":[{\"@type\":\"ListItem\",\"position\":1,\"name\":\"Home\",\"item\":\"https:\/\/www.manaus.am.gov.br\/implurb\/\"},{\"@type\":\"ListItem\",\"position\":2,\"name\":\"Prefeitura alerta para prazo final de ades\u00e3o a desconto para licenciamento de publicidade\"}]},{\"@type\":\"WebSite\",\"@id\":\"https:\/\/www.manaus.am.gov.br\/implurb\/#website\",\"url\":\"https:\/\/www.manaus.am.gov.br\/implurb\/\",\"name\":\"IMPLURB\",\"description\":\"Prefeitura de Manaus\",\"potentialAction\":[{\"@type\":\"SearchAction\",\"target\":{\"@type\":\"EntryPoint\",\"urlTemplate\":\"https:\/\/www.manaus.am.gov.br\/implurb\/?s={search_term_string}\"},\"query-input\":\"required name=search_term_string\"}],\"inLanguage\":\"pt-BR\"},{\"@type\":\"Person\",\"@id\":\"https:\/\/www.manaus.am.gov.br\/implurb\/#\/schema\/person\/05d223aea2bf115f9883a6ff3683d81b\",\"name\":\"Bruna Greco\",\"image\":{\"@type\":\"ImageObject\",\"inLanguage\":\"pt-BR\",\"@id\":\"https:\/\/www.manaus.am.gov.br\/implurb\/#\/schema\/person\/image\/\",\"url\":\"https:\/\/secure.gravatar.com\/avatar\/9c877d1a6adc2a055330e5c09a8653ce?s=96&d=mm&r=g\",\"contentUrl\":\"https:\/\/secure.gravatar.com\/avatar\/9c877d1a6adc2a055330e5c09a8653ce?s=96&d=mm&r=g\",\"caption\":\"Bruna Greco\"}}]}<\/script>\n<!-- \/ Yoast SEO plugin. -->","yoast_head_json":{"title":"Alerta para prazo final de ades\u00e3o a desconto para licenciamento de publicidade","description":"Prefeitura de Manaus, por meio do Implurb, alerta para prazo final de ades\u00e3o a desconto para licenciamento de publicidade.","robots":{"index":"noindex","follow":"follow"},"og_locale":"pt_BR","og_type":"article","og_title":"Alerta para prazo final de ades\u00e3o a desconto para licenciamento de publicidade","og_description":"Prefeitura de Manaus, por meio do Implurb, alerta para prazo final de ades\u00e3o a desconto para licenciamento de publicidade.","og_url":"https:\/\/www.manaus.am.gov.br\/implurb\/prazo-desconto-licenciamento-de-publicidade\/","og_site_name":"IMPLURB","article_published_time":"2026-03-06T15:48:07+00:00","article_modified_time":"2026-03-06T18:41:24+00:00","og_image":[{"width":1600,"height":1200,"url":"https:\/\/www.manaus.am.gov.br\/implurb\/wp-content\/uploads\/sites\/13\/2026\/03\/GEP-2.jpeg","type":"image\/jpeg"}],"author":"Bruna Greco","twitter_card":"summary_large_image","twitter_misc":{"Written by":"Bruna Greco","Est. reading time":"2 minutos"},"schema":{"@context":"https:\/\/schema.org","@graph":[{"@type":"WebPage","@id":"https:\/\/www.manaus.am.gov.br\/implurb\/prazo-desconto-licenciamento-de-publicidade\/","url":"https:\/\/www.manaus.am.gov.br\/implurb\/prazo-desconto-licenciamento-de-publicidade\/","name":"Alerta para prazo final de ades\u00e3o a desconto para licenciamento de publicidade","isPartOf":{"@id":"https:\/\/www.manaus.am.gov.br\/implurb\/#website"},"primaryImageOfPage":{"@id":"https:\/\/www.manaus.am.gov.br\/implurb\/prazo-desconto-licenciamento-de-publicidade\/#primaryimage"},"image":{"@id":"https:\/\/www.manaus.am.gov.br\/implurb\/prazo-desconto-licenciamento-de-publicidade\/#primaryimage"},"thumbnailUrl":"https:\/\/www.manaus.am.gov.br\/implurb\/wp-content\/uploads\/sites\/13\/2026\/03\/GEP-2.jpeg","datePublished":"2026-03-06T15:48:07+00:00","dateModified":"2026-03-06T18:41:24+00:00","author":{"@id":"https:\/\/www.manaus.am.gov.br\/implurb\/#\/schema\/person\/05d223aea2bf115f9883a6ff3683d81b"},"description":"Prefeitura de Manaus, por meio do Implurb, alerta para prazo final de ades\u00e3o a desconto para licenciamento de publicidade.","breadcrumb":{"@id":"https:\/\/www.manaus.am.gov.br\/implurb\/prazo-desconto-licenciamento-de-publicidade\/#breadcrumb"},"inLanguage":"pt-BR","potentialAction":[{"@type":"ReadAction","target":["https:\/\/www.manaus.am.gov.br\/implurb\/prazo-desconto-licenciamento-de-publicidade\/"]}]},{"@type":"ImageObject","inLanguage":"pt-BR","@id":"https:\/\/www.manaus.am.gov.br\/implurb\/prazo-desconto-licenciamento-de-publicidade\/#primaryimage","url":"https:\/\/www.manaus.am.gov.br\/implurb\/wp-content\/uploads\/sites\/13\/2026\/03\/GEP-2.jpeg","contentUrl":"https:\/\/www.manaus.am.gov.br\/implurb\/wp-content\/uploads\/sites\/13\/2026\/03\/GEP-2.jpeg","width":1600,"height":1200,"caption":"#paratodosverem - Servidora do GEP cumprindo expediente"},{"@type":"BreadcrumbList","@id":"https:\/\/www.manaus.am.gov.br\/implurb\/prazo-desconto-licenciamento-de-publicidade\/#breadcrumb","itemListElement":[{"@type":"ListItem","position":1,"name":"Home","item":"https:\/\/www.manaus.am.gov.br\/implurb\/"},{"@type":"ListItem","position":2,"name":"Prefeitura alerta para prazo final de ades\u00e3o a desconto para licenciamento de publicidade"}]},{"@type":"WebSite","@id":"https:\/\/www.manaus.am.gov.br\/implurb\/#website","url":"https:\/\/www.manaus.am.gov.br\/implurb\/","name":"IMPLURB","description":"Prefeitura de Manaus","potentialAction":[{"@type":"SearchAction","target":{"@type":"EntryPoint","urlTemplate":"https:\/\/www.manaus.am.gov.br\/implurb\/?s={search_term_string}"},"query-input":"required name=search_term_string"}],"inLanguage":"pt-BR"},{"@type":"Person","@id":"https:\/\/www.manaus.am.gov.br\/implurb\/#\/schema\/person\/05d223aea2bf115f9883a6ff3683d81b","name":"Bruna Greco","image":{"@type":"ImageObject","inLanguage":"pt-BR","@id":"https:\/\/www.manaus.am.gov.br\/implurb\/#\/schema\/person\/image\/","url":"https:\/\/secure.gravatar.com\/avatar\/9c877d1a6adc2a055330e5c09a8653ce?s=96&d=mm&r=g","contentUrl":"https:\/\/secure.gravatar.com\/avatar\/9c877d1a6adc2a055330e5c09a8653ce?s=96&d=mm&r=g","caption":"Bruna Greco"}}]}},"_links":{"self":[{"href":"https:\/\/www.manaus.am.gov.br\/implurb\/wp-json\/wp\/v2\/posts\/7836"}],"collection":[{"href":"https:\/\/www.manaus.am.gov.br\/implurb\/wp-json\/wp\/v2\/posts"}],"about":[{"href":"https:\/\/www.manaus.am.gov.br\/implurb\/wp-json\/wp\/v2\/types\/post"}],"author":[{"embeddable":true,"href":"https:\/\/www.manaus.am.gov.br\/implurb\/wp-json\/wp\/v2\/users\/39"}],"replies":[{"embeddable":true,"href":"https:\/\/www.manaus.am.gov.br\/implurb\/wp-json\/wp\/v2\/comments?post=7836"}],"version-history":[{"count":1,"href":"https:\/\/www.manaus.am.gov.br\/implurb\/wp-json\/wp\/v2\/posts\/7836\/revisions"}],"predecessor-version":[{"id":7850,"href":"https:\/\/www.manaus.am.gov.br\/implurb\/wp-json\/wp\/v2\/posts\/7836\/revisions\/7850"}],"wp:featuredmedia":[{"embeddable":true,"href":"https:\/\/www.manaus.am.gov.br\/implurb\/wp-json\/wp\/v2\/media\/7837"}],"wp:attachment":[{"href":"https:\/\/www.manaus.am.gov.br\/implurb\/wp-json\/wp\/v2\/media?parent=7836"}],"wp:term":[{"taxonomy":"category","embeddable":true,"href":"https:\/\/www.manaus.am.gov.br\/implurb\/wp-json\/wp\/v2\/categories?post=7836"},{"taxonomy":"post_tag","embeddable":true,"href":"https:\/\/www.manaus.am.gov.br\/implurb\/wp-json\/wp\/v2\/tags?post=7836"}],"curies":[{"name":"wp","href":"https:\/\/api.w.org\/{rel}","templated":true}]}}