{"id":7443,"date":"2026-01-17T11:21:15","date_gmt":"2026-01-17T15:21:15","guid":{"rendered":"https:\/\/www.manaus.am.gov.br\/implurb\/acoes-fiscais-postura-2025\/"},"modified":"2026-01-19T14:19:31","modified_gmt":"2026-01-19T18:19:31","slug":"acoes-fiscais-postura-2025","status":"publish","type":"post","link":"https:\/\/www.manaus.am.gov.br\/implurb\/acoes-fiscais-postura-2025\/","title":{"rendered":"Prefeitura tem alta de 94% em a\u00e7\u00f5es fiscais de Postura em 2025 e soma mais de 22,7 mil demandas nos \u00faltimos cinco anos"},"content":{"rendered":"\n<p>Somando 2.576 a\u00e7\u00f5es fiscais realizada de janeiro a dezembro de 2025, a <a href=\"https:\/\/www.manaus.am.gov.br\">Prefeitura de Manaus<\/a>, por meio do <a href=\"https:\/\/implurbatende.manaus.am.gov.br\/\">Instituto Municipal de Planejamento Urbano<\/a> (Implurb), atingiu a alta de 94% em notifica\u00e7\u00f5es realizadas pela Ger\u00eancia de Fiscaliza\u00e7\u00e3o de Postura (GFP), da Divis\u00e3o de Controle (Dicon). Em 2024, no mesmo per\u00edodo, foram feitas 1.494 a\u00e7\u00f5es.<\/p>\n\n\n\n<p>J\u00e1 na Ger\u00eancia de Fiscaliza\u00e7\u00e3o de Obras (GFO) foram realizadas 2.970 a\u00e7\u00f5es fiscais nos 12 meses. No total, as duas ger\u00eancias da autarquia fizeram 5.546 notifica\u00e7\u00f5es, desde obras irregulares a ocupa\u00e7\u00f5es ilegais em cal\u00e7adas, entre outras.<\/p>\n\n\n\n<p>No per\u00edodo de janeiro de 2021 a dezembro de 2025, o Implurb soma mais de 22,7 mil a\u00e7\u00f5es fiscais realizadas pela Dicon, dessas 8.487 s\u00e3o da Postura e mais 14.230 de Obras.<\/p>\n\n\n\n<p>As fiscaliza\u00e7\u00f5es s\u00e3o realizadas pelas ger\u00eancias da&nbsp;Dicon, por meio de den\u00fancias, demandas de \u00f3rg\u00e3os municipais e estaduais, e rota di\u00e1ria da equipe de fiscais nas ruas.<\/p>\n\n\n\n<p>\u201cCuidar da cidade \u00e9 uma responsabilidade compartilhada. Quando cada cidad\u00e3o respeita o uso dos espa\u00e7os p\u00fablicos, ajudamos a garantir mobilidade, organiza\u00e7\u00e3o e qualidade de vida para todos. A urbanidade se constr\u00f3i diariamente, com atitudes conscientes e colabora\u00e7\u00e3o da popula\u00e7\u00e3o\u201d, destacou o diretor de Planejamento do Implurb, Pedro Paulo Cordeiro.<\/p>\n\n\n\n<p>Den\u00fancias sobre&nbsp;obras&nbsp;irregulares e afins s\u00e3o atendidas pelo n\u00famero do&nbsp;Disque&nbsp;Den\u00fancia, pelo 3673-9305 (segunda a sexta-feira, das 8h \u00e0s 14h, exceto feriados e pontos facultativos), ou pelo 161 (segunda a sexta-feira, das 8h \u00e0s 14h), ou pelo e-mail&nbsp;<a href=\"mailto:disquedenuncia.implurb@manaus.am.gov.br\" target=\"_blank\" rel=\"noreferrer noopener\">disquedenuncia.implurb@manaus.am.gov.br<\/a>.<\/p>\n\n\n\n<figure class=\"wp-block-image size-large\"><img decoding=\"async\" src=\"https:\/\/www.manaus.am.gov.br\/implurb\/wp-content\/uploads\/sites\/13\/2026\/01\/Acoes-1-1024x768.jpeg\" alt=\"\" class=\"wp-image-7446\" \/><figcaption class=\"wp-element-caption\">#paratodosverem &#8211; A\u00e7\u00e3o de fiscaliza\u00e7\u00e3o<\/figcaption><\/figure>\n\n\n\n<p><strong>&#8212; &#8212; &#8212;<\/strong><\/p>\n\n\n\n<p><strong>Texto \u2013&nbsp;<\/strong>Claudia do Valle\/Implurb<\/p>\n\n\n\n<p><strong>Fotos \u2013<\/strong>&nbsp;Divulga\u00e7\u00e3o\/Implurb<\/p>\n\n\n\n<p> <\/p>\n","protected":false},"excerpt":{"rendered":"","protected":false},"author":39,"featured_media":7444,"comment_status":"closed","ping_status":"closed","sticky":false,"template":"","format":"standard","meta":{"footnotes":""},"categories":[334],"tags":[2045,2026,2061,11,15],"acf":[],"yoast_head":"<!-- This site is optimized with the Yoast SEO plugin v23.0 - https:\/\/yoast.com\/wordpress\/plugins\/seo\/ -->\n<title>Prefeitura tem alta de 94% em a\u00e7\u00f5es fiscais de Postura em 2025 e soma mais de 22,7 mil demandas nos \u00faltimos cinco anos<\/title>\n<meta name=\"description\" content=\"Prefeitura tem alta de 94% em a\u00e7\u00f5es fiscais de Postura em 2025 e soma mais de 22,7 mil demandas nos \u00faltimos cinco anos.\" \/>\n<meta name=\"robots\" content=\"noindex, follow\" \/>\n<meta property=\"og:locale\" content=\"pt_BR\" \/>\n<meta property=\"og:type\" content=\"article\" \/>\n<meta property=\"og:title\" content=\"Prefeitura tem alta de 94% em a\u00e7\u00f5es fiscais de Postura em 2025 e soma mais de 22,7 mil demandas nos \u00faltimos cinco anos\" \/>\n<meta property=\"og:description\" content=\"Prefeitura tem alta de 94% em a\u00e7\u00f5es fiscais de Postura em 2025 e soma mais de 22,7 mil demandas nos \u00faltimos cinco anos.\" \/>\n<meta property=\"og:url\" content=\"https:\/\/www.manaus.am.gov.br\/implurb\/acoes-fiscais-postura-2025\/\" \/>\n<meta property=\"og:site_name\" content=\"IMPLURB\" \/>\n<meta property=\"article:published_time\" content=\"2026-01-17T15:21:15+00:00\" \/>\n<meta property=\"article:modified_time\" content=\"2026-01-19T18:19:31+00:00\" \/>\n<meta property=\"og:image\" content=\"https:\/\/www.manaus.am.gov.br\/implurb\/wp-content\/uploads\/sites\/13\/2026\/01\/Acoes-2.jpeg\" \/>\n\t<meta property=\"og:image:width\" content=\"1600\" \/>\n\t<meta property=\"og:image:height\" content=\"1066\" \/>\n\t<meta property=\"og:image:type\" content=\"image\/jpeg\" \/>\n<meta name=\"author\" content=\"Bruna Greco\" \/>\n<meta name=\"twitter:card\" content=\"summary_large_image\" \/>\n<meta name=\"twitter:label1\" content=\"Written by\" \/>\n\t<meta name=\"twitter:data1\" content=\"Bruna Greco\" \/>\n\t<meta name=\"twitter:label2\" content=\"Est. reading time\" \/>\n\t<meta name=\"twitter:data2\" content=\"2 minutos\" \/>\n<script type=\"application\/ld+json\" class=\"yoast-schema-graph\">{\"@context\":\"https:\/\/schema.org\",\"@graph\":[{\"@type\":\"WebPage\",\"@id\":\"https:\/\/www.manaus.am.gov.br\/implurb\/acoes-fiscais-postura-2025\/\",\"url\":\"https:\/\/www.manaus.am.gov.br\/implurb\/acoes-fiscais-postura-2025\/\",\"name\":\"Prefeitura tem alta de 94% em a\u00e7\u00f5es fiscais de Postura em 2025 e soma mais de 22,7 mil demandas nos \u00faltimos cinco anos\",\"isPartOf\":{\"@id\":\"https:\/\/www.manaus.am.gov.br\/implurb\/#website\"},\"primaryImageOfPage\":{\"@id\":\"https:\/\/www.manaus.am.gov.br\/implurb\/acoes-fiscais-postura-2025\/#primaryimage\"},\"image\":{\"@id\":\"https:\/\/www.manaus.am.gov.br\/implurb\/acoes-fiscais-postura-2025\/#primaryimage\"},\"thumbnailUrl\":\"https:\/\/www.manaus.am.gov.br\/implurb\/wp-content\/uploads\/sites\/13\/2026\/01\/Acoes-2.jpeg\",\"datePublished\":\"2026-01-17T15:21:15+00:00\",\"dateModified\":\"2026-01-19T18:19:31+00:00\",\"author\":{\"@id\":\"https:\/\/www.manaus.am.gov.br\/implurb\/#\/schema\/person\/05d223aea2bf115f9883a6ff3683d81b\"},\"description\":\"Prefeitura tem alta de 94% em a\u00e7\u00f5es fiscais de Postura em 2025 e soma mais de 22,7 mil demandas nos \u00faltimos cinco anos.\",\"breadcrumb\":{\"@id\":\"https:\/\/www.manaus.am.gov.br\/implurb\/acoes-fiscais-postura-2025\/#breadcrumb\"},\"inLanguage\":\"pt-BR\",\"potentialAction\":[{\"@type\":\"ReadAction\",\"target\":[\"https:\/\/www.manaus.am.gov.br\/implurb\/acoes-fiscais-postura-2025\/\"]}]},{\"@type\":\"ImageObject\",\"inLanguage\":\"pt-BR\",\"@id\":\"https:\/\/www.manaus.am.gov.br\/implurb\/acoes-fiscais-postura-2025\/#primaryimage\",\"url\":\"https:\/\/www.manaus.am.gov.br\/implurb\/wp-content\/uploads\/sites\/13\/2026\/01\/Acoes-2.jpeg\",\"contentUrl\":\"https:\/\/www.manaus.am.gov.br\/implurb\/wp-content\/uploads\/sites\/13\/2026\/01\/Acoes-2.jpeg\",\"width\":1600,\"height\":1066,\"caption\":\"#paratodosverem - Fiscais do Implurb realizando a\u00e7\u00e3o de fiscaliza\u00e7\u00e3o\"},{\"@type\":\"BreadcrumbList\",\"@id\":\"https:\/\/www.manaus.am.gov.br\/implurb\/acoes-fiscais-postura-2025\/#breadcrumb\",\"itemListElement\":[{\"@type\":\"ListItem\",\"position\":1,\"name\":\"Home\",\"item\":\"https:\/\/www.manaus.am.gov.br\/implurb\/\"},{\"@type\":\"ListItem\",\"position\":2,\"name\":\"Prefeitura tem alta de 94% em a\u00e7\u00f5es fiscais de Postura em 2025 e soma mais de 22,7 mil demandas nos \u00faltimos cinco anos\"}]},{\"@type\":\"WebSite\",\"@id\":\"https:\/\/www.manaus.am.gov.br\/implurb\/#website\",\"url\":\"https:\/\/www.manaus.am.gov.br\/implurb\/\",\"name\":\"IMPLURB\",\"description\":\"Prefeitura de Manaus\",\"potentialAction\":[{\"@type\":\"SearchAction\",\"target\":{\"@type\":\"EntryPoint\",\"urlTemplate\":\"https:\/\/www.manaus.am.gov.br\/implurb\/?s={search_term_string}\"},\"query-input\":\"required name=search_term_string\"}],\"inLanguage\":\"pt-BR\"},{\"@type\":\"Person\",\"@id\":\"https:\/\/www.manaus.am.gov.br\/implurb\/#\/schema\/person\/05d223aea2bf115f9883a6ff3683d81b\",\"name\":\"Bruna Greco\",\"image\":{\"@type\":\"ImageObject\",\"inLanguage\":\"pt-BR\",\"@id\":\"https:\/\/www.manaus.am.gov.br\/implurb\/#\/schema\/person\/image\/\",\"url\":\"https:\/\/secure.gravatar.com\/avatar\/9c877d1a6adc2a055330e5c09a8653ce?s=96&d=mm&r=g\",\"contentUrl\":\"https:\/\/secure.gravatar.com\/avatar\/9c877d1a6adc2a055330e5c09a8653ce?s=96&d=mm&r=g\",\"caption\":\"Bruna Greco\"}}]}<\/script>\n<!-- \/ Yoast SEO plugin. -->","yoast_head_json":{"title":"Prefeitura tem alta de 94% em a\u00e7\u00f5es fiscais de Postura em 2025 e soma mais de 22,7 mil demandas nos \u00faltimos cinco anos","description":"Prefeitura tem alta de 94% em a\u00e7\u00f5es fiscais de Postura em 2025 e soma mais de 22,7 mil demandas nos \u00faltimos cinco anos.","robots":{"index":"noindex","follow":"follow"},"og_locale":"pt_BR","og_type":"article","og_title":"Prefeitura tem alta de 94% em a\u00e7\u00f5es fiscais de Postura em 2025 e soma mais de 22,7 mil demandas nos \u00faltimos cinco anos","og_description":"Prefeitura tem alta de 94% em a\u00e7\u00f5es fiscais de Postura em 2025 e soma mais de 22,7 mil demandas nos \u00faltimos cinco anos.","og_url":"https:\/\/www.manaus.am.gov.br\/implurb\/acoes-fiscais-postura-2025\/","og_site_name":"IMPLURB","article_published_time":"2026-01-17T15:21:15+00:00","article_modified_time":"2026-01-19T18:19:31+00:00","og_image":[{"width":1600,"height":1066,"url":"https:\/\/www.manaus.am.gov.br\/implurb\/wp-content\/uploads\/sites\/13\/2026\/01\/Acoes-2.jpeg","type":"image\/jpeg"}],"author":"Bruna Greco","twitter_card":"summary_large_image","twitter_misc":{"Written by":"Bruna Greco","Est. reading time":"2 minutos"},"schema":{"@context":"https:\/\/schema.org","@graph":[{"@type":"WebPage","@id":"https:\/\/www.manaus.am.gov.br\/implurb\/acoes-fiscais-postura-2025\/","url":"https:\/\/www.manaus.am.gov.br\/implurb\/acoes-fiscais-postura-2025\/","name":"Prefeitura tem alta de 94% em a\u00e7\u00f5es fiscais de Postura em 2025 e soma mais de 22,7 mil demandas nos \u00faltimos cinco anos","isPartOf":{"@id":"https:\/\/www.manaus.am.gov.br\/implurb\/#website"},"primaryImageOfPage":{"@id":"https:\/\/www.manaus.am.gov.br\/implurb\/acoes-fiscais-postura-2025\/#primaryimage"},"image":{"@id":"https:\/\/www.manaus.am.gov.br\/implurb\/acoes-fiscais-postura-2025\/#primaryimage"},"thumbnailUrl":"https:\/\/www.manaus.am.gov.br\/implurb\/wp-content\/uploads\/sites\/13\/2026\/01\/Acoes-2.jpeg","datePublished":"2026-01-17T15:21:15+00:00","dateModified":"2026-01-19T18:19:31+00:00","author":{"@id":"https:\/\/www.manaus.am.gov.br\/implurb\/#\/schema\/person\/05d223aea2bf115f9883a6ff3683d81b"},"description":"Prefeitura tem alta de 94% em a\u00e7\u00f5es fiscais de Postura em 2025 e soma mais de 22,7 mil demandas nos \u00faltimos cinco anos.","breadcrumb":{"@id":"https:\/\/www.manaus.am.gov.br\/implurb\/acoes-fiscais-postura-2025\/#breadcrumb"},"inLanguage":"pt-BR","potentialAction":[{"@type":"ReadAction","target":["https:\/\/www.manaus.am.gov.br\/implurb\/acoes-fiscais-postura-2025\/"]}]},{"@type":"ImageObject","inLanguage":"pt-BR","@id":"https:\/\/www.manaus.am.gov.br\/implurb\/acoes-fiscais-postura-2025\/#primaryimage","url":"https:\/\/www.manaus.am.gov.br\/implurb\/wp-content\/uploads\/sites\/13\/2026\/01\/Acoes-2.jpeg","contentUrl":"https:\/\/www.manaus.am.gov.br\/implurb\/wp-content\/uploads\/sites\/13\/2026\/01\/Acoes-2.jpeg","width":1600,"height":1066,"caption":"#paratodosverem - Fiscais do Implurb realizando a\u00e7\u00e3o de fiscaliza\u00e7\u00e3o"},{"@type":"BreadcrumbList","@id":"https:\/\/www.manaus.am.gov.br\/implurb\/acoes-fiscais-postura-2025\/#breadcrumb","itemListElement":[{"@type":"ListItem","position":1,"name":"Home","item":"https:\/\/www.manaus.am.gov.br\/implurb\/"},{"@type":"ListItem","position":2,"name":"Prefeitura tem alta de 94% em a\u00e7\u00f5es fiscais de Postura em 2025 e soma mais de 22,7 mil demandas nos \u00faltimos cinco anos"}]},{"@type":"WebSite","@id":"https:\/\/www.manaus.am.gov.br\/implurb\/#website","url":"https:\/\/www.manaus.am.gov.br\/implurb\/","name":"IMPLURB","description":"Prefeitura de Manaus","potentialAction":[{"@type":"SearchAction","target":{"@type":"EntryPoint","urlTemplate":"https:\/\/www.manaus.am.gov.br\/implurb\/?s={search_term_string}"},"query-input":"required name=search_term_string"}],"inLanguage":"pt-BR"},{"@type":"Person","@id":"https:\/\/www.manaus.am.gov.br\/implurb\/#\/schema\/person\/05d223aea2bf115f9883a6ff3683d81b","name":"Bruna Greco","image":{"@type":"ImageObject","inLanguage":"pt-BR","@id":"https:\/\/www.manaus.am.gov.br\/implurb\/#\/schema\/person\/image\/","url":"https:\/\/secure.gravatar.com\/avatar\/9c877d1a6adc2a055330e5c09a8653ce?s=96&d=mm&r=g","contentUrl":"https:\/\/secure.gravatar.com\/avatar\/9c877d1a6adc2a055330e5c09a8653ce?s=96&d=mm&r=g","caption":"Bruna Greco"}}]}},"_links":{"self":[{"href":"https:\/\/www.manaus.am.gov.br\/implurb\/wp-json\/wp\/v2\/posts\/7443"}],"collection":[{"href":"https:\/\/www.manaus.am.gov.br\/implurb\/wp-json\/wp\/v2\/posts"}],"about":[{"href":"https:\/\/www.manaus.am.gov.br\/implurb\/wp-json\/wp\/v2\/types\/post"}],"author":[{"embeddable":true,"href":"https:\/\/www.manaus.am.gov.br\/implurb\/wp-json\/wp\/v2\/users\/39"}],"replies":[{"embeddable":true,"href":"https:\/\/www.manaus.am.gov.br\/implurb\/wp-json\/wp\/v2\/comments?post=7443"}],"version-history":[{"count":4,"href":"https:\/\/www.manaus.am.gov.br\/implurb\/wp-json\/wp\/v2\/posts\/7443\/revisions"}],"predecessor-version":[{"id":7463,"href":"https:\/\/www.manaus.am.gov.br\/implurb\/wp-json\/wp\/v2\/posts\/7443\/revisions\/7463"}],"wp:featuredmedia":[{"embeddable":true,"href":"https:\/\/www.manaus.am.gov.br\/implurb\/wp-json\/wp\/v2\/media\/7444"}],"wp:attachment":[{"href":"https:\/\/www.manaus.am.gov.br\/implurb\/wp-json\/wp\/v2\/media?parent=7443"}],"wp:term":[{"taxonomy":"category","embeddable":true,"href":"https:\/\/www.manaus.am.gov.br\/implurb\/wp-json\/wp\/v2\/categories?post=7443"},{"taxonomy":"post_tag","embeddable":true,"href":"https:\/\/www.manaus.am.gov.br\/implurb\/wp-json\/wp\/v2\/tags?post=7443"}],"curies":[{"name":"wp","href":"https:\/\/api.w.org\/{rel}","templated":true}]}}