{"id":7439,"date":"2026-01-16T18:44:35","date_gmt":"2026-01-16T22:44:35","guid":{"rendered":"https:\/\/www.manaus.am.gov.br\/implurb\/parque-encontro-das-aguas-rosa-almeida\/"},"modified":"2026-02-06T11:48:29","modified_gmt":"2026-02-06T15:48:29","slug":"parque-encontro-das-aguas-rosa-almeida","status":"publish","type":"post","link":"https:\/\/www.manaus.am.gov.br\/implurb\/parque-encontro-das-aguas-rosa-almeida\/","title":{"rendered":"Prefeitura avan\u00e7a com concretagem da oca e restaurante do parque Encontro das \u00c1guas Rosa Almeida"},"content":{"rendered":"\n<p>A estrutura projetada por Oscar Niemeyer, no parque Encontro das \u00c1guas Rosa Almeida, localizado no bairro Col\u00f4nia Ant\u00f4nio Aleixo, zona Leste, est\u00e1 sendo concretada pela <a href=\"https:\/\/www.manaus.am.gov.br\/\">Prefeitura de Manaus, <\/a>a partir de formas de madeira e chapas met\u00e1licas compostas por dezenas de elementos, para dar \u00e0 constru\u00e7\u00e3o as curvas desenhadas pelo arquiteto.<\/p>\n\n\n\n<p>As obras no parque seguem em constante avan\u00e7o, com a confec\u00e7\u00e3o e montagem das formas das vigas do t\u00e9rreo da oca, em paralelo com a etapa de montagem dos andaimes para escoramento da viga e laje do t\u00e9rreo. Tamb\u00e9m est\u00e3o sendo executadas todas as ferragens de vigas do t\u00e9rreo da oca, que ser\u00e1 um espa\u00e7o multiuso.<\/p>\n\n\n\n<p>O concreto das estruturas e da c\u00fapula projetada por Niemeyer, que \u00e9 aparente, ser\u00e1 usinado para ter ainda a adi\u00e7\u00e3o de impermeabilizantes, ganhando maior durabilidade diante das intemp\u00e9ries da regi\u00e3o amaz\u00f4nica.<\/p>\n\n\n\n<p>\u201cTrata-se de uma obra grandiosa, impactante e complexa, onde se trabalha em tempo integral para poder acelerar sua conclus\u00e3o, com o canteiro funcionando de domingo a domingo. O espa\u00e7o gourmet com os quiosques est\u00e1 praticamente conclu\u00eddo e vai permitir que a popula\u00e7\u00e3o possa tomar um tacac\u00e1, comer um x-caboquinho, apreciando esta incr\u00edvel vista\u201d, afirmou o diretor-presidente do Implurb, Carlos&nbsp;Valente.<\/p>\n\n\n\n<p>O parque \u00e9 a primeira obra de Niemeyer no <a href=\"https:\/\/www.instagram.com\/prefeiturademanaus\/\">Amazonas,<\/a> unindo as curvas caracter\u00edsticas do mestre da arquitetura brasileira \u00e0 impon\u00eancia do fen\u00f4meno que marca o encontro dos rios Negro e Solim\u00f5es. O projeto promete transformar a \u00e1rea em um espa\u00e7o de contempla\u00e7\u00e3o, cultura e valoriza\u00e7\u00e3o da paisagem amaz\u00f4nica. Um dos destaques da empreitada \u00e9 sua complexidade de engenharia.<br><\/p>\n\n\n\n<figure class=\"wp-block-image size-full\"><img loading=\"lazy\" decoding=\"async\" width=\"800\" height=\"600\" src=\"https:\/\/www.manaus.am.gov.br\/implurb\/wp-content\/uploads\/sites\/13\/2026\/01\/55043851582_a72bd9d143_c.jpg\" alt=\"\" class=\"wp-image-7440\" srcset=\"https:\/\/www.manaus.am.gov.br\/implurb\/wp-content\/uploads\/sites\/13\/2026\/01\/55043851582_a72bd9d143_c.jpg 800w, https:\/\/www.manaus.am.gov.br\/implurb\/wp-content\/uploads\/sites\/13\/2026\/01\/55043851582_a72bd9d143_c-300x225.jpg 300w, https:\/\/www.manaus.am.gov.br\/implurb\/wp-content\/uploads\/sites\/13\/2026\/01\/55043851582_a72bd9d143_c-768x576.jpg 768w\" sizes=\"(max-width: 800px) 100vw, 800px\" \/><\/figure>\n\n\n\n<p><strong>Restaurante<\/strong><\/p>\n\n\n\n<p>No lado oposto \u00e0 oca, o restaurante incrustado est\u00e1 na fase de montagem das formas das vigas do t\u00e9rreo, enquanto as armaduras j\u00e1 est\u00e3o finalizadas e prontas para aplica\u00e7\u00e3o. Paralelamente, outra parte do conjunto estrutural, o muro de concreto armado, recebe servi\u00e7os para as bases, com montagens de forma e armadura.<\/p>\n\n\n\n<p>J\u00e1 no talude de conten\u00e7\u00e3o foram iniciadas as instala\u00e7\u00f5es de canaletas de concreto na borda para capta\u00e7\u00e3o de \u00e1guas pluviais, que ter\u00e1 interliga\u00e7\u00e3o \u00e0 escada hidr\u00e1ulica (com a primeira etapa 100% pronta). Ainda no talude, os trabalhos se concentram na execu\u00e7\u00e3o das estacas de&nbsp;<em>jet grouting<\/em>, avan\u00e7ando na estabiliza\u00e7\u00e3o do mesmo. A pavimenta\u00e7\u00e3o de cal\u00e7adas \u00e9 feita, assim como os quiosques recebem as lou\u00e7as e metais. A infraestrutura de esgotamento sanit\u00e1rio avan\u00e7a na Esta\u00e7\u00e3o de Tratamento de Esgoto (ETE), assim como a el\u00e9trica de postes de ilumina\u00e7\u00e3o.<\/p>\n\n\n\n<p>Com mais de 120 mil metros de \u00e1rea e mirante privilegiado para o&nbsp;encontro&nbsp;dos rios Negro e Solim\u00f5es, o parque integra turismo, meio ambiente, lazer e arquitetura monumental. O espa\u00e7o reunir\u00e1 museu, restaurante, quiosques, \u00e1reas verdes, espa\u00e7os de contempla\u00e7\u00e3o, trilhas, acessibilidade plena e estruturas de conviv\u00eancia.<\/p>\n\n\n\n<p><strong>Alta press\u00e3o<\/strong><\/p>\n\n\n\n<p>O jateamento de alta press\u00e3o, conhecido como&nbsp;<em>jet grouting<\/em>, \u00e9 um m\u00e9todo de estabiliza\u00e7\u00e3o do solo que envolve a inje\u00e7\u00e3o sob alta press\u00e3o e velocidade. \u00c9 um m\u00e9todo moderno, r\u00e1pido e eficaz de estabiliza\u00e7\u00e3o do solo e cria\u00e7\u00e3o de funda\u00e7\u00f5es especiais em solos naturais.&nbsp;<\/p>\n\n\n\n<p><strong>&#8212; &#8212; &#8212;<\/strong><br><strong>Texto \u2013&nbsp;<\/strong>Claudia do Valle\/Implurb<br><strong>Fotos \u2013<\/strong> Valdo Le\u00e3o e Juan Sullivan \/ Semcom<\/p>\n","protected":false},"excerpt":{"rendered":"","protected":false},"author":68,"featured_media":7441,"comment_status":"closed","ping_status":"closed","sticky":false,"template":"","format":"standard","meta":{"footnotes":""},"categories":[45],"tags":[11,2060,15],"acf":[],"yoast_head":"<!-- This site is optimized with the Yoast SEO plugin v23.0 - https:\/\/yoast.com\/wordpress\/plugins\/seo\/ -->\n<title>Prefeitura avan\u00e7a com concretagem da oca e restaurante do parque Encontro das \u00c1guas Rosa Almeida<\/title>\n<meta name=\"description\" content=\"A estrutura projetada por Oscar Niemeyer, no parque Encontro das \u00c1guas Rosa Almeida, localizado no bairro Col\u00f4nia Ant\u00f4nio Aleixo, zona Leste, est\u00e1 sendo concretada pela Prefeitura de Manaus, a partir de formas de madeira e chapas met\u00e1licas compostas por dezenas de elementos, para dar \u00e0 constru\u00e7\u00e3o as curvas desenhadas pelo arquiteto.\" \/>\n<meta name=\"robots\" content=\"noindex, follow\" \/>\n<meta property=\"og:locale\" content=\"pt_BR\" \/>\n<meta property=\"og:type\" content=\"article\" \/>\n<meta property=\"og:title\" content=\"Prefeitura avan\u00e7a com concretagem da oca e restaurante do parque Encontro das \u00c1guas Rosa Almeida\" \/>\n<meta property=\"og:description\" content=\"A estrutura projetada por Oscar Niemeyer, no parque Encontro das \u00c1guas Rosa Almeida, localizado no bairro Col\u00f4nia Ant\u00f4nio Aleixo, zona Leste, est\u00e1 sendo concretada pela Prefeitura de Manaus, a partir de formas de madeira e chapas met\u00e1licas compostas por dezenas de elementos, para dar \u00e0 constru\u00e7\u00e3o as curvas desenhadas pelo arquiteto.\" \/>\n<meta property=\"og:url\" content=\"https:\/\/www.manaus.am.gov.br\/implurb\/parque-encontro-das-aguas-rosa-almeida\/\" \/>\n<meta property=\"og:site_name\" content=\"IMPLURB\" \/>\n<meta property=\"article:published_time\" content=\"2026-01-16T22:44:35+00:00\" \/>\n<meta property=\"article:modified_time\" content=\"2026-02-06T15:48:29+00:00\" \/>\n<meta property=\"og:image\" content=\"https:\/\/www.manaus.am.gov.br\/implurb\/wp-content\/uploads\/sites\/13\/2026\/01\/55044929128_3c05846817_c.jpg\" \/>\n\t<meta property=\"og:image:width\" content=\"800\" \/>\n\t<meta property=\"og:image:height\" content=\"600\" \/>\n\t<meta property=\"og:image:type\" content=\"image\/jpeg\" \/>\n<meta name=\"author\" content=\"bvalente\" \/>\n<meta name=\"twitter:card\" content=\"summary_large_image\" \/>\n<meta name=\"twitter:label1\" content=\"Written by\" \/>\n\t<meta name=\"twitter:data1\" content=\"bvalente\" \/>\n\t<meta name=\"twitter:label2\" content=\"Est. reading time\" \/>\n\t<meta name=\"twitter:data2\" content=\"4 minutos\" \/>\n<script type=\"application\/ld+json\" class=\"yoast-schema-graph\">{\"@context\":\"https:\/\/schema.org\",\"@graph\":[{\"@type\":\"WebPage\",\"@id\":\"https:\/\/www.manaus.am.gov.br\/implurb\/parque-encontro-das-aguas-rosa-almeida\/\",\"url\":\"https:\/\/www.manaus.am.gov.br\/implurb\/parque-encontro-das-aguas-rosa-almeida\/\",\"name\":\"Prefeitura avan\u00e7a com concretagem da oca e restaurante do parque Encontro das \u00c1guas Rosa Almeida\",\"isPartOf\":{\"@id\":\"https:\/\/www.manaus.am.gov.br\/implurb\/#website\"},\"primaryImageOfPage\":{\"@id\":\"https:\/\/www.manaus.am.gov.br\/implurb\/parque-encontro-das-aguas-rosa-almeida\/#primaryimage\"},\"image\":{\"@id\":\"https:\/\/www.manaus.am.gov.br\/implurb\/parque-encontro-das-aguas-rosa-almeida\/#primaryimage\"},\"thumbnailUrl\":\"https:\/\/www.manaus.am.gov.br\/implurb\/wp-content\/uploads\/sites\/13\/2026\/01\/55044929128_3c05846817_c.jpg\",\"datePublished\":\"2026-01-16T22:44:35+00:00\",\"dateModified\":\"2026-02-06T15:48:29+00:00\",\"author\":{\"@id\":\"https:\/\/www.manaus.am.gov.br\/implurb\/#\/schema\/person\/466a0e03ae4b6062809046bd560ac955\"},\"description\":\"A estrutura projetada por Oscar Niemeyer, no parque Encontro das \u00c1guas Rosa Almeida, localizado no bairro Col\u00f4nia Ant\u00f4nio Aleixo, zona Leste, est\u00e1 sendo concretada pela Prefeitura de Manaus, a partir de formas de madeira e chapas met\u00e1licas compostas por dezenas de elementos, para dar \u00e0 constru\u00e7\u00e3o as curvas desenhadas pelo arquiteto.\",\"breadcrumb\":{\"@id\":\"https:\/\/www.manaus.am.gov.br\/implurb\/parque-encontro-das-aguas-rosa-almeida\/#breadcrumb\"},\"inLanguage\":\"pt-BR\",\"potentialAction\":[{\"@type\":\"ReadAction\",\"target\":[\"https:\/\/www.manaus.am.gov.br\/implurb\/parque-encontro-das-aguas-rosa-almeida\/\"]}]},{\"@type\":\"ImageObject\",\"inLanguage\":\"pt-BR\",\"@id\":\"https:\/\/www.manaus.am.gov.br\/implurb\/parque-encontro-das-aguas-rosa-almeida\/#primaryimage\",\"url\":\"https:\/\/www.manaus.am.gov.br\/implurb\/wp-content\/uploads\/sites\/13\/2026\/01\/55044929128_3c05846817_c.jpg\",\"contentUrl\":\"https:\/\/www.manaus.am.gov.br\/implurb\/wp-content\/uploads\/sites\/13\/2026\/01\/55044929128_3c05846817_c.jpg\",\"width\":800,\"height\":600,\"caption\":\"#paratodosverem - Imagem das obras do parque Encontro das \u00c1guas Rosa Almeida, de frente para o encontro das \u00e1guas\"},{\"@type\":\"BreadcrumbList\",\"@id\":\"https:\/\/www.manaus.am.gov.br\/implurb\/parque-encontro-das-aguas-rosa-almeida\/#breadcrumb\",\"itemListElement\":[{\"@type\":\"ListItem\",\"position\":1,\"name\":\"Home\",\"item\":\"https:\/\/www.manaus.am.gov.br\/implurb\/\"},{\"@type\":\"ListItem\",\"position\":2,\"name\":\"Prefeitura avan\u00e7a com concretagem da oca e restaurante do parque Encontro das \u00c1guas Rosa Almeida\"}]},{\"@type\":\"WebSite\",\"@id\":\"https:\/\/www.manaus.am.gov.br\/implurb\/#website\",\"url\":\"https:\/\/www.manaus.am.gov.br\/implurb\/\",\"name\":\"IMPLURB\",\"description\":\"Prefeitura de Manaus\",\"potentialAction\":[{\"@type\":\"SearchAction\",\"target\":{\"@type\":\"EntryPoint\",\"urlTemplate\":\"https:\/\/www.manaus.am.gov.br\/implurb\/?s={search_term_string}\"},\"query-input\":\"required name=search_term_string\"}],\"inLanguage\":\"pt-BR\"},{\"@type\":\"Person\",\"@id\":\"https:\/\/www.manaus.am.gov.br\/implurb\/#\/schema\/person\/466a0e03ae4b6062809046bd560ac955\",\"name\":\"bvalente\",\"image\":{\"@type\":\"ImageObject\",\"inLanguage\":\"pt-BR\",\"@id\":\"https:\/\/www.manaus.am.gov.br\/implurb\/#\/schema\/person\/image\/\",\"url\":\"https:\/\/secure.gravatar.com\/avatar\/3e69bc2b014bdad41adfec3a39de07d2?s=96&d=mm&r=g\",\"contentUrl\":\"https:\/\/secure.gravatar.com\/avatar\/3e69bc2b014bdad41adfec3a39de07d2?s=96&d=mm&r=g\",\"caption\":\"bvalente\"}}]}<\/script>\n<!-- \/ Yoast SEO plugin. -->","yoast_head_json":{"title":"Prefeitura avan\u00e7a com concretagem da oca e restaurante do parque Encontro das \u00c1guas Rosa Almeida","description":"A estrutura projetada por Oscar Niemeyer, no parque Encontro das \u00c1guas Rosa Almeida, localizado no bairro Col\u00f4nia Ant\u00f4nio Aleixo, zona Leste, est\u00e1 sendo concretada pela Prefeitura de Manaus, a partir de formas de madeira e chapas met\u00e1licas compostas por dezenas de elementos, para dar \u00e0 constru\u00e7\u00e3o as curvas desenhadas pelo arquiteto.","robots":{"index":"noindex","follow":"follow"},"og_locale":"pt_BR","og_type":"article","og_title":"Prefeitura avan\u00e7a com concretagem da oca e restaurante do parque Encontro das \u00c1guas Rosa Almeida","og_description":"A estrutura projetada por Oscar Niemeyer, no parque Encontro das \u00c1guas Rosa Almeida, localizado no bairro Col\u00f4nia Ant\u00f4nio Aleixo, zona Leste, est\u00e1 sendo concretada pela Prefeitura de Manaus, a partir de formas de madeira e chapas met\u00e1licas compostas por dezenas de elementos, para dar \u00e0 constru\u00e7\u00e3o as curvas desenhadas pelo arquiteto.","og_url":"https:\/\/www.manaus.am.gov.br\/implurb\/parque-encontro-das-aguas-rosa-almeida\/","og_site_name":"IMPLURB","article_published_time":"2026-01-16T22:44:35+00:00","article_modified_time":"2026-02-06T15:48:29+00:00","og_image":[{"width":800,"height":600,"url":"https:\/\/www.manaus.am.gov.br\/implurb\/wp-content\/uploads\/sites\/13\/2026\/01\/55044929128_3c05846817_c.jpg","type":"image\/jpeg"}],"author":"bvalente","twitter_card":"summary_large_image","twitter_misc":{"Written by":"bvalente","Est. reading time":"4 minutos"},"schema":{"@context":"https:\/\/schema.org","@graph":[{"@type":"WebPage","@id":"https:\/\/www.manaus.am.gov.br\/implurb\/parque-encontro-das-aguas-rosa-almeida\/","url":"https:\/\/www.manaus.am.gov.br\/implurb\/parque-encontro-das-aguas-rosa-almeida\/","name":"Prefeitura avan\u00e7a com concretagem da oca e restaurante do parque Encontro das \u00c1guas Rosa Almeida","isPartOf":{"@id":"https:\/\/www.manaus.am.gov.br\/implurb\/#website"},"primaryImageOfPage":{"@id":"https:\/\/www.manaus.am.gov.br\/implurb\/parque-encontro-das-aguas-rosa-almeida\/#primaryimage"},"image":{"@id":"https:\/\/www.manaus.am.gov.br\/implurb\/parque-encontro-das-aguas-rosa-almeida\/#primaryimage"},"thumbnailUrl":"https:\/\/www.manaus.am.gov.br\/implurb\/wp-content\/uploads\/sites\/13\/2026\/01\/55044929128_3c05846817_c.jpg","datePublished":"2026-01-16T22:44:35+00:00","dateModified":"2026-02-06T15:48:29+00:00","author":{"@id":"https:\/\/www.manaus.am.gov.br\/implurb\/#\/schema\/person\/466a0e03ae4b6062809046bd560ac955"},"description":"A estrutura projetada por Oscar Niemeyer, no parque Encontro das \u00c1guas Rosa Almeida, localizado no bairro Col\u00f4nia Ant\u00f4nio Aleixo, zona Leste, est\u00e1 sendo concretada pela Prefeitura de Manaus, a partir de formas de madeira e chapas met\u00e1licas compostas por dezenas de elementos, para dar \u00e0 constru\u00e7\u00e3o as curvas desenhadas pelo arquiteto.","breadcrumb":{"@id":"https:\/\/www.manaus.am.gov.br\/implurb\/parque-encontro-das-aguas-rosa-almeida\/#breadcrumb"},"inLanguage":"pt-BR","potentialAction":[{"@type":"ReadAction","target":["https:\/\/www.manaus.am.gov.br\/implurb\/parque-encontro-das-aguas-rosa-almeida\/"]}]},{"@type":"ImageObject","inLanguage":"pt-BR","@id":"https:\/\/www.manaus.am.gov.br\/implurb\/parque-encontro-das-aguas-rosa-almeida\/#primaryimage","url":"https:\/\/www.manaus.am.gov.br\/implurb\/wp-content\/uploads\/sites\/13\/2026\/01\/55044929128_3c05846817_c.jpg","contentUrl":"https:\/\/www.manaus.am.gov.br\/implurb\/wp-content\/uploads\/sites\/13\/2026\/01\/55044929128_3c05846817_c.jpg","width":800,"height":600,"caption":"#paratodosverem - Imagem das obras do parque Encontro das \u00c1guas Rosa Almeida, de frente para o encontro das \u00e1guas"},{"@type":"BreadcrumbList","@id":"https:\/\/www.manaus.am.gov.br\/implurb\/parque-encontro-das-aguas-rosa-almeida\/#breadcrumb","itemListElement":[{"@type":"ListItem","position":1,"name":"Home","item":"https:\/\/www.manaus.am.gov.br\/implurb\/"},{"@type":"ListItem","position":2,"name":"Prefeitura avan\u00e7a com concretagem da oca e restaurante do parque Encontro das \u00c1guas Rosa Almeida"}]},{"@type":"WebSite","@id":"https:\/\/www.manaus.am.gov.br\/implurb\/#website","url":"https:\/\/www.manaus.am.gov.br\/implurb\/","name":"IMPLURB","description":"Prefeitura de Manaus","potentialAction":[{"@type":"SearchAction","target":{"@type":"EntryPoint","urlTemplate":"https:\/\/www.manaus.am.gov.br\/implurb\/?s={search_term_string}"},"query-input":"required name=search_term_string"}],"inLanguage":"pt-BR"},{"@type":"Person","@id":"https:\/\/www.manaus.am.gov.br\/implurb\/#\/schema\/person\/466a0e03ae4b6062809046bd560ac955","name":"bvalente","image":{"@type":"ImageObject","inLanguage":"pt-BR","@id":"https:\/\/www.manaus.am.gov.br\/implurb\/#\/schema\/person\/image\/","url":"https:\/\/secure.gravatar.com\/avatar\/3e69bc2b014bdad41adfec3a39de07d2?s=96&d=mm&r=g","contentUrl":"https:\/\/secure.gravatar.com\/avatar\/3e69bc2b014bdad41adfec3a39de07d2?s=96&d=mm&r=g","caption":"bvalente"}}]}},"_links":{"self":[{"href":"https:\/\/www.manaus.am.gov.br\/implurb\/wp-json\/wp\/v2\/posts\/7439"}],"collection":[{"href":"https:\/\/www.manaus.am.gov.br\/implurb\/wp-json\/wp\/v2\/posts"}],"about":[{"href":"https:\/\/www.manaus.am.gov.br\/implurb\/wp-json\/wp\/v2\/types\/post"}],"author":[{"embeddable":true,"href":"https:\/\/www.manaus.am.gov.br\/implurb\/wp-json\/wp\/v2\/users\/68"}],"replies":[{"embeddable":true,"href":"https:\/\/www.manaus.am.gov.br\/implurb\/wp-json\/wp\/v2\/comments?post=7439"}],"version-history":[{"count":3,"href":"https:\/\/www.manaus.am.gov.br\/implurb\/wp-json\/wp\/v2\/posts\/7439\/revisions"}],"predecessor-version":[{"id":7683,"href":"https:\/\/www.manaus.am.gov.br\/implurb\/wp-json\/wp\/v2\/posts\/7439\/revisions\/7683"}],"wp:featuredmedia":[{"embeddable":true,"href":"https:\/\/www.manaus.am.gov.br\/implurb\/wp-json\/wp\/v2\/media\/7441"}],"wp:attachment":[{"href":"https:\/\/www.manaus.am.gov.br\/implurb\/wp-json\/wp\/v2\/media?parent=7439"}],"wp:term":[{"taxonomy":"category","embeddable":true,"href":"https:\/\/www.manaus.am.gov.br\/implurb\/wp-json\/wp\/v2\/categories?post=7439"},{"taxonomy":"post_tag","embeddable":true,"href":"https:\/\/www.manaus.am.gov.br\/implurb\/wp-json\/wp\/v2\/tags?post=7439"}],"curies":[{"name":"wp","href":"https:\/\/api.w.org\/{rel}","templated":true}]}}