{"id":7427,"date":"2026-01-14T16:00:32","date_gmt":"2026-01-14T20:00:32","guid":{"rendered":"https:\/\/www.manaus.am.gov.br\/implurb\/acao-alvo-de-apreensao\/"},"modified":"2026-01-14T16:00:34","modified_gmt":"2026-01-14T20:00:34","slug":"acao-alvo-de-apreensao","status":"publish","type":"post","link":"https:\/\/www.manaus.am.gov.br\/implurb\/acao-alvo-de-apreensao\/","title":{"rendered":"Obra de grande dimens\u00e3o com mais de R$ 255 mil em multas \u00e9 alvo de apreens\u00e3o de ferramentas pela prefeitura\u00a0"},"content":{"rendered":"\n<p>Uma grande obra irregular no bairro L\u00edrio do Vale, zona Oeste, fiscalizada desde julho de 2025, foi alvo de mais uma medida administrativa de ordenamento da Prefeitura de Manaus, via Instituto Municipal de Planejamento Urbano (Implurb), cumprindo o Plano Diretor de Manaus. Nesta quarta-feira, 14\/1, fiscais e equipes da autarquia realizaram uma apreens\u00e3o de ferramentas no endere\u00e7o, em raz\u00e3o dos sucessivos descumprimentos a notifica\u00e7\u00f5es, embargo, interdi\u00e7\u00e3o e multas aplicadas, sem a paralisa\u00e7\u00e3o da constru\u00e7\u00e3o.<\/p>\n\n\n\n<p>Com a constru\u00e7\u00e3o somando mais de R$ 255 mil em multas aplicadas, a fiscaliza\u00e7\u00e3o desta quarta-feira fez a apreens\u00e3o, entre outros itens, de sacos de cimento, arco de serra, compressor, furadeiras e quase 4 milheiros de tijolos, dando continuidade \u00e0s a\u00e7\u00f5es administrativas.<\/p>\n\n\n\n<p>A apreens\u00e3o de material \u00e9 um dos instrumentos de fiscaliza\u00e7\u00e3o urbana previstos no C\u00f3digo de Obras de Manaus (lei complementar 003\/2014). A a\u00e7\u00e3o fiscal contou com apoio das secretarias municipais de Limpeza Urbana (Semulsp), de Infraestrutura (Seminf), de Seguran\u00e7a P\u00fablica e Defesa Social (Semseg) e Defesa Civil, al\u00e9m da Patrulha de Atendimento Ambiental (Patam) da Pol\u00edcia Militar do Amazonas (PM-AM).<\/p>\n\n\n\n<p>A gerente da Divis\u00e3o de Controle (Dicon), arquiteta Maria Aparecida Froz, refor\u00e7ou a import\u00e2ncia do atendimento \u00e0s leis e regulariza\u00e7\u00e3o de obras, de qualquer dimens\u00e3o na capital. \u201cRealizamos todas as a\u00e7\u00f5es fiscais previstas e, diante dos reincidentes descumprimentos de embargo e interdi\u00e7\u00e3o, hoje fizemos a apreens\u00e3o. At\u00e9 a presente data o propriet\u00e1rio n\u00e3o compareceu ao Implurb para licenciar sua obra. Recomendamos a todo contribuinte, juntamente com os profissionais habilitados na cidade, que licenciem e aprovem suas obras, garantindo a seguran\u00e7a de todos\u201d, comentou.<\/p>\n\n\n\n<p>Para o vice-presidente do Implurb, Antonio Peixoto, n\u00e3o restou outro caminho a n\u00e3o ser a apreens\u00e3o, diante da persist\u00eancia da obra irregular. \u201cNeste caso, o propriet\u00e1rio recebeu sete infra\u00e7\u00f5es, est\u00e1 embargado e interditado, e insiste em seguir com a constru\u00e7\u00e3o, inclusive levando risco \u00e0 vizinhan\u00e7a, obstruindo cal\u00e7ada e n\u00e3o respeitando o ordenamento e as leis. Faremos a apreens\u00e3o e vamos instruir processo para encaminhar ao Minist\u00e9rio P\u00fablico para que possa tomar as medidas jur\u00eddicas\u201d, afirmou Peixoto.<\/p>\n\n\n\n<p>O gestor refor\u00e7ou a import\u00e2ncia de que se fa\u00e7a constru\u00e7\u00f5es regulares e que o Implurb seguir\u00e1 tomando provid\u00eancias dentro do Plano Diretor para coibir conduta ilegal na capital.<\/p>\n\n\n\n<p>No caso de n\u00e3o atendimento de notifica\u00e7\u00f5es e \u00e0 legisla\u00e7\u00e3o e do n\u00e3o licenciamento, a autarquia seguir\u00e1 com as a\u00e7\u00f5es, incluindo a demoli\u00e7\u00e3o administrativa. A demoli\u00e7\u00e3o administrativa \u00e9 prevista em lei, de obra ou edifica\u00e7\u00e3o, quando a constru\u00e7\u00e3o apresentar incompatibilidade com a legisla\u00e7\u00e3o vigente que n\u00e3o admita regulariza\u00e7\u00e3o; risco para a seguran\u00e7a p\u00fablica que, no caso de sua imin\u00eancia, implicar\u00e1 o seu cumprimento imediato; obra ou edifica\u00e7\u00e3o executada em \u00e1rea ou logradouro p\u00fablico.<\/p>\n\n\n\n<p><strong>Den\u00fancias<\/strong><\/p>\n\n\n\n<p>Den\u00fancias sobre obras irregulares, obstru\u00e7\u00f5es, invas\u00e3o de \u00e1rea p\u00fablica e afins s\u00e3o atendidas pelo n\u00famero do Disque Den\u00fancia, (92) 3673-9305, de segunda a sexta-feira, das 8h \u00e0s 14h, exceto feriados e pontos facultativos e, por e-mail, para o <a href=\"mailto:disquedenuncia.implurb@manaus.am.gov.br\">disquedenuncia.implurb@manaus.am.gov.br<\/a>.&nbsp;<\/p>\n\n\n\n<p>As fiscaliza\u00e7\u00f5es s\u00e3o realizadas pelas ger\u00eancias da Dicon, de Obras (GFO) e de Postura (GFP), por meio de den\u00fancias, demandas de \u00f3rg\u00e3os municipais e estaduais, e rota di\u00e1ria da equipe de fiscais nas ruas.<\/p>\n\n\n\n<p>\u2014 \u2014 \u2014<br><strong>Texto &#8211; <\/strong>Cl\u00e1udia do Valle\/Implurb<br><strong>Fotos \u2013<\/strong> Divulga\u00e7\u00e3o\/Implurb<\/p>\n","protected":false},"excerpt":{"rendered":"","protected":false},"author":68,"featured_media":7428,"comment_status":"closed","ping_status":"closed","sticky":false,"template":"","format":"standard","meta":{"footnotes":""},"categories":[412],"tags":[2051,11,2052,15],"acf":[],"yoast_head":"<!-- This site is optimized with the Yoast SEO plugin v23.0 - https:\/\/yoast.com\/wordpress\/plugins\/seo\/ -->\n<title>Obra de grande dimens\u00e3o com mais de R$ 255 mil em multas \u00e9 alvo de apreens\u00e3o<\/title>\n<meta name=\"description\" content=\"Uma grande obra irregular no bairro L\u00edrio do Vale, zona Oeste, fiscalizada desde julho de 2025, foi alvo de mais uma medida administrativa de ordenamento da Prefeitura de Manaus.\" \/>\n<meta name=\"robots\" content=\"noindex, follow\" \/>\n<meta property=\"og:locale\" content=\"pt_BR\" \/>\n<meta property=\"og:type\" content=\"article\" \/>\n<meta property=\"og:title\" content=\"Obra de grande dimens\u00e3o com mais de R$ 255 mil em multas \u00e9 alvo de apreens\u00e3o\" \/>\n<meta property=\"og:description\" content=\"Uma grande obra irregular no bairro L\u00edrio do Vale, zona Oeste, fiscalizada desde julho de 2025, foi alvo de mais uma medida administrativa de ordenamento da Prefeitura de Manaus.\" \/>\n<meta property=\"og:url\" content=\"https:\/\/www.manaus.am.gov.br\/implurb\/acao-alvo-de-apreensao\/\" \/>\n<meta property=\"og:site_name\" content=\"IMPLURB\" \/>\n<meta property=\"article:published_time\" content=\"2026-01-14T20:00:32+00:00\" \/>\n<meta property=\"article:modified_time\" content=\"2026-01-14T20:00:34+00:00\" \/>\n<meta property=\"og:image\" content=\"https:\/\/www.manaus.am.gov.br\/implurb\/wp-content\/uploads\/sites\/13\/2026\/01\/Obra-de-grande-dimensao-com-mais-de-R-255-mil-em-multas-e-alvo-de-apreensao-de-ferramentas-pela-prefeitura-4.jpg\" \/>\n\t<meta property=\"og:image:width\" content=\"1600\" \/>\n\t<meta property=\"og:image:height\" content=\"1200\" \/>\n\t<meta property=\"og:image:type\" content=\"image\/jpeg\" \/>\n<meta name=\"author\" content=\"bvalente\" \/>\n<meta name=\"twitter:card\" content=\"summary_large_image\" \/>\n<meta name=\"twitter:label1\" content=\"Written by\" \/>\n\t<meta name=\"twitter:data1\" content=\"bvalente\" \/>\n\t<meta name=\"twitter:label2\" content=\"Est. reading time\" \/>\n\t<meta name=\"twitter:data2\" content=\"4 minutos\" \/>\n<script type=\"application\/ld+json\" class=\"yoast-schema-graph\">{\"@context\":\"https:\/\/schema.org\",\"@graph\":[{\"@type\":\"WebPage\",\"@id\":\"https:\/\/www.manaus.am.gov.br\/implurb\/acao-alvo-de-apreensao\/\",\"url\":\"https:\/\/www.manaus.am.gov.br\/implurb\/acao-alvo-de-apreensao\/\",\"name\":\"Obra de grande dimens\u00e3o com mais de R$ 255 mil em multas \u00e9 alvo de apreens\u00e3o\",\"isPartOf\":{\"@id\":\"https:\/\/www.manaus.am.gov.br\/implurb\/#website\"},\"primaryImageOfPage\":{\"@id\":\"https:\/\/www.manaus.am.gov.br\/implurb\/acao-alvo-de-apreensao\/#primaryimage\"},\"image\":{\"@id\":\"https:\/\/www.manaus.am.gov.br\/implurb\/acao-alvo-de-apreensao\/#primaryimage\"},\"thumbnailUrl\":\"https:\/\/www.manaus.am.gov.br\/implurb\/wp-content\/uploads\/sites\/13\/2026\/01\/Obra-de-grande-dimensao-com-mais-de-R-255-mil-em-multas-e-alvo-de-apreensao-de-ferramentas-pela-prefeitura-4.jpg\",\"datePublished\":\"2026-01-14T20:00:32+00:00\",\"dateModified\":\"2026-01-14T20:00:34+00:00\",\"author\":{\"@id\":\"https:\/\/www.manaus.am.gov.br\/implurb\/#\/schema\/person\/466a0e03ae4b6062809046bd560ac955\"},\"description\":\"Uma grande obra irregular no bairro L\u00edrio do Vale, zona Oeste, fiscalizada desde julho de 2025, foi alvo de mais uma medida administrativa de ordenamento da Prefeitura de Manaus.\",\"breadcrumb\":{\"@id\":\"https:\/\/www.manaus.am.gov.br\/implurb\/acao-alvo-de-apreensao\/#breadcrumb\"},\"inLanguage\":\"pt-BR\",\"potentialAction\":[{\"@type\":\"ReadAction\",\"target\":[\"https:\/\/www.manaus.am.gov.br\/implurb\/acao-alvo-de-apreensao\/\"]}]},{\"@type\":\"ImageObject\",\"inLanguage\":\"pt-BR\",\"@id\":\"https:\/\/www.manaus.am.gov.br\/implurb\/acao-alvo-de-apreensao\/#primaryimage\",\"url\":\"https:\/\/www.manaus.am.gov.br\/implurb\/wp-content\/uploads\/sites\/13\/2026\/01\/Obra-de-grande-dimensao-com-mais-de-R-255-mil-em-multas-e-alvo-de-apreensao-de-ferramentas-pela-prefeitura-4.jpg\",\"contentUrl\":\"https:\/\/www.manaus.am.gov.br\/implurb\/wp-content\/uploads\/sites\/13\/2026\/01\/Obra-de-grande-dimensao-com-mais-de-R-255-mil-em-multas-e-alvo-de-apreensao-de-ferramentas-pela-prefeitura-4.jpg\",\"width\":1600,\"height\":1200,\"caption\":\"#paratodosverem \u2013 Equipe do Implurb durante opera\u00e7\u00e3o de apreens\u00e3o\"},{\"@type\":\"BreadcrumbList\",\"@id\":\"https:\/\/www.manaus.am.gov.br\/implurb\/acao-alvo-de-apreensao\/#breadcrumb\",\"itemListElement\":[{\"@type\":\"ListItem\",\"position\":1,\"name\":\"Home\",\"item\":\"https:\/\/www.manaus.am.gov.br\/implurb\/\"},{\"@type\":\"ListItem\",\"position\":2,\"name\":\"Obra de grande dimens\u00e3o com mais de R$ 255 mil em multas \u00e9 alvo de apreens\u00e3o de ferramentas pela prefeitura\u00a0\"}]},{\"@type\":\"WebSite\",\"@id\":\"https:\/\/www.manaus.am.gov.br\/implurb\/#website\",\"url\":\"https:\/\/www.manaus.am.gov.br\/implurb\/\",\"name\":\"IMPLURB\",\"description\":\"Prefeitura de Manaus\",\"potentialAction\":[{\"@type\":\"SearchAction\",\"target\":{\"@type\":\"EntryPoint\",\"urlTemplate\":\"https:\/\/www.manaus.am.gov.br\/implurb\/?s={search_term_string}\"},\"query-input\":\"required name=search_term_string\"}],\"inLanguage\":\"pt-BR\"},{\"@type\":\"Person\",\"@id\":\"https:\/\/www.manaus.am.gov.br\/implurb\/#\/schema\/person\/466a0e03ae4b6062809046bd560ac955\",\"name\":\"bvalente\",\"image\":{\"@type\":\"ImageObject\",\"inLanguage\":\"pt-BR\",\"@id\":\"https:\/\/www.manaus.am.gov.br\/implurb\/#\/schema\/person\/image\/\",\"url\":\"https:\/\/secure.gravatar.com\/avatar\/3e69bc2b014bdad41adfec3a39de07d2?s=96&d=mm&r=g\",\"contentUrl\":\"https:\/\/secure.gravatar.com\/avatar\/3e69bc2b014bdad41adfec3a39de07d2?s=96&d=mm&r=g\",\"caption\":\"bvalente\"}}]}<\/script>\n<!-- \/ Yoast SEO plugin. -->","yoast_head_json":{"title":"Obra de grande dimens\u00e3o com mais de R$ 255 mil em multas \u00e9 alvo de apreens\u00e3o","description":"Uma grande obra irregular no bairro L\u00edrio do Vale, zona Oeste, fiscalizada desde julho de 2025, foi alvo de mais uma medida administrativa de ordenamento da Prefeitura de Manaus.","robots":{"index":"noindex","follow":"follow"},"og_locale":"pt_BR","og_type":"article","og_title":"Obra de grande dimens\u00e3o com mais de R$ 255 mil em multas \u00e9 alvo de apreens\u00e3o","og_description":"Uma grande obra irregular no bairro L\u00edrio do Vale, zona Oeste, fiscalizada desde julho de 2025, foi alvo de mais uma medida administrativa de ordenamento da Prefeitura de Manaus.","og_url":"https:\/\/www.manaus.am.gov.br\/implurb\/acao-alvo-de-apreensao\/","og_site_name":"IMPLURB","article_published_time":"2026-01-14T20:00:32+00:00","article_modified_time":"2026-01-14T20:00:34+00:00","og_image":[{"width":1600,"height":1200,"url":"https:\/\/www.manaus.am.gov.br\/implurb\/wp-content\/uploads\/sites\/13\/2026\/01\/Obra-de-grande-dimensao-com-mais-de-R-255-mil-em-multas-e-alvo-de-apreensao-de-ferramentas-pela-prefeitura-4.jpg","type":"image\/jpeg"}],"author":"bvalente","twitter_card":"summary_large_image","twitter_misc":{"Written by":"bvalente","Est. reading time":"4 minutos"},"schema":{"@context":"https:\/\/schema.org","@graph":[{"@type":"WebPage","@id":"https:\/\/www.manaus.am.gov.br\/implurb\/acao-alvo-de-apreensao\/","url":"https:\/\/www.manaus.am.gov.br\/implurb\/acao-alvo-de-apreensao\/","name":"Obra de grande dimens\u00e3o com mais de R$ 255 mil em multas \u00e9 alvo de apreens\u00e3o","isPartOf":{"@id":"https:\/\/www.manaus.am.gov.br\/implurb\/#website"},"primaryImageOfPage":{"@id":"https:\/\/www.manaus.am.gov.br\/implurb\/acao-alvo-de-apreensao\/#primaryimage"},"image":{"@id":"https:\/\/www.manaus.am.gov.br\/implurb\/acao-alvo-de-apreensao\/#primaryimage"},"thumbnailUrl":"https:\/\/www.manaus.am.gov.br\/implurb\/wp-content\/uploads\/sites\/13\/2026\/01\/Obra-de-grande-dimensao-com-mais-de-R-255-mil-em-multas-e-alvo-de-apreensao-de-ferramentas-pela-prefeitura-4.jpg","datePublished":"2026-01-14T20:00:32+00:00","dateModified":"2026-01-14T20:00:34+00:00","author":{"@id":"https:\/\/www.manaus.am.gov.br\/implurb\/#\/schema\/person\/466a0e03ae4b6062809046bd560ac955"},"description":"Uma grande obra irregular no bairro L\u00edrio do Vale, zona Oeste, fiscalizada desde julho de 2025, foi alvo de mais uma medida administrativa de ordenamento da Prefeitura de Manaus.","breadcrumb":{"@id":"https:\/\/www.manaus.am.gov.br\/implurb\/acao-alvo-de-apreensao\/#breadcrumb"},"inLanguage":"pt-BR","potentialAction":[{"@type":"ReadAction","target":["https:\/\/www.manaus.am.gov.br\/implurb\/acao-alvo-de-apreensao\/"]}]},{"@type":"ImageObject","inLanguage":"pt-BR","@id":"https:\/\/www.manaus.am.gov.br\/implurb\/acao-alvo-de-apreensao\/#primaryimage","url":"https:\/\/www.manaus.am.gov.br\/implurb\/wp-content\/uploads\/sites\/13\/2026\/01\/Obra-de-grande-dimensao-com-mais-de-R-255-mil-em-multas-e-alvo-de-apreensao-de-ferramentas-pela-prefeitura-4.jpg","contentUrl":"https:\/\/www.manaus.am.gov.br\/implurb\/wp-content\/uploads\/sites\/13\/2026\/01\/Obra-de-grande-dimensao-com-mais-de-R-255-mil-em-multas-e-alvo-de-apreensao-de-ferramentas-pela-prefeitura-4.jpg","width":1600,"height":1200,"caption":"#paratodosverem \u2013 Equipe do Implurb durante opera\u00e7\u00e3o de apreens\u00e3o"},{"@type":"BreadcrumbList","@id":"https:\/\/www.manaus.am.gov.br\/implurb\/acao-alvo-de-apreensao\/#breadcrumb","itemListElement":[{"@type":"ListItem","position":1,"name":"Home","item":"https:\/\/www.manaus.am.gov.br\/implurb\/"},{"@type":"ListItem","position":2,"name":"Obra de grande dimens\u00e3o com mais de R$ 255 mil em multas \u00e9 alvo de apreens\u00e3o de ferramentas pela prefeitura\u00a0"}]},{"@type":"WebSite","@id":"https:\/\/www.manaus.am.gov.br\/implurb\/#website","url":"https:\/\/www.manaus.am.gov.br\/implurb\/","name":"IMPLURB","description":"Prefeitura de Manaus","potentialAction":[{"@type":"SearchAction","target":{"@type":"EntryPoint","urlTemplate":"https:\/\/www.manaus.am.gov.br\/implurb\/?s={search_term_string}"},"query-input":"required name=search_term_string"}],"inLanguage":"pt-BR"},{"@type":"Person","@id":"https:\/\/www.manaus.am.gov.br\/implurb\/#\/schema\/person\/466a0e03ae4b6062809046bd560ac955","name":"bvalente","image":{"@type":"ImageObject","inLanguage":"pt-BR","@id":"https:\/\/www.manaus.am.gov.br\/implurb\/#\/schema\/person\/image\/","url":"https:\/\/secure.gravatar.com\/avatar\/3e69bc2b014bdad41adfec3a39de07d2?s=96&d=mm&r=g","contentUrl":"https:\/\/secure.gravatar.com\/avatar\/3e69bc2b014bdad41adfec3a39de07d2?s=96&d=mm&r=g","caption":"bvalente"}}]}},"_links":{"self":[{"href":"https:\/\/www.manaus.am.gov.br\/implurb\/wp-json\/wp\/v2\/posts\/7427"}],"collection":[{"href":"https:\/\/www.manaus.am.gov.br\/implurb\/wp-json\/wp\/v2\/posts"}],"about":[{"href":"https:\/\/www.manaus.am.gov.br\/implurb\/wp-json\/wp\/v2\/types\/post"}],"author":[{"embeddable":true,"href":"https:\/\/www.manaus.am.gov.br\/implurb\/wp-json\/wp\/v2\/users\/68"}],"replies":[{"embeddable":true,"href":"https:\/\/www.manaus.am.gov.br\/implurb\/wp-json\/wp\/v2\/comments?post=7427"}],"version-history":[{"count":0,"href":"https:\/\/www.manaus.am.gov.br\/implurb\/wp-json\/wp\/v2\/posts\/7427\/revisions"}],"wp:featuredmedia":[{"embeddable":true,"href":"https:\/\/www.manaus.am.gov.br\/implurb\/wp-json\/wp\/v2\/media\/7428"}],"wp:attachment":[{"href":"https:\/\/www.manaus.am.gov.br\/implurb\/wp-json\/wp\/v2\/media?parent=7427"}],"wp:term":[{"taxonomy":"category","embeddable":true,"href":"https:\/\/www.manaus.am.gov.br\/implurb\/wp-json\/wp\/v2\/categories?post=7427"},{"taxonomy":"post_tag","embeddable":true,"href":"https:\/\/www.manaus.am.gov.br\/implurb\/wp-json\/wp\/v2\/tags?post=7427"}],"curies":[{"name":"wp","href":"https:\/\/api.w.org\/{rel}","templated":true}]}}