{"id":7410,"date":"2026-01-08T11:01:26","date_gmt":"2026-01-08T15:01:26","guid":{"rendered":"https:\/\/www.manaus.am.gov.br\/implurb\/ponta-negra-172-eventos-2025\/"},"modified":"2026-01-08T11:07:35","modified_gmt":"2026-01-08T15:07:35","slug":"ponta-negra-172-eventos-2025","status":"publish","type":"post","link":"https:\/\/www.manaus.am.gov.br\/implurb\/ponta-negra-172-eventos-2025\/","title":{"rendered":"De corridas a grandes espet\u00e1culos, Ponta Negra recebeu 172 eventos em 2025"},"content":{"rendered":"\n<p>Com crescimento de 11,6% no n\u00famero de atividades em 2025, o complexo tur\u00edstico Ponta Negra recebeu 172 eventos ao longo do ano passado, entre corridas, campanhas, shows e a\u00e7\u00f5es publicit\u00e1rias. O resultado consolida o parque, gerenciado pela&nbsp;Prefeitura de Manaus,&nbsp;como um dos principais palcos de grandes eventos da capital. No ano anterior, foram realizadas 154 a\u00e7\u00f5es no espa\u00e7o p\u00fablico.<\/p>\n\n\n\n<p>A realiza\u00e7\u00e3o de eventos na Ponta Negra depende de autoriza\u00e7\u00e3o pr\u00e9via da comiss\u00e3o gestora do complexo, o Instituto Municipal de Planejamento Urbano (Implurb). Todos os promotores devem cumprir as normas estabelecidas pelo \u00f3rg\u00e3o, estando sujeitos \u00e0s penalidades e san\u00e7\u00f5es previstas na legisla\u00e7\u00e3o vigente em caso de descumprimento.<\/p>\n\n\n\n<p>Os interessados em usar \u00e1reas do complexo para eventos e a\u00e7\u00f5es dever\u00e3o preencher o requerimento padr\u00e3o de solicita\u00e7\u00e3o, que consta no site do&nbsp;<a href=\"https:\/\/www.manaus.am.gov.br\/implurb\/wp-content\/uploads\/sites\/13\/2023\/06\/REQUERIMENTO-EVENTOS-NO-PARQUE-PONTA-NEGRA_2021.pdf\" target=\"_blank\" rel=\"noreferrer noopener\">Implurb<\/a>, que cont\u00e9m todas as informa\u00e7\u00f5es necess\u00e1rias para futura&nbsp;autoriza\u00e7\u00e3o, incluindo detalhes da proposta, estimativa de p\u00fablico, \u00e1rea sugerida, respons\u00e1vel t\u00e9cnico (se houver) e contatos em geral.<\/p>\n\n\n\n<p>Na formaliza\u00e7\u00e3o do pedido, devem constar o CNPJ ou CPF do interessado, telefone do respons\u00e1vel\/procurador, a defini\u00e7\u00e3o do espa\u00e7o pretendido, data do evento e, caso haja necessidade de montagem e desmontagem de estrutura, data de in\u00edcio e t\u00e9rmino, com breve descri\u00e7\u00e3o da a\u00e7\u00e3o a ser realizada e equipamentos, como carro de som, banners, barracas, gradis, banheiros qu\u00edmicos, entre outros.<\/p>\n\n\n\n<p>Conforme a quantidade de p\u00fablico, o evento \u00e9 considerado de pequeno porte (at\u00e9 199 pessoas), m\u00e9dio porte (at\u00e9 999 pessoas) e grande porte (a partir de mil pessoas). O requerimento deve ser entregue na sede do complexo (avenida Coronel Teixeira, s\/n\u00ba, Ponta Negra, zona Oeste), no final do cal\u00e7ad\u00e3o, em hor\u00e1rio comercial, para o respons\u00e1vel administrativo.<\/p>\n\n\n\n<p>\u201cA solicita\u00e7\u00e3o deve ser efetuada com o m\u00ednimo de 15 dias de anteced\u00eancia, para que a&nbsp;autoriza\u00e7\u00e3o&nbsp;seja expedida em tempo h\u00e1bil e a viabilidade da data requisitada seja consultada previamente\u201d, explicou o coordenador da comiss\u00e3o, Alberto Maciel. A solicita\u00e7\u00e3o deve ser enviada ainda por e-mail para&nbsp;<a href=\"mailto:parquepnegra@hotmail.com\" target=\"_blank\" rel=\"noreferrer noopener\">parquepnegra@hotmail.com<\/a>&nbsp;e pelo (92) 98842-2226.<\/p>\n\n\n\n<p><strong>Obriga\u00e7\u00f5es<\/strong><\/p>\n\n\n\n<p>Entre as principais obriga\u00e7\u00f5es est\u00e1 a proibi\u00e7\u00e3o de uso de materiais que degradem o piso do complexo, n\u00e3o podendo perfurar, fincar, escavar ou parafusar qualquer tipo de dispositivo ou estrutura no cal\u00e7ad\u00e3o da&nbsp;Ponta&nbsp;Negra. Tamb\u00e9m \u00e9 proibido usar as instala\u00e7\u00f5es el\u00e9tricas do espa\u00e7o, que s\u00e3o de uso exclusivo da administra\u00e7\u00e3o, devendo o respons\u00e1vel providenciar a pr\u00f3pria fonte de energia.<\/p>\n\n\n\n<p>Ainda faz parte das orienta\u00e7\u00f5es que seja providenciado um banheiro qu\u00edmico a cada 200 pessoas presentes. A emiss\u00e3o da autoriza\u00e7\u00e3o fica sujeita a outras autoriza\u00e7\u00f5es necess\u00e1rias de \u00f3rg\u00e3os p\u00fablicos, de acordo com o porte da a\u00e7\u00e3o, como Pol\u00edcia Militar, Corpo de Bombeiros e Superintend\u00eancia de Patrim\u00f4nio da Uni\u00e3o (SPU).<\/p>\n\n\n\n<p>Vale lembrar que a\u00a0Ponta\u00a0Negra\u00a0tem o projeto da faixa liberada para uso da popula\u00e7\u00e3o \u00e0s quartas, das 16h \u00e0s 22h, e aos domingos, de 6h \u00e0s 12h, constituindo-se em uma \u00e1rea ampliada para a pr\u00e1tica de atividades f\u00edsicas ao ar livre, tendo como imagem o complexo e o rio\u00a0Negro.<\/p>\n\n\n\n<figure class=\"wp-block-image size-large\"><img decoding=\"async\" src=\"https:\/\/www.manaus.am.gov.br\/implurb\/wp-content\/uploads\/sites\/13\/2026\/01\/Reveillon-2026-1024x683.jpg\" alt=\"\" class=\"wp-image-7412\" \/><figcaption class=\"wp-element-caption\">#paratodosverem &#8211; R\u00e9veillon Manaus 2026 na praia da Ponta Negra<\/figcaption><\/figure>\n\n\n\n<p>&#8212; &#8212; &#8212;<\/p>\n\n\n\n<p><strong>Texto &#8211;&nbsp;<\/strong>Claudia do Valle\/Implurb<\/p>\n\n\n\n<p><strong>Fotos<\/strong>&nbsp;\u2013 Arquivo\/Semcom<\/p>\n","protected":false},"excerpt":{"rendered":"","protected":false},"author":39,"featured_media":7411,"comment_status":"closed","ping_status":"closed","sticky":false,"template":"","format":"standard","meta":{"footnotes":""},"categories":[114],"tags":[2046,1550,2047,11,15],"acf":[],"yoast_head":"<!-- This site is optimized with the Yoast SEO plugin v23.0 - https:\/\/yoast.com\/wordpress\/plugins\/seo\/ -->\n<title>Complexo tur\u00edstico Ponta Negra recebeu 172 eventos em 2025<\/title>\n<meta name=\"description\" content=\"Complexo tur\u00edstico Ponta Negra recebeu 172 eventos em 2025, entre corridas, campanhas, shows e a\u00e7\u00f5es publicit\u00e1rias.\" \/>\n<meta name=\"robots\" content=\"noindex, follow\" \/>\n<meta property=\"og:locale\" content=\"pt_BR\" \/>\n<meta property=\"og:type\" content=\"article\" \/>\n<meta property=\"og:title\" content=\"Complexo tur\u00edstico Ponta Negra recebeu 172 eventos em 2025\" \/>\n<meta property=\"og:description\" content=\"Complexo tur\u00edstico Ponta Negra recebeu 172 eventos em 2025, entre corridas, campanhas, shows e a\u00e7\u00f5es publicit\u00e1rias.\" \/>\n<meta property=\"og:url\" content=\"https:\/\/www.manaus.am.gov.br\/implurb\/ponta-negra-172-eventos-2025\/\" \/>\n<meta property=\"og:site_name\" content=\"IMPLURB\" \/>\n<meta property=\"article:published_time\" content=\"2026-01-08T15:01:26+00:00\" \/>\n<meta property=\"article:modified_time\" content=\"2026-01-08T15:07:35+00:00\" \/>\n<meta property=\"og:image\" content=\"https:\/\/www.manaus.am.gov.br\/implurb\/wp-content\/uploads\/sites\/13\/2026\/01\/Corrida.jpg\" \/>\n\t<meta property=\"og:image:width\" content=\"2048\" \/>\n\t<meta property=\"og:image:height\" content=\"1365\" \/>\n\t<meta property=\"og:image:type\" content=\"image\/jpeg\" \/>\n<meta name=\"author\" content=\"Bruna Greco\" \/>\n<meta name=\"twitter:card\" content=\"summary_large_image\" \/>\n<meta name=\"twitter:label1\" content=\"Written by\" \/>\n\t<meta name=\"twitter:data1\" content=\"Bruna Greco\" \/>\n\t<meta name=\"twitter:label2\" content=\"Est. reading time\" \/>\n\t<meta name=\"twitter:data2\" content=\"4 minutos\" \/>\n<script type=\"application\/ld+json\" class=\"yoast-schema-graph\">{\"@context\":\"https:\/\/schema.org\",\"@graph\":[{\"@type\":\"WebPage\",\"@id\":\"https:\/\/www.manaus.am.gov.br\/implurb\/ponta-negra-172-eventos-2025\/\",\"url\":\"https:\/\/www.manaus.am.gov.br\/implurb\/ponta-negra-172-eventos-2025\/\",\"name\":\"Complexo tur\u00edstico Ponta Negra recebeu 172 eventos em 2025\",\"isPartOf\":{\"@id\":\"https:\/\/www.manaus.am.gov.br\/implurb\/#website\"},\"primaryImageOfPage\":{\"@id\":\"https:\/\/www.manaus.am.gov.br\/implurb\/ponta-negra-172-eventos-2025\/#primaryimage\"},\"image\":{\"@id\":\"https:\/\/www.manaus.am.gov.br\/implurb\/ponta-negra-172-eventos-2025\/#primaryimage\"},\"thumbnailUrl\":\"https:\/\/www.manaus.am.gov.br\/implurb\/wp-content\/uploads\/sites\/13\/2026\/01\/Corrida.jpg\",\"datePublished\":\"2026-01-08T15:01:26+00:00\",\"dateModified\":\"2026-01-08T15:07:35+00:00\",\"author\":{\"@id\":\"https:\/\/www.manaus.am.gov.br\/implurb\/#\/schema\/person\/05d223aea2bf115f9883a6ff3683d81b\"},\"description\":\"Complexo tur\u00edstico Ponta Negra recebeu 172 eventos em 2025, entre corridas, campanhas, shows e a\u00e7\u00f5es publicit\u00e1rias.\",\"breadcrumb\":{\"@id\":\"https:\/\/www.manaus.am.gov.br\/implurb\/ponta-negra-172-eventos-2025\/#breadcrumb\"},\"inLanguage\":\"pt-BR\",\"potentialAction\":[{\"@type\":\"ReadAction\",\"target\":[\"https:\/\/www.manaus.am.gov.br\/implurb\/ponta-negra-172-eventos-2025\/\"]}]},{\"@type\":\"ImageObject\",\"inLanguage\":\"pt-BR\",\"@id\":\"https:\/\/www.manaus.am.gov.br\/implurb\/ponta-negra-172-eventos-2025\/#primaryimage\",\"url\":\"https:\/\/www.manaus.am.gov.br\/implurb\/wp-content\/uploads\/sites\/13\/2026\/01\/Corrida.jpg\",\"contentUrl\":\"https:\/\/www.manaus.am.gov.br\/implurb\/wp-content\/uploads\/sites\/13\/2026\/01\/Corrida.jpg\",\"width\":2048,\"height\":1365,\"caption\":\"#paratodosverem - Corrida na Ponta Negra\"},{\"@type\":\"BreadcrumbList\",\"@id\":\"https:\/\/www.manaus.am.gov.br\/implurb\/ponta-negra-172-eventos-2025\/#breadcrumb\",\"itemListElement\":[{\"@type\":\"ListItem\",\"position\":1,\"name\":\"Home\",\"item\":\"https:\/\/www.manaus.am.gov.br\/implurb\/\"},{\"@type\":\"ListItem\",\"position\":2,\"name\":\"De corridas a grandes espet\u00e1culos, Ponta Negra recebeu 172 eventos em 2025\"}]},{\"@type\":\"WebSite\",\"@id\":\"https:\/\/www.manaus.am.gov.br\/implurb\/#website\",\"url\":\"https:\/\/www.manaus.am.gov.br\/implurb\/\",\"name\":\"IMPLURB\",\"description\":\"Prefeitura de Manaus\",\"potentialAction\":[{\"@type\":\"SearchAction\",\"target\":{\"@type\":\"EntryPoint\",\"urlTemplate\":\"https:\/\/www.manaus.am.gov.br\/implurb\/?s={search_term_string}\"},\"query-input\":\"required name=search_term_string\"}],\"inLanguage\":\"pt-BR\"},{\"@type\":\"Person\",\"@id\":\"https:\/\/www.manaus.am.gov.br\/implurb\/#\/schema\/person\/05d223aea2bf115f9883a6ff3683d81b\",\"name\":\"Bruna Greco\",\"image\":{\"@type\":\"ImageObject\",\"inLanguage\":\"pt-BR\",\"@id\":\"https:\/\/www.manaus.am.gov.br\/implurb\/#\/schema\/person\/image\/\",\"url\":\"https:\/\/secure.gravatar.com\/avatar\/9c877d1a6adc2a055330e5c09a8653ce?s=96&d=mm&r=g\",\"contentUrl\":\"https:\/\/secure.gravatar.com\/avatar\/9c877d1a6adc2a055330e5c09a8653ce?s=96&d=mm&r=g\",\"caption\":\"Bruna Greco\"}}]}<\/script>\n<!-- \/ Yoast SEO plugin. -->","yoast_head_json":{"title":"Complexo tur\u00edstico Ponta Negra recebeu 172 eventos em 2025","description":"Complexo tur\u00edstico Ponta Negra recebeu 172 eventos em 2025, entre corridas, campanhas, shows e a\u00e7\u00f5es publicit\u00e1rias.","robots":{"index":"noindex","follow":"follow"},"og_locale":"pt_BR","og_type":"article","og_title":"Complexo tur\u00edstico Ponta Negra recebeu 172 eventos em 2025","og_description":"Complexo tur\u00edstico Ponta Negra recebeu 172 eventos em 2025, entre corridas, campanhas, shows e a\u00e7\u00f5es publicit\u00e1rias.","og_url":"https:\/\/www.manaus.am.gov.br\/implurb\/ponta-negra-172-eventos-2025\/","og_site_name":"IMPLURB","article_published_time":"2026-01-08T15:01:26+00:00","article_modified_time":"2026-01-08T15:07:35+00:00","og_image":[{"width":2048,"height":1365,"url":"https:\/\/www.manaus.am.gov.br\/implurb\/wp-content\/uploads\/sites\/13\/2026\/01\/Corrida.jpg","type":"image\/jpeg"}],"author":"Bruna Greco","twitter_card":"summary_large_image","twitter_misc":{"Written by":"Bruna Greco","Est. reading time":"4 minutos"},"schema":{"@context":"https:\/\/schema.org","@graph":[{"@type":"WebPage","@id":"https:\/\/www.manaus.am.gov.br\/implurb\/ponta-negra-172-eventos-2025\/","url":"https:\/\/www.manaus.am.gov.br\/implurb\/ponta-negra-172-eventos-2025\/","name":"Complexo tur\u00edstico Ponta Negra recebeu 172 eventos em 2025","isPartOf":{"@id":"https:\/\/www.manaus.am.gov.br\/implurb\/#website"},"primaryImageOfPage":{"@id":"https:\/\/www.manaus.am.gov.br\/implurb\/ponta-negra-172-eventos-2025\/#primaryimage"},"image":{"@id":"https:\/\/www.manaus.am.gov.br\/implurb\/ponta-negra-172-eventos-2025\/#primaryimage"},"thumbnailUrl":"https:\/\/www.manaus.am.gov.br\/implurb\/wp-content\/uploads\/sites\/13\/2026\/01\/Corrida.jpg","datePublished":"2026-01-08T15:01:26+00:00","dateModified":"2026-01-08T15:07:35+00:00","author":{"@id":"https:\/\/www.manaus.am.gov.br\/implurb\/#\/schema\/person\/05d223aea2bf115f9883a6ff3683d81b"},"description":"Complexo tur\u00edstico Ponta Negra recebeu 172 eventos em 2025, entre corridas, campanhas, shows e a\u00e7\u00f5es publicit\u00e1rias.","breadcrumb":{"@id":"https:\/\/www.manaus.am.gov.br\/implurb\/ponta-negra-172-eventos-2025\/#breadcrumb"},"inLanguage":"pt-BR","potentialAction":[{"@type":"ReadAction","target":["https:\/\/www.manaus.am.gov.br\/implurb\/ponta-negra-172-eventos-2025\/"]}]},{"@type":"ImageObject","inLanguage":"pt-BR","@id":"https:\/\/www.manaus.am.gov.br\/implurb\/ponta-negra-172-eventos-2025\/#primaryimage","url":"https:\/\/www.manaus.am.gov.br\/implurb\/wp-content\/uploads\/sites\/13\/2026\/01\/Corrida.jpg","contentUrl":"https:\/\/www.manaus.am.gov.br\/implurb\/wp-content\/uploads\/sites\/13\/2026\/01\/Corrida.jpg","width":2048,"height":1365,"caption":"#paratodosverem - Corrida na Ponta Negra"},{"@type":"BreadcrumbList","@id":"https:\/\/www.manaus.am.gov.br\/implurb\/ponta-negra-172-eventos-2025\/#breadcrumb","itemListElement":[{"@type":"ListItem","position":1,"name":"Home","item":"https:\/\/www.manaus.am.gov.br\/implurb\/"},{"@type":"ListItem","position":2,"name":"De corridas a grandes espet\u00e1culos, Ponta Negra recebeu 172 eventos em 2025"}]},{"@type":"WebSite","@id":"https:\/\/www.manaus.am.gov.br\/implurb\/#website","url":"https:\/\/www.manaus.am.gov.br\/implurb\/","name":"IMPLURB","description":"Prefeitura de Manaus","potentialAction":[{"@type":"SearchAction","target":{"@type":"EntryPoint","urlTemplate":"https:\/\/www.manaus.am.gov.br\/implurb\/?s={search_term_string}"},"query-input":"required name=search_term_string"}],"inLanguage":"pt-BR"},{"@type":"Person","@id":"https:\/\/www.manaus.am.gov.br\/implurb\/#\/schema\/person\/05d223aea2bf115f9883a6ff3683d81b","name":"Bruna Greco","image":{"@type":"ImageObject","inLanguage":"pt-BR","@id":"https:\/\/www.manaus.am.gov.br\/implurb\/#\/schema\/person\/image\/","url":"https:\/\/secure.gravatar.com\/avatar\/9c877d1a6adc2a055330e5c09a8653ce?s=96&d=mm&r=g","contentUrl":"https:\/\/secure.gravatar.com\/avatar\/9c877d1a6adc2a055330e5c09a8653ce?s=96&d=mm&r=g","caption":"Bruna Greco"}}]}},"_links":{"self":[{"href":"https:\/\/www.manaus.am.gov.br\/implurb\/wp-json\/wp\/v2\/posts\/7410"}],"collection":[{"href":"https:\/\/www.manaus.am.gov.br\/implurb\/wp-json\/wp\/v2\/posts"}],"about":[{"href":"https:\/\/www.manaus.am.gov.br\/implurb\/wp-json\/wp\/v2\/types\/post"}],"author":[{"embeddable":true,"href":"https:\/\/www.manaus.am.gov.br\/implurb\/wp-json\/wp\/v2\/users\/39"}],"replies":[{"embeddable":true,"href":"https:\/\/www.manaus.am.gov.br\/implurb\/wp-json\/wp\/v2\/comments?post=7410"}],"version-history":[{"count":5,"href":"https:\/\/www.manaus.am.gov.br\/implurb\/wp-json\/wp\/v2\/posts\/7410\/revisions"}],"predecessor-version":[{"id":7417,"href":"https:\/\/www.manaus.am.gov.br\/implurb\/wp-json\/wp\/v2\/posts\/7410\/revisions\/7417"}],"wp:featuredmedia":[{"embeddable":true,"href":"https:\/\/www.manaus.am.gov.br\/implurb\/wp-json\/wp\/v2\/media\/7411"}],"wp:attachment":[{"href":"https:\/\/www.manaus.am.gov.br\/implurb\/wp-json\/wp\/v2\/media?parent=7410"}],"wp:term":[{"taxonomy":"category","embeddable":true,"href":"https:\/\/www.manaus.am.gov.br\/implurb\/wp-json\/wp\/v2\/categories?post=7410"},{"taxonomy":"post_tag","embeddable":true,"href":"https:\/\/www.manaus.am.gov.br\/implurb\/wp-json\/wp\/v2\/tags?post=7410"}],"curies":[{"name":"wp","href":"https:\/\/api.w.org\/{rel}","templated":true}]}}