{"id":7189,"date":"2025-12-04T12:34:00","date_gmt":"2025-12-04T16:34:00","guid":{"rendered":"https:\/\/www.manaus.am.gov.br\/implurb\/prefeitura-implurb-alvara-balanco\/"},"modified":"2025-12-04T12:34:01","modified_gmt":"2025-12-04T16:34:01","slug":"prefeitura-implurb-alvara-balanco","status":"publish","type":"post","link":"https:\/\/www.manaus.am.gov.br\/implurb\/prefeitura-implurb-alvara-balanco\/","title":{"rendered":"Alvar\u00e1 de Constru\u00e7\u00e3o Mais F\u00e1cil passa de 17,8 mil metros quadrados licenciados"},"content":{"rendered":"\n<p>Em novembro, a&nbsp;<a href=\"https:\/\/www.manaus.am.gov.br\/noticia\/licenciamento\/alvara-de-construcao-mais-facil-2\/\" target=\"_blank\" rel=\"noreferrer noopener\">Prefeitura de Manaus<\/a>, por meio do Instituto Municipal de Planejamento Urbano (Implurb), chegou aos 17,8 mil metros quadrados de obras licenciadas com o&nbsp;Alvar\u00e1&nbsp;de Constru\u00e7\u00e3o Mais F\u00e1cil&nbsp;(ACMF), sendo um marco de inova\u00e7\u00e3o no licenciamento urban\u00edstico da cidade.<\/p>\n\n\n\n<p>De fevereiro a novembro, foram emitidos 71 novos alvar\u00e1s, uma m\u00e9dia de 6,45 processos ao m\u00eas. A maioria dos pedidos \u00e9 para obras do tipo residencial unifamiliar, com 62 expedi\u00e7\u00f5es (87,32%), seguido de comercial, com cinco (7,04%), e de servi\u00e7o, com outras tr\u00eas (4,22%).<\/p>\n\n\n\n<p>Um diferencial revolucion\u00e1rio do ACMF est\u00e1 no tempo: enquanto o modelo convencional pode levar at\u00e9 21 dias para an\u00e1lise e emiss\u00e3o, o novo alvar\u00e1 tem registrado uma m\u00e9dia de apenas 9 minutos e 24 segundos para liberar o documento, variando de 1 minuto a 46 minutos, conforme a compensa\u00e7\u00e3o financeira. Um avan\u00e7o in\u00e9dito e hist\u00f3rico em termos de efici\u00eancia e desburocratiza\u00e7\u00e3o.<\/p>\n\n\n\n<p>Totalmente on-line, automatizado e autodeclarat\u00f3rio, o sistema atende constru\u00e7\u00f5es de at\u00e9 750 metros quadrados e at\u00e9 quatro pavimentos, classificadas como de baixo impacto. A facilidade abrange desde casas unifamiliares at\u00e9 empreendimentos multifamiliares, comerciais, industriais, de servi\u00e7os e uso misto.<\/p>\n\n\n\n<p>\u201cOs resultados mostram que Manaus est\u00e1 consolidando um novo&nbsp;padr\u00e3o de efici\u00eancia no licenciamento urbano. Com o ACMF, reduzimos um processo que podia levar semanas para poucos minutos, oferecendo seguran\u00e7a, economia e liberdade ao profissional para emitir seu alvar\u00e1 de onde estiver. \u00c9 uma mudan\u00e7a estrutural, que coloca a cidade em outro patamar de inova\u00e7\u00e3o e desburocratiza\u00e7\u00e3o\u201d, afirma o diretor-presidente do Implurb, Carlos Valente.<\/p>\n\n\n\n<p>Pagamento<\/p>\n\n\n\n<p>O tempo computado para emiss\u00e3o do&nbsp;alvar\u00e1&nbsp;ocorre ap\u00f3s o pagamento do boleto. Este tempo depende absolutamente do usu\u00e1rio do sistema e da compensa\u00e7\u00e3o financeira.<\/p>\n\n\n\n<p>Os documentos expedidos foram totalmente automatizados, realizados de forma on-line e com os recursos previstos na legisla\u00e7\u00e3o, incluindo descontos de pagamento das taxas. O sistema tem&nbsp;mais&nbsp;de 300 pessoas treinadas por profissionais do Implurb, para usar o procedimento, que permite ao requerente, devidamente habilitado, que possa ter um tempo m\u00e9dio em at\u00e9 duas horas para emitir o&nbsp;alvar\u00e1&nbsp;(incluindo neste prazo a emiss\u00e3o do DAM\/Documento de Arrecada\u00e7\u00e3o Municipal, o pagamento da taxa e a baixa no sistema banc\u00e1rio).<\/p>\n\n\n\n<p>Cadastro<\/p>\n\n\n\n<p>Para ter acesso ao sistema, os profissionais habilitados a fazer os licenciamentos no modelo autodeclarat\u00f3rio, arquitetos e engenheiros, v\u00e3o precisar ter credenciamento do respons\u00e1vel t\u00e9cnico, usando certificado digital (<em>token<\/em>). Os certificados funcionam em sistema operacional Windows.<\/p>\n\n\n\n<p>Podem ser respons\u00e1veis t\u00e9cnicos de projetos do ACMF os profissionais legalmente habilitados. Eles far\u00e3o, inicialmente, o cadastro no sistema, informando dados b\u00e1sicos de identifica\u00e7\u00e3o, endere\u00e7o de correspond\u00eancia e contato. O sistema, em si, \u00e9 muito intuitivo e simples, dependendo da inclus\u00e3o dos dados da obra.<\/p>\n\n\n\n<p>Com fluxo cont\u00ednuo para preenchimento simples e tendo uma sequ\u00eancia l\u00f3gica de an\u00e1lise e inclus\u00e3o de documentos solicitados, o sistema do novo&nbsp;alvar\u00e1&nbsp;tem itens parametrizados do Plano Diretor, como afastamento, gabarito, taxa de ocupa\u00e7\u00e3o, permeabilidade, vaga de estacionamento, entre outros itens em vigor.<\/p>\n\n\n\n<p>Por ser autodeclarat\u00f3rio, todas as informa\u00e7\u00f5es s\u00e3o de responsabilidade dos t\u00e9cnicos que assinam o projeto. Caso constatado declara\u00e7\u00f5es falsas ou omiss\u00f5es de informa\u00e7\u00f5es relevantes, ser\u00e1 oficiado ao Conselho de Arquitetura e Urbanismo do Amazonas (CAU-AM) e Conselho Regional de Engenharia e Agronomia do Amazonas (Crea-AM) para apura\u00e7\u00e3o da responsabilidade profissional, bem como ser\u00e1 informada a autoridade policial para apurar casos que configurem ato il\u00edcito. Durante o processo \u00e9 permitida a substitui\u00e7\u00e3o de respons\u00e1vel t\u00e9cnico.<\/p>\n\n\n\n<p>\u2014 \u2014 \u2014<br><strong>Texto\u00a0<\/strong>&#8211;\u00a0Cl\u00e1udia do Valle\/Implurb<br><strong>Fotos\u00a0<\/strong>\u2013\u00a0Maxwell Oliveira\/ Implurb<\/p>\n","protected":false},"excerpt":{"rendered":"","protected":false},"author":23,"featured_media":7190,"comment_status":"closed","ping_status":"closed","sticky":false,"template":"","format":"standard","meta":{"footnotes":""},"categories":[33],"tags":[146,11,1986,62,15],"acf":[],"yoast_head":"<!-- This site is optimized with the Yoast SEO plugin v23.0 - https:\/\/yoast.com\/wordpress\/plugins\/seo\/ -->\n<title>Alvar\u00e1 de Constru\u00e7\u00e3o Mais F\u00e1cil passa de 17,8 mil metros quadrados licenciados<\/title>\n<meta name=\"description\" content=\"Em novembro, a Prefeitura de Manaus, por meio do Instituto Municipal de Planejamento Urbano (Implurb), chegou aos 17,8 mil metros quadrados de obras licenciadas com o Alvar\u00e1 de Constru\u00e7\u00e3o Mais F\u00e1cil (ACMF), sendo um marco de inova\u00e7\u00e3o no licenciamento urban\u00edstico da cidade.\" \/>\n<meta name=\"robots\" content=\"noindex, follow\" \/>\n<meta property=\"og:locale\" content=\"pt_BR\" \/>\n<meta property=\"og:type\" content=\"article\" \/>\n<meta property=\"og:title\" content=\"Alvar\u00e1 de Constru\u00e7\u00e3o Mais F\u00e1cil passa de 17,8 mil metros quadrados licenciados\" \/>\n<meta property=\"og:description\" content=\"Em novembro, a Prefeitura de Manaus, por meio do Instituto Municipal de Planejamento Urbano (Implurb), chegou aos 17,8 mil metros quadrados de obras licenciadas com o Alvar\u00e1 de Constru\u00e7\u00e3o Mais F\u00e1cil (ACMF), sendo um marco de inova\u00e7\u00e3o no licenciamento urban\u00edstico da cidade.\" \/>\n<meta property=\"og:url\" content=\"https:\/\/www.manaus.am.gov.br\/implurb\/prefeitura-implurb-alvara-balanco\/\" \/>\n<meta property=\"og:site_name\" content=\"IMPLURB\" \/>\n<meta property=\"article:published_time\" content=\"2025-12-04T16:34:00+00:00\" \/>\n<meta property=\"article:modified_time\" content=\"2025-12-04T16:34:01+00:00\" \/>\n<meta property=\"og:image\" content=\"https:\/\/www.manaus.am.gov.br\/implurb\/wp-content\/uploads\/sites\/13\/2025\/12\/alvavanovoJUNHO4-3.jpeg\" \/>\n\t<meta property=\"og:image:width\" content=\"4032\" \/>\n\t<meta property=\"og:image:height\" content=\"3024\" \/>\n\t<meta property=\"og:image:type\" content=\"image\/jpeg\" \/>\n<meta name=\"author\" content=\"Adriana Costa\" \/>\n<meta name=\"twitter:card\" content=\"summary_large_image\" \/>\n<meta name=\"twitter:label1\" content=\"Written by\" \/>\n\t<meta name=\"twitter:data1\" content=\"Adriana Costa\" \/>\n\t<meta name=\"twitter:label2\" content=\"Est. reading time\" \/>\n\t<meta name=\"twitter:data2\" content=\"4 minutos\" \/>\n<script type=\"application\/ld+json\" class=\"yoast-schema-graph\">{\"@context\":\"https:\/\/schema.org\",\"@graph\":[{\"@type\":\"WebPage\",\"@id\":\"https:\/\/www.manaus.am.gov.br\/implurb\/prefeitura-implurb-alvara-balanco\/\",\"url\":\"https:\/\/www.manaus.am.gov.br\/implurb\/prefeitura-implurb-alvara-balanco\/\",\"name\":\"Alvar\u00e1 de Constru\u00e7\u00e3o Mais F\u00e1cil passa de 17,8 mil metros quadrados licenciados\",\"isPartOf\":{\"@id\":\"https:\/\/www.manaus.am.gov.br\/implurb\/#website\"},\"primaryImageOfPage\":{\"@id\":\"https:\/\/www.manaus.am.gov.br\/implurb\/prefeitura-implurb-alvara-balanco\/#primaryimage\"},\"image\":{\"@id\":\"https:\/\/www.manaus.am.gov.br\/implurb\/prefeitura-implurb-alvara-balanco\/#primaryimage\"},\"thumbnailUrl\":\"https:\/\/www.manaus.am.gov.br\/implurb\/wp-content\/uploads\/sites\/13\/2025\/12\/alvavanovoJUNHO4-3.jpeg\",\"datePublished\":\"2025-12-04T16:34:00+00:00\",\"dateModified\":\"2025-12-04T16:34:01+00:00\",\"author\":{\"@id\":\"https:\/\/www.manaus.am.gov.br\/implurb\/#\/schema\/person\/4e49f4e267757a06ca072ec61b2b9968\"},\"description\":\"Em novembro, a Prefeitura de Manaus, por meio do Instituto Municipal de Planejamento Urbano (Implurb), chegou aos 17,8 mil metros quadrados de obras licenciadas com o Alvar\u00e1 de Constru\u00e7\u00e3o Mais F\u00e1cil (ACMF), sendo um marco de inova\u00e7\u00e3o no licenciamento urban\u00edstico da cidade.\",\"breadcrumb\":{\"@id\":\"https:\/\/www.manaus.am.gov.br\/implurb\/prefeitura-implurb-alvara-balanco\/#breadcrumb\"},\"inLanguage\":\"pt-BR\",\"potentialAction\":[{\"@type\":\"ReadAction\",\"target\":[\"https:\/\/www.manaus.am.gov.br\/implurb\/prefeitura-implurb-alvara-balanco\/\"]}]},{\"@type\":\"ImageObject\",\"inLanguage\":\"pt-BR\",\"@id\":\"https:\/\/www.manaus.am.gov.br\/implurb\/prefeitura-implurb-alvara-balanco\/#primaryimage\",\"url\":\"https:\/\/www.manaus.am.gov.br\/implurb\/wp-content\/uploads\/sites\/13\/2025\/12\/alvavanovoJUNHO4-3.jpeg\",\"contentUrl\":\"https:\/\/www.manaus.am.gov.br\/implurb\/wp-content\/uploads\/sites\/13\/2025\/12\/alvavanovoJUNHO4-3.jpeg\",\"width\":4032,\"height\":3024,\"caption\":\"#paratodosverem - Servidor do Implurb trabalha na emiss\u00e3o de Alvar\u00e1 em esta\u00e7\u00e3o de trabalho no Implurb\"},{\"@type\":\"BreadcrumbList\",\"@id\":\"https:\/\/www.manaus.am.gov.br\/implurb\/prefeitura-implurb-alvara-balanco\/#breadcrumb\",\"itemListElement\":[{\"@type\":\"ListItem\",\"position\":1,\"name\":\"Home\",\"item\":\"https:\/\/www.manaus.am.gov.br\/implurb\/\"},{\"@type\":\"ListItem\",\"position\":2,\"name\":\"Alvar\u00e1 de Constru\u00e7\u00e3o Mais F\u00e1cil passa de 17,8 mil metros quadrados licenciados\"}]},{\"@type\":\"WebSite\",\"@id\":\"https:\/\/www.manaus.am.gov.br\/implurb\/#website\",\"url\":\"https:\/\/www.manaus.am.gov.br\/implurb\/\",\"name\":\"IMPLURB\",\"description\":\"Prefeitura de Manaus\",\"potentialAction\":[{\"@type\":\"SearchAction\",\"target\":{\"@type\":\"EntryPoint\",\"urlTemplate\":\"https:\/\/www.manaus.am.gov.br\/implurb\/?s={search_term_string}\"},\"query-input\":\"required name=search_term_string\"}],\"inLanguage\":\"pt-BR\"},{\"@type\":\"Person\",\"@id\":\"https:\/\/www.manaus.am.gov.br\/implurb\/#\/schema\/person\/4e49f4e267757a06ca072ec61b2b9968\",\"name\":\"Adriana Costa\",\"image\":{\"@type\":\"ImageObject\",\"inLanguage\":\"pt-BR\",\"@id\":\"https:\/\/www.manaus.am.gov.br\/implurb\/#\/schema\/person\/image\/\",\"url\":\"https:\/\/secure.gravatar.com\/avatar\/576258617ef7194f718179e766d57bd4?s=96&d=mm&r=g\",\"contentUrl\":\"https:\/\/secure.gravatar.com\/avatar\/576258617ef7194f718179e766d57bd4?s=96&d=mm&r=g\",\"caption\":\"Adriana Costa\"}}]}<\/script>\n<!-- \/ Yoast SEO plugin. -->","yoast_head_json":{"title":"Alvar\u00e1 de Constru\u00e7\u00e3o Mais F\u00e1cil passa de 17,8 mil metros quadrados licenciados","description":"Em novembro, a Prefeitura de Manaus, por meio do Instituto Municipal de Planejamento Urbano (Implurb), chegou aos 17,8 mil metros quadrados de obras licenciadas com o Alvar\u00e1 de Constru\u00e7\u00e3o Mais F\u00e1cil (ACMF), sendo um marco de inova\u00e7\u00e3o no licenciamento urban\u00edstico da cidade.","robots":{"index":"noindex","follow":"follow"},"og_locale":"pt_BR","og_type":"article","og_title":"Alvar\u00e1 de Constru\u00e7\u00e3o Mais F\u00e1cil passa de 17,8 mil metros quadrados licenciados","og_description":"Em novembro, a Prefeitura de Manaus, por meio do Instituto Municipal de Planejamento Urbano (Implurb), chegou aos 17,8 mil metros quadrados de obras licenciadas com o Alvar\u00e1 de Constru\u00e7\u00e3o Mais F\u00e1cil (ACMF), sendo um marco de inova\u00e7\u00e3o no licenciamento urban\u00edstico da cidade.","og_url":"https:\/\/www.manaus.am.gov.br\/implurb\/prefeitura-implurb-alvara-balanco\/","og_site_name":"IMPLURB","article_published_time":"2025-12-04T16:34:00+00:00","article_modified_time":"2025-12-04T16:34:01+00:00","og_image":[{"width":4032,"height":3024,"url":"https:\/\/www.manaus.am.gov.br\/implurb\/wp-content\/uploads\/sites\/13\/2025\/12\/alvavanovoJUNHO4-3.jpeg","type":"image\/jpeg"}],"author":"Adriana Costa","twitter_card":"summary_large_image","twitter_misc":{"Written by":"Adriana Costa","Est. reading time":"4 minutos"},"schema":{"@context":"https:\/\/schema.org","@graph":[{"@type":"WebPage","@id":"https:\/\/www.manaus.am.gov.br\/implurb\/prefeitura-implurb-alvara-balanco\/","url":"https:\/\/www.manaus.am.gov.br\/implurb\/prefeitura-implurb-alvara-balanco\/","name":"Alvar\u00e1 de Constru\u00e7\u00e3o Mais F\u00e1cil passa de 17,8 mil metros quadrados licenciados","isPartOf":{"@id":"https:\/\/www.manaus.am.gov.br\/implurb\/#website"},"primaryImageOfPage":{"@id":"https:\/\/www.manaus.am.gov.br\/implurb\/prefeitura-implurb-alvara-balanco\/#primaryimage"},"image":{"@id":"https:\/\/www.manaus.am.gov.br\/implurb\/prefeitura-implurb-alvara-balanco\/#primaryimage"},"thumbnailUrl":"https:\/\/www.manaus.am.gov.br\/implurb\/wp-content\/uploads\/sites\/13\/2025\/12\/alvavanovoJUNHO4-3.jpeg","datePublished":"2025-12-04T16:34:00+00:00","dateModified":"2025-12-04T16:34:01+00:00","author":{"@id":"https:\/\/www.manaus.am.gov.br\/implurb\/#\/schema\/person\/4e49f4e267757a06ca072ec61b2b9968"},"description":"Em novembro, a Prefeitura de Manaus, por meio do Instituto Municipal de Planejamento Urbano (Implurb), chegou aos 17,8 mil metros quadrados de obras licenciadas com o Alvar\u00e1 de Constru\u00e7\u00e3o Mais F\u00e1cil (ACMF), sendo um marco de inova\u00e7\u00e3o no licenciamento urban\u00edstico da cidade.","breadcrumb":{"@id":"https:\/\/www.manaus.am.gov.br\/implurb\/prefeitura-implurb-alvara-balanco\/#breadcrumb"},"inLanguage":"pt-BR","potentialAction":[{"@type":"ReadAction","target":["https:\/\/www.manaus.am.gov.br\/implurb\/prefeitura-implurb-alvara-balanco\/"]}]},{"@type":"ImageObject","inLanguage":"pt-BR","@id":"https:\/\/www.manaus.am.gov.br\/implurb\/prefeitura-implurb-alvara-balanco\/#primaryimage","url":"https:\/\/www.manaus.am.gov.br\/implurb\/wp-content\/uploads\/sites\/13\/2025\/12\/alvavanovoJUNHO4-3.jpeg","contentUrl":"https:\/\/www.manaus.am.gov.br\/implurb\/wp-content\/uploads\/sites\/13\/2025\/12\/alvavanovoJUNHO4-3.jpeg","width":4032,"height":3024,"caption":"#paratodosverem - Servidor do Implurb trabalha na emiss\u00e3o de Alvar\u00e1 em esta\u00e7\u00e3o de trabalho no Implurb"},{"@type":"BreadcrumbList","@id":"https:\/\/www.manaus.am.gov.br\/implurb\/prefeitura-implurb-alvara-balanco\/#breadcrumb","itemListElement":[{"@type":"ListItem","position":1,"name":"Home","item":"https:\/\/www.manaus.am.gov.br\/implurb\/"},{"@type":"ListItem","position":2,"name":"Alvar\u00e1 de Constru\u00e7\u00e3o Mais F\u00e1cil passa de 17,8 mil metros quadrados licenciados"}]},{"@type":"WebSite","@id":"https:\/\/www.manaus.am.gov.br\/implurb\/#website","url":"https:\/\/www.manaus.am.gov.br\/implurb\/","name":"IMPLURB","description":"Prefeitura de Manaus","potentialAction":[{"@type":"SearchAction","target":{"@type":"EntryPoint","urlTemplate":"https:\/\/www.manaus.am.gov.br\/implurb\/?s={search_term_string}"},"query-input":"required name=search_term_string"}],"inLanguage":"pt-BR"},{"@type":"Person","@id":"https:\/\/www.manaus.am.gov.br\/implurb\/#\/schema\/person\/4e49f4e267757a06ca072ec61b2b9968","name":"Adriana Costa","image":{"@type":"ImageObject","inLanguage":"pt-BR","@id":"https:\/\/www.manaus.am.gov.br\/implurb\/#\/schema\/person\/image\/","url":"https:\/\/secure.gravatar.com\/avatar\/576258617ef7194f718179e766d57bd4?s=96&d=mm&r=g","contentUrl":"https:\/\/secure.gravatar.com\/avatar\/576258617ef7194f718179e766d57bd4?s=96&d=mm&r=g","caption":"Adriana Costa"}}]}},"_links":{"self":[{"href":"https:\/\/www.manaus.am.gov.br\/implurb\/wp-json\/wp\/v2\/posts\/7189"}],"collection":[{"href":"https:\/\/www.manaus.am.gov.br\/implurb\/wp-json\/wp\/v2\/posts"}],"about":[{"href":"https:\/\/www.manaus.am.gov.br\/implurb\/wp-json\/wp\/v2\/types\/post"}],"author":[{"embeddable":true,"href":"https:\/\/www.manaus.am.gov.br\/implurb\/wp-json\/wp\/v2\/users\/23"}],"replies":[{"embeddable":true,"href":"https:\/\/www.manaus.am.gov.br\/implurb\/wp-json\/wp\/v2\/comments?post=7189"}],"version-history":[{"count":0,"href":"https:\/\/www.manaus.am.gov.br\/implurb\/wp-json\/wp\/v2\/posts\/7189\/revisions"}],"wp:featuredmedia":[{"embeddable":true,"href":"https:\/\/www.manaus.am.gov.br\/implurb\/wp-json\/wp\/v2\/media\/7190"}],"wp:attachment":[{"href":"https:\/\/www.manaus.am.gov.br\/implurb\/wp-json\/wp\/v2\/media?parent=7189"}],"wp:term":[{"taxonomy":"category","embeddable":true,"href":"https:\/\/www.manaus.am.gov.br\/implurb\/wp-json\/wp\/v2\/categories?post=7189"},{"taxonomy":"post_tag","embeddable":true,"href":"https:\/\/www.manaus.am.gov.br\/implurb\/wp-json\/wp\/v2\/tags?post=7189"}],"curies":[{"name":"wp","href":"https:\/\/api.w.org\/{rel}","templated":true}]}}