{"id":7162,"date":"2025-11-13T13:06:36","date_gmt":"2025-11-13T17:06:36","guid":{"rendered":"https:\/\/www.manaus.am.gov.br\/implurb\/prefeitura-implurb-retiradafiosecabosobsoletos\/"},"modified":"2025-11-13T13:06:37","modified_gmt":"2025-11-13T17:06:37","slug":"prefeitura-implurb-retiradafiosecabosobsoletos","status":"publish","type":"post","link":"https:\/\/www.manaus.am.gov.br\/implurb\/prefeitura-implurb-retiradafiosecabosobsoletos\/","title":{"rendered":"Prefeitura de Manaus chega \u00e0 marca de 8 toneladas de fios e cabos obsoletos removidos"},"content":{"rendered":"\n<p>A Prefeitura de Manaus, Instituto Municipal de Planejamento Urbano (Implurb), avan\u00e7a com as a\u00e7\u00f5es de revitaliza\u00e7\u00e3o urbana, a partir da retirada de fios e cabos obsoletos, alcan\u00e7ando a marca de 8 toneladas de material removido em toda a cidade. Nesta quinta-feira, 13\/11, as equipes estiveram no bairro Compensa, zona Oeste, em frente \u00e0 sede da Secretaria Municipal de Limpeza Urbana (Semulsp), na primeira interven\u00e7\u00e3o fora da \u00e1rea central.<\/p>\n\n\n\n<p>A iniciativa integra o programa \u201cMutir\u00e3o no Bairro\u201d, lan\u00e7ado pelo prefeito David Almeida, que re\u00fane o trabalho conjunto de 16 secretarias e \u00f3rg\u00e3os municipais, com apoio da Amazonas Energia e de empresas de telefonia, internet e l\u00f3gica. A a\u00e7\u00e3o tem como objetivo ordenar a fia\u00e7\u00e3o a\u00e9rea, reduzir a polui\u00e7\u00e3o visual e promover mais seguran\u00e7a urbana.<\/p>\n\n\n\n<p>Nas \u00faltimas semanas, a opera\u00e7\u00e3o contemplou importantes vias comerciais do Centro, como as ruas Marc\u00edlio Dias, Doutor Moreira, Guilherme Moreira, Marechal Deodoro, Quintino Bocai\u00fava, al\u00e9m da travessa do Com\u00e9rcio e da avenida Eduardo Ribeiro, entre as ruas 7 de Setembro e Floriano Peixoto.<\/p>\n\n\n\n<p>\u201cEsta a\u00e7\u00e3o no bairro Compensa, ao lado da feira e do acesso \u00e0 Semulsp, \u00e9 uma continuidade das nossas iniciativas contra a polui\u00e7\u00e3o visual. J\u00e1 retiramos mais de sete toneladas e meia de cabos no Centro e, agora, levamos o mesmo trabalho para outros bairros. A ideia \u00e9 tornar essa a\u00e7\u00e3o cont\u00ednua, alcan\u00e7ando \u00e1reas comerciais, como o Parque 10, Vieiralves e Jorge Teixeira\u201d, destacou o vice-presidente do Implurb, Ant\u00f4nio Peixoto.<\/p>\n\n\n\n<p>O Implurb continuar\u00e1 com novas etapas de revitaliza\u00e7\u00e3o, ampliando as frentes de atua\u00e7\u00e3o no Centro e priorizando a\u00e7\u00f5es voltadas ao urbanismo, seguran\u00e7a e valoriza\u00e7\u00e3o dos espa\u00e7os p\u00fablicos. Ap\u00f3s a conclus\u00e3o das atividades centrais, novas opera\u00e7\u00f5es ser\u00e3o realizadas em bairros j\u00e1 mapeados pelas equipes t\u00e9cnicas.<\/p>\n\n\n\n<p>Al\u00e9m da melhoria est\u00e9tica e da seguran\u00e7a, a a\u00e7\u00e3o refor\u00e7a o compromisso da gest\u00e3o do prefeito David Almeida com a moderniza\u00e7\u00e3o da infraestrutura urbana e o fortalecimento das \u00e1reas hist\u00f3ricas da cidade, dentro de uma agenda ampla de requalifica\u00e7\u00e3o e reocupa\u00e7\u00e3o ordenada dos espa\u00e7os p\u00fablicos.<\/p>\n\n\n\n<p>\u2014 \u2014 \u2014<\/p>\n\n\n\n<p><strong>Texto e fotos\u00a0<\/strong>\u2013 Divulga\u00e7\u00e3o \/ Implurb<\/p>\n","protected":false},"excerpt":{"rendered":"","protected":false},"author":23,"featured_media":7163,"comment_status":"closed","ping_status":"closed","sticky":false,"template":"","format":"standard","meta":{"footnotes":""},"categories":[33],"tags":[1979,1968,11,15,485],"acf":[],"yoast_head":"<!-- This site is optimized with the Yoast SEO plugin v23.0 - https:\/\/yoast.com\/wordpress\/plugins\/seo\/ -->\n<title>Prefeitura de Manaus chega \u00e0 marca de 8 toneladas de fios e cabos obsoletos removidos<\/title>\n<meta name=\"description\" content=\"A Prefeitura de Manaus, Instituto Municipal de Planejamento Urbano (Implurb), avan\u00e7a com as a\u00e7\u00f5es de revitaliza\u00e7\u00e3o urbana, a partir da retirada de fios e cabos obsoletos, alcan\u00e7ando a marca de 8 toneladas de material removido em toda a cidade.\" \/>\n<meta name=\"robots\" content=\"noindex, follow\" \/>\n<meta property=\"og:locale\" content=\"pt_BR\" \/>\n<meta property=\"og:type\" content=\"article\" \/>\n<meta property=\"og:title\" content=\"Prefeitura de Manaus chega \u00e0 marca de 8 toneladas de fios e cabos obsoletos removidos\" \/>\n<meta property=\"og:description\" content=\"A Prefeitura de Manaus, Instituto Municipal de Planejamento Urbano (Implurb), avan\u00e7a com as a\u00e7\u00f5es de revitaliza\u00e7\u00e3o urbana, a partir da retirada de fios e cabos obsoletos, alcan\u00e7ando a marca de 8 toneladas de material removido em toda a cidade.\" \/>\n<meta property=\"og:url\" content=\"https:\/\/www.manaus.am.gov.br\/implurb\/prefeitura-implurb-retiradafiosecabosobsoletos\/\" \/>\n<meta property=\"og:site_name\" content=\"IMPLURB\" \/>\n<meta property=\"article:published_time\" content=\"2025-11-13T17:06:36+00:00\" \/>\n<meta property=\"article:modified_time\" content=\"2025-11-13T17:06:37+00:00\" \/>\n<meta property=\"og:image\" content=\"https:\/\/www.manaus.am.gov.br\/implurb\/wp-content\/uploads\/sites\/13\/2025\/11\/f7942b20-d557-46f8-870e-3c5792c952bb.jpg\" \/>\n\t<meta property=\"og:image:width\" content=\"1599\" \/>\n\t<meta property=\"og:image:height\" content=\"899\" \/>\n\t<meta property=\"og:image:type\" content=\"image\/jpeg\" \/>\n<meta name=\"author\" content=\"Adriana Costa\" \/>\n<meta name=\"twitter:card\" content=\"summary_large_image\" \/>\n<meta name=\"twitter:label1\" content=\"Written by\" \/>\n\t<meta name=\"twitter:data1\" content=\"Adriana Costa\" \/>\n\t<meta name=\"twitter:label2\" content=\"Est. reading time\" \/>\n\t<meta name=\"twitter:data2\" content=\"3 minutos\" \/>\n<script type=\"application\/ld+json\" class=\"yoast-schema-graph\">{\"@context\":\"https:\/\/schema.org\",\"@graph\":[{\"@type\":\"WebPage\",\"@id\":\"https:\/\/www.manaus.am.gov.br\/implurb\/prefeitura-implurb-retiradafiosecabosobsoletos\/\",\"url\":\"https:\/\/www.manaus.am.gov.br\/implurb\/prefeitura-implurb-retiradafiosecabosobsoletos\/\",\"name\":\"Prefeitura de Manaus chega \u00e0 marca de 8 toneladas de fios e cabos obsoletos removidos\",\"isPartOf\":{\"@id\":\"https:\/\/www.manaus.am.gov.br\/implurb\/#website\"},\"primaryImageOfPage\":{\"@id\":\"https:\/\/www.manaus.am.gov.br\/implurb\/prefeitura-implurb-retiradafiosecabosobsoletos\/#primaryimage\"},\"image\":{\"@id\":\"https:\/\/www.manaus.am.gov.br\/implurb\/prefeitura-implurb-retiradafiosecabosobsoletos\/#primaryimage\"},\"thumbnailUrl\":\"https:\/\/www.manaus.am.gov.br\/implurb\/wp-content\/uploads\/sites\/13\/2025\/11\/f7942b20-d557-46f8-870e-3c5792c952bb.jpg\",\"datePublished\":\"2025-11-13T17:06:36+00:00\",\"dateModified\":\"2025-11-13T17:06:37+00:00\",\"author\":{\"@id\":\"https:\/\/www.manaus.am.gov.br\/implurb\/#\/schema\/person\/4e49f4e267757a06ca072ec61b2b9968\"},\"description\":\"A Prefeitura de Manaus, Instituto Municipal de Planejamento Urbano (Implurb), avan\u00e7a com as a\u00e7\u00f5es de revitaliza\u00e7\u00e3o urbana, a partir da retirada de fios e cabos obsoletos, alcan\u00e7ando a marca de 8 toneladas de material removido em toda a cidade.\",\"breadcrumb\":{\"@id\":\"https:\/\/www.manaus.am.gov.br\/implurb\/prefeitura-implurb-retiradafiosecabosobsoletos\/#breadcrumb\"},\"inLanguage\":\"pt-BR\",\"potentialAction\":[{\"@type\":\"ReadAction\",\"target\":[\"https:\/\/www.manaus.am.gov.br\/implurb\/prefeitura-implurb-retiradafiosecabosobsoletos\/\"]}]},{\"@type\":\"ImageObject\",\"inLanguage\":\"pt-BR\",\"@id\":\"https:\/\/www.manaus.am.gov.br\/implurb\/prefeitura-implurb-retiradafiosecabosobsoletos\/#primaryimage\",\"url\":\"https:\/\/www.manaus.am.gov.br\/implurb\/wp-content\/uploads\/sites\/13\/2025\/11\/f7942b20-d557-46f8-870e-3c5792c952bb.jpg\",\"contentUrl\":\"https:\/\/www.manaus.am.gov.br\/implurb\/wp-content\/uploads\/sites\/13\/2025\/11\/f7942b20-d557-46f8-870e-3c5792c952bb.jpg\",\"width\":1599,\"height\":899,\"caption\":\"#paratodosverem - Opera\u00e7\u00e3o de retirada de fios e cabos obsoletos de rua do bairro Compensa\"},{\"@type\":\"BreadcrumbList\",\"@id\":\"https:\/\/www.manaus.am.gov.br\/implurb\/prefeitura-implurb-retiradafiosecabosobsoletos\/#breadcrumb\",\"itemListElement\":[{\"@type\":\"ListItem\",\"position\":1,\"name\":\"Home\",\"item\":\"https:\/\/www.manaus.am.gov.br\/implurb\/\"},{\"@type\":\"ListItem\",\"position\":2,\"name\":\"Prefeitura de Manaus chega \u00e0 marca de 8 toneladas de fios e cabos obsoletos removidos\"}]},{\"@type\":\"WebSite\",\"@id\":\"https:\/\/www.manaus.am.gov.br\/implurb\/#website\",\"url\":\"https:\/\/www.manaus.am.gov.br\/implurb\/\",\"name\":\"IMPLURB\",\"description\":\"Prefeitura de Manaus\",\"potentialAction\":[{\"@type\":\"SearchAction\",\"target\":{\"@type\":\"EntryPoint\",\"urlTemplate\":\"https:\/\/www.manaus.am.gov.br\/implurb\/?s={search_term_string}\"},\"query-input\":\"required name=search_term_string\"}],\"inLanguage\":\"pt-BR\"},{\"@type\":\"Person\",\"@id\":\"https:\/\/www.manaus.am.gov.br\/implurb\/#\/schema\/person\/4e49f4e267757a06ca072ec61b2b9968\",\"name\":\"Adriana Costa\",\"image\":{\"@type\":\"ImageObject\",\"inLanguage\":\"pt-BR\",\"@id\":\"https:\/\/www.manaus.am.gov.br\/implurb\/#\/schema\/person\/image\/\",\"url\":\"https:\/\/secure.gravatar.com\/avatar\/576258617ef7194f718179e766d57bd4?s=96&d=mm&r=g\",\"contentUrl\":\"https:\/\/secure.gravatar.com\/avatar\/576258617ef7194f718179e766d57bd4?s=96&d=mm&r=g\",\"caption\":\"Adriana Costa\"}}]}<\/script>\n<!-- \/ Yoast SEO plugin. -->","yoast_head_json":{"title":"Prefeitura de Manaus chega \u00e0 marca de 8 toneladas de fios e cabos obsoletos removidos","description":"A Prefeitura de Manaus, Instituto Municipal de Planejamento Urbano (Implurb), avan\u00e7a com as a\u00e7\u00f5es de revitaliza\u00e7\u00e3o urbana, a partir da retirada de fios e cabos obsoletos, alcan\u00e7ando a marca de 8 toneladas de material removido em toda a cidade.","robots":{"index":"noindex","follow":"follow"},"og_locale":"pt_BR","og_type":"article","og_title":"Prefeitura de Manaus chega \u00e0 marca de 8 toneladas de fios e cabos obsoletos removidos","og_description":"A Prefeitura de Manaus, Instituto Municipal de Planejamento Urbano (Implurb), avan\u00e7a com as a\u00e7\u00f5es de revitaliza\u00e7\u00e3o urbana, a partir da retirada de fios e cabos obsoletos, alcan\u00e7ando a marca de 8 toneladas de material removido em toda a cidade.","og_url":"https:\/\/www.manaus.am.gov.br\/implurb\/prefeitura-implurb-retiradafiosecabosobsoletos\/","og_site_name":"IMPLURB","article_published_time":"2025-11-13T17:06:36+00:00","article_modified_time":"2025-11-13T17:06:37+00:00","og_image":[{"width":1599,"height":899,"url":"https:\/\/www.manaus.am.gov.br\/implurb\/wp-content\/uploads\/sites\/13\/2025\/11\/f7942b20-d557-46f8-870e-3c5792c952bb.jpg","type":"image\/jpeg"}],"author":"Adriana Costa","twitter_card":"summary_large_image","twitter_misc":{"Written by":"Adriana Costa","Est. reading time":"3 minutos"},"schema":{"@context":"https:\/\/schema.org","@graph":[{"@type":"WebPage","@id":"https:\/\/www.manaus.am.gov.br\/implurb\/prefeitura-implurb-retiradafiosecabosobsoletos\/","url":"https:\/\/www.manaus.am.gov.br\/implurb\/prefeitura-implurb-retiradafiosecabosobsoletos\/","name":"Prefeitura de Manaus chega \u00e0 marca de 8 toneladas de fios e cabos obsoletos removidos","isPartOf":{"@id":"https:\/\/www.manaus.am.gov.br\/implurb\/#website"},"primaryImageOfPage":{"@id":"https:\/\/www.manaus.am.gov.br\/implurb\/prefeitura-implurb-retiradafiosecabosobsoletos\/#primaryimage"},"image":{"@id":"https:\/\/www.manaus.am.gov.br\/implurb\/prefeitura-implurb-retiradafiosecabosobsoletos\/#primaryimage"},"thumbnailUrl":"https:\/\/www.manaus.am.gov.br\/implurb\/wp-content\/uploads\/sites\/13\/2025\/11\/f7942b20-d557-46f8-870e-3c5792c952bb.jpg","datePublished":"2025-11-13T17:06:36+00:00","dateModified":"2025-11-13T17:06:37+00:00","author":{"@id":"https:\/\/www.manaus.am.gov.br\/implurb\/#\/schema\/person\/4e49f4e267757a06ca072ec61b2b9968"},"description":"A Prefeitura de Manaus, Instituto Municipal de Planejamento Urbano (Implurb), avan\u00e7a com as a\u00e7\u00f5es de revitaliza\u00e7\u00e3o urbana, a partir da retirada de fios e cabos obsoletos, alcan\u00e7ando a marca de 8 toneladas de material removido em toda a cidade.","breadcrumb":{"@id":"https:\/\/www.manaus.am.gov.br\/implurb\/prefeitura-implurb-retiradafiosecabosobsoletos\/#breadcrumb"},"inLanguage":"pt-BR","potentialAction":[{"@type":"ReadAction","target":["https:\/\/www.manaus.am.gov.br\/implurb\/prefeitura-implurb-retiradafiosecabosobsoletos\/"]}]},{"@type":"ImageObject","inLanguage":"pt-BR","@id":"https:\/\/www.manaus.am.gov.br\/implurb\/prefeitura-implurb-retiradafiosecabosobsoletos\/#primaryimage","url":"https:\/\/www.manaus.am.gov.br\/implurb\/wp-content\/uploads\/sites\/13\/2025\/11\/f7942b20-d557-46f8-870e-3c5792c952bb.jpg","contentUrl":"https:\/\/www.manaus.am.gov.br\/implurb\/wp-content\/uploads\/sites\/13\/2025\/11\/f7942b20-d557-46f8-870e-3c5792c952bb.jpg","width":1599,"height":899,"caption":"#paratodosverem - Opera\u00e7\u00e3o de retirada de fios e cabos obsoletos de rua do bairro Compensa"},{"@type":"BreadcrumbList","@id":"https:\/\/www.manaus.am.gov.br\/implurb\/prefeitura-implurb-retiradafiosecabosobsoletos\/#breadcrumb","itemListElement":[{"@type":"ListItem","position":1,"name":"Home","item":"https:\/\/www.manaus.am.gov.br\/implurb\/"},{"@type":"ListItem","position":2,"name":"Prefeitura de Manaus chega \u00e0 marca de 8 toneladas de fios e cabos obsoletos removidos"}]},{"@type":"WebSite","@id":"https:\/\/www.manaus.am.gov.br\/implurb\/#website","url":"https:\/\/www.manaus.am.gov.br\/implurb\/","name":"IMPLURB","description":"Prefeitura de Manaus","potentialAction":[{"@type":"SearchAction","target":{"@type":"EntryPoint","urlTemplate":"https:\/\/www.manaus.am.gov.br\/implurb\/?s={search_term_string}"},"query-input":"required name=search_term_string"}],"inLanguage":"pt-BR"},{"@type":"Person","@id":"https:\/\/www.manaus.am.gov.br\/implurb\/#\/schema\/person\/4e49f4e267757a06ca072ec61b2b9968","name":"Adriana Costa","image":{"@type":"ImageObject","inLanguage":"pt-BR","@id":"https:\/\/www.manaus.am.gov.br\/implurb\/#\/schema\/person\/image\/","url":"https:\/\/secure.gravatar.com\/avatar\/576258617ef7194f718179e766d57bd4?s=96&d=mm&r=g","contentUrl":"https:\/\/secure.gravatar.com\/avatar\/576258617ef7194f718179e766d57bd4?s=96&d=mm&r=g","caption":"Adriana Costa"}}]}},"_links":{"self":[{"href":"https:\/\/www.manaus.am.gov.br\/implurb\/wp-json\/wp\/v2\/posts\/7162"}],"collection":[{"href":"https:\/\/www.manaus.am.gov.br\/implurb\/wp-json\/wp\/v2\/posts"}],"about":[{"href":"https:\/\/www.manaus.am.gov.br\/implurb\/wp-json\/wp\/v2\/types\/post"}],"author":[{"embeddable":true,"href":"https:\/\/www.manaus.am.gov.br\/implurb\/wp-json\/wp\/v2\/users\/23"}],"replies":[{"embeddable":true,"href":"https:\/\/www.manaus.am.gov.br\/implurb\/wp-json\/wp\/v2\/comments?post=7162"}],"version-history":[{"count":0,"href":"https:\/\/www.manaus.am.gov.br\/implurb\/wp-json\/wp\/v2\/posts\/7162\/revisions"}],"wp:featuredmedia":[{"embeddable":true,"href":"https:\/\/www.manaus.am.gov.br\/implurb\/wp-json\/wp\/v2\/media\/7163"}],"wp:attachment":[{"href":"https:\/\/www.manaus.am.gov.br\/implurb\/wp-json\/wp\/v2\/media?parent=7162"}],"wp:term":[{"taxonomy":"category","embeddable":true,"href":"https:\/\/www.manaus.am.gov.br\/implurb\/wp-json\/wp\/v2\/categories?post=7162"},{"taxonomy":"post_tag","embeddable":true,"href":"https:\/\/www.manaus.am.gov.br\/implurb\/wp-json\/wp\/v2\/tags?post=7162"}],"curies":[{"name":"wp","href":"https:\/\/api.w.org\/{rel}","templated":true}]}}