{"id":7141,"date":"2025-11-05T13:13:52","date_gmt":"2025-11-05T17:13:52","guid":{"rendered":"https:\/\/www.manaus.am.gov.br\/implurb\/prefeitura-implurb-retiradafios-centro-2\/"},"modified":"2025-11-05T13:30:22","modified_gmt":"2025-11-05T17:30:22","slug":"prefeitura-implurb-retiradafios-centro-2","status":"publish","type":"post","link":"https:\/\/www.manaus.am.gov.br\/implurb\/prefeitura-implurb-retiradafios-centro-2\/","title":{"rendered":"Prefeitura de Manaus retoma retirada de fios e cabos e ultrapassa 7 toneladas de material removido no centro hist\u00f3rico"},"content":{"rendered":"\n<p>A Prefeitura de Manaus avan\u00e7a com as a\u00e7\u00f5es de revitaliza\u00e7\u00e3o urbana no centro hist\u00f3rico. Nesta quarta-feira, 5\/11, equipes da opera\u00e7\u00e3o de retirada de fios e cabos obsoletos voltaram \u00e0s ruas, alcan\u00e7ando a marca de 7 toneladas de material removido de postes em oito vias da \u00e1rea.<\/p>\n\n\n\n<p>A interven\u00e7\u00e3o mais recente ocorreu na avenida Joaquim Nabuco, no trecho do hospital Beneficente Portuguesa, entre as ruas 24 de Maio e 10 de Julho. A a\u00e7\u00e3o antecede o m\u00eas de homenagem \u00e0 Beneficente Portuguesa e visa manter a \u00e1rea organizada e com uma paisagem urbana mais limpa e segura.<\/p>\n\n\n\n<p>A iniciativa faz parte do programa \u201cMutir\u00e3o no Bairro\u201d, lan\u00e7ado pelo prefeito David Almeida, que re\u00fane o trabalho conjunto de 16 secretarias e \u00f3rg\u00e3os municipais e mais de 1.100 servidores. Tamb\u00e9m participam da a\u00e7\u00e3o a Amazonas Energia e empresas de telefonia, internet e l\u00f3gica.<\/p>\n\n\n\n<p>A opera\u00e7\u00e3o j\u00e1 contemplou importantes vias comerciais, como a rua Marc\u00edlio Dias, rua Doutor Moreira, rua Guilherme Moreira, rua Marechal Deodoro, rua Quintino Bocai\u00fava, travessa do Com\u00e9rcio e avenida Eduardo Ribeiro.<\/p>\n\n\n\n<p>\u201cHoje, a retirada dos cabos obsoletos \u00e9 na avenida Joaquim Nabuco, naquele quarteir\u00e3o do hospital Beneficente Portuguesa. Durante o m\u00eas de novembro, haver\u00e1 um evento em homenagem \u00e0 institui\u00e7\u00e3o e, como forma de manter o entorno organizado e com boa paisagem urbana, estendemos nossa a\u00e7\u00e3o para essa \u00e1rea. Essa \u00e9 a primeira etapa de novembro\u201d, destacou o vice-presidente do Implurb, Ant\u00f4nio Peixoto.<\/p>\n\n\n\n<p>O Instituto Municipal de Planejamento Urbano (Implurb) seguir\u00e1 com novas etapas do trabalho de revitaliza\u00e7\u00e3o, ampliando as frentes de atua\u00e7\u00e3o no Centro e priorizando a\u00e7\u00f5es de urbanismo, seguran\u00e7a e valoriza\u00e7\u00e3o do espa\u00e7o p\u00fablico. Ap\u00f3s a conclus\u00e3o das atividades no Centro, a Prefeitura de Manaus pretende expandir as opera\u00e7\u00f5es para outros bairros, que j\u00e1 est\u00e3o sendo mapeados pelas equipes t\u00e9cnicas.<\/p>\n\n\n\n<p>&#8212; &#8212; &#8212;<\/p>\n\n\n\n<p><strong>Texto<\/strong> \u2013 Divulga\u00e7\u00e3o \/ Implurb<\/p>\n\n\n\n<p><strong>Fotos<\/strong> \u2013 Jo\u00e3o Viana \/ Semcom<\/p>\n","protected":false},"excerpt":{"rendered":"","protected":false},"author":23,"featured_media":7142,"comment_status":"closed","ping_status":"closed","sticky":false,"template":"","format":"standard","meta":{"footnotes":""},"categories":[1918],"tags":[480,1968,11,1834,15],"acf":[],"yoast_head":"<!-- This site is optimized with the Yoast SEO plugin v23.0 - https:\/\/yoast.com\/wordpress\/plugins\/seo\/ -->\n<title>Prefeitura de Manaus retoma retirada de fios e cabos e ultrapassa 7 toneladas de material removido no centro hist\u00f3rico<\/title>\n<meta name=\"description\" content=\"A Prefeitura de Manaus avan\u00e7a com as a\u00e7\u00f5es de revitaliza\u00e7\u00e3o urbana no centro hist\u00f3rico. Nesta quarta-feira, 5\/11, equipes da opera\u00e7\u00e3o de retirada de fios e cabos obsoletos voltaram \u00e0s ruas, alcan\u00e7ando a marca de 7 toneladas de material removido de postes em oito vias da \u00e1rea.\" \/>\n<meta name=\"robots\" content=\"noindex, follow\" \/>\n<meta property=\"og:locale\" content=\"pt_BR\" \/>\n<meta property=\"og:type\" content=\"article\" \/>\n<meta property=\"og:title\" content=\"Prefeitura de Manaus retoma retirada de fios e cabos e ultrapassa 7 toneladas de material removido no centro hist\u00f3rico\" \/>\n<meta property=\"og:description\" content=\"A Prefeitura de Manaus avan\u00e7a com as a\u00e7\u00f5es de revitaliza\u00e7\u00e3o urbana no centro hist\u00f3rico. Nesta quarta-feira, 5\/11, equipes da opera\u00e7\u00e3o de retirada de fios e cabos obsoletos voltaram \u00e0s ruas, alcan\u00e7ando a marca de 7 toneladas de material removido de postes em oito vias da \u00e1rea.\" \/>\n<meta property=\"og:url\" content=\"https:\/\/www.manaus.am.gov.br\/implurb\/prefeitura-implurb-retiradafios-centro-2\/\" \/>\n<meta property=\"og:site_name\" content=\"IMPLURB\" \/>\n<meta property=\"article:published_time\" content=\"2025-11-05T17:13:52+00:00\" \/>\n<meta property=\"article:modified_time\" content=\"2025-11-05T17:30:22+00:00\" \/>\n<meta property=\"og:image\" content=\"https:\/\/www.manaus.am.gov.br\/implurb\/wp-content\/uploads\/sites\/13\/2025\/11\/54904104999_16be809caf_o.jpg\" \/>\n\t<meta property=\"og:image:width\" content=\"5000\" \/>\n\t<meta property=\"og:image:height\" content=\"2813\" \/>\n\t<meta property=\"og:image:type\" content=\"image\/jpeg\" \/>\n<meta name=\"author\" content=\"Adriana Costa\" \/>\n<meta name=\"twitter:card\" content=\"summary_large_image\" \/>\n<meta name=\"twitter:label1\" content=\"Written by\" \/>\n\t<meta name=\"twitter:data1\" content=\"Adriana Costa\" \/>\n\t<meta name=\"twitter:label2\" content=\"Est. reading time\" \/>\n\t<meta name=\"twitter:data2\" content=\"2 minutos\" \/>\n<script type=\"application\/ld+json\" class=\"yoast-schema-graph\">{\"@context\":\"https:\/\/schema.org\",\"@graph\":[{\"@type\":\"WebPage\",\"@id\":\"https:\/\/www.manaus.am.gov.br\/implurb\/prefeitura-implurb-retiradafios-centro-2\/\",\"url\":\"https:\/\/www.manaus.am.gov.br\/implurb\/prefeitura-implurb-retiradafios-centro-2\/\",\"name\":\"Prefeitura de Manaus retoma retirada de fios e cabos e ultrapassa 7 toneladas de material removido no centro hist\u00f3rico\",\"isPartOf\":{\"@id\":\"https:\/\/www.manaus.am.gov.br\/implurb\/#website\"},\"primaryImageOfPage\":{\"@id\":\"https:\/\/www.manaus.am.gov.br\/implurb\/prefeitura-implurb-retiradafios-centro-2\/#primaryimage\"},\"image\":{\"@id\":\"https:\/\/www.manaus.am.gov.br\/implurb\/prefeitura-implurb-retiradafios-centro-2\/#primaryimage\"},\"thumbnailUrl\":\"https:\/\/www.manaus.am.gov.br\/implurb\/wp-content\/uploads\/sites\/13\/2025\/11\/54904104999_16be809caf_o.jpg\",\"datePublished\":\"2025-11-05T17:13:52+00:00\",\"dateModified\":\"2025-11-05T17:30:22+00:00\",\"author\":{\"@id\":\"https:\/\/www.manaus.am.gov.br\/implurb\/#\/schema\/person\/4e49f4e267757a06ca072ec61b2b9968\"},\"description\":\"A Prefeitura de Manaus avan\u00e7a com as a\u00e7\u00f5es de revitaliza\u00e7\u00e3o urbana no centro hist\u00f3rico. Nesta quarta-feira, 5\/11, equipes da opera\u00e7\u00e3o de retirada de fios e cabos obsoletos voltaram \u00e0s ruas, alcan\u00e7ando a marca de 7 toneladas de material removido de postes em oito vias da \u00e1rea.\",\"breadcrumb\":{\"@id\":\"https:\/\/www.manaus.am.gov.br\/implurb\/prefeitura-implurb-retiradafios-centro-2\/#breadcrumb\"},\"inLanguage\":\"pt-BR\",\"potentialAction\":[{\"@type\":\"ReadAction\",\"target\":[\"https:\/\/www.manaus.am.gov.br\/implurb\/prefeitura-implurb-retiradafios-centro-2\/\"]}]},{\"@type\":\"ImageObject\",\"inLanguage\":\"pt-BR\",\"@id\":\"https:\/\/www.manaus.am.gov.br\/implurb\/prefeitura-implurb-retiradafios-centro-2\/#primaryimage\",\"url\":\"https:\/\/www.manaus.am.gov.br\/implurb\/wp-content\/uploads\/sites\/13\/2025\/11\/54904104999_16be809caf_o.jpg\",\"contentUrl\":\"https:\/\/www.manaus.am.gov.br\/implurb\/wp-content\/uploads\/sites\/13\/2025\/11\/54904104999_16be809caf_o.jpg\",\"width\":5000,\"height\":2813,\"caption\":\"#paratodosverem - Imagem mostra homem pendurando em escada, retirando fios e cabos obsoletos, nas proximidades do hospital Beneficente Portuguesa\"},{\"@type\":\"BreadcrumbList\",\"@id\":\"https:\/\/www.manaus.am.gov.br\/implurb\/prefeitura-implurb-retiradafios-centro-2\/#breadcrumb\",\"itemListElement\":[{\"@type\":\"ListItem\",\"position\":1,\"name\":\"Home\",\"item\":\"https:\/\/www.manaus.am.gov.br\/implurb\/\"},{\"@type\":\"ListItem\",\"position\":2,\"name\":\"Prefeitura de Manaus retoma retirada de fios e cabos e ultrapassa 7 toneladas de material removido no centro hist\u00f3rico\"}]},{\"@type\":\"WebSite\",\"@id\":\"https:\/\/www.manaus.am.gov.br\/implurb\/#website\",\"url\":\"https:\/\/www.manaus.am.gov.br\/implurb\/\",\"name\":\"IMPLURB\",\"description\":\"Prefeitura de Manaus\",\"potentialAction\":[{\"@type\":\"SearchAction\",\"target\":{\"@type\":\"EntryPoint\",\"urlTemplate\":\"https:\/\/www.manaus.am.gov.br\/implurb\/?s={search_term_string}\"},\"query-input\":\"required name=search_term_string\"}],\"inLanguage\":\"pt-BR\"},{\"@type\":\"Person\",\"@id\":\"https:\/\/www.manaus.am.gov.br\/implurb\/#\/schema\/person\/4e49f4e267757a06ca072ec61b2b9968\",\"name\":\"Adriana Costa\",\"image\":{\"@type\":\"ImageObject\",\"inLanguage\":\"pt-BR\",\"@id\":\"https:\/\/www.manaus.am.gov.br\/implurb\/#\/schema\/person\/image\/\",\"url\":\"https:\/\/secure.gravatar.com\/avatar\/576258617ef7194f718179e766d57bd4?s=96&d=mm&r=g\",\"contentUrl\":\"https:\/\/secure.gravatar.com\/avatar\/576258617ef7194f718179e766d57bd4?s=96&d=mm&r=g\",\"caption\":\"Adriana Costa\"}}]}<\/script>\n<!-- \/ Yoast SEO plugin. -->","yoast_head_json":{"title":"Prefeitura de Manaus retoma retirada de fios e cabos e ultrapassa 7 toneladas de material removido no centro hist\u00f3rico","description":"A Prefeitura de Manaus avan\u00e7a com as a\u00e7\u00f5es de revitaliza\u00e7\u00e3o urbana no centro hist\u00f3rico. Nesta quarta-feira, 5\/11, equipes da opera\u00e7\u00e3o de retirada de fios e cabos obsoletos voltaram \u00e0s ruas, alcan\u00e7ando a marca de 7 toneladas de material removido de postes em oito vias da \u00e1rea.","robots":{"index":"noindex","follow":"follow"},"og_locale":"pt_BR","og_type":"article","og_title":"Prefeitura de Manaus retoma retirada de fios e cabos e ultrapassa 7 toneladas de material removido no centro hist\u00f3rico","og_description":"A Prefeitura de Manaus avan\u00e7a com as a\u00e7\u00f5es de revitaliza\u00e7\u00e3o urbana no centro hist\u00f3rico. Nesta quarta-feira, 5\/11, equipes da opera\u00e7\u00e3o de retirada de fios e cabos obsoletos voltaram \u00e0s ruas, alcan\u00e7ando a marca de 7 toneladas de material removido de postes em oito vias da \u00e1rea.","og_url":"https:\/\/www.manaus.am.gov.br\/implurb\/prefeitura-implurb-retiradafios-centro-2\/","og_site_name":"IMPLURB","article_published_time":"2025-11-05T17:13:52+00:00","article_modified_time":"2025-11-05T17:30:22+00:00","og_image":[{"url":"https:\/\/www.manaus.am.gov.br\/implurb\/wp-content\/uploads\/sites\/13\/2025\/11\/54904104999_16be809caf_o.jpg","width":5000,"height":2813,"type":"image\/jpeg"}],"author":"Adriana Costa","twitter_card":"summary_large_image","twitter_misc":{"Written by":"Adriana Costa","Est. reading time":"2 minutos"},"schema":{"@context":"https:\/\/schema.org","@graph":[{"@type":"WebPage","@id":"https:\/\/www.manaus.am.gov.br\/implurb\/prefeitura-implurb-retiradafios-centro-2\/","url":"https:\/\/www.manaus.am.gov.br\/implurb\/prefeitura-implurb-retiradafios-centro-2\/","name":"Prefeitura de Manaus retoma retirada de fios e cabos e ultrapassa 7 toneladas de material removido no centro hist\u00f3rico","isPartOf":{"@id":"https:\/\/www.manaus.am.gov.br\/implurb\/#website"},"primaryImageOfPage":{"@id":"https:\/\/www.manaus.am.gov.br\/implurb\/prefeitura-implurb-retiradafios-centro-2\/#primaryimage"},"image":{"@id":"https:\/\/www.manaus.am.gov.br\/implurb\/prefeitura-implurb-retiradafios-centro-2\/#primaryimage"},"thumbnailUrl":"https:\/\/www.manaus.am.gov.br\/implurb\/wp-content\/uploads\/sites\/13\/2025\/11\/54904104999_16be809caf_o.jpg","datePublished":"2025-11-05T17:13:52+00:00","dateModified":"2025-11-05T17:30:22+00:00","author":{"@id":"https:\/\/www.manaus.am.gov.br\/implurb\/#\/schema\/person\/4e49f4e267757a06ca072ec61b2b9968"},"description":"A Prefeitura de Manaus avan\u00e7a com as a\u00e7\u00f5es de revitaliza\u00e7\u00e3o urbana no centro hist\u00f3rico. Nesta quarta-feira, 5\/11, equipes da opera\u00e7\u00e3o de retirada de fios e cabos obsoletos voltaram \u00e0s ruas, alcan\u00e7ando a marca de 7 toneladas de material removido de postes em oito vias da \u00e1rea.","breadcrumb":{"@id":"https:\/\/www.manaus.am.gov.br\/implurb\/prefeitura-implurb-retiradafios-centro-2\/#breadcrumb"},"inLanguage":"pt-BR","potentialAction":[{"@type":"ReadAction","target":["https:\/\/www.manaus.am.gov.br\/implurb\/prefeitura-implurb-retiradafios-centro-2\/"]}]},{"@type":"ImageObject","inLanguage":"pt-BR","@id":"https:\/\/www.manaus.am.gov.br\/implurb\/prefeitura-implurb-retiradafios-centro-2\/#primaryimage","url":"https:\/\/www.manaus.am.gov.br\/implurb\/wp-content\/uploads\/sites\/13\/2025\/11\/54904104999_16be809caf_o.jpg","contentUrl":"https:\/\/www.manaus.am.gov.br\/implurb\/wp-content\/uploads\/sites\/13\/2025\/11\/54904104999_16be809caf_o.jpg","width":5000,"height":2813,"caption":"#paratodosverem - Imagem mostra homem pendurando em escada, retirando fios e cabos obsoletos, nas proximidades do hospital Beneficente Portuguesa"},{"@type":"BreadcrumbList","@id":"https:\/\/www.manaus.am.gov.br\/implurb\/prefeitura-implurb-retiradafios-centro-2\/#breadcrumb","itemListElement":[{"@type":"ListItem","position":1,"name":"Home","item":"https:\/\/www.manaus.am.gov.br\/implurb\/"},{"@type":"ListItem","position":2,"name":"Prefeitura de Manaus retoma retirada de fios e cabos e ultrapassa 7 toneladas de material removido no centro hist\u00f3rico"}]},{"@type":"WebSite","@id":"https:\/\/www.manaus.am.gov.br\/implurb\/#website","url":"https:\/\/www.manaus.am.gov.br\/implurb\/","name":"IMPLURB","description":"Prefeitura de Manaus","potentialAction":[{"@type":"SearchAction","target":{"@type":"EntryPoint","urlTemplate":"https:\/\/www.manaus.am.gov.br\/implurb\/?s={search_term_string}"},"query-input":"required name=search_term_string"}],"inLanguage":"pt-BR"},{"@type":"Person","@id":"https:\/\/www.manaus.am.gov.br\/implurb\/#\/schema\/person\/4e49f4e267757a06ca072ec61b2b9968","name":"Adriana Costa","image":{"@type":"ImageObject","inLanguage":"pt-BR","@id":"https:\/\/www.manaus.am.gov.br\/implurb\/#\/schema\/person\/image\/","url":"https:\/\/secure.gravatar.com\/avatar\/576258617ef7194f718179e766d57bd4?s=96&d=mm&r=g","contentUrl":"https:\/\/secure.gravatar.com\/avatar\/576258617ef7194f718179e766d57bd4?s=96&d=mm&r=g","caption":"Adriana Costa"}}]}},"_links":{"self":[{"href":"https:\/\/www.manaus.am.gov.br\/implurb\/wp-json\/wp\/v2\/posts\/7141"}],"collection":[{"href":"https:\/\/www.manaus.am.gov.br\/implurb\/wp-json\/wp\/v2\/posts"}],"about":[{"href":"https:\/\/www.manaus.am.gov.br\/implurb\/wp-json\/wp\/v2\/types\/post"}],"author":[{"embeddable":true,"href":"https:\/\/www.manaus.am.gov.br\/implurb\/wp-json\/wp\/v2\/users\/23"}],"replies":[{"embeddable":true,"href":"https:\/\/www.manaus.am.gov.br\/implurb\/wp-json\/wp\/v2\/comments?post=7141"}],"version-history":[{"count":1,"href":"https:\/\/www.manaus.am.gov.br\/implurb\/wp-json\/wp\/v2\/posts\/7141\/revisions"}],"predecessor-version":[{"id":7143,"href":"https:\/\/www.manaus.am.gov.br\/implurb\/wp-json\/wp\/v2\/posts\/7141\/revisions\/7143"}],"wp:featuredmedia":[{"embeddable":true,"href":"https:\/\/www.manaus.am.gov.br\/implurb\/wp-json\/wp\/v2\/media\/7142"}],"wp:attachment":[{"href":"https:\/\/www.manaus.am.gov.br\/implurb\/wp-json\/wp\/v2\/media?parent=7141"}],"wp:term":[{"taxonomy":"category","embeddable":true,"href":"https:\/\/www.manaus.am.gov.br\/implurb\/wp-json\/wp\/v2\/categories?post=7141"},{"taxonomy":"post_tag","embeddable":true,"href":"https:\/\/www.manaus.am.gov.br\/implurb\/wp-json\/wp\/v2\/tags?post=7141"}],"curies":[{"name":"wp","href":"https:\/\/api.w.org\/{rel}","templated":true}]}}