{"id":7039,"date":"2025-10-22T17:56:33","date_gmt":"2025-10-22T21:56:33","guid":{"rendered":"https:\/\/www.manaus.am.gov.br\/implurb\/mobilizacao-implurb-outubro-rosa\/"},"modified":"2025-10-22T17:56:33","modified_gmt":"2025-10-22T21:56:33","slug":"mobilizacao-implurb-outubro-rosa","status":"publish","type":"post","link":"https:\/\/www.manaus.am.gov.br\/implurb\/mobilizacao-implurb-outubro-rosa\/","title":{"rendered":"Prefeitura de Manaus mobiliza servidores do Implurb para a import\u00e2ncia do \u2018Outubro Rosa\u2019"},"content":{"rendered":"\n<p>Como parte das a\u00e7\u00f5es do \u201cOutubro Rosa\u201d, a Prefeitura de Manaus, por meio do Instituto Municipal de Planejamento Urbano (Implurb), nesta ter\u00e7a-feira, 21\/10, mobilizou os servidores com vestimentas na cor rosa e adornou os corredores e salas do \u00f3rg\u00e3o na mesma paleta. A iniciativa \u00e9 um gesto coletivo e simb\u00f3lico para ressaltar esse movimento internacional, que refor\u00e7a a import\u00e2ncia da preven\u00e7\u00e3o e do diagn\u00f3stico precoce do c\u00e2ncer de mama.<\/p>\n\n\n\n<p>\u201cO Implurb est\u00e1 vestindo a camisa rosa para lembrar a import\u00e2ncia da preven\u00e7\u00e3o contra o c\u00e2ncer de mama, do autoexame e do diagn\u00f3stico precoce. Nosso objetivo \u00e9 conscientizar as mulheres e toda a sociedade neste outubro t\u00e3o importante\u201d, destacou a servidora do Implurb, arquiteta e urbanista A\u00edda Di\u00f3genes.<\/p>\n\n\n\n<p>O \u201cOutubro Rosa\u201d surgiu na d\u00e9cada de 1990 e, desde ent\u00e3o, se tornou um dos maiores movimentos de conscientiza\u00e7\u00e3o em todo o mundo. A cor rosa foi adotada como s\u00edmbolo da causa, representando empatia, solidariedade e cuidado. A campanha busca chamar a aten\u00e7\u00e3o para a necessidade de realizar exames peri\u00f3dicos e de manter h\u00e1bitos saud\u00e1veis como forma de preven\u00e7\u00e3o.<\/p>\n\n\n\n<p>Segundo o Instituto Nacional de C\u00e2ncer (Inca), o c\u00e2ncer de mama \u00e9 o tipo mais frequente entre as mulheres no Brasil, correspondendo a cerca de 24,5% dos novos casos registrados anualmente. Neste ano, o Brasil deve registrar 73.610 novos casos da doen\u00e7a.<\/p>\n\n\n\n<p>\u201cQueremos que o \u2018Outubro Rosa\u2019 seja mais do que um m\u00eas de alerta, que ele se transforme em um movimento permanente de cuidado e conscientiza\u00e7\u00e3o. Quando falamos de preven\u00e7\u00e3o, falamos de amor, de responsabilidade e de empoderamento. A informa\u00e7\u00e3o salva vidas, e \u00e9 isso que queremos refor\u00e7ar, que cuidar de si \u00e9 tamb\u00e9m um gesto de for\u00e7a e de esperan\u00e7a\u201d, afirmou o diretor-presidente do Implurb, Carlos Valente.<\/p>\n\n\n\n<p><strong>Diagn\u00f3stico precoce salva vidas<\/strong><\/p>\n\n\n\n<p>A mamografia \u00e9 o principal exame para detec\u00e7\u00e3o precoce do c\u00e2ncer de mama, permitindo a identifica\u00e7\u00e3o de altera\u00e7\u00f5es mesmo antes de surgirem sintomas vis\u00edveis, aumentando as chances de sucesso no tratamento e de cura.<\/p>\n\n\n\n<p>Estudos do Inca indicam que o exame pode reduzir a mortalidade por c\u00e2ncer de mama em at\u00e9 30% entre mulheres de 50 a 69 anos. O Minist\u00e9rio da Sa\u00fade recomenda que mulheres dessa faixa et\u00e1ria realizem o exame a cada dois anos, enquanto as Sociedades M\u00e9dicas orientam a mamografia anual a partir dos 40 anos.<\/p>\n\n\n\n<p>Al\u00e9m dos exames, h\u00e1bitos saud\u00e1veis s\u00e3o aliados na preven\u00e7\u00e3o da doen\u00e7a. Manter uma alimenta\u00e7\u00e3o equilibrada, praticar atividade f\u00edsica regular, evitar o consumo excessivo de \u00e1lcool e manter o peso adequado ajudam a reduzir o risco de c\u00e2ncer de mama.<\/p>\n\n\n\n<p><strong>Um gesto de cuidado<\/strong><\/p>\n\n\n\n<p>Durante todo o m\u00eas de outubro, o Implurb refor\u00e7a seu compromisso com a valoriza\u00e7\u00e3o da vida e da sa\u00fade. Se vestir de rosa \u00e9 mais do que uma a\u00e7\u00e3o simb\u00f3lica, \u00e9 um lembrete de que cuidar de si \u00e9 o primeiro passo para continuar cuidando do outro.<\/p>\n\n\n\n<figure class=\"wp-block-image size-large\"><img decoding=\"async\" src=\"https:\/\/www.manaus.am.gov.br\/implurb\/wp-content\/uploads\/sites\/13\/2025\/10\/54873257574_7d64ba65ab_k-1024x683.jpg\" alt=\"\" class=\"wp-image-7041\" \/><\/figure>\n\n\n\n<p>&#8212; &#8212; &#8212;<\/p>\n\n\n\n<p><strong>Texto&nbsp;<\/strong>\u2013 Claudia do Valle\/Implurb<\/p>\n\n\n\n<p><strong>Fotos&nbsp;<\/strong>\u2013 Valdo Le\u00e3o\/Semcom<\/p>\n\n\n\n<p><strong>Dispon\u00edveis em &#8211; <\/strong><a href=\"https:\/\/flic.kr\/s\/aHBqjCydvy\">https:\/\/flic.kr\/s\/aHBqjCydvy<\/a><\/p>\n","protected":false},"excerpt":{"rendered":"","protected":false},"author":39,"featured_media":7040,"comment_status":"closed","ping_status":"closed","sticky":false,"template":"","format":"standard","meta":{"footnotes":""},"categories":[1961],"tags":[11,1962,1963,15,1964],"acf":[],"yoast_head":"<!-- This site is optimized with the Yoast SEO plugin v23.0 - https:\/\/yoast.com\/wordpress\/plugins\/seo\/ -->\n<title>Prefeitura mobiliza servidores do Implurb para a import\u00e2ncia do \u2018Outubro Rosa\u2019<\/title>\n<meta name=\"description\" content=\"Prefeitura de Manaus mobiliza servidores do Implurb para a import\u00e2ncia do \u2018Outubro Rosa\u2019 nesta ter\u00e7a-feira, 21\/10.\" \/>\n<meta name=\"robots\" content=\"noindex, follow\" \/>\n<meta property=\"og:locale\" content=\"pt_BR\" \/>\n<meta property=\"og:type\" content=\"article\" \/>\n<meta property=\"og:title\" content=\"Prefeitura mobiliza servidores do Implurb para a import\u00e2ncia do \u2018Outubro Rosa\u2019\" \/>\n<meta property=\"og:description\" content=\"Prefeitura de Manaus mobiliza servidores do Implurb para a import\u00e2ncia do \u2018Outubro Rosa\u2019 nesta ter\u00e7a-feira, 21\/10.\" \/>\n<meta property=\"og:url\" content=\"https:\/\/www.manaus.am.gov.br\/implurb\/mobilizacao-implurb-outubro-rosa\/\" \/>\n<meta property=\"og:site_name\" content=\"IMPLURB\" \/>\n<meta property=\"article:published_time\" content=\"2025-10-22T21:56:33+00:00\" \/>\n<meta property=\"og:image\" content=\"https:\/\/www.manaus.am.gov.br\/implurb\/wp-content\/uploads\/sites\/13\/2025\/10\/54873244118_a6efec11ff_k.jpg\" \/>\n\t<meta property=\"og:image:width\" content=\"2048\" \/>\n\t<meta property=\"og:image:height\" content=\"1365\" \/>\n\t<meta property=\"og:image:type\" content=\"image\/jpeg\" \/>\n<meta name=\"author\" content=\"Bruna Greco\" \/>\n<meta name=\"twitter:card\" content=\"summary_large_image\" \/>\n<meta name=\"twitter:label1\" content=\"Written by\" \/>\n\t<meta name=\"twitter:data1\" content=\"Bruna Greco\" \/>\n\t<meta name=\"twitter:label2\" content=\"Est. reading time\" \/>\n\t<meta name=\"twitter:data2\" content=\"4 minutos\" \/>\n<script type=\"application\/ld+json\" class=\"yoast-schema-graph\">{\"@context\":\"https:\/\/schema.org\",\"@graph\":[{\"@type\":\"WebPage\",\"@id\":\"https:\/\/www.manaus.am.gov.br\/implurb\/mobilizacao-implurb-outubro-rosa\/\",\"url\":\"https:\/\/www.manaus.am.gov.br\/implurb\/mobilizacao-implurb-outubro-rosa\/\",\"name\":\"Prefeitura mobiliza servidores do Implurb para a import\u00e2ncia do \u2018Outubro Rosa\u2019\",\"isPartOf\":{\"@id\":\"https:\/\/www.manaus.am.gov.br\/implurb\/#website\"},\"primaryImageOfPage\":{\"@id\":\"https:\/\/www.manaus.am.gov.br\/implurb\/mobilizacao-implurb-outubro-rosa\/#primaryimage\"},\"image\":{\"@id\":\"https:\/\/www.manaus.am.gov.br\/implurb\/mobilizacao-implurb-outubro-rosa\/#primaryimage\"},\"thumbnailUrl\":\"https:\/\/www.manaus.am.gov.br\/implurb\/wp-content\/uploads\/sites\/13\/2025\/10\/54873244118_a6efec11ff_k.jpg\",\"datePublished\":\"2025-10-22T21:56:33+00:00\",\"dateModified\":\"2025-10-22T21:56:33+00:00\",\"author\":{\"@id\":\"https:\/\/www.manaus.am.gov.br\/implurb\/#\/schema\/person\/05d223aea2bf115f9883a6ff3683d81b\"},\"description\":\"Prefeitura de Manaus mobiliza servidores do Implurb para a import\u00e2ncia do \u2018Outubro Rosa\u2019 nesta ter\u00e7a-feira, 21\/10.\",\"breadcrumb\":{\"@id\":\"https:\/\/www.manaus.am.gov.br\/implurb\/mobilizacao-implurb-outubro-rosa\/#breadcrumb\"},\"inLanguage\":\"pt-BR\",\"potentialAction\":[{\"@type\":\"ReadAction\",\"target\":[\"https:\/\/www.manaus.am.gov.br\/implurb\/mobilizacao-implurb-outubro-rosa\/\"]}]},{\"@type\":\"ImageObject\",\"inLanguage\":\"pt-BR\",\"@id\":\"https:\/\/www.manaus.am.gov.br\/implurb\/mobilizacao-implurb-outubro-rosa\/#primaryimage\",\"url\":\"https:\/\/www.manaus.am.gov.br\/implurb\/wp-content\/uploads\/sites\/13\/2025\/10\/54873244118_a6efec11ff_k.jpg\",\"contentUrl\":\"https:\/\/www.manaus.am.gov.br\/implurb\/wp-content\/uploads\/sites\/13\/2025\/10\/54873244118_a6efec11ff_k.jpg\",\"width\":2048,\"height\":1365,\"caption\":\"#paratodosverem - Servidores do Implurb vestidos na cor rosa para refor\u00e7ar a import\u00e2ncia do \\\"Outubro Rosa\\\"\"},{\"@type\":\"BreadcrumbList\",\"@id\":\"https:\/\/www.manaus.am.gov.br\/implurb\/mobilizacao-implurb-outubro-rosa\/#breadcrumb\",\"itemListElement\":[{\"@type\":\"ListItem\",\"position\":1,\"name\":\"Home\",\"item\":\"https:\/\/www.manaus.am.gov.br\/implurb\/\"},{\"@type\":\"ListItem\",\"position\":2,\"name\":\"Prefeitura de Manaus mobiliza servidores do Implurb para a import\u00e2ncia do \u2018Outubro Rosa\u2019\"}]},{\"@type\":\"WebSite\",\"@id\":\"https:\/\/www.manaus.am.gov.br\/implurb\/#website\",\"url\":\"https:\/\/www.manaus.am.gov.br\/implurb\/\",\"name\":\"IMPLURB\",\"description\":\"Prefeitura de Manaus\",\"potentialAction\":[{\"@type\":\"SearchAction\",\"target\":{\"@type\":\"EntryPoint\",\"urlTemplate\":\"https:\/\/www.manaus.am.gov.br\/implurb\/?s={search_term_string}\"},\"query-input\":\"required name=search_term_string\"}],\"inLanguage\":\"pt-BR\"},{\"@type\":\"Person\",\"@id\":\"https:\/\/www.manaus.am.gov.br\/implurb\/#\/schema\/person\/05d223aea2bf115f9883a6ff3683d81b\",\"name\":\"Bruna Greco\",\"image\":{\"@type\":\"ImageObject\",\"inLanguage\":\"pt-BR\",\"@id\":\"https:\/\/www.manaus.am.gov.br\/implurb\/#\/schema\/person\/image\/\",\"url\":\"https:\/\/secure.gravatar.com\/avatar\/9c877d1a6adc2a055330e5c09a8653ce?s=96&d=mm&r=g\",\"contentUrl\":\"https:\/\/secure.gravatar.com\/avatar\/9c877d1a6adc2a055330e5c09a8653ce?s=96&d=mm&r=g\",\"caption\":\"Bruna Greco\"}}]}<\/script>\n<!-- \/ Yoast SEO plugin. -->","yoast_head_json":{"title":"Prefeitura mobiliza servidores do Implurb para a import\u00e2ncia do \u2018Outubro Rosa\u2019","description":"Prefeitura de Manaus mobiliza servidores do Implurb para a import\u00e2ncia do \u2018Outubro Rosa\u2019 nesta ter\u00e7a-feira, 21\/10.","robots":{"index":"noindex","follow":"follow"},"og_locale":"pt_BR","og_type":"article","og_title":"Prefeitura mobiliza servidores do Implurb para a import\u00e2ncia do \u2018Outubro Rosa\u2019","og_description":"Prefeitura de Manaus mobiliza servidores do Implurb para a import\u00e2ncia do \u2018Outubro Rosa\u2019 nesta ter\u00e7a-feira, 21\/10.","og_url":"https:\/\/www.manaus.am.gov.br\/implurb\/mobilizacao-implurb-outubro-rosa\/","og_site_name":"IMPLURB","article_published_time":"2025-10-22T21:56:33+00:00","og_image":[{"width":2048,"height":1365,"url":"https:\/\/www.manaus.am.gov.br\/implurb\/wp-content\/uploads\/sites\/13\/2025\/10\/54873244118_a6efec11ff_k.jpg","type":"image\/jpeg"}],"author":"Bruna Greco","twitter_card":"summary_large_image","twitter_misc":{"Written by":"Bruna Greco","Est. reading time":"4 minutos"},"schema":{"@context":"https:\/\/schema.org","@graph":[{"@type":"WebPage","@id":"https:\/\/www.manaus.am.gov.br\/implurb\/mobilizacao-implurb-outubro-rosa\/","url":"https:\/\/www.manaus.am.gov.br\/implurb\/mobilizacao-implurb-outubro-rosa\/","name":"Prefeitura mobiliza servidores do Implurb para a import\u00e2ncia do \u2018Outubro Rosa\u2019","isPartOf":{"@id":"https:\/\/www.manaus.am.gov.br\/implurb\/#website"},"primaryImageOfPage":{"@id":"https:\/\/www.manaus.am.gov.br\/implurb\/mobilizacao-implurb-outubro-rosa\/#primaryimage"},"image":{"@id":"https:\/\/www.manaus.am.gov.br\/implurb\/mobilizacao-implurb-outubro-rosa\/#primaryimage"},"thumbnailUrl":"https:\/\/www.manaus.am.gov.br\/implurb\/wp-content\/uploads\/sites\/13\/2025\/10\/54873244118_a6efec11ff_k.jpg","datePublished":"2025-10-22T21:56:33+00:00","dateModified":"2025-10-22T21:56:33+00:00","author":{"@id":"https:\/\/www.manaus.am.gov.br\/implurb\/#\/schema\/person\/05d223aea2bf115f9883a6ff3683d81b"},"description":"Prefeitura de Manaus mobiliza servidores do Implurb para a import\u00e2ncia do \u2018Outubro Rosa\u2019 nesta ter\u00e7a-feira, 21\/10.","breadcrumb":{"@id":"https:\/\/www.manaus.am.gov.br\/implurb\/mobilizacao-implurb-outubro-rosa\/#breadcrumb"},"inLanguage":"pt-BR","potentialAction":[{"@type":"ReadAction","target":["https:\/\/www.manaus.am.gov.br\/implurb\/mobilizacao-implurb-outubro-rosa\/"]}]},{"@type":"ImageObject","inLanguage":"pt-BR","@id":"https:\/\/www.manaus.am.gov.br\/implurb\/mobilizacao-implurb-outubro-rosa\/#primaryimage","url":"https:\/\/www.manaus.am.gov.br\/implurb\/wp-content\/uploads\/sites\/13\/2025\/10\/54873244118_a6efec11ff_k.jpg","contentUrl":"https:\/\/www.manaus.am.gov.br\/implurb\/wp-content\/uploads\/sites\/13\/2025\/10\/54873244118_a6efec11ff_k.jpg","width":2048,"height":1365,"caption":"#paratodosverem - Servidores do Implurb vestidos na cor rosa para refor\u00e7ar a import\u00e2ncia do \"Outubro Rosa\""},{"@type":"BreadcrumbList","@id":"https:\/\/www.manaus.am.gov.br\/implurb\/mobilizacao-implurb-outubro-rosa\/#breadcrumb","itemListElement":[{"@type":"ListItem","position":1,"name":"Home","item":"https:\/\/www.manaus.am.gov.br\/implurb\/"},{"@type":"ListItem","position":2,"name":"Prefeitura de Manaus mobiliza servidores do Implurb para a import\u00e2ncia do \u2018Outubro Rosa\u2019"}]},{"@type":"WebSite","@id":"https:\/\/www.manaus.am.gov.br\/implurb\/#website","url":"https:\/\/www.manaus.am.gov.br\/implurb\/","name":"IMPLURB","description":"Prefeitura de Manaus","potentialAction":[{"@type":"SearchAction","target":{"@type":"EntryPoint","urlTemplate":"https:\/\/www.manaus.am.gov.br\/implurb\/?s={search_term_string}"},"query-input":"required name=search_term_string"}],"inLanguage":"pt-BR"},{"@type":"Person","@id":"https:\/\/www.manaus.am.gov.br\/implurb\/#\/schema\/person\/05d223aea2bf115f9883a6ff3683d81b","name":"Bruna Greco","image":{"@type":"ImageObject","inLanguage":"pt-BR","@id":"https:\/\/www.manaus.am.gov.br\/implurb\/#\/schema\/person\/image\/","url":"https:\/\/secure.gravatar.com\/avatar\/9c877d1a6adc2a055330e5c09a8653ce?s=96&d=mm&r=g","contentUrl":"https:\/\/secure.gravatar.com\/avatar\/9c877d1a6adc2a055330e5c09a8653ce?s=96&d=mm&r=g","caption":"Bruna Greco"}}]}},"_links":{"self":[{"href":"https:\/\/www.manaus.am.gov.br\/implurb\/wp-json\/wp\/v2\/posts\/7039"}],"collection":[{"href":"https:\/\/www.manaus.am.gov.br\/implurb\/wp-json\/wp\/v2\/posts"}],"about":[{"href":"https:\/\/www.manaus.am.gov.br\/implurb\/wp-json\/wp\/v2\/types\/post"}],"author":[{"embeddable":true,"href":"https:\/\/www.manaus.am.gov.br\/implurb\/wp-json\/wp\/v2\/users\/39"}],"replies":[{"embeddable":true,"href":"https:\/\/www.manaus.am.gov.br\/implurb\/wp-json\/wp\/v2\/comments?post=7039"}],"version-history":[{"count":1,"href":"https:\/\/www.manaus.am.gov.br\/implurb\/wp-json\/wp\/v2\/posts\/7039\/revisions"}],"predecessor-version":[{"id":7043,"href":"https:\/\/www.manaus.am.gov.br\/implurb\/wp-json\/wp\/v2\/posts\/7039\/revisions\/7043"}],"wp:featuredmedia":[{"embeddable":true,"href":"https:\/\/www.manaus.am.gov.br\/implurb\/wp-json\/wp\/v2\/media\/7040"}],"wp:attachment":[{"href":"https:\/\/www.manaus.am.gov.br\/implurb\/wp-json\/wp\/v2\/media?parent=7039"}],"wp:term":[{"taxonomy":"category","embeddable":true,"href":"https:\/\/www.manaus.am.gov.br\/implurb\/wp-json\/wp\/v2\/categories?post=7039"},{"taxonomy":"post_tag","embeddable":true,"href":"https:\/\/www.manaus.am.gov.br\/implurb\/wp-json\/wp\/v2\/tags?post=7039"}],"curies":[{"name":"wp","href":"https:\/\/api.w.org\/{rel}","templated":true}]}}