{"id":7022,"date":"2025-10-21T11:09:19","date_gmt":"2025-10-21T15:09:19","guid":{"rendered":"https:\/\/www.manaus.am.gov.br\/implurb\/projeto-niemeyer-parque-encontro-aguas\/"},"modified":"2025-10-21T11:24:17","modified_gmt":"2025-10-21T15:24:17","slug":"projeto-niemeyer-parque-encontro-aguas","status":"publish","type":"post","link":"https:\/\/www.manaus.am.gov.br\/implurb\/projeto-niemeyer-parque-encontro-aguas\/","title":{"rendered":"Projeto de Oscar Niemeyer vai ganhando forma no parque Encontro das \u00c1guas Rosa Almeida executado pela Prefeitura de Manaus"},"content":{"rendered":"\n<p>A primeira obra do renomado arquiteto Oscar Niemeyer no Amazonas, o parque Encontro das \u00c1guas Rosa Almeida, executado pela Prefeitura de Manaus, no bairro Col\u00f4nia Ant\u00f4nio Aleixo, zona Leste, segue em ritmo acelerado. O projeto, que ser\u00e1 um dos principais marcos tur\u00edsticos e culturais da capital, \u00e9 feito de curvas, um dos principais elementos utilizados por Niemeyer.<\/p>\n\n\n\n<p>O conjunto arquitet\u00f4nico, que se abre para o encontro dos rios Negro e Solim\u00f5es, com uma vista fant\u00e1stica e sem igual no Brasil, contar\u00e1 com uma oca que funcionar\u00e1 como museu e pavilh\u00e3o cultural e de multiuso. A obra desse espa\u00e7o avan\u00e7a com a finaliza\u00e7\u00e3o das funda\u00e7\u00f5es em estacas, evoluindo para a forma e armadura dos blocos de coroamento.<\/p>\n\n\n\n<p>O projeto teve escopo e \u00e1rea ampliada para a configura\u00e7\u00e3o de um parque urbano e tur\u00edstico pela equipe do Instituto Municipal de Planejamento Urbano (Implurb). Nesta segunda-feira, 20\/10, durante visita t\u00e9cnica ao canteiro de obras, o diretor-presidente do Implurb, engenheiro Carlos Valente, explicou que acompanhar&nbsp;<em>in loco<\/em>&nbsp;os trabalhos \u00e9 uma rotina que se intensifica.<\/p>\n\n\n\n<p>\u201cTrata-se de uma obra grandiosa, impactante e complexa, onde se trabalha em tempo integral para poder acelerar sua conclus\u00e3o. O espa\u00e7o gourmet com os quiosques, vai permitir que a popula\u00e7\u00e3o possa tomar um tacac\u00e1, comer um x-caboquinho, apreciando esta incr\u00edvel vista. Esta \u00e1rea deve estar conclu\u00edda entre 60 e 70 dias, j\u00e1 iniciando agora a cobertura\u201d, completou Valente.<\/p>\n\n\n\n<p>O diretor-presidente explicou que o cronograma est\u00e1 sendo acompanhado, com as obras da administra\u00e7\u00e3o, do restaurante e da oca em andamento, e iniciando a terceira etapa, al\u00e9m dos servi\u00e7os de conten\u00e7\u00e3o do talude.<\/p>\n\n\n\n<figure class=\"wp-block-image size-large\"><img decoding=\"async\" src=\"https:\/\/www.manaus.am.gov.br\/implurb\/wp-content\/uploads\/sites\/13\/2025\/10\/oscar-1024x683.jpeg\" alt=\"\" class=\"wp-image-7023\" \/><\/figure>\n\n\n\n<p><strong>Constru\u00e7\u00e3o<\/strong><\/p>\n\n\n\n<p>O vice-presidente do Implurb, Antonio Peixoto, refor\u00e7ou que se trata de uma constru\u00e7\u00e3o de grande porte, complexa e de import\u00e2ncia para Manaus, contando com esfor\u00e7os cont\u00ednuos e supera\u00e7\u00e3o.<\/p>\n\n\n\n<p>\u201cA obra&nbsp;est\u00e1 avan\u00e7ando em ritmo acelerado, superadas as etapas relacionadas \u00e0 arqueologia. Atualmente, estamos conduzindo a crava\u00e7\u00e3o das estacas-prancha e a aplica\u00e7\u00e3o do&nbsp;<em>jet grouting<\/em>&nbsp;para a estabiliza\u00e7\u00e3o do talude, que possui tr\u00eas n\u00edveis. Esta \u00e1rea proporcionar\u00e1 um espa\u00e7o de contempla\u00e7\u00e3o privilegiado do Encontro das \u00c1guas. Em breve, o Implurb realizar\u00e1 mais uma entrega significativa para a cidade de Manaus, oferecendo \u00e0 popula\u00e7\u00e3o um espa\u00e7o de lazer e contempla\u00e7\u00e3o deslumbrante\u201d, garantiu.<\/p>\n\n\n\n<p>Para o arquiteto e urbanista Pedro Paulo Cordeiro, diretor de Planejamento do instituto, o acompanhamento no canteiro de obras, al\u00e9m de cumprir etapas de fiscaliza\u00e7\u00e3o, tamb\u00e9m serve para informar \u00e0 popula\u00e7\u00e3o sobre os servi\u00e7os que est\u00e3o a pleno vapor. \u201cAl\u00e9m do projeto do Niemeyer, com a oca e o restaurante incrustado no terreno, teremos atrativos como playpet, playgrounds, academia ao ar livre, \u00e1reas bosqueadas e toda a exuber\u00e2ncia da vista \u00fanica deste plat\u00f4\u201d, completou.<\/p>\n\n\n\n<p>O parque Encontro das \u00c1guas envolve elementos que Oscar Niemeyer evidenciava com suas t\u00e9cnicas em prol da beleza dos edif\u00edcios e da est\u00e9tica do ambiente, no caso em Manaus da paisagem natural dos rios na Amaz\u00f4nia.<\/p>\n\n\n\n<p><strong>Empreendimento<\/strong><\/p>\n\n\n\n<p>O complexo ocupar\u00e1 17 mil metros quadrados de terreno e contar\u00e1 com quatro mil metros quadrados de \u00e1rea constru\u00edda.&nbsp;As equipes t\u00e9cnicas avan\u00e7am na conten\u00e7\u00e3o do talude, uma das etapas mais complexas da obra, com o uso de tecnologia de&nbsp;<em>jet grouting<\/em>, m\u00e9todo que refor\u00e7a o solo com colunas de concreto injetadas em alta press\u00e3o, e a instala\u00e7\u00e3o de estacas-prancha para garantir a estabilidade da encosta.<\/p>\n\n\n\n<p>Atualmente, a execu\u00e7\u00e3o est\u00e1 na quarta linha de\u00a0<em>jet grouting<\/em>, restando apenas cinco estacas para finalizar essa etapa. Na sequ\u00eancia, ser\u00e1 iniciada a quinta e \u00faltima linha, com 83 estacas. Em paralelo, a \u00e1rea recebe o processo de hidrossemeadura, que contribui para a prote\u00e7\u00e3o vegetal e controle da eros\u00e3o.<\/p>\n\n\n\n<figure class=\"wp-block-image size-large\"><img decoding=\"async\" src=\"https:\/\/www.manaus.am.gov.br\/implurb\/wp-content\/uploads\/sites\/13\/2025\/10\/oscar8-1024x768.jpeg\" alt=\"\" class=\"wp-image-7025\" \/><\/figure>\n\n\n\n<p>&#8212; &#8212; &#8212;<\/p>\n\n\n\n<p><strong>Texto<\/strong>\u00a0\u2013 Claudia do Valle\/Implurb<\/p>\n\n\n\n<p><strong>Fotos &#8211;<\/strong>\u00a0Dhyeizo Lemos \/ Semcom-Prefeito e Maxwell Oliveira\/Implurb<\/p>\n","protected":false},"excerpt":{"rendered":"","protected":false},"author":39,"featured_media":7024,"comment_status":"closed","ping_status":"closed","sticky":false,"template":"","format":"standard","meta":{"footnotes":""},"categories":[45],"tags":[250,11,961,15,1958],"acf":[],"yoast_head":"<!-- This site is optimized with the Yoast SEO plugin v23.0 - https:\/\/yoast.com\/wordpress\/plugins\/seo\/ -->\n<title>Projeto de Niemeyer vai ganhando forma no parque Encontro das \u00c1guas<\/title>\n<meta name=\"description\" content=\"Projeto de Oscar Niemeyer vai ganhando forma no parque Encontro das \u00c1guas Rosa Almeida executado pela Prefeitura de Manaus.\" \/>\n<meta name=\"robots\" content=\"noindex, follow\" \/>\n<meta property=\"og:locale\" content=\"pt_BR\" \/>\n<meta property=\"og:type\" content=\"article\" \/>\n<meta property=\"og:title\" content=\"Projeto de Niemeyer vai ganhando forma no parque Encontro das \u00c1guas\" \/>\n<meta property=\"og:description\" content=\"Projeto de Oscar Niemeyer vai ganhando forma no parque Encontro das \u00c1guas Rosa Almeida executado pela Prefeitura de Manaus.\" \/>\n<meta property=\"og:url\" content=\"https:\/\/www.manaus.am.gov.br\/implurb\/projeto-niemeyer-parque-encontro-aguas\/\" \/>\n<meta property=\"og:site_name\" content=\"IMPLURB\" \/>\n<meta property=\"article:published_time\" content=\"2025-10-21T15:09:19+00:00\" \/>\n<meta property=\"article:modified_time\" content=\"2025-10-21T15:24:17+00:00\" \/>\n<meta property=\"og:image\" content=\"https:\/\/www.manaus.am.gov.br\/implurb\/wp-content\/uploads\/sites\/13\/2025\/10\/oscar4.jpeg\" \/>\n\t<meta property=\"og:image:width\" content=\"4160\" \/>\n\t<meta property=\"og:image:height\" content=\"2737\" \/>\n\t<meta property=\"og:image:type\" content=\"image\/jpeg\" \/>\n<meta name=\"author\" content=\"Bruna Greco\" \/>\n<meta name=\"twitter:card\" content=\"summary_large_image\" \/>\n<meta name=\"twitter:label1\" content=\"Written by\" \/>\n\t<meta name=\"twitter:data1\" content=\"Bruna Greco\" \/>\n\t<meta name=\"twitter:label2\" content=\"Est. reading time\" \/>\n\t<meta name=\"twitter:data2\" content=\"4 minutos\" \/>\n<script type=\"application\/ld+json\" class=\"yoast-schema-graph\">{\"@context\":\"https:\/\/schema.org\",\"@graph\":[{\"@type\":\"WebPage\",\"@id\":\"https:\/\/www.manaus.am.gov.br\/implurb\/projeto-niemeyer-parque-encontro-aguas\/\",\"url\":\"https:\/\/www.manaus.am.gov.br\/implurb\/projeto-niemeyer-parque-encontro-aguas\/\",\"name\":\"Projeto de Niemeyer vai ganhando forma no parque Encontro das \u00c1guas\",\"isPartOf\":{\"@id\":\"https:\/\/www.manaus.am.gov.br\/implurb\/#website\"},\"primaryImageOfPage\":{\"@id\":\"https:\/\/www.manaus.am.gov.br\/implurb\/projeto-niemeyer-parque-encontro-aguas\/#primaryimage\"},\"image\":{\"@id\":\"https:\/\/www.manaus.am.gov.br\/implurb\/projeto-niemeyer-parque-encontro-aguas\/#primaryimage\"},\"thumbnailUrl\":\"https:\/\/www.manaus.am.gov.br\/implurb\/wp-content\/uploads\/sites\/13\/2025\/10\/oscar4.jpeg\",\"datePublished\":\"2025-10-21T15:09:19+00:00\",\"dateModified\":\"2025-10-21T15:24:17+00:00\",\"author\":{\"@id\":\"https:\/\/www.manaus.am.gov.br\/implurb\/#\/schema\/person\/05d223aea2bf115f9883a6ff3683d81b\"},\"description\":\"Projeto de Oscar Niemeyer vai ganhando forma no parque Encontro das \u00c1guas Rosa Almeida executado pela Prefeitura de Manaus.\",\"breadcrumb\":{\"@id\":\"https:\/\/www.manaus.am.gov.br\/implurb\/projeto-niemeyer-parque-encontro-aguas\/#breadcrumb\"},\"inLanguage\":\"pt-BR\",\"potentialAction\":[{\"@type\":\"ReadAction\",\"target\":[\"https:\/\/www.manaus.am.gov.br\/implurb\/projeto-niemeyer-parque-encontro-aguas\/\"]}]},{\"@type\":\"ImageObject\",\"inLanguage\":\"pt-BR\",\"@id\":\"https:\/\/www.manaus.am.gov.br\/implurb\/projeto-niemeyer-parque-encontro-aguas\/#primaryimage\",\"url\":\"https:\/\/www.manaus.am.gov.br\/implurb\/wp-content\/uploads\/sites\/13\/2025\/10\/oscar4.jpeg\",\"contentUrl\":\"https:\/\/www.manaus.am.gov.br\/implurb\/wp-content\/uploads\/sites\/13\/2025\/10\/oscar4.jpeg\",\"width\":4160,\"height\":2737,\"caption\":\"#paratodosverem - Imagem a\u00e9rea da obra realizada pela Prefeitura de Manaus no parque Encontro das \u00c1guas Rosa Almeida, bairro Col\u00f4nia Ant\u00f4nio Aleixo\"},{\"@type\":\"BreadcrumbList\",\"@id\":\"https:\/\/www.manaus.am.gov.br\/implurb\/projeto-niemeyer-parque-encontro-aguas\/#breadcrumb\",\"itemListElement\":[{\"@type\":\"ListItem\",\"position\":1,\"name\":\"Home\",\"item\":\"https:\/\/www.manaus.am.gov.br\/implurb\/\"},{\"@type\":\"ListItem\",\"position\":2,\"name\":\"Projeto de Oscar Niemeyer vai ganhando forma no parque Encontro das \u00c1guas Rosa Almeida executado pela Prefeitura de Manaus\"}]},{\"@type\":\"WebSite\",\"@id\":\"https:\/\/www.manaus.am.gov.br\/implurb\/#website\",\"url\":\"https:\/\/www.manaus.am.gov.br\/implurb\/\",\"name\":\"IMPLURB\",\"description\":\"Prefeitura de Manaus\",\"potentialAction\":[{\"@type\":\"SearchAction\",\"target\":{\"@type\":\"EntryPoint\",\"urlTemplate\":\"https:\/\/www.manaus.am.gov.br\/implurb\/?s={search_term_string}\"},\"query-input\":\"required name=search_term_string\"}],\"inLanguage\":\"pt-BR\"},{\"@type\":\"Person\",\"@id\":\"https:\/\/www.manaus.am.gov.br\/implurb\/#\/schema\/person\/05d223aea2bf115f9883a6ff3683d81b\",\"name\":\"Bruna Greco\",\"image\":{\"@type\":\"ImageObject\",\"inLanguage\":\"pt-BR\",\"@id\":\"https:\/\/www.manaus.am.gov.br\/implurb\/#\/schema\/person\/image\/\",\"url\":\"https:\/\/secure.gravatar.com\/avatar\/9c877d1a6adc2a055330e5c09a8653ce?s=96&d=mm&r=g\",\"contentUrl\":\"https:\/\/secure.gravatar.com\/avatar\/9c877d1a6adc2a055330e5c09a8653ce?s=96&d=mm&r=g\",\"caption\":\"Bruna Greco\"}}]}<\/script>\n<!-- \/ Yoast SEO plugin. -->","yoast_head_json":{"title":"Projeto de Niemeyer vai ganhando forma no parque Encontro das \u00c1guas","description":"Projeto de Oscar Niemeyer vai ganhando forma no parque Encontro das \u00c1guas Rosa Almeida executado pela Prefeitura de Manaus.","robots":{"index":"noindex","follow":"follow"},"og_locale":"pt_BR","og_type":"article","og_title":"Projeto de Niemeyer vai ganhando forma no parque Encontro das \u00c1guas","og_description":"Projeto de Oscar Niemeyer vai ganhando forma no parque Encontro das \u00c1guas Rosa Almeida executado pela Prefeitura de Manaus.","og_url":"https:\/\/www.manaus.am.gov.br\/implurb\/projeto-niemeyer-parque-encontro-aguas\/","og_site_name":"IMPLURB","article_published_time":"2025-10-21T15:09:19+00:00","article_modified_time":"2025-10-21T15:24:17+00:00","og_image":[{"width":4160,"height":2737,"url":"https:\/\/www.manaus.am.gov.br\/implurb\/wp-content\/uploads\/sites\/13\/2025\/10\/oscar4.jpeg","type":"image\/jpeg"}],"author":"Bruna Greco","twitter_card":"summary_large_image","twitter_misc":{"Written by":"Bruna Greco","Est. reading time":"4 minutos"},"schema":{"@context":"https:\/\/schema.org","@graph":[{"@type":"WebPage","@id":"https:\/\/www.manaus.am.gov.br\/implurb\/projeto-niemeyer-parque-encontro-aguas\/","url":"https:\/\/www.manaus.am.gov.br\/implurb\/projeto-niemeyer-parque-encontro-aguas\/","name":"Projeto de Niemeyer vai ganhando forma no parque Encontro das \u00c1guas","isPartOf":{"@id":"https:\/\/www.manaus.am.gov.br\/implurb\/#website"},"primaryImageOfPage":{"@id":"https:\/\/www.manaus.am.gov.br\/implurb\/projeto-niemeyer-parque-encontro-aguas\/#primaryimage"},"image":{"@id":"https:\/\/www.manaus.am.gov.br\/implurb\/projeto-niemeyer-parque-encontro-aguas\/#primaryimage"},"thumbnailUrl":"https:\/\/www.manaus.am.gov.br\/implurb\/wp-content\/uploads\/sites\/13\/2025\/10\/oscar4.jpeg","datePublished":"2025-10-21T15:09:19+00:00","dateModified":"2025-10-21T15:24:17+00:00","author":{"@id":"https:\/\/www.manaus.am.gov.br\/implurb\/#\/schema\/person\/05d223aea2bf115f9883a6ff3683d81b"},"description":"Projeto de Oscar Niemeyer vai ganhando forma no parque Encontro das \u00c1guas Rosa Almeida executado pela Prefeitura de Manaus.","breadcrumb":{"@id":"https:\/\/www.manaus.am.gov.br\/implurb\/projeto-niemeyer-parque-encontro-aguas\/#breadcrumb"},"inLanguage":"pt-BR","potentialAction":[{"@type":"ReadAction","target":["https:\/\/www.manaus.am.gov.br\/implurb\/projeto-niemeyer-parque-encontro-aguas\/"]}]},{"@type":"ImageObject","inLanguage":"pt-BR","@id":"https:\/\/www.manaus.am.gov.br\/implurb\/projeto-niemeyer-parque-encontro-aguas\/#primaryimage","url":"https:\/\/www.manaus.am.gov.br\/implurb\/wp-content\/uploads\/sites\/13\/2025\/10\/oscar4.jpeg","contentUrl":"https:\/\/www.manaus.am.gov.br\/implurb\/wp-content\/uploads\/sites\/13\/2025\/10\/oscar4.jpeg","width":4160,"height":2737,"caption":"#paratodosverem - Imagem a\u00e9rea da obra realizada pela Prefeitura de Manaus no parque Encontro das \u00c1guas Rosa Almeida, bairro Col\u00f4nia Ant\u00f4nio Aleixo"},{"@type":"BreadcrumbList","@id":"https:\/\/www.manaus.am.gov.br\/implurb\/projeto-niemeyer-parque-encontro-aguas\/#breadcrumb","itemListElement":[{"@type":"ListItem","position":1,"name":"Home","item":"https:\/\/www.manaus.am.gov.br\/implurb\/"},{"@type":"ListItem","position":2,"name":"Projeto de Oscar Niemeyer vai ganhando forma no parque Encontro das \u00c1guas Rosa Almeida executado pela Prefeitura de Manaus"}]},{"@type":"WebSite","@id":"https:\/\/www.manaus.am.gov.br\/implurb\/#website","url":"https:\/\/www.manaus.am.gov.br\/implurb\/","name":"IMPLURB","description":"Prefeitura de Manaus","potentialAction":[{"@type":"SearchAction","target":{"@type":"EntryPoint","urlTemplate":"https:\/\/www.manaus.am.gov.br\/implurb\/?s={search_term_string}"},"query-input":"required name=search_term_string"}],"inLanguage":"pt-BR"},{"@type":"Person","@id":"https:\/\/www.manaus.am.gov.br\/implurb\/#\/schema\/person\/05d223aea2bf115f9883a6ff3683d81b","name":"Bruna Greco","image":{"@type":"ImageObject","inLanguage":"pt-BR","@id":"https:\/\/www.manaus.am.gov.br\/implurb\/#\/schema\/person\/image\/","url":"https:\/\/secure.gravatar.com\/avatar\/9c877d1a6adc2a055330e5c09a8653ce?s=96&d=mm&r=g","contentUrl":"https:\/\/secure.gravatar.com\/avatar\/9c877d1a6adc2a055330e5c09a8653ce?s=96&d=mm&r=g","caption":"Bruna Greco"}}]}},"_links":{"self":[{"href":"https:\/\/www.manaus.am.gov.br\/implurb\/wp-json\/wp\/v2\/posts\/7022"}],"collection":[{"href":"https:\/\/www.manaus.am.gov.br\/implurb\/wp-json\/wp\/v2\/posts"}],"about":[{"href":"https:\/\/www.manaus.am.gov.br\/implurb\/wp-json\/wp\/v2\/types\/post"}],"author":[{"embeddable":true,"href":"https:\/\/www.manaus.am.gov.br\/implurb\/wp-json\/wp\/v2\/users\/39"}],"replies":[{"embeddable":true,"href":"https:\/\/www.manaus.am.gov.br\/implurb\/wp-json\/wp\/v2\/comments?post=7022"}],"version-history":[{"count":3,"href":"https:\/\/www.manaus.am.gov.br\/implurb\/wp-json\/wp\/v2\/posts\/7022\/revisions"}],"predecessor-version":[{"id":7034,"href":"https:\/\/www.manaus.am.gov.br\/implurb\/wp-json\/wp\/v2\/posts\/7022\/revisions\/7034"}],"wp:featuredmedia":[{"embeddable":true,"href":"https:\/\/www.manaus.am.gov.br\/implurb\/wp-json\/wp\/v2\/media\/7024"}],"wp:attachment":[{"href":"https:\/\/www.manaus.am.gov.br\/implurb\/wp-json\/wp\/v2\/media?parent=7022"}],"wp:term":[{"taxonomy":"category","embeddable":true,"href":"https:\/\/www.manaus.am.gov.br\/implurb\/wp-json\/wp\/v2\/categories?post=7022"},{"taxonomy":"post_tag","embeddable":true,"href":"https:\/\/www.manaus.am.gov.br\/implurb\/wp-json\/wp\/v2\/tags?post=7022"}],"curies":[{"name":"wp","href":"https:\/\/api.w.org\/{rel}","templated":true}]}}