{"id":7018,"date":"2025-10-20T16:11:04","date_gmt":"2025-10-20T20:11:04","guid":{"rendered":"https:\/\/www.manaus.am.gov.br\/implurb\/obras-do-parque-encontro-das-aguas\/"},"modified":"2025-10-20T16:11:06","modified_gmt":"2025-10-20T20:11:06","slug":"obras-do-parque-encontro-das-aguas","status":"publish","type":"post","link":"https:\/\/www.manaus.am.gov.br\/implurb\/obras-do-parque-encontro-das-aguas\/","title":{"rendered":"Prefeito David Almeida fiscaliza avan\u00e7o das obras do parque Encontro das \u00c1guas Rosa Almeida"},"content":{"rendered":"\n<p>O prefeito de <a href=\"https:\/\/www.instagram.com\/prefeiturademanaus\/\">Manaus<\/a>, David Almeida, acompanhou, na manh\u00e3 desta segunda-feira, 20\/10, a medi\u00e7\u00e3o das obras do parque Encontro das \u00c1guas Rosa Almeida, na zona Leste de Manaus. O empreendimento, projetado por Oscar Niemeyer, ser\u00e1 um dos principais marcos tur\u00edsticos e culturais da capital, integrando urbanismo moderno, valoriza\u00e7\u00e3o ambiental e patrim\u00f4nio hist\u00f3rico.<\/p>\n\n\n\n<p>O complexo, que ocupar\u00e1 17 mil metros quadrados de terreno e contar\u00e1 com 4 mil metros quadrados de \u00e1rea constru\u00edda, est\u00e1 localizado em um dos cen\u00e1rios mais emblem\u00e1ticos do pa\u00eds, o ponto de encontro dos rios Negro e Solim\u00f5es, tombado pelo Instituto do Patrim\u00f4nio Hist\u00f3rico e Art\u00edstico Nacional (Iphan), em 2010, por sua relev\u00e2ncia paisag\u00edstica e arqueol\u00f3gica.<\/p>\n\n\n\n<p>\u201cEstamos fazendo mais uma visita aqui no mirante Rosa Almeida Encontro das \u00c1guas, uma obra fant\u00e1stica assinada por Oscar Niemeyer. Sem d\u00favida alguma ser\u00e1 um dos grandes legados da nossa gest\u00e3o. Este ser\u00e1 um dos pontos tur\u00edsticos mais visitados da cidade de Manaus. Aguardem, no meio do ano que vem, mais uma grande obra para a cidade\u201d, destacou Almeida.<\/p>\n\n\n\n<p>O parque Encontro das \u00c1guas Rosa Almeida contempla uma ampla infraestrutura voltada ao lazer, turismo e conviv\u00eancia. Al\u00e9m do mirante panor\u00e2mico, o projeto inclui restaurante, \u00e1rea gourmet, museu, playground, academia ao ar livre, \u00e1rea pet, estacionamento acess\u00edvel e o pavilh\u00e3o cultural conhecido como \u201cOca Niemeyer\u201d, concebido com base em estudos originais do arquiteto.<\/p>\n\n\n\n<p>De acordo com o diretor-presidente do <a href=\"https:\/\/www.manaus.am.gov.br\/implurb\/\">Instituto Municipal de Planejamento Urbano (Implurb)<\/a>, Carlos Valente, a obra j\u00e1 apresenta avan\u00e7os significativos.<\/p>\n\n\n\n<p>\u201cO parque j\u00e1 tem 70% da \u00e1rea gourmet conclu\u00edda. Estamos na fase de cobertura e logo iniciaremos esquadrias e acabamentos. Toda a infraestrutura de acessibilidade est\u00e1 pronta. As funda\u00e7\u00f5es do restaurante come\u00e7am na pr\u00f3xima semana e, em cerca de 50 dias, a superestrutura estar\u00e1 erguida\u201d, informou o gestor.<\/p>\n\n\n\n<p>As equipes t\u00e9cnicas tamb\u00e9m avan\u00e7am na conten\u00e7\u00e3o do talude, uma das etapas mais complexas da obra, com o uso de tecnologia de <em>jet grouting<\/em>, m\u00e9todo que refor\u00e7a o solo com colunas de concreto injetadas em alta press\u00e3o, e a instala\u00e7\u00e3o de estacas-prancha para garantir a estabilidade da encosta.<\/p>\n\n\n\n<p>Atualmente, a execu\u00e7\u00e3o est\u00e1 na quarta linha de jet grouting, restando apenas cinco estacas para finalizar essa etapa. Na sequ\u00eancia, ser\u00e1 iniciada a quinta e \u00faltima linha, com 83 estacas. Em paralelo, a \u00e1rea recebe o processo de hidrossemeadura, que contribui para a prote\u00e7\u00e3o vegetal e controle da eros\u00e3o.<\/p>\n\n\n\n<p><strong>Desenvolvimento e legado<\/strong><\/p>\n\n\n\n<p>A implanta\u00e7\u00e3o do parque Rosa Almeida representa mais que uma obra de infraestrutura, trata-se de um vetor estrat\u00e9gico de desenvolvimento regional, com impactos diretos no turismo, na gera\u00e7\u00e3o de renda e na valoriza\u00e7\u00e3o urbana da zona Leste.<\/p>\n\n\n\n<p>\u201cEsse \u00e9 um equipamento que vai fortalecer o turismo, criar oportunidades e oferecer um novo espa\u00e7o de lazer para a popula\u00e7\u00e3o. O parque Encontro das \u00c1guas vai colocar Manaus, mais uma vez, no mapa das grandes refer\u00eancias tur\u00edsticas do Brasil\u201d, refor\u00e7ou o prefeito.<\/p>\n\n\n\n<p>Com previs\u00e3o de entrega para o segundo semestre de 2025, o projeto consolida o compromisso da Prefeitura de Manaus com a moderniza\u00e7\u00e3o da cidade, o equil\u00edbrio entre crescimento urbano e preserva\u00e7\u00e3o ambiental, e o resgate de \u00e1reas hist\u00f3ricas e naturais que simbolizam a identidade amaz\u00f4nica.<\/p>\n\n\n\n<p>A obra integra o eixo de desenvolvimento urbano e sustent\u00e1vel da atual gest\u00e3o, alinhado \u00e0 vis\u00e3o do prefeito David Almeida de transformar Manaus em uma cidade mais moderna, humana e equilibrada. O parque Encontro das \u00c1guas Rosa Almeida representa a s\u00edntese desse compromisso: unir infraestrutura de qualidade, valoriza\u00e7\u00e3o ambiental, inclus\u00e3o social e turismo sustent\u00e1vel, promovendo o bem-estar da popula\u00e7\u00e3o e fortalecendo a economia local com base na beleza e na identidade amaz\u00f4nica.<\/p>\n\n\n\n<p>&#8212; &#8212; &#8212;<\/p>\n\n\n\n<p><strong>Texto &#8211;<\/strong> Emanuelle Baires \/ Semcom-Prefeito<\/p>\n\n\n\n<p><strong>Fotos &#8211;<\/strong> Dhyeizo Lemos \/ Semcom-Prefeito<\/p>\n","protected":false},"excerpt":{"rendered":"","protected":false},"author":57,"featured_media":7019,"comment_status":"closed","ping_status":"closed","sticky":false,"template":"","format":"standard","meta":{"footnotes":""},"categories":[45],"tags":[31,11,221,15],"acf":[],"yoast_head":"<!-- This site is optimized with the Yoast SEO plugin v23.0 - https:\/\/yoast.com\/wordpress\/plugins\/seo\/ -->\n<title>David Almeida fiscaliza obras do parque Encontro das \u00c1guas<\/title>\n<meta name=\"description\" content=\"O prefeito de Manaus, David Almeida, acompanhou a medi\u00e7\u00e3o das obras do parque Encontro das \u00c1guas Rosa Almeida, na zona Leste de Manaus.\" \/>\n<meta name=\"robots\" content=\"noindex, follow\" \/>\n<meta property=\"og:locale\" content=\"pt_BR\" \/>\n<meta property=\"og:type\" content=\"article\" \/>\n<meta property=\"og:title\" content=\"David Almeida fiscaliza obras do parque Encontro das \u00c1guas\" \/>\n<meta property=\"og:description\" content=\"O prefeito de Manaus, David Almeida, acompanhou a medi\u00e7\u00e3o das obras do parque Encontro das \u00c1guas Rosa Almeida, na zona Leste de Manaus.\" \/>\n<meta property=\"og:url\" content=\"https:\/\/www.manaus.am.gov.br\/implurb\/obras-do-parque-encontro-das-aguas\/\" \/>\n<meta property=\"og:site_name\" content=\"IMPLURB\" \/>\n<meta property=\"article:published_time\" content=\"2025-10-20T20:11:04+00:00\" \/>\n<meta property=\"article:modified_time\" content=\"2025-10-20T20:11:06+00:00\" \/>\n<meta property=\"og:image\" content=\"https:\/\/www.manaus.am.gov.br\/implurb\/wp-content\/uploads\/sites\/13\/2025\/10\/parque-Encontro-das-Aguas-5.jpeg\" \/>\n\t<meta property=\"og:image:width\" content=\"4160\" \/>\n\t<meta property=\"og:image:height\" content=\"2773\" \/>\n\t<meta property=\"og:image:type\" content=\"image\/jpeg\" \/>\n<meta name=\"author\" content=\"Thiago Fernando\" \/>\n<meta name=\"twitter:card\" content=\"summary_large_image\" \/>\n<meta name=\"twitter:label1\" content=\"Written by\" \/>\n\t<meta name=\"twitter:data1\" content=\"Thiago Fernando\" \/>\n\t<meta name=\"twitter:label2\" content=\"Est. reading time\" \/>\n\t<meta name=\"twitter:data2\" content=\"4 minutos\" \/>\n<script type=\"application\/ld+json\" class=\"yoast-schema-graph\">{\"@context\":\"https:\/\/schema.org\",\"@graph\":[{\"@type\":\"WebPage\",\"@id\":\"https:\/\/www.manaus.am.gov.br\/implurb\/obras-do-parque-encontro-das-aguas\/\",\"url\":\"https:\/\/www.manaus.am.gov.br\/implurb\/obras-do-parque-encontro-das-aguas\/\",\"name\":\"David Almeida fiscaliza obras do parque Encontro das \u00c1guas\",\"isPartOf\":{\"@id\":\"https:\/\/www.manaus.am.gov.br\/implurb\/#website\"},\"primaryImageOfPage\":{\"@id\":\"https:\/\/www.manaus.am.gov.br\/implurb\/obras-do-parque-encontro-das-aguas\/#primaryimage\"},\"image\":{\"@id\":\"https:\/\/www.manaus.am.gov.br\/implurb\/obras-do-parque-encontro-das-aguas\/#primaryimage\"},\"thumbnailUrl\":\"https:\/\/www.manaus.am.gov.br\/implurb\/wp-content\/uploads\/sites\/13\/2025\/10\/parque-Encontro-das-Aguas-5.jpeg\",\"datePublished\":\"2025-10-20T20:11:04+00:00\",\"dateModified\":\"2025-10-20T20:11:06+00:00\",\"author\":{\"@id\":\"https:\/\/www.manaus.am.gov.br\/implurb\/#\/schema\/person\/a5ee5376db6e21af026374b369f30882\"},\"description\":\"O prefeito de Manaus, David Almeida, acompanhou a medi\u00e7\u00e3o das obras do parque Encontro das \u00c1guas Rosa Almeida, na zona Leste de Manaus.\",\"breadcrumb\":{\"@id\":\"https:\/\/www.manaus.am.gov.br\/implurb\/obras-do-parque-encontro-das-aguas\/#breadcrumb\"},\"inLanguage\":\"pt-BR\",\"potentialAction\":[{\"@type\":\"ReadAction\",\"target\":[\"https:\/\/www.manaus.am.gov.br\/implurb\/obras-do-parque-encontro-das-aguas\/\"]}]},{\"@type\":\"ImageObject\",\"inLanguage\":\"pt-BR\",\"@id\":\"https:\/\/www.manaus.am.gov.br\/implurb\/obras-do-parque-encontro-das-aguas\/#primaryimage\",\"url\":\"https:\/\/www.manaus.am.gov.br\/implurb\/wp-content\/uploads\/sites\/13\/2025\/10\/parque-Encontro-das-Aguas-5.jpeg\",\"contentUrl\":\"https:\/\/www.manaus.am.gov.br\/implurb\/wp-content\/uploads\/sites\/13\/2025\/10\/parque-Encontro-das-Aguas-5.jpeg\",\"width\":4160,\"height\":2773,\"caption\":\"#paratodosverem - Prefeito David Almeida fiscalizando obra do parque Encontro das \u00c1guas\"},{\"@type\":\"BreadcrumbList\",\"@id\":\"https:\/\/www.manaus.am.gov.br\/implurb\/obras-do-parque-encontro-das-aguas\/#breadcrumb\",\"itemListElement\":[{\"@type\":\"ListItem\",\"position\":1,\"name\":\"Home\",\"item\":\"https:\/\/www.manaus.am.gov.br\/implurb\/\"},{\"@type\":\"ListItem\",\"position\":2,\"name\":\"Prefeito David Almeida fiscaliza avan\u00e7o das obras do parque Encontro das \u00c1guas Rosa Almeida\"}]},{\"@type\":\"WebSite\",\"@id\":\"https:\/\/www.manaus.am.gov.br\/implurb\/#website\",\"url\":\"https:\/\/www.manaus.am.gov.br\/implurb\/\",\"name\":\"IMPLURB\",\"description\":\"Prefeitura de Manaus\",\"potentialAction\":[{\"@type\":\"SearchAction\",\"target\":{\"@type\":\"EntryPoint\",\"urlTemplate\":\"https:\/\/www.manaus.am.gov.br\/implurb\/?s={search_term_string}\"},\"query-input\":\"required name=search_term_string\"}],\"inLanguage\":\"pt-BR\"},{\"@type\":\"Person\",\"@id\":\"https:\/\/www.manaus.am.gov.br\/implurb\/#\/schema\/person\/a5ee5376db6e21af026374b369f30882\",\"name\":\"Thiago Fernando\",\"image\":{\"@type\":\"ImageObject\",\"inLanguage\":\"pt-BR\",\"@id\":\"https:\/\/www.manaus.am.gov.br\/implurb\/#\/schema\/person\/image\/\",\"url\":\"https:\/\/secure.gravatar.com\/avatar\/f5aab8722444041451501c077052ac07?s=96&d=mm&r=g\",\"contentUrl\":\"https:\/\/secure.gravatar.com\/avatar\/f5aab8722444041451501c077052ac07?s=96&d=mm&r=g\",\"caption\":\"Thiago Fernando\"}}]}<\/script>\n<!-- \/ Yoast SEO plugin. -->","yoast_head_json":{"title":"David Almeida fiscaliza obras do parque Encontro das \u00c1guas","description":"O prefeito de Manaus, David Almeida, acompanhou a medi\u00e7\u00e3o das obras do parque Encontro das \u00c1guas Rosa Almeida, na zona Leste de Manaus.","robots":{"index":"noindex","follow":"follow"},"og_locale":"pt_BR","og_type":"article","og_title":"David Almeida fiscaliza obras do parque Encontro das \u00c1guas","og_description":"O prefeito de Manaus, David Almeida, acompanhou a medi\u00e7\u00e3o das obras do parque Encontro das \u00c1guas Rosa Almeida, na zona Leste de Manaus.","og_url":"https:\/\/www.manaus.am.gov.br\/implurb\/obras-do-parque-encontro-das-aguas\/","og_site_name":"IMPLURB","article_published_time":"2025-10-20T20:11:04+00:00","article_modified_time":"2025-10-20T20:11:06+00:00","og_image":[{"width":4160,"height":2773,"url":"https:\/\/www.manaus.am.gov.br\/implurb\/wp-content\/uploads\/sites\/13\/2025\/10\/parque-Encontro-das-Aguas-5.jpeg","type":"image\/jpeg"}],"author":"Thiago Fernando","twitter_card":"summary_large_image","twitter_misc":{"Written by":"Thiago Fernando","Est. reading time":"4 minutos"},"schema":{"@context":"https:\/\/schema.org","@graph":[{"@type":"WebPage","@id":"https:\/\/www.manaus.am.gov.br\/implurb\/obras-do-parque-encontro-das-aguas\/","url":"https:\/\/www.manaus.am.gov.br\/implurb\/obras-do-parque-encontro-das-aguas\/","name":"David Almeida fiscaliza obras do parque Encontro das \u00c1guas","isPartOf":{"@id":"https:\/\/www.manaus.am.gov.br\/implurb\/#website"},"primaryImageOfPage":{"@id":"https:\/\/www.manaus.am.gov.br\/implurb\/obras-do-parque-encontro-das-aguas\/#primaryimage"},"image":{"@id":"https:\/\/www.manaus.am.gov.br\/implurb\/obras-do-parque-encontro-das-aguas\/#primaryimage"},"thumbnailUrl":"https:\/\/www.manaus.am.gov.br\/implurb\/wp-content\/uploads\/sites\/13\/2025\/10\/parque-Encontro-das-Aguas-5.jpeg","datePublished":"2025-10-20T20:11:04+00:00","dateModified":"2025-10-20T20:11:06+00:00","author":{"@id":"https:\/\/www.manaus.am.gov.br\/implurb\/#\/schema\/person\/a5ee5376db6e21af026374b369f30882"},"description":"O prefeito de Manaus, David Almeida, acompanhou a medi\u00e7\u00e3o das obras do parque Encontro das \u00c1guas Rosa Almeida, na zona Leste de Manaus.","breadcrumb":{"@id":"https:\/\/www.manaus.am.gov.br\/implurb\/obras-do-parque-encontro-das-aguas\/#breadcrumb"},"inLanguage":"pt-BR","potentialAction":[{"@type":"ReadAction","target":["https:\/\/www.manaus.am.gov.br\/implurb\/obras-do-parque-encontro-das-aguas\/"]}]},{"@type":"ImageObject","inLanguage":"pt-BR","@id":"https:\/\/www.manaus.am.gov.br\/implurb\/obras-do-parque-encontro-das-aguas\/#primaryimage","url":"https:\/\/www.manaus.am.gov.br\/implurb\/wp-content\/uploads\/sites\/13\/2025\/10\/parque-Encontro-das-Aguas-5.jpeg","contentUrl":"https:\/\/www.manaus.am.gov.br\/implurb\/wp-content\/uploads\/sites\/13\/2025\/10\/parque-Encontro-das-Aguas-5.jpeg","width":4160,"height":2773,"caption":"#paratodosverem - Prefeito David Almeida fiscalizando obra do parque Encontro das \u00c1guas"},{"@type":"BreadcrumbList","@id":"https:\/\/www.manaus.am.gov.br\/implurb\/obras-do-parque-encontro-das-aguas\/#breadcrumb","itemListElement":[{"@type":"ListItem","position":1,"name":"Home","item":"https:\/\/www.manaus.am.gov.br\/implurb\/"},{"@type":"ListItem","position":2,"name":"Prefeito David Almeida fiscaliza avan\u00e7o das obras do parque Encontro das \u00c1guas Rosa Almeida"}]},{"@type":"WebSite","@id":"https:\/\/www.manaus.am.gov.br\/implurb\/#website","url":"https:\/\/www.manaus.am.gov.br\/implurb\/","name":"IMPLURB","description":"Prefeitura de Manaus","potentialAction":[{"@type":"SearchAction","target":{"@type":"EntryPoint","urlTemplate":"https:\/\/www.manaus.am.gov.br\/implurb\/?s={search_term_string}"},"query-input":"required name=search_term_string"}],"inLanguage":"pt-BR"},{"@type":"Person","@id":"https:\/\/www.manaus.am.gov.br\/implurb\/#\/schema\/person\/a5ee5376db6e21af026374b369f30882","name":"Thiago Fernando","image":{"@type":"ImageObject","inLanguage":"pt-BR","@id":"https:\/\/www.manaus.am.gov.br\/implurb\/#\/schema\/person\/image\/","url":"https:\/\/secure.gravatar.com\/avatar\/f5aab8722444041451501c077052ac07?s=96&d=mm&r=g","contentUrl":"https:\/\/secure.gravatar.com\/avatar\/f5aab8722444041451501c077052ac07?s=96&d=mm&r=g","caption":"Thiago Fernando"}}]}},"_links":{"self":[{"href":"https:\/\/www.manaus.am.gov.br\/implurb\/wp-json\/wp\/v2\/posts\/7018"}],"collection":[{"href":"https:\/\/www.manaus.am.gov.br\/implurb\/wp-json\/wp\/v2\/posts"}],"about":[{"href":"https:\/\/www.manaus.am.gov.br\/implurb\/wp-json\/wp\/v2\/types\/post"}],"author":[{"embeddable":true,"href":"https:\/\/www.manaus.am.gov.br\/implurb\/wp-json\/wp\/v2\/users\/57"}],"replies":[{"embeddable":true,"href":"https:\/\/www.manaus.am.gov.br\/implurb\/wp-json\/wp\/v2\/comments?post=7018"}],"version-history":[{"count":0,"href":"https:\/\/www.manaus.am.gov.br\/implurb\/wp-json\/wp\/v2\/posts\/7018\/revisions"}],"wp:featuredmedia":[{"embeddable":true,"href":"https:\/\/www.manaus.am.gov.br\/implurb\/wp-json\/wp\/v2\/media\/7019"}],"wp:attachment":[{"href":"https:\/\/www.manaus.am.gov.br\/implurb\/wp-json\/wp\/v2\/media?parent=7018"}],"wp:term":[{"taxonomy":"category","embeddable":true,"href":"https:\/\/www.manaus.am.gov.br\/implurb\/wp-json\/wp\/v2\/categories?post=7018"},{"taxonomy":"post_tag","embeddable":true,"href":"https:\/\/www.manaus.am.gov.br\/implurb\/wp-json\/wp\/v2\/tags?post=7018"}],"curies":[{"name":"wp","href":"https:\/\/api.w.org\/{rel}","templated":true}]}}