{"id":7008,"date":"2025-10-17T15:38:23","date_gmt":"2025-10-17T19:38:23","guid":{"rendered":"https:\/\/www.manaus.am.gov.br\/implurb\/autuacoes-por-obstrucao\/"},"modified":"2025-10-17T15:38:24","modified_gmt":"2025-10-17T19:38:24","slug":"autuacoes-por-obstrucao","status":"publish","type":"post","link":"https:\/\/www.manaus.am.gov.br\/implurb\/autuacoes-por-obstrucao\/","title":{"rendered":"Prefeitura realiza desobstru\u00e7\u00e3o de 48 pontos em 75 dias do \u2018Mutir\u00e3o no Bairro\u2019 no Centro"},"content":{"rendered":"\n<p>Chegando aos 75 dias de a\u00e7\u00e3o dentro do \u201cMutir\u00e3o no Bairro\u201d do centro hist\u00f3rico, interven\u00e7\u00e3o in\u00e9dita da Prefeitura de Manaus, o Instituto Municipal de Planejamento Urbano (Implurb) j\u00e1 fez 318 notifica\u00e7\u00f5es e 32 autua\u00e7\u00f5es por obstru\u00e7\u00e3o de cal\u00e7adas e ocupa\u00e7\u00e3o irregular de logradouros p\u00fablicos, conforme balan\u00e7o atualizado at\u00e9 esta sexta-feira, 17\/10. No per\u00edodo, ainda foram registradas 48 desobstru\u00e7\u00f5es de espa\u00e7os ocupados irregularmente.<\/p>\n\n\n\n<p>A opera\u00e7\u00e3o tem como foco orientar e notificar com\u00e9rcios e lojistas que insistem em ocupar o espa\u00e7o destinado ao pedestre com araras, bancas, fogareiros, redes e at\u00e9 obras irregulares. Para a gerente da Divis\u00e3o de Controle (Dicon), Maria Aparecida Froz, os n\u00fameros mostram a a\u00e7\u00e3o efetiva do \u201cMutir\u00e3o no Bairro\u201d, com maior concentra\u00e7\u00e3o de notifica\u00e7\u00f5es nos meses de agosto e setembro, e redu\u00e7\u00e3o em outubro, diante das adequa\u00e7\u00f5es feitas por comerciantes, lojistas e empreendedores.<\/p>\n\n\n\n<p>\u201cAs desobstru\u00e7\u00f5es foram realizadas em 48 pontos do Centro, em \u00e1reas de grande fluxo de pedestres. E, diariamente, fiscais do Implurb est\u00e3o no bairro, dando continuidade \u00e0s a\u00e7\u00f5es fiscais e de orienta\u00e7\u00e3o para garantir a livre circula\u00e7\u00e3o de pedestres e o correto uso dos espa\u00e7os p\u00fablicos\u201d, comentou.<\/p>\n\n\n\n<p>De acordo com o Plano Diretor de Manaus (Lei Complementar 005\/2014 \u2013 C\u00f3digo de Postura), \u00e9 proibido o uso de cal\u00e7adas e passeios p\u00fablicos para estacionamento de ve\u00edculos, exposi\u00e7\u00e3o de produtos ou qualquer outra forma de bloqueio.<\/p>\n\n\n\n<p><strong>Espa\u00e7os livres<\/strong><\/p>\n\n\n\n<p>Mais do que retirar obst\u00e1culos, a a\u00e7\u00e3o busca resgatar a fun\u00e7\u00e3o das cal\u00e7adas como espa\u00e7os livres e multifuncionais, garantindo mobilidade, acessibilidade e conviv\u00eancia social no cora\u00e7\u00e3o da cidade.<\/p>\n\n\n\n<p><strong>Vias fiscalizadas<\/strong><\/p>\n\n\n\n<p>Mais de 25 ruas e avenidas j\u00e1 receberam fiscaliza\u00e7\u00e3o, incluindo Bar\u00e3o de S\u00e3o Domingos, rua dos Bar\u00e9s, Coronel S\u00e9rgio Pessoa, Leovegildo Coelho, Tabeli\u00e3o Lessa, Pedro Botelho, Rocha dos Santos, Marechal Deodoro, Floriano Peixoto, Get\u00falio Vargas, Marc\u00edlio Dias e Miranda Le\u00e3o, Joaquim Sarmento, 10 de Julho, entre outras.<\/p>\n\n\n\n<p>O mutir\u00e3o foi iniciado em agosto, no dia 4, pelo prefeito de Manaus, David Almeida, reunindo 16 secretarias municipais e mais de 1.100 servidores em uma opera\u00e7\u00e3o integrada de infraestrutura, limpeza urbana, mobilidade, ordenamento e assist\u00eancia social. Com dura\u00e7\u00e3o estimada de 90 dias, o mutir\u00e3o ser\u00e1 dividido em tr\u00eas grandes polos territoriais, e nesta primeira fase contempla 49 ruas.<\/p>\n\n\n\n<p><strong>Fiscaliza\u00e7\u00e3o e infra\u00e7\u00f5es<\/strong><\/p>\n\n\n\n<p>Sobre as ocupa\u00e7\u00f5es e obstru\u00e7\u00f5es do logradouro p\u00fablico, fiscais do Implurb fazem as notifica\u00e7\u00f5es, orientam novamente os lojistas, e retornam para verificar se os mesmos n\u00e3o voltaram a colocar produtos, araras e bancas nas cal\u00e7adas.&nbsp;<\/p>\n\n\n\n<p>As a\u00e7\u00f5es visam requalificar o centro hist\u00f3rico e comercial, onde pulsa a mem\u00f3ria, a economia e o turismo da capital. A popula\u00e7\u00e3o tamb\u00e9m \u00e9 chamada a ser parceira, respeitando as regras de ocupa\u00e7\u00e3o e ajudando a manter os espa\u00e7os organizados.<\/p>\n\n\n\n<p>&#8212; &#8212; &#8212;<br><strong>Texto &#8211; <\/strong>Cl\u00e1udia do Valle\/Implurb<br><strong>Fotos &#8211;<\/strong> Maxwell Oliveira\/Implurb<\/p>\n","protected":false},"excerpt":{"rendered":"","protected":false},"author":68,"featured_media":7009,"comment_status":"closed","ping_status":"closed","sticky":false,"template":"","format":"standard","meta":{"footnotes":""},"categories":[412],"tags":[1887,1955,1956,11,15],"acf":[],"yoast_head":"<!-- This site is optimized with the Yoast SEO plugin v23.0 - https:\/\/yoast.com\/wordpress\/plugins\/seo\/ -->\n<title>Prefeitura realiza desobstru\u00e7\u00e3o de 48 pontos<\/title>\n<meta name=\"description\" content=\"O Instituto Municipal de Planejamento Urbano (Implurb) j\u00e1 fez 318 notifica\u00e7\u00f5es e 32 autua\u00e7\u00f5es por obstru\u00e7\u00e3o de cal\u00e7adas e ocupa\u00e7\u00e3o irregular.\" \/>\n<meta name=\"robots\" content=\"noindex, follow\" \/>\n<meta property=\"og:locale\" content=\"pt_BR\" \/>\n<meta property=\"og:type\" content=\"article\" \/>\n<meta property=\"og:title\" content=\"Prefeitura realiza desobstru\u00e7\u00e3o de 48 pontos\" \/>\n<meta property=\"og:description\" content=\"O Instituto Municipal de Planejamento Urbano (Implurb) j\u00e1 fez 318 notifica\u00e7\u00f5es e 32 autua\u00e7\u00f5es por obstru\u00e7\u00e3o de cal\u00e7adas e ocupa\u00e7\u00e3o irregular.\" \/>\n<meta property=\"og:url\" content=\"https:\/\/www.manaus.am.gov.br\/implurb\/autuacoes-por-obstrucao\/\" \/>\n<meta property=\"og:site_name\" content=\"IMPLURB\" \/>\n<meta property=\"article:published_time\" content=\"2025-10-17T19:38:23+00:00\" \/>\n<meta property=\"article:modified_time\" content=\"2025-10-17T19:38:24+00:00\" \/>\n<meta property=\"og:image\" content=\"https:\/\/www.manaus.am.gov.br\/implurb\/wp-content\/uploads\/sites\/13\/2025\/10\/mutirao3.jpeg\" \/>\n\t<meta property=\"og:image:width\" content=\"4160\" \/>\n\t<meta property=\"og:image:height\" content=\"3120\" \/>\n\t<meta property=\"og:image:type\" content=\"image\/jpeg\" \/>\n<meta name=\"author\" content=\"bvalente\" \/>\n<meta name=\"twitter:card\" content=\"summary_large_image\" \/>\n<meta name=\"twitter:label1\" content=\"Written by\" \/>\n\t<meta name=\"twitter:data1\" content=\"bvalente\" \/>\n\t<meta name=\"twitter:label2\" content=\"Est. reading time\" \/>\n\t<meta name=\"twitter:data2\" content=\"3 minutos\" \/>\n<script type=\"application\/ld+json\" class=\"yoast-schema-graph\">{\"@context\":\"https:\/\/schema.org\",\"@graph\":[{\"@type\":\"WebPage\",\"@id\":\"https:\/\/www.manaus.am.gov.br\/implurb\/autuacoes-por-obstrucao\/\",\"url\":\"https:\/\/www.manaus.am.gov.br\/implurb\/autuacoes-por-obstrucao\/\",\"name\":\"Prefeitura realiza desobstru\u00e7\u00e3o de 48 pontos\",\"isPartOf\":{\"@id\":\"https:\/\/www.manaus.am.gov.br\/implurb\/#website\"},\"primaryImageOfPage\":{\"@id\":\"https:\/\/www.manaus.am.gov.br\/implurb\/autuacoes-por-obstrucao\/#primaryimage\"},\"image\":{\"@id\":\"https:\/\/www.manaus.am.gov.br\/implurb\/autuacoes-por-obstrucao\/#primaryimage\"},\"thumbnailUrl\":\"https:\/\/www.manaus.am.gov.br\/implurb\/wp-content\/uploads\/sites\/13\/2025\/10\/mutirao3.jpeg\",\"datePublished\":\"2025-10-17T19:38:23+00:00\",\"dateModified\":\"2025-10-17T19:38:24+00:00\",\"author\":{\"@id\":\"https:\/\/www.manaus.am.gov.br\/implurb\/#\/schema\/person\/466a0e03ae4b6062809046bd560ac955\"},\"description\":\"O Instituto Municipal de Planejamento Urbano (Implurb) j\u00e1 fez 318 notifica\u00e7\u00f5es e 32 autua\u00e7\u00f5es por obstru\u00e7\u00e3o de cal\u00e7adas e ocupa\u00e7\u00e3o irregular.\",\"breadcrumb\":{\"@id\":\"https:\/\/www.manaus.am.gov.br\/implurb\/autuacoes-por-obstrucao\/#breadcrumb\"},\"inLanguage\":\"pt-BR\",\"potentialAction\":[{\"@type\":\"ReadAction\",\"target\":[\"https:\/\/www.manaus.am.gov.br\/implurb\/autuacoes-por-obstrucao\/\"]}]},{\"@type\":\"ImageObject\",\"inLanguage\":\"pt-BR\",\"@id\":\"https:\/\/www.manaus.am.gov.br\/implurb\/autuacoes-por-obstrucao\/#primaryimage\",\"url\":\"https:\/\/www.manaus.am.gov.br\/implurb\/wp-content\/uploads\/sites\/13\/2025\/10\/mutirao3.jpeg\",\"contentUrl\":\"https:\/\/www.manaus.am.gov.br\/implurb\/wp-content\/uploads\/sites\/13\/2025\/10\/mutirao3.jpeg\",\"width\":4160,\"height\":3120,\"caption\":\"#paratodosverem \u2013 Servidores do Implurb realizando fiscaliza\u00e7\u00e3o no Centro\"},{\"@type\":\"BreadcrumbList\",\"@id\":\"https:\/\/www.manaus.am.gov.br\/implurb\/autuacoes-por-obstrucao\/#breadcrumb\",\"itemListElement\":[{\"@type\":\"ListItem\",\"position\":1,\"name\":\"Home\",\"item\":\"https:\/\/www.manaus.am.gov.br\/implurb\/\"},{\"@type\":\"ListItem\",\"position\":2,\"name\":\"Prefeitura realiza desobstru\u00e7\u00e3o de 48 pontos em 75 dias do \u2018Mutir\u00e3o no Bairro\u2019 no Centro\"}]},{\"@type\":\"WebSite\",\"@id\":\"https:\/\/www.manaus.am.gov.br\/implurb\/#website\",\"url\":\"https:\/\/www.manaus.am.gov.br\/implurb\/\",\"name\":\"IMPLURB\",\"description\":\"Prefeitura de Manaus\",\"potentialAction\":[{\"@type\":\"SearchAction\",\"target\":{\"@type\":\"EntryPoint\",\"urlTemplate\":\"https:\/\/www.manaus.am.gov.br\/implurb\/?s={search_term_string}\"},\"query-input\":\"required name=search_term_string\"}],\"inLanguage\":\"pt-BR\"},{\"@type\":\"Person\",\"@id\":\"https:\/\/www.manaus.am.gov.br\/implurb\/#\/schema\/person\/466a0e03ae4b6062809046bd560ac955\",\"name\":\"bvalente\",\"image\":{\"@type\":\"ImageObject\",\"inLanguage\":\"pt-BR\",\"@id\":\"https:\/\/www.manaus.am.gov.br\/implurb\/#\/schema\/person\/image\/\",\"url\":\"https:\/\/secure.gravatar.com\/avatar\/3e69bc2b014bdad41adfec3a39de07d2?s=96&d=mm&r=g\",\"contentUrl\":\"https:\/\/secure.gravatar.com\/avatar\/3e69bc2b014bdad41adfec3a39de07d2?s=96&d=mm&r=g\",\"caption\":\"bvalente\"}}]}<\/script>\n<!-- \/ Yoast SEO plugin. -->","yoast_head_json":{"title":"Prefeitura realiza desobstru\u00e7\u00e3o de 48 pontos","description":"O Instituto Municipal de Planejamento Urbano (Implurb) j\u00e1 fez 318 notifica\u00e7\u00f5es e 32 autua\u00e7\u00f5es por obstru\u00e7\u00e3o de cal\u00e7adas e ocupa\u00e7\u00e3o irregular.","robots":{"index":"noindex","follow":"follow"},"og_locale":"pt_BR","og_type":"article","og_title":"Prefeitura realiza desobstru\u00e7\u00e3o de 48 pontos","og_description":"O Instituto Municipal de Planejamento Urbano (Implurb) j\u00e1 fez 318 notifica\u00e7\u00f5es e 32 autua\u00e7\u00f5es por obstru\u00e7\u00e3o de cal\u00e7adas e ocupa\u00e7\u00e3o irregular.","og_url":"https:\/\/www.manaus.am.gov.br\/implurb\/autuacoes-por-obstrucao\/","og_site_name":"IMPLURB","article_published_time":"2025-10-17T19:38:23+00:00","article_modified_time":"2025-10-17T19:38:24+00:00","og_image":[{"width":4160,"height":3120,"url":"https:\/\/www.manaus.am.gov.br\/implurb\/wp-content\/uploads\/sites\/13\/2025\/10\/mutirao3.jpeg","type":"image\/jpeg"}],"author":"bvalente","twitter_card":"summary_large_image","twitter_misc":{"Written by":"bvalente","Est. reading time":"3 minutos"},"schema":{"@context":"https:\/\/schema.org","@graph":[{"@type":"WebPage","@id":"https:\/\/www.manaus.am.gov.br\/implurb\/autuacoes-por-obstrucao\/","url":"https:\/\/www.manaus.am.gov.br\/implurb\/autuacoes-por-obstrucao\/","name":"Prefeitura realiza desobstru\u00e7\u00e3o de 48 pontos","isPartOf":{"@id":"https:\/\/www.manaus.am.gov.br\/implurb\/#website"},"primaryImageOfPage":{"@id":"https:\/\/www.manaus.am.gov.br\/implurb\/autuacoes-por-obstrucao\/#primaryimage"},"image":{"@id":"https:\/\/www.manaus.am.gov.br\/implurb\/autuacoes-por-obstrucao\/#primaryimage"},"thumbnailUrl":"https:\/\/www.manaus.am.gov.br\/implurb\/wp-content\/uploads\/sites\/13\/2025\/10\/mutirao3.jpeg","datePublished":"2025-10-17T19:38:23+00:00","dateModified":"2025-10-17T19:38:24+00:00","author":{"@id":"https:\/\/www.manaus.am.gov.br\/implurb\/#\/schema\/person\/466a0e03ae4b6062809046bd560ac955"},"description":"O Instituto Municipal de Planejamento Urbano (Implurb) j\u00e1 fez 318 notifica\u00e7\u00f5es e 32 autua\u00e7\u00f5es por obstru\u00e7\u00e3o de cal\u00e7adas e ocupa\u00e7\u00e3o irregular.","breadcrumb":{"@id":"https:\/\/www.manaus.am.gov.br\/implurb\/autuacoes-por-obstrucao\/#breadcrumb"},"inLanguage":"pt-BR","potentialAction":[{"@type":"ReadAction","target":["https:\/\/www.manaus.am.gov.br\/implurb\/autuacoes-por-obstrucao\/"]}]},{"@type":"ImageObject","inLanguage":"pt-BR","@id":"https:\/\/www.manaus.am.gov.br\/implurb\/autuacoes-por-obstrucao\/#primaryimage","url":"https:\/\/www.manaus.am.gov.br\/implurb\/wp-content\/uploads\/sites\/13\/2025\/10\/mutirao3.jpeg","contentUrl":"https:\/\/www.manaus.am.gov.br\/implurb\/wp-content\/uploads\/sites\/13\/2025\/10\/mutirao3.jpeg","width":4160,"height":3120,"caption":"#paratodosverem \u2013 Servidores do Implurb realizando fiscaliza\u00e7\u00e3o no Centro"},{"@type":"BreadcrumbList","@id":"https:\/\/www.manaus.am.gov.br\/implurb\/autuacoes-por-obstrucao\/#breadcrumb","itemListElement":[{"@type":"ListItem","position":1,"name":"Home","item":"https:\/\/www.manaus.am.gov.br\/implurb\/"},{"@type":"ListItem","position":2,"name":"Prefeitura realiza desobstru\u00e7\u00e3o de 48 pontos em 75 dias do \u2018Mutir\u00e3o no Bairro\u2019 no Centro"}]},{"@type":"WebSite","@id":"https:\/\/www.manaus.am.gov.br\/implurb\/#website","url":"https:\/\/www.manaus.am.gov.br\/implurb\/","name":"IMPLURB","description":"Prefeitura de Manaus","potentialAction":[{"@type":"SearchAction","target":{"@type":"EntryPoint","urlTemplate":"https:\/\/www.manaus.am.gov.br\/implurb\/?s={search_term_string}"},"query-input":"required name=search_term_string"}],"inLanguage":"pt-BR"},{"@type":"Person","@id":"https:\/\/www.manaus.am.gov.br\/implurb\/#\/schema\/person\/466a0e03ae4b6062809046bd560ac955","name":"bvalente","image":{"@type":"ImageObject","inLanguage":"pt-BR","@id":"https:\/\/www.manaus.am.gov.br\/implurb\/#\/schema\/person\/image\/","url":"https:\/\/secure.gravatar.com\/avatar\/3e69bc2b014bdad41adfec3a39de07d2?s=96&d=mm&r=g","contentUrl":"https:\/\/secure.gravatar.com\/avatar\/3e69bc2b014bdad41adfec3a39de07d2?s=96&d=mm&r=g","caption":"bvalente"}}]}},"_links":{"self":[{"href":"https:\/\/www.manaus.am.gov.br\/implurb\/wp-json\/wp\/v2\/posts\/7008"}],"collection":[{"href":"https:\/\/www.manaus.am.gov.br\/implurb\/wp-json\/wp\/v2\/posts"}],"about":[{"href":"https:\/\/www.manaus.am.gov.br\/implurb\/wp-json\/wp\/v2\/types\/post"}],"author":[{"embeddable":true,"href":"https:\/\/www.manaus.am.gov.br\/implurb\/wp-json\/wp\/v2\/users\/68"}],"replies":[{"embeddable":true,"href":"https:\/\/www.manaus.am.gov.br\/implurb\/wp-json\/wp\/v2\/comments?post=7008"}],"version-history":[{"count":0,"href":"https:\/\/www.manaus.am.gov.br\/implurb\/wp-json\/wp\/v2\/posts\/7008\/revisions"}],"wp:featuredmedia":[{"embeddable":true,"href":"https:\/\/www.manaus.am.gov.br\/implurb\/wp-json\/wp\/v2\/media\/7009"}],"wp:attachment":[{"href":"https:\/\/www.manaus.am.gov.br\/implurb\/wp-json\/wp\/v2\/media?parent=7008"}],"wp:term":[{"taxonomy":"category","embeddable":true,"href":"https:\/\/www.manaus.am.gov.br\/implurb\/wp-json\/wp\/v2\/categories?post=7008"},{"taxonomy":"post_tag","embeddable":true,"href":"https:\/\/www.manaus.am.gov.br\/implurb\/wp-json\/wp\/v2\/tags?post=7008"}],"curies":[{"name":"wp","href":"https:\/\/api.w.org\/{rel}","templated":true}]}}