{"id":7006,"date":"2025-10-17T15:00:48","date_gmt":"2025-10-17T19:00:48","guid":{"rendered":"https:\/\/www.manaus.am.gov.br\/implurb\/nova-sede-do-implurb-3\/"},"modified":"2025-10-17T15:00:49","modified_gmt":"2025-10-17T19:00:49","slug":"nova-sede-do-implurb-3","status":"publish","type":"post","link":"https:\/\/www.manaus.am.gov.br\/implurb\/nova-sede-do-implurb-3\/","title":{"rendered":"Nova sede do Implurb ter\u00e1 acessibilidade total, com piso t\u00e1til e elevadores"},"content":{"rendered":"\n<p>A <a href=\"https:\/\/www.manaus.am.gov.br\/\">Prefeitura de Manaus<\/a> est\u00e1 prestes a inaugurar um novo padr\u00e3o para espa\u00e7os p\u00fablicos com a obra da sede do <a href=\"https:\/\/www.instagram.com\/prefeiturademanaus\/\">Instituto Municipal de Planejamento Urbano (Implurb)<\/a>, com projeto arquitet\u00f4nico de profissionais da autarquia.<\/p>\n\n\n\n<p>A obra \u00e9 um divisor de \u00e1guas que une arquitetura arrojada, sustentabilidade e, sobretudo, acessibilidade plena. O edif\u00edcio, com 4.500 metros quadrados de \u00e1rea constru\u00edda, se distancia da est\u00e9tica tradicional dos pr\u00e9dios p\u00fablicos. E atender\u00e1 integralmente \u00e0s normas de acessibilidade, incluindo piso podot\u00e1til, rampas de acesso, dois elevadores, e vagas especiais para Pessoas com Defici\u00eancia (PcDs) e idosos.<\/p>\n\n\n\n<p>Conforme destacou o vice-presidente do Implurb, Antonio Peixoto, a constru\u00e7\u00e3o \u00e9 inovadora e tecnologicamente avan\u00e7ada. \u201cSua arquitetura moderna e arrojada se distancia da est\u00e9tica tradicional dos edif\u00edcios p\u00fablicos, assemelhando-se mais a um instituto de tecnologia. A nova sede permitir\u00e1 aumentar significativamente o desempenho no atendimento ao p\u00fablico, agilizando os servi\u00e7os e aprimorando os processos internos. Acreditamos que a nova estrutura, aliada a um atendimento personalizado, proporcionar\u00e1 uma experi\u00eancia superior aos cidad\u00e3os\u201d, explicou Peixoto.<\/p>\n\n\n\n<p><strong>Conquista<\/strong><\/p>\n\n\n\n<p>Para o diretor de Planejamento do Implurb, Pedro Paulo Cordeiro, a obra \u00e9 uma conquista sonhada h\u00e1 muito tempo para os servidores e para uma cidade como Manaus, com mais de 2 milh\u00f5es de habitantes.<\/p>\n\n\n\n<p>\u201cFaltam alguns detalhes, como as instala\u00e7\u00f5es de l\u00f3gica e os mobili\u00e1rios, mas a obra est\u00e1 quase conclu\u00edda. Temos um projeto que contempla ainda a import\u00e2ncia da ilumina\u00e7\u00e3o e da ventila\u00e7\u00e3o natural para dar mais conforto aos colaboradores e requerentes. A nova sede n\u00e3o visa apenas a efici\u00eancia, mas tamb\u00e9m a qualidade de vida e o acolhimento\u201d, disse o arquiteto e urbanista.<\/p>\n\n\n\n<p>A diretora de Opera\u00e7\u00f5es da autarquia, arquiteta e urbanista Jeane Mota, ressaltou a modernidade da constru\u00e7\u00e3o, que difere do conceito de reparti\u00e7\u00e3o p\u00fablica tradicional.<\/p>\n\n\n\n<p>\u201cAqui, temos os elementos arquitet\u00f4nicos mais modernos e sustent\u00e1veis, mas contemplando toda a natureza do entorno. Na \u00e1rea j\u00e1 foram plantadas 260 mudas de \u00e1rvores como ip\u00eas, pau-pretinho, pata-de-vaca e jutairana, refor\u00e7ando o compromisso com a sustentabilidade\u201d.<\/p>\n\n\n\n<p>A constru\u00e7\u00e3o representa um marco na moderniza\u00e7\u00e3o dos espa\u00e7os administrativos da Prefeitura de Manaus, da gest\u00e3o do prefeito David Almeida, com investimento e valoriza\u00e7\u00e3o dos servidores municipais.<\/p>\n\n\n\n<p>&#8212; &#8212; &#8212;<\/p>\n\n\n\n<p><strong>Texto <\/strong>\u2013 Claudia do Valle \/ Implurb<\/p>\n\n\n\n<p><strong>Fotos &#8211;<\/strong> Maxwell Oliveira\/ Implurb<\/p>\n","protected":false},"excerpt":{"rendered":"","protected":false},"author":57,"featured_media":7007,"comment_status":"closed","ping_status":"closed","sticky":false,"template":"","format":"standard","meta":{"footnotes":""},"categories":[45],"tags":[11,1656,88,15],"acf":[],"yoast_head":"<!-- This site is optimized with the Yoast SEO plugin v23.0 - https:\/\/yoast.com\/wordpress\/plugins\/seo\/ -->\n<title>Nova sede do Implurb ter\u00e1 acessibilidade total<\/title>\n<meta name=\"description\" content=\"A PMM est\u00e1 prestes a inaugurar um novo padr\u00e3o para espa\u00e7os p\u00fablicos com a obra da sede do Implurb, com projeto arquitet\u00f4nico da autarquia.\" \/>\n<meta name=\"robots\" content=\"noindex, follow\" \/>\n<meta property=\"og:locale\" content=\"pt_BR\" \/>\n<meta property=\"og:type\" content=\"article\" \/>\n<meta property=\"og:title\" content=\"Nova sede do Implurb ter\u00e1 acessibilidade total\" \/>\n<meta property=\"og:description\" content=\"A PMM est\u00e1 prestes a inaugurar um novo padr\u00e3o para espa\u00e7os p\u00fablicos com a obra da sede do Implurb, com projeto arquitet\u00f4nico da autarquia.\" \/>\n<meta property=\"og:url\" content=\"https:\/\/www.manaus.am.gov.br\/implurb\/nova-sede-do-implurb-3\/\" \/>\n<meta property=\"og:site_name\" content=\"IMPLURB\" \/>\n<meta property=\"article:published_time\" content=\"2025-10-17T19:00:48+00:00\" \/>\n<meta property=\"article:modified_time\" content=\"2025-10-17T19:00:49+00:00\" \/>\n<meta property=\"og:image\" content=\"https:\/\/www.manaus.am.gov.br\/implurb\/wp-content\/uploads\/sites\/13\/2025\/10\/Nova-sede-do-Implurb-1.jpeg\" \/>\n\t<meta property=\"og:image:width\" content=\"1280\" \/>\n\t<meta property=\"og:image:height\" content=\"960\" \/>\n\t<meta property=\"og:image:type\" content=\"image\/jpeg\" \/>\n<meta name=\"author\" content=\"Thiago Fernando\" \/>\n<meta name=\"twitter:card\" content=\"summary_large_image\" \/>\n<meta name=\"twitter:label1\" content=\"Written by\" \/>\n\t<meta name=\"twitter:data1\" content=\"Thiago Fernando\" \/>\n\t<meta name=\"twitter:label2\" content=\"Est. reading time\" \/>\n\t<meta name=\"twitter:data2\" content=\"3 minutos\" \/>\n<script type=\"application\/ld+json\" class=\"yoast-schema-graph\">{\"@context\":\"https:\/\/schema.org\",\"@graph\":[{\"@type\":\"WebPage\",\"@id\":\"https:\/\/www.manaus.am.gov.br\/implurb\/nova-sede-do-implurb-3\/\",\"url\":\"https:\/\/www.manaus.am.gov.br\/implurb\/nova-sede-do-implurb-3\/\",\"name\":\"Nova sede do Implurb ter\u00e1 acessibilidade total\",\"isPartOf\":{\"@id\":\"https:\/\/www.manaus.am.gov.br\/implurb\/#website\"},\"primaryImageOfPage\":{\"@id\":\"https:\/\/www.manaus.am.gov.br\/implurb\/nova-sede-do-implurb-3\/#primaryimage\"},\"image\":{\"@id\":\"https:\/\/www.manaus.am.gov.br\/implurb\/nova-sede-do-implurb-3\/#primaryimage\"},\"thumbnailUrl\":\"https:\/\/www.manaus.am.gov.br\/implurb\/wp-content\/uploads\/sites\/13\/2025\/10\/Nova-sede-do-Implurb-1.jpeg\",\"datePublished\":\"2025-10-17T19:00:48+00:00\",\"dateModified\":\"2025-10-17T19:00:49+00:00\",\"author\":{\"@id\":\"https:\/\/www.manaus.am.gov.br\/implurb\/#\/schema\/person\/a5ee5376db6e21af026374b369f30882\"},\"description\":\"A PMM est\u00e1 prestes a inaugurar um novo padr\u00e3o para espa\u00e7os p\u00fablicos com a obra da sede do Implurb, com projeto arquitet\u00f4nico da autarquia.\",\"breadcrumb\":{\"@id\":\"https:\/\/www.manaus.am.gov.br\/implurb\/nova-sede-do-implurb-3\/#breadcrumb\"},\"inLanguage\":\"pt-BR\",\"potentialAction\":[{\"@type\":\"ReadAction\",\"target\":[\"https:\/\/www.manaus.am.gov.br\/implurb\/nova-sede-do-implurb-3\/\"]}]},{\"@type\":\"ImageObject\",\"inLanguage\":\"pt-BR\",\"@id\":\"https:\/\/www.manaus.am.gov.br\/implurb\/nova-sede-do-implurb-3\/#primaryimage\",\"url\":\"https:\/\/www.manaus.am.gov.br\/implurb\/wp-content\/uploads\/sites\/13\/2025\/10\/Nova-sede-do-Implurb-1.jpeg\",\"contentUrl\":\"https:\/\/www.manaus.am.gov.br\/implurb\/wp-content\/uploads\/sites\/13\/2025\/10\/Nova-sede-do-Implurb-1.jpeg\",\"width\":1280,\"height\":960,\"caption\":\"#paratodosverem - Servidores do Implurb na frente da nova sede da pasta\"},{\"@type\":\"BreadcrumbList\",\"@id\":\"https:\/\/www.manaus.am.gov.br\/implurb\/nova-sede-do-implurb-3\/#breadcrumb\",\"itemListElement\":[{\"@type\":\"ListItem\",\"position\":1,\"name\":\"Home\",\"item\":\"https:\/\/www.manaus.am.gov.br\/implurb\/\"},{\"@type\":\"ListItem\",\"position\":2,\"name\":\"Nova sede do Implurb ter\u00e1 acessibilidade total, com piso t\u00e1til e elevadores\"}]},{\"@type\":\"WebSite\",\"@id\":\"https:\/\/www.manaus.am.gov.br\/implurb\/#website\",\"url\":\"https:\/\/www.manaus.am.gov.br\/implurb\/\",\"name\":\"IMPLURB\",\"description\":\"Prefeitura de Manaus\",\"potentialAction\":[{\"@type\":\"SearchAction\",\"target\":{\"@type\":\"EntryPoint\",\"urlTemplate\":\"https:\/\/www.manaus.am.gov.br\/implurb\/?s={search_term_string}\"},\"query-input\":\"required name=search_term_string\"}],\"inLanguage\":\"pt-BR\"},{\"@type\":\"Person\",\"@id\":\"https:\/\/www.manaus.am.gov.br\/implurb\/#\/schema\/person\/a5ee5376db6e21af026374b369f30882\",\"name\":\"Thiago Fernando\",\"image\":{\"@type\":\"ImageObject\",\"inLanguage\":\"pt-BR\",\"@id\":\"https:\/\/www.manaus.am.gov.br\/implurb\/#\/schema\/person\/image\/\",\"url\":\"https:\/\/secure.gravatar.com\/avatar\/f5aab8722444041451501c077052ac07?s=96&d=mm&r=g\",\"contentUrl\":\"https:\/\/secure.gravatar.com\/avatar\/f5aab8722444041451501c077052ac07?s=96&d=mm&r=g\",\"caption\":\"Thiago Fernando\"}}]}<\/script>\n<!-- \/ Yoast SEO plugin. -->","yoast_head_json":{"title":"Nova sede do Implurb ter\u00e1 acessibilidade total","description":"A PMM est\u00e1 prestes a inaugurar um novo padr\u00e3o para espa\u00e7os p\u00fablicos com a obra da sede do Implurb, com projeto arquitet\u00f4nico da autarquia.","robots":{"index":"noindex","follow":"follow"},"og_locale":"pt_BR","og_type":"article","og_title":"Nova sede do Implurb ter\u00e1 acessibilidade total","og_description":"A PMM est\u00e1 prestes a inaugurar um novo padr\u00e3o para espa\u00e7os p\u00fablicos com a obra da sede do Implurb, com projeto arquitet\u00f4nico da autarquia.","og_url":"https:\/\/www.manaus.am.gov.br\/implurb\/nova-sede-do-implurb-3\/","og_site_name":"IMPLURB","article_published_time":"2025-10-17T19:00:48+00:00","article_modified_time":"2025-10-17T19:00:49+00:00","og_image":[{"width":1280,"height":960,"url":"https:\/\/www.manaus.am.gov.br\/implurb\/wp-content\/uploads\/sites\/13\/2025\/10\/Nova-sede-do-Implurb-1.jpeg","type":"image\/jpeg"}],"author":"Thiago Fernando","twitter_card":"summary_large_image","twitter_misc":{"Written by":"Thiago Fernando","Est. reading time":"3 minutos"},"schema":{"@context":"https:\/\/schema.org","@graph":[{"@type":"WebPage","@id":"https:\/\/www.manaus.am.gov.br\/implurb\/nova-sede-do-implurb-3\/","url":"https:\/\/www.manaus.am.gov.br\/implurb\/nova-sede-do-implurb-3\/","name":"Nova sede do Implurb ter\u00e1 acessibilidade total","isPartOf":{"@id":"https:\/\/www.manaus.am.gov.br\/implurb\/#website"},"primaryImageOfPage":{"@id":"https:\/\/www.manaus.am.gov.br\/implurb\/nova-sede-do-implurb-3\/#primaryimage"},"image":{"@id":"https:\/\/www.manaus.am.gov.br\/implurb\/nova-sede-do-implurb-3\/#primaryimage"},"thumbnailUrl":"https:\/\/www.manaus.am.gov.br\/implurb\/wp-content\/uploads\/sites\/13\/2025\/10\/Nova-sede-do-Implurb-1.jpeg","datePublished":"2025-10-17T19:00:48+00:00","dateModified":"2025-10-17T19:00:49+00:00","author":{"@id":"https:\/\/www.manaus.am.gov.br\/implurb\/#\/schema\/person\/a5ee5376db6e21af026374b369f30882"},"description":"A PMM est\u00e1 prestes a inaugurar um novo padr\u00e3o para espa\u00e7os p\u00fablicos com a obra da sede do Implurb, com projeto arquitet\u00f4nico da autarquia.","breadcrumb":{"@id":"https:\/\/www.manaus.am.gov.br\/implurb\/nova-sede-do-implurb-3\/#breadcrumb"},"inLanguage":"pt-BR","potentialAction":[{"@type":"ReadAction","target":["https:\/\/www.manaus.am.gov.br\/implurb\/nova-sede-do-implurb-3\/"]}]},{"@type":"ImageObject","inLanguage":"pt-BR","@id":"https:\/\/www.manaus.am.gov.br\/implurb\/nova-sede-do-implurb-3\/#primaryimage","url":"https:\/\/www.manaus.am.gov.br\/implurb\/wp-content\/uploads\/sites\/13\/2025\/10\/Nova-sede-do-Implurb-1.jpeg","contentUrl":"https:\/\/www.manaus.am.gov.br\/implurb\/wp-content\/uploads\/sites\/13\/2025\/10\/Nova-sede-do-Implurb-1.jpeg","width":1280,"height":960,"caption":"#paratodosverem - Servidores do Implurb na frente da nova sede da pasta"},{"@type":"BreadcrumbList","@id":"https:\/\/www.manaus.am.gov.br\/implurb\/nova-sede-do-implurb-3\/#breadcrumb","itemListElement":[{"@type":"ListItem","position":1,"name":"Home","item":"https:\/\/www.manaus.am.gov.br\/implurb\/"},{"@type":"ListItem","position":2,"name":"Nova sede do Implurb ter\u00e1 acessibilidade total, com piso t\u00e1til e elevadores"}]},{"@type":"WebSite","@id":"https:\/\/www.manaus.am.gov.br\/implurb\/#website","url":"https:\/\/www.manaus.am.gov.br\/implurb\/","name":"IMPLURB","description":"Prefeitura de Manaus","potentialAction":[{"@type":"SearchAction","target":{"@type":"EntryPoint","urlTemplate":"https:\/\/www.manaus.am.gov.br\/implurb\/?s={search_term_string}"},"query-input":"required name=search_term_string"}],"inLanguage":"pt-BR"},{"@type":"Person","@id":"https:\/\/www.manaus.am.gov.br\/implurb\/#\/schema\/person\/a5ee5376db6e21af026374b369f30882","name":"Thiago Fernando","image":{"@type":"ImageObject","inLanguage":"pt-BR","@id":"https:\/\/www.manaus.am.gov.br\/implurb\/#\/schema\/person\/image\/","url":"https:\/\/secure.gravatar.com\/avatar\/f5aab8722444041451501c077052ac07?s=96&d=mm&r=g","contentUrl":"https:\/\/secure.gravatar.com\/avatar\/f5aab8722444041451501c077052ac07?s=96&d=mm&r=g","caption":"Thiago Fernando"}}]}},"_links":{"self":[{"href":"https:\/\/www.manaus.am.gov.br\/implurb\/wp-json\/wp\/v2\/posts\/7006"}],"collection":[{"href":"https:\/\/www.manaus.am.gov.br\/implurb\/wp-json\/wp\/v2\/posts"}],"about":[{"href":"https:\/\/www.manaus.am.gov.br\/implurb\/wp-json\/wp\/v2\/types\/post"}],"author":[{"embeddable":true,"href":"https:\/\/www.manaus.am.gov.br\/implurb\/wp-json\/wp\/v2\/users\/57"}],"replies":[{"embeddable":true,"href":"https:\/\/www.manaus.am.gov.br\/implurb\/wp-json\/wp\/v2\/comments?post=7006"}],"version-history":[{"count":0,"href":"https:\/\/www.manaus.am.gov.br\/implurb\/wp-json\/wp\/v2\/posts\/7006\/revisions"}],"wp:featuredmedia":[{"embeddable":true,"href":"https:\/\/www.manaus.am.gov.br\/implurb\/wp-json\/wp\/v2\/media\/7007"}],"wp:attachment":[{"href":"https:\/\/www.manaus.am.gov.br\/implurb\/wp-json\/wp\/v2\/media?parent=7006"}],"wp:term":[{"taxonomy":"category","embeddable":true,"href":"https:\/\/www.manaus.am.gov.br\/implurb\/wp-json\/wp\/v2\/categories?post=7006"},{"taxonomy":"post_tag","embeddable":true,"href":"https:\/\/www.manaus.am.gov.br\/implurb\/wp-json\/wp\/v2\/tags?post=7006"}],"curies":[{"name":"wp","href":"https:\/\/api.w.org\/{rel}","templated":true}]}}