{"id":6988,"date":"2025-10-16T12:40:38","date_gmt":"2025-10-16T16:40:38","guid":{"rendered":"https:\/\/www.manaus.am.gov.br\/implurb\/forum-cidades-sustentaveis\/"},"modified":"2025-10-16T12:40:38","modified_gmt":"2025-10-16T16:40:38","slug":"forum-cidades-sustentaveis","status":"publish","type":"post","link":"https:\/\/www.manaus.am.gov.br\/implurb\/forum-cidades-sustentaveis\/","title":{"rendered":"Prefeitura de Manaus refor\u00e7a compromisso com sustentabilidade e desenvolvimento no f\u00f3rum de Cidades Sustent\u00e1veis"},"content":{"rendered":"\n<p>A Prefeitura de Manaus marca presen\u00e7a no F\u00f3rum de Desenvolvimento Sustent\u00e1vel das Cidades, realizado em Bras\u00edlia (DF), reunindo gestores p\u00fablicos de todo o Brasil em torno de um objetivo comum, tornar as cidades mais resilientes, inclusivas e preparadas para os desafios clim\u00e1ticos e sociais do futuro.<\/p>\n\n\n\n<p>O evento, que segue at\u00e9 esta quinta-feira, 16\/10, \u00e9 considerado uma etapa preparat\u00f3ria para a COP 30, que acontecer\u00e1 em Bel\u00e9m (PA), e um espa\u00e7o estrat\u00e9gico de debate sobre o cumprimento da Agenda 2030 e dos Objetivos de Desenvolvimento Sustent\u00e1vel (ODS) da Organiza\u00e7\u00e3o das Na\u00e7\u00f5es Unidas (ONU).<\/p>\n\n\n\n<p>Na abertura, Manaus foi destaque ao apresentar a Carta Compromisso do Programa Cidades Sustent\u00e1veis, documento assinado pelo prefeito David Almeida reafirmando o protagonismo da capital amazonense com as metas globais de sustentabilidade e com a constru\u00e7\u00e3o de uma cidade mais justa, verde e equilibrada.<\/p>\n\n\n\n<p>Representando o prefeito no evento, o diretor-presidente do Instituto Municipal de Planejamento Urbano (Implurb), Carlos Valente, participou do painel sobre indicadores de desenvolvimento sustent\u00e1vel e a capital amazonense se diferencia com avan\u00e7os e perspectivas do Plano Plurianual (PPA) 2026-2029.<\/p>\n\n\n\n<p>\u201cEstamos em Bras\u00edlia, representando o prefeito David Almeida e discutindo os \u00edndices de desenvolvimento sustent\u00e1vel das cidades. Mostramos alguns programas do PPA que v\u00e3o alavancar Manaus nos pr\u00f3ximos quatro anos, fortalecendo os indicadores que dialogam com os 17 ODSs da ONU. Manaus se encontra em uma boa posi\u00e7\u00e3o, mas temos o compromisso da melhoria cont\u00ednua, e isso est\u00e1 refletido em cada meta do nosso planejamento\u201d, afirmou Valente.<\/p>\n\n\n\n<p>A comitiva da prefeitura \u00e9 composta ainda pelo secret\u00e1rio municipal de Finan\u00e7as, Planejamento e Tecnologia da Informa\u00e7\u00e3o (Semef), Cl\u00e9cio Freire; o secret\u00e1rio municipal de Meio Ambiente e Sustentabilidade (Semmas), Fransu\u00e1 Matos; o subsecret\u00e1rio de Gest\u00e3o, Alain Costa; e o controlador-geral do Munic\u00edpio, Alessandro Moreira. Juntos, os representantes refor\u00e7aram o compromisso da administra\u00e7\u00e3o municipal com o desenvolvimento sustent\u00e1vel e o fortalecimento das pol\u00edticas p\u00fablicas voltadas \u00e0 sustentabilidade e \u00e0 efici\u00eancia da gest\u00e3o.<\/p>\n\n\n\n<p>Para o secret\u00e1rio da Semmas, Fransu\u00e1 Matos, Manaus \u00e9 a cidade com maior \u00e1rea protegida do Brasil. \u201cA prefeitura, na gest\u00e3o do prefeito David Almeida, organizou a governan\u00e7a conectando seus programas em torno da sustentabilidade. O foco no alcance dos ODSs nas pol\u00edticas p\u00fablicas da cidade \u00e9 constatado por a\u00e7\u00f5es ambientais impactantes como, por exemplo, os \u00edndices recordes de arboriza\u00e7\u00e3o, implementa\u00e7\u00e3o de ecobarreiras, elabora\u00e7\u00e3o de planos como o de enfrentamento \u00e0s mudan\u00e7as do clima, implanta\u00e7\u00e3o de hortas e pomares nas escolas, entre outras a\u00e7\u00f5es&#8221;, destacou.<\/p>\n\n\n\n<p><strong>Pol\u00edticas<\/strong><\/p>\n\n\n\n<p>Durante o f\u00f3rum, Valente tamb\u00e9m refor\u00e7ou o papel na promo\u00e7\u00e3o de pol\u00edticas p\u00fablicas voltadas \u00e0 qualidade de vida e \u00e0 preserva\u00e7\u00e3o ambiental. \u201cFocamos nossas a\u00e7\u00f5es na sustentabilidade. Trabalhamos para aliar o progresso econ\u00f4mico ao desenvolvimento humano, sempre levando em conta o respeito ao meio ambiente. Fazemos isso por meio de pol\u00edticas p\u00fablicas inclusivas, que geram habita\u00e7\u00e3o, renda, capacita\u00e7\u00e3o e aten\u00e7\u00e3o em sa\u00fade, educa\u00e7\u00e3o e cultura\u201d, completou.<\/p>\n\n\n\n<p><strong>Autoridades<\/strong><\/p>\n\n\n\n<p>O encontro conta com a presen\u00e7a de autoridades do governo federal, parlamentares e gestores p\u00fablicos municipais, al\u00e9m de representantes de organiza\u00e7\u00f5es da sociedade civil, do setor privado e da academia.<\/p>\n\n\n\n<p>O evento marca ainda o lan\u00e7amento da Pesquisa Nacional sobre os Objetivos de Desenvolvimento Sustent\u00e1vel (ODS), realizada pelo Instituto Cidades Sustent\u00e1veis (ICS) em parceria com a Ipsos-Ipec, e da Declara\u00e7\u00e3o das Cidades pelo Clima na COP30. Na ocasi\u00e3o, ser\u00e3o entregues tamb\u00e9m os Relat\u00f3rios Locais Volunt\u00e1rios (RLVs) aos munic\u00edpios signat\u00e1rios dos compromissos \u201cMeu Munic\u00edpio pelos ODS\u201d e do Programa Cidades Sustent\u00e1veis.<\/p>\n\n\n\n<p>O f\u00f3rum \u00e9 uma iniciativa do Instituto Cidades Sustent\u00e1veis, realizada em parceria com a Caixa, a Funda\u00e7\u00e3o Grupo Volkswagen e a Funda\u00e7\u00e3o Feac. O cofinanciamento \u00e9 da Uni\u00e3o Europeia e os parceiros institucionais s\u00e3o o Tribunal de Contas da Uni\u00e3o (TCU), a Frente Nacional de Prefeitas e Prefeitos (FNP), a Comiss\u00e3o Nacional para os Objetivos de Desenvolvimento Sustent\u00e1vel (Cnods), a Secretaria-Geral da Rep\u00fablica e o Minist\u00e9rio do Meio Ambiente e Mudan\u00e7a do Clima.<\/p>\n\n\n\n<figure class=\"wp-block-image size-large\"><img decoding=\"async\" src=\"https:\/\/www.manaus.am.gov.br\/implurb\/wp-content\/uploads\/sites\/13\/2025\/10\/forum6-1-1024x389.jpeg\" alt=\"\" class=\"wp-image-6989\" \/><\/figure>\n\n\n\n<p>&#8212; &#8212; &#8212;<\/p>\n\n\n\n<p><strong>Texto<\/strong>\u00a0\u2013 Claudia do Valle\/Implurb<\/p>\n\n\n\n<p><strong>Fotos &#8211;<\/strong> Divulga\u00e7\u00e3o\/Implurb<\/p>\n","protected":false},"excerpt":{"rendered":"","protected":false},"author":39,"featured_media":6990,"comment_status":"closed","ping_status":"closed","sticky":false,"template":"","format":"standard","meta":{"footnotes":""},"categories":[114],"tags":[1578,1949,11,15,1950],"acf":[],"yoast_head":"<!-- This site is optimized with the Yoast SEO plugin v23.0 - https:\/\/yoast.com\/wordpress\/plugins\/seo\/ -->\n<title>Prefeitura refor\u00e7a compromisso com sustentabilidade e desenvolvimento no f\u00f3rum de Cidades Sustent\u00e1veis<\/title>\n<meta name=\"description\" content=\"Prefeitura de Manaus refor\u00e7a compromisso com sustentabilidade e desenvolvimento no f\u00f3rum de Cidades Sustent\u00e1veis.\" \/>\n<meta name=\"robots\" content=\"noindex, follow\" \/>\n<meta property=\"og:locale\" content=\"pt_BR\" \/>\n<meta property=\"og:type\" content=\"article\" \/>\n<meta property=\"og:title\" content=\"Prefeitura refor\u00e7a compromisso com sustentabilidade e desenvolvimento no f\u00f3rum de Cidades Sustent\u00e1veis\" \/>\n<meta property=\"og:description\" content=\"Prefeitura de Manaus refor\u00e7a compromisso com sustentabilidade e desenvolvimento no f\u00f3rum de Cidades Sustent\u00e1veis.\" \/>\n<meta property=\"og:url\" content=\"https:\/\/www.manaus.am.gov.br\/implurb\/forum-cidades-sustentaveis\/\" \/>\n<meta property=\"og:site_name\" content=\"IMPLURB\" \/>\n<meta property=\"article:published_time\" content=\"2025-10-16T16:40:38+00:00\" \/>\n<meta property=\"og:image\" content=\"https:\/\/www.manaus.am.gov.br\/implurb\/wp-content\/uploads\/sites\/13\/2025\/10\/forum2.jpg\" \/>\n\t<meta property=\"og:image:width\" content=\"1144\" \/>\n\t<meta property=\"og:image:height\" content=\"715\" \/>\n\t<meta property=\"og:image:type\" content=\"image\/jpeg\" \/>\n<meta name=\"author\" content=\"Bruna Greco\" \/>\n<meta name=\"twitter:card\" content=\"summary_large_image\" \/>\n<meta name=\"twitter:label1\" content=\"Written by\" \/>\n\t<meta name=\"twitter:data1\" content=\"Bruna Greco\" \/>\n\t<meta name=\"twitter:label2\" content=\"Est. reading time\" \/>\n\t<meta name=\"twitter:data2\" content=\"4 minutos\" \/>\n<script type=\"application\/ld+json\" class=\"yoast-schema-graph\">{\"@context\":\"https:\/\/schema.org\",\"@graph\":[{\"@type\":\"WebPage\",\"@id\":\"https:\/\/www.manaus.am.gov.br\/implurb\/forum-cidades-sustentaveis\/\",\"url\":\"https:\/\/www.manaus.am.gov.br\/implurb\/forum-cidades-sustentaveis\/\",\"name\":\"Prefeitura refor\u00e7a compromisso com sustentabilidade e desenvolvimento no f\u00f3rum de Cidades Sustent\u00e1veis\",\"isPartOf\":{\"@id\":\"https:\/\/www.manaus.am.gov.br\/implurb\/#website\"},\"primaryImageOfPage\":{\"@id\":\"https:\/\/www.manaus.am.gov.br\/implurb\/forum-cidades-sustentaveis\/#primaryimage\"},\"image\":{\"@id\":\"https:\/\/www.manaus.am.gov.br\/implurb\/forum-cidades-sustentaveis\/#primaryimage\"},\"thumbnailUrl\":\"https:\/\/www.manaus.am.gov.br\/implurb\/wp-content\/uploads\/sites\/13\/2025\/10\/forum2.jpg\",\"datePublished\":\"2025-10-16T16:40:38+00:00\",\"dateModified\":\"2025-10-16T16:40:38+00:00\",\"author\":{\"@id\":\"https:\/\/www.manaus.am.gov.br\/implurb\/#\/schema\/person\/05d223aea2bf115f9883a6ff3683d81b\"},\"description\":\"Prefeitura de Manaus refor\u00e7a compromisso com sustentabilidade e desenvolvimento no f\u00f3rum de Cidades Sustent\u00e1veis.\",\"breadcrumb\":{\"@id\":\"https:\/\/www.manaus.am.gov.br\/implurb\/forum-cidades-sustentaveis\/#breadcrumb\"},\"inLanguage\":\"pt-BR\",\"potentialAction\":[{\"@type\":\"ReadAction\",\"target\":[\"https:\/\/www.manaus.am.gov.br\/implurb\/forum-cidades-sustentaveis\/\"]}]},{\"@type\":\"ImageObject\",\"inLanguage\":\"pt-BR\",\"@id\":\"https:\/\/www.manaus.am.gov.br\/implurb\/forum-cidades-sustentaveis\/#primaryimage\",\"url\":\"https:\/\/www.manaus.am.gov.br\/implurb\/wp-content\/uploads\/sites\/13\/2025\/10\/forum2.jpg\",\"contentUrl\":\"https:\/\/www.manaus.am.gov.br\/implurb\/wp-content\/uploads\/sites\/13\/2025\/10\/forum2.jpg\",\"width\":1144,\"height\":715,\"caption\":\"#paratodosverem - Diretor-presidente do Implurb, Carlos Valente, acompanhado de gestores p\u00fablicos de todo o Brasil, durante o F\u00f3rum de Desenvolvimento Sustent\u00e1vel das Cidades em Bras\u00edlia\"},{\"@type\":\"BreadcrumbList\",\"@id\":\"https:\/\/www.manaus.am.gov.br\/implurb\/forum-cidades-sustentaveis\/#breadcrumb\",\"itemListElement\":[{\"@type\":\"ListItem\",\"position\":1,\"name\":\"Home\",\"item\":\"https:\/\/www.manaus.am.gov.br\/implurb\/\"},{\"@type\":\"ListItem\",\"position\":2,\"name\":\"Prefeitura de Manaus refor\u00e7a compromisso com sustentabilidade e desenvolvimento no f\u00f3rum de Cidades Sustent\u00e1veis\"}]},{\"@type\":\"WebSite\",\"@id\":\"https:\/\/www.manaus.am.gov.br\/implurb\/#website\",\"url\":\"https:\/\/www.manaus.am.gov.br\/implurb\/\",\"name\":\"IMPLURB\",\"description\":\"Prefeitura de Manaus\",\"potentialAction\":[{\"@type\":\"SearchAction\",\"target\":{\"@type\":\"EntryPoint\",\"urlTemplate\":\"https:\/\/www.manaus.am.gov.br\/implurb\/?s={search_term_string}\"},\"query-input\":\"required name=search_term_string\"}],\"inLanguage\":\"pt-BR\"},{\"@type\":\"Person\",\"@id\":\"https:\/\/www.manaus.am.gov.br\/implurb\/#\/schema\/person\/05d223aea2bf115f9883a6ff3683d81b\",\"name\":\"Bruna Greco\",\"image\":{\"@type\":\"ImageObject\",\"inLanguage\":\"pt-BR\",\"@id\":\"https:\/\/www.manaus.am.gov.br\/implurb\/#\/schema\/person\/image\/\",\"url\":\"https:\/\/secure.gravatar.com\/avatar\/9c877d1a6adc2a055330e5c09a8653ce?s=96&d=mm&r=g\",\"contentUrl\":\"https:\/\/secure.gravatar.com\/avatar\/9c877d1a6adc2a055330e5c09a8653ce?s=96&d=mm&r=g\",\"caption\":\"Bruna Greco\"}}]}<\/script>\n<!-- \/ Yoast SEO plugin. -->","yoast_head_json":{"title":"Prefeitura refor\u00e7a compromisso com sustentabilidade e desenvolvimento no f\u00f3rum de Cidades Sustent\u00e1veis","description":"Prefeitura de Manaus refor\u00e7a compromisso com sustentabilidade e desenvolvimento no f\u00f3rum de Cidades Sustent\u00e1veis.","robots":{"index":"noindex","follow":"follow"},"og_locale":"pt_BR","og_type":"article","og_title":"Prefeitura refor\u00e7a compromisso com sustentabilidade e desenvolvimento no f\u00f3rum de Cidades Sustent\u00e1veis","og_description":"Prefeitura de Manaus refor\u00e7a compromisso com sustentabilidade e desenvolvimento no f\u00f3rum de Cidades Sustent\u00e1veis.","og_url":"https:\/\/www.manaus.am.gov.br\/implurb\/forum-cidades-sustentaveis\/","og_site_name":"IMPLURB","article_published_time":"2025-10-16T16:40:38+00:00","og_image":[{"width":1144,"height":715,"url":"https:\/\/www.manaus.am.gov.br\/implurb\/wp-content\/uploads\/sites\/13\/2025\/10\/forum2.jpg","type":"image\/jpeg"}],"author":"Bruna Greco","twitter_card":"summary_large_image","twitter_misc":{"Written by":"Bruna Greco","Est. reading time":"4 minutos"},"schema":{"@context":"https:\/\/schema.org","@graph":[{"@type":"WebPage","@id":"https:\/\/www.manaus.am.gov.br\/implurb\/forum-cidades-sustentaveis\/","url":"https:\/\/www.manaus.am.gov.br\/implurb\/forum-cidades-sustentaveis\/","name":"Prefeitura refor\u00e7a compromisso com sustentabilidade e desenvolvimento no f\u00f3rum de Cidades Sustent\u00e1veis","isPartOf":{"@id":"https:\/\/www.manaus.am.gov.br\/implurb\/#website"},"primaryImageOfPage":{"@id":"https:\/\/www.manaus.am.gov.br\/implurb\/forum-cidades-sustentaveis\/#primaryimage"},"image":{"@id":"https:\/\/www.manaus.am.gov.br\/implurb\/forum-cidades-sustentaveis\/#primaryimage"},"thumbnailUrl":"https:\/\/www.manaus.am.gov.br\/implurb\/wp-content\/uploads\/sites\/13\/2025\/10\/forum2.jpg","datePublished":"2025-10-16T16:40:38+00:00","dateModified":"2025-10-16T16:40:38+00:00","author":{"@id":"https:\/\/www.manaus.am.gov.br\/implurb\/#\/schema\/person\/05d223aea2bf115f9883a6ff3683d81b"},"description":"Prefeitura de Manaus refor\u00e7a compromisso com sustentabilidade e desenvolvimento no f\u00f3rum de Cidades Sustent\u00e1veis.","breadcrumb":{"@id":"https:\/\/www.manaus.am.gov.br\/implurb\/forum-cidades-sustentaveis\/#breadcrumb"},"inLanguage":"pt-BR","potentialAction":[{"@type":"ReadAction","target":["https:\/\/www.manaus.am.gov.br\/implurb\/forum-cidades-sustentaveis\/"]}]},{"@type":"ImageObject","inLanguage":"pt-BR","@id":"https:\/\/www.manaus.am.gov.br\/implurb\/forum-cidades-sustentaveis\/#primaryimage","url":"https:\/\/www.manaus.am.gov.br\/implurb\/wp-content\/uploads\/sites\/13\/2025\/10\/forum2.jpg","contentUrl":"https:\/\/www.manaus.am.gov.br\/implurb\/wp-content\/uploads\/sites\/13\/2025\/10\/forum2.jpg","width":1144,"height":715,"caption":"#paratodosverem - Diretor-presidente do Implurb, Carlos Valente, acompanhado de gestores p\u00fablicos de todo o Brasil, durante o F\u00f3rum de Desenvolvimento Sustent\u00e1vel das Cidades em Bras\u00edlia"},{"@type":"BreadcrumbList","@id":"https:\/\/www.manaus.am.gov.br\/implurb\/forum-cidades-sustentaveis\/#breadcrumb","itemListElement":[{"@type":"ListItem","position":1,"name":"Home","item":"https:\/\/www.manaus.am.gov.br\/implurb\/"},{"@type":"ListItem","position":2,"name":"Prefeitura de Manaus refor\u00e7a compromisso com sustentabilidade e desenvolvimento no f\u00f3rum de Cidades Sustent\u00e1veis"}]},{"@type":"WebSite","@id":"https:\/\/www.manaus.am.gov.br\/implurb\/#website","url":"https:\/\/www.manaus.am.gov.br\/implurb\/","name":"IMPLURB","description":"Prefeitura de Manaus","potentialAction":[{"@type":"SearchAction","target":{"@type":"EntryPoint","urlTemplate":"https:\/\/www.manaus.am.gov.br\/implurb\/?s={search_term_string}"},"query-input":"required name=search_term_string"}],"inLanguage":"pt-BR"},{"@type":"Person","@id":"https:\/\/www.manaus.am.gov.br\/implurb\/#\/schema\/person\/05d223aea2bf115f9883a6ff3683d81b","name":"Bruna Greco","image":{"@type":"ImageObject","inLanguage":"pt-BR","@id":"https:\/\/www.manaus.am.gov.br\/implurb\/#\/schema\/person\/image\/","url":"https:\/\/secure.gravatar.com\/avatar\/9c877d1a6adc2a055330e5c09a8653ce?s=96&d=mm&r=g","contentUrl":"https:\/\/secure.gravatar.com\/avatar\/9c877d1a6adc2a055330e5c09a8653ce?s=96&d=mm&r=g","caption":"Bruna Greco"}}]}},"_links":{"self":[{"href":"https:\/\/www.manaus.am.gov.br\/implurb\/wp-json\/wp\/v2\/posts\/6988"}],"collection":[{"href":"https:\/\/www.manaus.am.gov.br\/implurb\/wp-json\/wp\/v2\/posts"}],"about":[{"href":"https:\/\/www.manaus.am.gov.br\/implurb\/wp-json\/wp\/v2\/types\/post"}],"author":[{"embeddable":true,"href":"https:\/\/www.manaus.am.gov.br\/implurb\/wp-json\/wp\/v2\/users\/39"}],"replies":[{"embeddable":true,"href":"https:\/\/www.manaus.am.gov.br\/implurb\/wp-json\/wp\/v2\/comments?post=6988"}],"version-history":[{"count":1,"href":"https:\/\/www.manaus.am.gov.br\/implurb\/wp-json\/wp\/v2\/posts\/6988\/revisions"}],"predecessor-version":[{"id":6992,"href":"https:\/\/www.manaus.am.gov.br\/implurb\/wp-json\/wp\/v2\/posts\/6988\/revisions\/6992"}],"wp:featuredmedia":[{"embeddable":true,"href":"https:\/\/www.manaus.am.gov.br\/implurb\/wp-json\/wp\/v2\/media\/6990"}],"wp:attachment":[{"href":"https:\/\/www.manaus.am.gov.br\/implurb\/wp-json\/wp\/v2\/media?parent=6988"}],"wp:term":[{"taxonomy":"category","embeddable":true,"href":"https:\/\/www.manaus.am.gov.br\/implurb\/wp-json\/wp\/v2\/categories?post=6988"},{"taxonomy":"post_tag","embeddable":true,"href":"https:\/\/www.manaus.am.gov.br\/implurb\/wp-json\/wp\/v2\/tags?post=6988"}],"curies":[{"name":"wp","href":"https:\/\/api.w.org\/{rel}","templated":true}]}}