{"id":6984,"date":"2025-10-15T11:05:23","date_gmt":"2025-10-15T15:05:23","guid":{"rendered":"https:\/\/www.manaus.am.gov.br\/implurb\/prefeitura-implurb-licenciamento-balanco\/"},"modified":"2025-10-15T11:05:24","modified_gmt":"2025-10-15T15:05:24","slug":"prefeitura-implurb-licenciamento-balanco","status":"publish","type":"post","link":"https:\/\/www.manaus.am.gov.br\/implurb\/prefeitura-implurb-licenciamento-balanco\/","title":{"rendered":"Prefeitura tem alta de 182% em novos alvar\u00e1s de constru\u00e7\u00e3o emitidos pelo Implurb em agosto"},"content":{"rendered":"\n<p>Com 119,5 mil metros quadrados licenciados em novos alvar\u00e1s de constru\u00e7\u00e3o em agosto, a Prefeitura de Manaus, via Instituto Municipal de Planejamento Urbano (Implurb), teve incremento de 182% no m\u00eas, em compara\u00e7\u00e3o ao mesmo per\u00edodo de 2024, quando foram registrados 42,4 mil metros quadrados.<\/p>\n\n\n\n<p>No acumulado do ano, de janeiro a agosto, j\u00e1 foram licenciados quase 600 mil metros quadrados e em toda a gest\u00e3o do prefeito David Almeida s\u00e3o mais de 5,6 milh\u00f5es de metros quadrados, de janeiro de 2021 at\u00e9 agosto de 2025.<\/p>\n\n\n\n<p>Em 2025, foram expedidos, nos oito meses, 506 certid\u00f5es de alvar\u00e1s, uma alta de 5% frente ao ano passado (484 documentos). Em toda a gest\u00e3o j\u00e1 foram emitidos 4.083 alvar\u00e1s. Os n\u00fameros t\u00eam reflexo direto na gera\u00e7\u00e3o de emprego e renda no setor da constru\u00e7\u00e3o civil.<\/p>\n\n\n\n<p>A constru\u00e7\u00e3o criou, em agosto de 2025, 17.328 novos empregos com carteira assinada no Brasil e registrou, pelo oitavo m\u00eas consecutivo, resultados positivos no mercado de trabalho. S\u00e3o 3,052 milh\u00f5es de trabalhadores formais, de acordo com os dados do Novo Cadastro Geral de Empregados e Desempregados (Caged), divulgados pelo Minist\u00e9rio do Trabalho.<\/p>\n\n\n\n<p>Em Manaus, foram admitidas 2.046 pessoas na constru\u00e7\u00e3o, com saldo de 384. No ano, o acumulado \u00e9 de mais de 24 mil admiss\u00f5es, com saldo de 1.932. \u201cA constru\u00e7\u00e3o continua gerando novos empregos formais, o que \u00e9 muito importante n\u00e3o s\u00f3 para o setor, mas tamb\u00e9m para o Brasil e para a cidade, gerando renda e mais neg\u00f3cios. Desde o in\u00edcio da gest\u00e3o do prefeito David Almeida, j\u00e1 ultrapassamos a marca de 5,6 milh\u00f5es de metros quadrados, gerando mais obras, mais economia e mais oportunidades para a cidade&#8221;, afirmou o diretor-presidente do Implurb, Carlos Valente.<\/p>\n\n\n\n<p>&#8212; &#8212; &#8212;<\/p>\n\n\n\n<p><strong>Texto\u00a0<\/strong>\u2013 Claudia do Valle\/ Implurb<\/p>\n\n\n\n<p><strong>Fotos <\/strong>&#8211; Divulga\u00e7\u00e3o e Maxwell Oliveira\/ Implurb<\/p>\n","protected":false},"excerpt":{"rendered":"","protected":false},"author":23,"featured_media":6985,"comment_status":"closed","ping_status":"closed","sticky":false,"template":"","format":"standard","meta":{"footnotes":""},"categories":[81],"tags":[397,29,11,520,107,15],"acf":[],"yoast_head":"<!-- This site is optimized with the Yoast SEO plugin v23.0 - https:\/\/yoast.com\/wordpress\/plugins\/seo\/ -->\n<title>Prefeitura tem alta de 182% em novos alvar\u00e1s de constru\u00e7\u00e3o emitidos pelo Implurb em agosto<\/title>\n<meta name=\"description\" content=\"Com 119,5 mil metros quadrados licenciados em novos alvar\u00e1s de constru\u00e7\u00e3o em agosto, a Prefeitura de Manaus, via Instituto Municipal de Planejamento Urbano (Implurb), teve incremento de 182% no m\u00eas, em compara\u00e7\u00e3o ao mesmo per\u00edodo de 2024, quando foram registrados 42,4 mil metros quadrados.\" \/>\n<meta name=\"robots\" content=\"noindex, follow\" \/>\n<meta property=\"og:locale\" content=\"pt_BR\" \/>\n<meta property=\"og:type\" content=\"article\" \/>\n<meta property=\"og:title\" content=\"Prefeitura tem alta de 182% em novos alvar\u00e1s de constru\u00e7\u00e3o emitidos pelo Implurb em agosto\" \/>\n<meta property=\"og:description\" content=\"Com 119,5 mil metros quadrados licenciados em novos alvar\u00e1s de constru\u00e7\u00e3o em agosto, a Prefeitura de Manaus, via Instituto Municipal de Planejamento Urbano (Implurb), teve incremento de 182% no m\u00eas, em compara\u00e7\u00e3o ao mesmo per\u00edodo de 2024, quando foram registrados 42,4 mil metros quadrados.\" \/>\n<meta property=\"og:url\" content=\"https:\/\/www.manaus.am.gov.br\/implurb\/prefeitura-implurb-licenciamento-balanco\/\" \/>\n<meta property=\"og:site_name\" content=\"IMPLURB\" \/>\n<meta property=\"article:published_time\" content=\"2025-10-15T15:05:23+00:00\" \/>\n<meta property=\"article:modified_time\" content=\"2025-10-15T15:05:24+00:00\" \/>\n<meta property=\"og:image\" content=\"https:\/\/www.manaus.am.gov.br\/implurb\/wp-content\/uploads\/sites\/13\/2025\/10\/geat-1.jpg\" \/>\n\t<meta property=\"og:image:width\" content=\"4032\" \/>\n\t<meta property=\"og:image:height\" content=\"3024\" \/>\n\t<meta property=\"og:image:type\" content=\"image\/jpeg\" \/>\n<meta name=\"author\" content=\"Adriana Costa\" \/>\n<meta name=\"twitter:card\" content=\"summary_large_image\" \/>\n<meta name=\"twitter:label1\" content=\"Written by\" \/>\n\t<meta name=\"twitter:data1\" content=\"Adriana Costa\" \/>\n\t<meta name=\"twitter:label2\" content=\"Est. reading time\" \/>\n\t<meta name=\"twitter:data2\" content=\"2 minutos\" \/>\n<script type=\"application\/ld+json\" class=\"yoast-schema-graph\">{\"@context\":\"https:\/\/schema.org\",\"@graph\":[{\"@type\":\"WebPage\",\"@id\":\"https:\/\/www.manaus.am.gov.br\/implurb\/prefeitura-implurb-licenciamento-balanco\/\",\"url\":\"https:\/\/www.manaus.am.gov.br\/implurb\/prefeitura-implurb-licenciamento-balanco\/\",\"name\":\"Prefeitura tem alta de 182% em novos alvar\u00e1s de constru\u00e7\u00e3o emitidos pelo Implurb em agosto\",\"isPartOf\":{\"@id\":\"https:\/\/www.manaus.am.gov.br\/implurb\/#website\"},\"primaryImageOfPage\":{\"@id\":\"https:\/\/www.manaus.am.gov.br\/implurb\/prefeitura-implurb-licenciamento-balanco\/#primaryimage\"},\"image\":{\"@id\":\"https:\/\/www.manaus.am.gov.br\/implurb\/prefeitura-implurb-licenciamento-balanco\/#primaryimage\"},\"thumbnailUrl\":\"https:\/\/www.manaus.am.gov.br\/implurb\/wp-content\/uploads\/sites\/13\/2025\/10\/geat-1.jpg\",\"datePublished\":\"2025-10-15T15:05:23+00:00\",\"dateModified\":\"2025-10-15T15:05:24+00:00\",\"author\":{\"@id\":\"https:\/\/www.manaus.am.gov.br\/implurb\/#\/schema\/person\/4e49f4e267757a06ca072ec61b2b9968\"},\"description\":\"Com 119,5 mil metros quadrados licenciados em novos alvar\u00e1s de constru\u00e7\u00e3o em agosto, a Prefeitura de Manaus, via Instituto Municipal de Planejamento Urbano (Implurb), teve incremento de 182% no m\u00eas, em compara\u00e7\u00e3o ao mesmo per\u00edodo de 2024, quando foram registrados 42,4 mil metros quadrados.\",\"breadcrumb\":{\"@id\":\"https:\/\/www.manaus.am.gov.br\/implurb\/prefeitura-implurb-licenciamento-balanco\/#breadcrumb\"},\"inLanguage\":\"pt-BR\",\"potentialAction\":[{\"@type\":\"ReadAction\",\"target\":[\"https:\/\/www.manaus.am.gov.br\/implurb\/prefeitura-implurb-licenciamento-balanco\/\"]}]},{\"@type\":\"ImageObject\",\"inLanguage\":\"pt-BR\",\"@id\":\"https:\/\/www.manaus.am.gov.br\/implurb\/prefeitura-implurb-licenciamento-balanco\/#primaryimage\",\"url\":\"https:\/\/www.manaus.am.gov.br\/implurb\/wp-content\/uploads\/sites\/13\/2025\/10\/geat-1.jpg\",\"contentUrl\":\"https:\/\/www.manaus.am.gov.br\/implurb\/wp-content\/uploads\/sites\/13\/2025\/10\/geat-1.jpg\",\"width\":4032,\"height\":3024,\"caption\":\"#paratodosverem - Atendimento ao p\u00fablico no Implurb, com esta\u00e7\u00f5es de trabalho e servidores\"},{\"@type\":\"BreadcrumbList\",\"@id\":\"https:\/\/www.manaus.am.gov.br\/implurb\/prefeitura-implurb-licenciamento-balanco\/#breadcrumb\",\"itemListElement\":[{\"@type\":\"ListItem\",\"position\":1,\"name\":\"Home\",\"item\":\"https:\/\/www.manaus.am.gov.br\/implurb\/\"},{\"@type\":\"ListItem\",\"position\":2,\"name\":\"Prefeitura tem alta de 182% em novos alvar\u00e1s de constru\u00e7\u00e3o emitidos pelo Implurb em agosto\"}]},{\"@type\":\"WebSite\",\"@id\":\"https:\/\/www.manaus.am.gov.br\/implurb\/#website\",\"url\":\"https:\/\/www.manaus.am.gov.br\/implurb\/\",\"name\":\"IMPLURB\",\"description\":\"Prefeitura de Manaus\",\"potentialAction\":[{\"@type\":\"SearchAction\",\"target\":{\"@type\":\"EntryPoint\",\"urlTemplate\":\"https:\/\/www.manaus.am.gov.br\/implurb\/?s={search_term_string}\"},\"query-input\":\"required name=search_term_string\"}],\"inLanguage\":\"pt-BR\"},{\"@type\":\"Person\",\"@id\":\"https:\/\/www.manaus.am.gov.br\/implurb\/#\/schema\/person\/4e49f4e267757a06ca072ec61b2b9968\",\"name\":\"Adriana Costa\",\"image\":{\"@type\":\"ImageObject\",\"inLanguage\":\"pt-BR\",\"@id\":\"https:\/\/www.manaus.am.gov.br\/implurb\/#\/schema\/person\/image\/\",\"url\":\"https:\/\/secure.gravatar.com\/avatar\/576258617ef7194f718179e766d57bd4?s=96&d=mm&r=g\",\"contentUrl\":\"https:\/\/secure.gravatar.com\/avatar\/576258617ef7194f718179e766d57bd4?s=96&d=mm&r=g\",\"caption\":\"Adriana Costa\"}}]}<\/script>\n<!-- \/ Yoast SEO plugin. -->","yoast_head_json":{"title":"Prefeitura tem alta de 182% em novos alvar\u00e1s de constru\u00e7\u00e3o emitidos pelo Implurb em agosto","description":"Com 119,5 mil metros quadrados licenciados em novos alvar\u00e1s de constru\u00e7\u00e3o em agosto, a Prefeitura de Manaus, via Instituto Municipal de Planejamento Urbano (Implurb), teve incremento de 182% no m\u00eas, em compara\u00e7\u00e3o ao mesmo per\u00edodo de 2024, quando foram registrados 42,4 mil metros quadrados.","robots":{"index":"noindex","follow":"follow"},"og_locale":"pt_BR","og_type":"article","og_title":"Prefeitura tem alta de 182% em novos alvar\u00e1s de constru\u00e7\u00e3o emitidos pelo Implurb em agosto","og_description":"Com 119,5 mil metros quadrados licenciados em novos alvar\u00e1s de constru\u00e7\u00e3o em agosto, a Prefeitura de Manaus, via Instituto Municipal de Planejamento Urbano (Implurb), teve incremento de 182% no m\u00eas, em compara\u00e7\u00e3o ao mesmo per\u00edodo de 2024, quando foram registrados 42,4 mil metros quadrados.","og_url":"https:\/\/www.manaus.am.gov.br\/implurb\/prefeitura-implurb-licenciamento-balanco\/","og_site_name":"IMPLURB","article_published_time":"2025-10-15T15:05:23+00:00","article_modified_time":"2025-10-15T15:05:24+00:00","og_image":[{"width":4032,"height":3024,"url":"https:\/\/www.manaus.am.gov.br\/implurb\/wp-content\/uploads\/sites\/13\/2025\/10\/geat-1.jpg","type":"image\/jpeg"}],"author":"Adriana Costa","twitter_card":"summary_large_image","twitter_misc":{"Written by":"Adriana Costa","Est. reading time":"2 minutos"},"schema":{"@context":"https:\/\/schema.org","@graph":[{"@type":"WebPage","@id":"https:\/\/www.manaus.am.gov.br\/implurb\/prefeitura-implurb-licenciamento-balanco\/","url":"https:\/\/www.manaus.am.gov.br\/implurb\/prefeitura-implurb-licenciamento-balanco\/","name":"Prefeitura tem alta de 182% em novos alvar\u00e1s de constru\u00e7\u00e3o emitidos pelo Implurb em agosto","isPartOf":{"@id":"https:\/\/www.manaus.am.gov.br\/implurb\/#website"},"primaryImageOfPage":{"@id":"https:\/\/www.manaus.am.gov.br\/implurb\/prefeitura-implurb-licenciamento-balanco\/#primaryimage"},"image":{"@id":"https:\/\/www.manaus.am.gov.br\/implurb\/prefeitura-implurb-licenciamento-balanco\/#primaryimage"},"thumbnailUrl":"https:\/\/www.manaus.am.gov.br\/implurb\/wp-content\/uploads\/sites\/13\/2025\/10\/geat-1.jpg","datePublished":"2025-10-15T15:05:23+00:00","dateModified":"2025-10-15T15:05:24+00:00","author":{"@id":"https:\/\/www.manaus.am.gov.br\/implurb\/#\/schema\/person\/4e49f4e267757a06ca072ec61b2b9968"},"description":"Com 119,5 mil metros quadrados licenciados em novos alvar\u00e1s de constru\u00e7\u00e3o em agosto, a Prefeitura de Manaus, via Instituto Municipal de Planejamento Urbano (Implurb), teve incremento de 182% no m\u00eas, em compara\u00e7\u00e3o ao mesmo per\u00edodo de 2024, quando foram registrados 42,4 mil metros quadrados.","breadcrumb":{"@id":"https:\/\/www.manaus.am.gov.br\/implurb\/prefeitura-implurb-licenciamento-balanco\/#breadcrumb"},"inLanguage":"pt-BR","potentialAction":[{"@type":"ReadAction","target":["https:\/\/www.manaus.am.gov.br\/implurb\/prefeitura-implurb-licenciamento-balanco\/"]}]},{"@type":"ImageObject","inLanguage":"pt-BR","@id":"https:\/\/www.manaus.am.gov.br\/implurb\/prefeitura-implurb-licenciamento-balanco\/#primaryimage","url":"https:\/\/www.manaus.am.gov.br\/implurb\/wp-content\/uploads\/sites\/13\/2025\/10\/geat-1.jpg","contentUrl":"https:\/\/www.manaus.am.gov.br\/implurb\/wp-content\/uploads\/sites\/13\/2025\/10\/geat-1.jpg","width":4032,"height":3024,"caption":"#paratodosverem - Atendimento ao p\u00fablico no Implurb, com esta\u00e7\u00f5es de trabalho e servidores"},{"@type":"BreadcrumbList","@id":"https:\/\/www.manaus.am.gov.br\/implurb\/prefeitura-implurb-licenciamento-balanco\/#breadcrumb","itemListElement":[{"@type":"ListItem","position":1,"name":"Home","item":"https:\/\/www.manaus.am.gov.br\/implurb\/"},{"@type":"ListItem","position":2,"name":"Prefeitura tem alta de 182% em novos alvar\u00e1s de constru\u00e7\u00e3o emitidos pelo Implurb em agosto"}]},{"@type":"WebSite","@id":"https:\/\/www.manaus.am.gov.br\/implurb\/#website","url":"https:\/\/www.manaus.am.gov.br\/implurb\/","name":"IMPLURB","description":"Prefeitura de Manaus","potentialAction":[{"@type":"SearchAction","target":{"@type":"EntryPoint","urlTemplate":"https:\/\/www.manaus.am.gov.br\/implurb\/?s={search_term_string}"},"query-input":"required name=search_term_string"}],"inLanguage":"pt-BR"},{"@type":"Person","@id":"https:\/\/www.manaus.am.gov.br\/implurb\/#\/schema\/person\/4e49f4e267757a06ca072ec61b2b9968","name":"Adriana Costa","image":{"@type":"ImageObject","inLanguage":"pt-BR","@id":"https:\/\/www.manaus.am.gov.br\/implurb\/#\/schema\/person\/image\/","url":"https:\/\/secure.gravatar.com\/avatar\/576258617ef7194f718179e766d57bd4?s=96&d=mm&r=g","contentUrl":"https:\/\/secure.gravatar.com\/avatar\/576258617ef7194f718179e766d57bd4?s=96&d=mm&r=g","caption":"Adriana Costa"}}]}},"_links":{"self":[{"href":"https:\/\/www.manaus.am.gov.br\/implurb\/wp-json\/wp\/v2\/posts\/6984"}],"collection":[{"href":"https:\/\/www.manaus.am.gov.br\/implurb\/wp-json\/wp\/v2\/posts"}],"about":[{"href":"https:\/\/www.manaus.am.gov.br\/implurb\/wp-json\/wp\/v2\/types\/post"}],"author":[{"embeddable":true,"href":"https:\/\/www.manaus.am.gov.br\/implurb\/wp-json\/wp\/v2\/users\/23"}],"replies":[{"embeddable":true,"href":"https:\/\/www.manaus.am.gov.br\/implurb\/wp-json\/wp\/v2\/comments?post=6984"}],"version-history":[{"count":0,"href":"https:\/\/www.manaus.am.gov.br\/implurb\/wp-json\/wp\/v2\/posts\/6984\/revisions"}],"wp:featuredmedia":[{"embeddable":true,"href":"https:\/\/www.manaus.am.gov.br\/implurb\/wp-json\/wp\/v2\/media\/6985"}],"wp:attachment":[{"href":"https:\/\/www.manaus.am.gov.br\/implurb\/wp-json\/wp\/v2\/media?parent=6984"}],"wp:term":[{"taxonomy":"category","embeddable":true,"href":"https:\/\/www.manaus.am.gov.br\/implurb\/wp-json\/wp\/v2\/categories?post=6984"},{"taxonomy":"post_tag","embeddable":true,"href":"https:\/\/www.manaus.am.gov.br\/implurb\/wp-json\/wp\/v2\/tags?post=6984"}],"curies":[{"name":"wp","href":"https:\/\/api.w.org\/{rel}","templated":true}]}}