{"id":6976,"date":"2025-10-13T14:43:50","date_gmt":"2025-10-13T18:43:50","guid":{"rendered":"https:\/\/www.manaus.am.gov.br\/implurb\/obra-parque-encontro-aguas-rosa-almeida\/"},"modified":"2025-10-13T14:43:50","modified_gmt":"2025-10-13T18:43:50","slug":"obra-parque-encontro-aguas-rosa-almeida","status":"publish","type":"post","link":"https:\/\/www.manaus.am.gov.br\/implurb\/obra-parque-encontro-aguas-rosa-almeida\/","title":{"rendered":"Prefeitura de Manaus avan\u00e7a com jet grouting, conten\u00e7\u00e3o do talude e constru\u00e7\u00e3o de quiosques\u00a0no parque Encontro das \u00c1guas Rosa Almeida"},"content":{"rendered":"\n<p>Com uma vista natural, a Prefeitura de Manaus avan\u00e7a na constru\u00e7\u00e3o do parque Encontro das \u00c1guas Rosa Almeida, primeiro parque do Amazonas com um projeto arquitet\u00f4nico do renomado arquiteto Oscar Niemeyer. O espa\u00e7o fica localizado na avenida Desembargador An\u00edsio Jobim, bairro Col\u00f4nia Ant\u00f4nio Aleixo, zona Leste da cidade.<\/p>\n\n\n\n<p>O projeto de Niemeyer recebeu atualiza\u00e7\u00e3o, quase 20 anos depois de sua concep\u00e7\u00e3o, pelo Instituto Municipal de Planejamento Urbano (Implurb), que deu \u00e0 interven\u00e7\u00e3o arquitet\u00f4nica configura\u00e7\u00f5es de parque urbano, acess\u00edvel e integrado.<\/p>\n\n\n\n<p>\u201cO parque Encontro das \u00c1guas Rosa Almeida \u00e9 mais do que uma obra, \u00e9 um s\u00edmbolo de orgulho para Manaus e para o Amazonas. Esse \u00e9 um marco de reconcilia\u00e7\u00e3o entre a cidade e sua paisagem natural, um espa\u00e7o de encontro entre os rios, as pessoas e a cultura. Sob a lideran\u00e7a do prefeito David Almeida, o Implurb tem buscado unir tecnologia, urbanismo e respeito \u00e0 hist\u00f3ria para transformar esse sonho em realidade, com seguran\u00e7a, beleza e amor pela nossa cidade. Ser\u00e1 nosso segundo Teatro Amazonas\u201d, comentou o diretor-presidente do Implurb, Carlos Valente.<\/p>\n\n\n\n<p>Na parte de conten\u00e7\u00e3o do talude, os servi\u00e7os contam com a execu\u00e7\u00e3o do concreto injetado diretamente no terreno, o chamado&nbsp;<em>jet grouting<\/em>, contemplando mais linhas e somando 73 estacas inclinadas, formando uma parede sob o solo. Tamb\u00e9m na \u00e1rea de conten\u00e7\u00e3o est\u00e1 sendo executada a escada hidr\u00e1ulica em concreto e os oper\u00e1rios fazem o plantio de grama junto com a hidrossemeadura nos taludes. No local est\u00e1 sendo feita uma verdadeira cortina verde, gramada, se transformando em um complemento de paisagem na encosta.<\/p>\n\n\n\n<p>Simultaneamente, a funda\u00e7\u00e3o da constru\u00e7\u00e3o da administra\u00e7\u00e3o e guarita est\u00e3o sendo iniciadas, e os quiosques est\u00e3o na etapa de finaliza\u00e7\u00e3o da cobertura met\u00e1lica e dos trabalhos de estruturas hidrosanit\u00e1rias, el\u00e9trica e \u00e1guas pluviais.<\/p>\n\n\n\n<p>Os trabalhos se concentram na conten\u00e7\u00e3o do talude, usando tecnologia, engenharia e solu\u00e7\u00f5es modernas para garantir maior seguran\u00e7a e durabilidade na constru\u00e7\u00e3o, com o uso do concreto injetado diretamente no terreno. Paralelo a isso, o trabalho de arqueologia segue com o monitoramento e estudos necess\u00e1rios, al\u00e9m de escava\u00e7\u00f5es, para liberar as \u00e1reas que v\u00e3o passar por interven\u00e7\u00e3o.<\/p>\n\n\n\n<p><strong>Alta press\u00e3o<\/strong><\/p>\n\n\n\n<p>O jateamento de alta press\u00e3o, conhecido como&nbsp;<em>jet grouting<\/em>, \u00e9 um m\u00e9todo de estabiliza\u00e7\u00e3o do solo que envolve a inje\u00e7\u00e3o sob alta press\u00e3o e velocidade. \u00c9 um m\u00e9todo moderno, r\u00e1pido e eficaz de estabiliza\u00e7\u00e3o do solo e cria\u00e7\u00e3o de funda\u00e7\u00f5es especiais em solos naturais.<\/p>\n\n\n\n<p><strong>Projeto<\/strong><\/p>\n\n\n\n<p>O projeto arquitet\u00f4nico tem desenho do arquiteto Oscar Niemeyer, que recebeu inova\u00e7\u00f5es urbanas, com ajustes pelo Implurb, dando ao espa\u00e7o configura\u00e7\u00f5es de parque. Importante projeto de Niemeyer, o \u00fanico para o Amazonas, desenhado h\u00e1 d\u00e9cadas, o parque Encontro das \u00c1guas Rosa Almeida est\u00e1 sendo erguido no melhor ponto de observa\u00e7\u00e3o do fen\u00f4meno de encontro dos rios Negro e Solim\u00f5es.<\/p>\n\n\n\n<p>Distribu\u00eddo em uma \u00e1rea total de mais de 120 mil metros quadrados, com encostas e grande declividade, o parque ter\u00e1 um museu e um restaurante incrustado no talude. O museu tem uma c\u00fapula de concreto, tendo nas extremidades opostas duas l\u00e2minas com 20 metros e 70 cent\u00edmetros de altura, sendo uma na cor amarela, representando o rio Solim\u00f5es, e outra na cor preta, apresentando o rio Negro. Os jardins v\u00e3o dar pontos de cor ao entorno da floresta, com esp\u00e9cies nativas, desde grandes arb\u00f3reas a arbustos.<\/p>\n\n\n\n<p>O parque recebeu atualiza\u00e7\u00f5es de acessibilidade, al\u00e9m de estrutura administrativa, p\u00f3rtico de entrada, espa\u00e7o multiuso, quiosques, banheiros p\u00fablicos e estacionamentos, com todo o espa\u00e7o prevendo acesso a Pessoas com Defici\u00eancia (PcDs). As \u00e1reas ao ar livre v\u00e3o incluir\u00a0academia ao ar livre,\u00a0playground\u00a0e\u00a0playpet. A \u00e1rea de implanta\u00e7\u00e3o tem um total de 17.533,18 metros quadrados.<\/p>\n\n\n\n<figure class=\"wp-block-image size-large\"><img decoding=\"async\" src=\"https:\/\/www.manaus.am.gov.br\/implurb\/wp-content\/uploads\/sites\/13\/2025\/10\/54839590179_fd6be533cb_k-1024x683.jpg\" alt=\"\" class=\"wp-image-6977\" \/><\/figure>\n\n\n\n<p><strong>&#8212; &#8212; &#8212;&nbsp;<\/strong><\/p>\n\n\n\n<p><strong>Texto &#8211;<\/strong>&nbsp;Cl\u00e1udia do Valle\/Implurb<\/p>\n\n\n\n<p><strong>Fotos &#8211;<\/strong>&nbsp;Cl\u00f3vis Miranda\/Semcom<\/p>\n\n\n\n<p><strong>Dispon\u00edveis em &#8211; <\/strong><a href=\"https:\/\/flic.kr\/s\/aHBqjCwEce\">https:\/\/flic.kr\/s\/aHBqjCwEce<\/a><\/p>\n","protected":false},"excerpt":{"rendered":"","protected":false},"author":39,"featured_media":6978,"comment_status":"closed","ping_status":"closed","sticky":false,"template":"","format":"standard","meta":{"footnotes":""},"categories":[45],"tags":[1943,1944,11,1945,961,15],"acf":[],"yoast_head":"<!-- This site is optimized with the Yoast SEO plugin v23.0 - https:\/\/yoast.com\/wordpress\/plugins\/seo\/ -->\n<title>Prefeitura avan\u00e7a na obra do parque Encontro das \u00c1guas<\/title>\n<meta name=\"description\" content=\"Prefeitura de Manaus avan\u00e7a com jet grouting, conten\u00e7\u00e3o do talude e constru\u00e7\u00e3o de quiosques no parque Encontro das \u00c1guas Rosa Almeida.\" \/>\n<meta name=\"robots\" content=\"noindex, follow\" \/>\n<meta property=\"og:locale\" content=\"pt_BR\" \/>\n<meta property=\"og:type\" content=\"article\" \/>\n<meta property=\"og:title\" content=\"Prefeitura avan\u00e7a na obra do parque Encontro das \u00c1guas\" \/>\n<meta property=\"og:description\" content=\"Prefeitura de Manaus avan\u00e7a com jet grouting, conten\u00e7\u00e3o do talude e constru\u00e7\u00e3o de quiosques no parque Encontro das \u00c1guas Rosa Almeida.\" \/>\n<meta property=\"og:url\" content=\"https:\/\/www.manaus.am.gov.br\/implurb\/obra-parque-encontro-aguas-rosa-almeida\/\" \/>\n<meta property=\"og:site_name\" content=\"IMPLURB\" \/>\n<meta property=\"article:published_time\" content=\"2025-10-13T18:43:50+00:00\" \/>\n<meta property=\"og:image\" content=\"https:\/\/www.manaus.am.gov.br\/implurb\/wp-content\/uploads\/sites\/13\/2025\/10\/54839609413_1a56b2ebd3_k.jpg\" \/>\n\t<meta property=\"og:image:width\" content=\"2048\" \/>\n\t<meta property=\"og:image:height\" content=\"1365\" \/>\n\t<meta property=\"og:image:type\" content=\"image\/jpeg\" \/>\n<meta name=\"author\" content=\"Bruna Greco\" \/>\n<meta name=\"twitter:card\" content=\"summary_large_image\" \/>\n<meta name=\"twitter:label1\" content=\"Written by\" \/>\n\t<meta name=\"twitter:data1\" content=\"Bruna Greco\" \/>\n\t<meta name=\"twitter:label2\" content=\"Est. reading time\" \/>\n\t<meta name=\"twitter:data2\" content=\"4 minutos\" \/>\n<script type=\"application\/ld+json\" class=\"yoast-schema-graph\">{\"@context\":\"https:\/\/schema.org\",\"@graph\":[{\"@type\":\"WebPage\",\"@id\":\"https:\/\/www.manaus.am.gov.br\/implurb\/obra-parque-encontro-aguas-rosa-almeida\/\",\"url\":\"https:\/\/www.manaus.am.gov.br\/implurb\/obra-parque-encontro-aguas-rosa-almeida\/\",\"name\":\"Prefeitura avan\u00e7a na obra do parque Encontro das \u00c1guas\",\"isPartOf\":{\"@id\":\"https:\/\/www.manaus.am.gov.br\/implurb\/#website\"},\"primaryImageOfPage\":{\"@id\":\"https:\/\/www.manaus.am.gov.br\/implurb\/obra-parque-encontro-aguas-rosa-almeida\/#primaryimage\"},\"image\":{\"@id\":\"https:\/\/www.manaus.am.gov.br\/implurb\/obra-parque-encontro-aguas-rosa-almeida\/#primaryimage\"},\"thumbnailUrl\":\"https:\/\/www.manaus.am.gov.br\/implurb\/wp-content\/uploads\/sites\/13\/2025\/10\/54839609413_1a56b2ebd3_k.jpg\",\"datePublished\":\"2025-10-13T18:43:50+00:00\",\"dateModified\":\"2025-10-13T18:43:50+00:00\",\"author\":{\"@id\":\"https:\/\/www.manaus.am.gov.br\/implurb\/#\/schema\/person\/05d223aea2bf115f9883a6ff3683d81b\"},\"description\":\"Prefeitura de Manaus avan\u00e7a com jet grouting, conten\u00e7\u00e3o do talude e constru\u00e7\u00e3o de quiosques no parque Encontro das \u00c1guas Rosa Almeida.\",\"breadcrumb\":{\"@id\":\"https:\/\/www.manaus.am.gov.br\/implurb\/obra-parque-encontro-aguas-rosa-almeida\/#breadcrumb\"},\"inLanguage\":\"pt-BR\",\"potentialAction\":[{\"@type\":\"ReadAction\",\"target\":[\"https:\/\/www.manaus.am.gov.br\/implurb\/obra-parque-encontro-aguas-rosa-almeida\/\"]}]},{\"@type\":\"ImageObject\",\"inLanguage\":\"pt-BR\",\"@id\":\"https:\/\/www.manaus.am.gov.br\/implurb\/obra-parque-encontro-aguas-rosa-almeida\/#primaryimage\",\"url\":\"https:\/\/www.manaus.am.gov.br\/implurb\/wp-content\/uploads\/sites\/13\/2025\/10\/54839609413_1a56b2ebd3_k.jpg\",\"contentUrl\":\"https:\/\/www.manaus.am.gov.br\/implurb\/wp-content\/uploads\/sites\/13\/2025\/10\/54839609413_1a56b2ebd3_k.jpg\",\"width\":2048,\"height\":1365,\"caption\":\"#paratodosverem - Equipe coordenada pelo Implurb executando o jet grouting durante o servi\u00e7o de conten\u00e7\u00e3o de talude no parque Encontro das \u00c1guas Rosa Almeida\"},{\"@type\":\"BreadcrumbList\",\"@id\":\"https:\/\/www.manaus.am.gov.br\/implurb\/obra-parque-encontro-aguas-rosa-almeida\/#breadcrumb\",\"itemListElement\":[{\"@type\":\"ListItem\",\"position\":1,\"name\":\"Home\",\"item\":\"https:\/\/www.manaus.am.gov.br\/implurb\/\"},{\"@type\":\"ListItem\",\"position\":2,\"name\":\"Prefeitura de Manaus avan\u00e7a com jet grouting, conten\u00e7\u00e3o do talude e constru\u00e7\u00e3o de quiosques\u00a0no parque Encontro das \u00c1guas Rosa Almeida\"}]},{\"@type\":\"WebSite\",\"@id\":\"https:\/\/www.manaus.am.gov.br\/implurb\/#website\",\"url\":\"https:\/\/www.manaus.am.gov.br\/implurb\/\",\"name\":\"IMPLURB\",\"description\":\"Prefeitura de Manaus\",\"potentialAction\":[{\"@type\":\"SearchAction\",\"target\":{\"@type\":\"EntryPoint\",\"urlTemplate\":\"https:\/\/www.manaus.am.gov.br\/implurb\/?s={search_term_string}\"},\"query-input\":\"required name=search_term_string\"}],\"inLanguage\":\"pt-BR\"},{\"@type\":\"Person\",\"@id\":\"https:\/\/www.manaus.am.gov.br\/implurb\/#\/schema\/person\/05d223aea2bf115f9883a6ff3683d81b\",\"name\":\"Bruna Greco\",\"image\":{\"@type\":\"ImageObject\",\"inLanguage\":\"pt-BR\",\"@id\":\"https:\/\/www.manaus.am.gov.br\/implurb\/#\/schema\/person\/image\/\",\"url\":\"https:\/\/secure.gravatar.com\/avatar\/9c877d1a6adc2a055330e5c09a8653ce?s=96&d=mm&r=g\",\"contentUrl\":\"https:\/\/secure.gravatar.com\/avatar\/9c877d1a6adc2a055330e5c09a8653ce?s=96&d=mm&r=g\",\"caption\":\"Bruna Greco\"}}]}<\/script>\n<!-- \/ Yoast SEO plugin. -->","yoast_head_json":{"title":"Prefeitura avan\u00e7a na obra do parque Encontro das \u00c1guas","description":"Prefeitura de Manaus avan\u00e7a com jet grouting, conten\u00e7\u00e3o do talude e constru\u00e7\u00e3o de quiosques no parque Encontro das \u00c1guas Rosa Almeida.","robots":{"index":"noindex","follow":"follow"},"og_locale":"pt_BR","og_type":"article","og_title":"Prefeitura avan\u00e7a na obra do parque Encontro das \u00c1guas","og_description":"Prefeitura de Manaus avan\u00e7a com jet grouting, conten\u00e7\u00e3o do talude e constru\u00e7\u00e3o de quiosques no parque Encontro das \u00c1guas Rosa Almeida.","og_url":"https:\/\/www.manaus.am.gov.br\/implurb\/obra-parque-encontro-aguas-rosa-almeida\/","og_site_name":"IMPLURB","article_published_time":"2025-10-13T18:43:50+00:00","og_image":[{"width":2048,"height":1365,"url":"https:\/\/www.manaus.am.gov.br\/implurb\/wp-content\/uploads\/sites\/13\/2025\/10\/54839609413_1a56b2ebd3_k.jpg","type":"image\/jpeg"}],"author":"Bruna Greco","twitter_card":"summary_large_image","twitter_misc":{"Written by":"Bruna Greco","Est. reading time":"4 minutos"},"schema":{"@context":"https:\/\/schema.org","@graph":[{"@type":"WebPage","@id":"https:\/\/www.manaus.am.gov.br\/implurb\/obra-parque-encontro-aguas-rosa-almeida\/","url":"https:\/\/www.manaus.am.gov.br\/implurb\/obra-parque-encontro-aguas-rosa-almeida\/","name":"Prefeitura avan\u00e7a na obra do parque Encontro das \u00c1guas","isPartOf":{"@id":"https:\/\/www.manaus.am.gov.br\/implurb\/#website"},"primaryImageOfPage":{"@id":"https:\/\/www.manaus.am.gov.br\/implurb\/obra-parque-encontro-aguas-rosa-almeida\/#primaryimage"},"image":{"@id":"https:\/\/www.manaus.am.gov.br\/implurb\/obra-parque-encontro-aguas-rosa-almeida\/#primaryimage"},"thumbnailUrl":"https:\/\/www.manaus.am.gov.br\/implurb\/wp-content\/uploads\/sites\/13\/2025\/10\/54839609413_1a56b2ebd3_k.jpg","datePublished":"2025-10-13T18:43:50+00:00","dateModified":"2025-10-13T18:43:50+00:00","author":{"@id":"https:\/\/www.manaus.am.gov.br\/implurb\/#\/schema\/person\/05d223aea2bf115f9883a6ff3683d81b"},"description":"Prefeitura de Manaus avan\u00e7a com jet grouting, conten\u00e7\u00e3o do talude e constru\u00e7\u00e3o de quiosques no parque Encontro das \u00c1guas Rosa Almeida.","breadcrumb":{"@id":"https:\/\/www.manaus.am.gov.br\/implurb\/obra-parque-encontro-aguas-rosa-almeida\/#breadcrumb"},"inLanguage":"pt-BR","potentialAction":[{"@type":"ReadAction","target":["https:\/\/www.manaus.am.gov.br\/implurb\/obra-parque-encontro-aguas-rosa-almeida\/"]}]},{"@type":"ImageObject","inLanguage":"pt-BR","@id":"https:\/\/www.manaus.am.gov.br\/implurb\/obra-parque-encontro-aguas-rosa-almeida\/#primaryimage","url":"https:\/\/www.manaus.am.gov.br\/implurb\/wp-content\/uploads\/sites\/13\/2025\/10\/54839609413_1a56b2ebd3_k.jpg","contentUrl":"https:\/\/www.manaus.am.gov.br\/implurb\/wp-content\/uploads\/sites\/13\/2025\/10\/54839609413_1a56b2ebd3_k.jpg","width":2048,"height":1365,"caption":"#paratodosverem - Equipe coordenada pelo Implurb executando o jet grouting durante o servi\u00e7o de conten\u00e7\u00e3o de talude no parque Encontro das \u00c1guas Rosa Almeida"},{"@type":"BreadcrumbList","@id":"https:\/\/www.manaus.am.gov.br\/implurb\/obra-parque-encontro-aguas-rosa-almeida\/#breadcrumb","itemListElement":[{"@type":"ListItem","position":1,"name":"Home","item":"https:\/\/www.manaus.am.gov.br\/implurb\/"},{"@type":"ListItem","position":2,"name":"Prefeitura de Manaus avan\u00e7a com jet grouting, conten\u00e7\u00e3o do talude e constru\u00e7\u00e3o de quiosques\u00a0no parque Encontro das \u00c1guas Rosa Almeida"}]},{"@type":"WebSite","@id":"https:\/\/www.manaus.am.gov.br\/implurb\/#website","url":"https:\/\/www.manaus.am.gov.br\/implurb\/","name":"IMPLURB","description":"Prefeitura de Manaus","potentialAction":[{"@type":"SearchAction","target":{"@type":"EntryPoint","urlTemplate":"https:\/\/www.manaus.am.gov.br\/implurb\/?s={search_term_string}"},"query-input":"required name=search_term_string"}],"inLanguage":"pt-BR"},{"@type":"Person","@id":"https:\/\/www.manaus.am.gov.br\/implurb\/#\/schema\/person\/05d223aea2bf115f9883a6ff3683d81b","name":"Bruna Greco","image":{"@type":"ImageObject","inLanguage":"pt-BR","@id":"https:\/\/www.manaus.am.gov.br\/implurb\/#\/schema\/person\/image\/","url":"https:\/\/secure.gravatar.com\/avatar\/9c877d1a6adc2a055330e5c09a8653ce?s=96&d=mm&r=g","contentUrl":"https:\/\/secure.gravatar.com\/avatar\/9c877d1a6adc2a055330e5c09a8653ce?s=96&d=mm&r=g","caption":"Bruna Greco"}}]}},"_links":{"self":[{"href":"https:\/\/www.manaus.am.gov.br\/implurb\/wp-json\/wp\/v2\/posts\/6976"}],"collection":[{"href":"https:\/\/www.manaus.am.gov.br\/implurb\/wp-json\/wp\/v2\/posts"}],"about":[{"href":"https:\/\/www.manaus.am.gov.br\/implurb\/wp-json\/wp\/v2\/types\/post"}],"author":[{"embeddable":true,"href":"https:\/\/www.manaus.am.gov.br\/implurb\/wp-json\/wp\/v2\/users\/39"}],"replies":[{"embeddable":true,"href":"https:\/\/www.manaus.am.gov.br\/implurb\/wp-json\/wp\/v2\/comments?post=6976"}],"version-history":[{"count":1,"href":"https:\/\/www.manaus.am.gov.br\/implurb\/wp-json\/wp\/v2\/posts\/6976\/revisions"}],"predecessor-version":[{"id":6979,"href":"https:\/\/www.manaus.am.gov.br\/implurb\/wp-json\/wp\/v2\/posts\/6976\/revisions\/6979"}],"wp:featuredmedia":[{"embeddable":true,"href":"https:\/\/www.manaus.am.gov.br\/implurb\/wp-json\/wp\/v2\/media\/6978"}],"wp:attachment":[{"href":"https:\/\/www.manaus.am.gov.br\/implurb\/wp-json\/wp\/v2\/media?parent=6976"}],"wp:term":[{"taxonomy":"category","embeddable":true,"href":"https:\/\/www.manaus.am.gov.br\/implurb\/wp-json\/wp\/v2\/categories?post=6976"},{"taxonomy":"post_tag","embeddable":true,"href":"https:\/\/www.manaus.am.gov.br\/implurb\/wp-json\/wp\/v2\/tags?post=6976"}],"curies":[{"name":"wp","href":"https:\/\/api.w.org\/{rel}","templated":true}]}}